{"id":333554,"date":"2024-03-28T17:08:31","date_gmt":"2024-03-28T16:08:31","guid":{"rendered":"https:\/\/www.intoscana.it\/it\/?p=333554"},"modified":"2024-04-03T15:57:39","modified_gmt":"2024-04-03T13:57:39","slug":"presentato-il-progetto-per-la-nuova-casa-di-comunita-a-cecina-un-investimento-di-45-milioni","status":"publish","type":"post","link":"https:\/\/www.intoscana.it\/it\/presentato-il-progetto-per-la-nuova-casa-di-comunita-a-cecina-un-investimento-di-45-milioni\/","title":{"rendered":"Presentato il progetto per la nuova Casa di comunit\u00e0 a Cecina: un investimento di 4,5 milioni"},"content":{"rendered":"<p>\u00c8 stato presentato<strong> gioved\u00ec 28 marzo<\/strong> il progetto di realizzazione della nuova <strong>Casa di Comunit\u00e0 (CdC) di Cecina. <\/strong><\/p>\n<p>Si tratta di <strong>un importante intervento di riqualificazione<\/strong> di una struttura esistente (Casa della Salute), con un investimento complessivo di <strong>4.495.540, 43 euro,<\/strong> che assumer\u00e0 tutte le caratteristiche previste dal <a href=\"https:\/\/www.intoscana.it\/it\/un-nuovo-modello-di-sanita-sempre-piu-diffusa-e-vicina-ai-cittadini-giani-vogliamo-alzare-lasticella\/\" target=\"_blank\" rel=\"noopener\"><strong>Decreto ministeriale 77<\/strong> <\/a>per offrire alla popolazione una pi\u00f9 ampia offerta di servizi in grado di rispondere pienamente ai bisogni di salute e rafforzare il modello di sanit\u00e0 di prossimit\u00e0.<\/p>\n<p>La nuova struttura sar\u00e0 il punto di riferimento per i comuni di <strong>Cecina, Riparbella, Montescudaio, Guardistallo, Casale Marittimo, Bibbona e Castagneto Carducci.<\/strong><\/p>\n<p>Il presidente della Regione Toscana Eugenio Giani ha ricordato che <em>&#8220;il concetto di Casa di Comunit\u00e0 risale a quello di Casa della Salute, gi\u00e0 presente in Toscana e in Emilia Romagna fin dal 2018. Si tratta di presidi pensati per offrire servizi territoriali e rafforzare il rapporto con l&#8217;ospedale&#8221; e si \u00e8 detto &#8220;soddisfatto della costante collaborazione con l&#8217;Asl Toscana Nord Ovest nella realizzazione di importanti progetti di edilizia sanitaria territoriale. Come Regione stiamo lavorando per preparare la legge sul Pronto Intervento Rapido (Pir), punti di accesso territoriali che consentiranno alle Case di Comunit\u00e0 di svolgere attivit\u00e0 di pronto soccorso in codici minori alleggerendo la mole di lavoro dell&#8217;ospedale&#8221;.<\/em><\/p>\n<p>La <strong>Casa di Comunit\u00e0 offrir\u00e0 al territorio competente assistenza medica<\/strong> (medici di medicina generale, pediatri, ambulatori specialistici e continuit\u00e0 assistenziale), infermieristica e assistenza sociale. Saranno inoltre presenti servizi amministrativi (Cup e Pua), consultorio.<\/p>\n<p><strong>La realizzazione sar\u00e0 attuata in due lotti consecutivi.<\/strong> Attualmente \u00e8 in corso la progettazione definitiva del Lotto 1 che prevede il miglioramento sismico dell&#8217;intero fabbricato ed il completamento di una porzione di edificio (circa 1.000 metri quadri).<\/p>\n<p><em>&#8220;La presentazione del progetto di realizzazione della Casa di Comunit\u00e0 Hub di Cecina si aggiunge alle sei precedenti che abbiamo organizzato da fine febbraio fino ad oggi, evidenziando come la nostra macchina organizzativa sta procedendo a pieno ritmo nell&#8217;avvio dei progetti di edilizia sanitaria &#8211; <\/em><strong>ha commentato la direttrice dell&#8217;Asl Toscana Nord Ovest, Maria Letizia Casani<\/strong><em> &#8211; Il progetto presentato stamani si tratta di una importante riqualificazione dell&#8217;attuale Casa della Salute che rientra nel piano investimenti Pnrr&#8221;.<\/em><\/p>\n","protected":false},"excerpt":{"rendered":"<p>Si tratta di un importante intervento di riqualificazione di una struttura esistente (Casa della Salute), con un investimento complessivo di 4.495.540, 43 euro, che assumer\u00e0 tutte le caratteristiche previste dal Decreto ministeriale 77<\/p>\n","protected":false},"author":525,"featured_media":101589,"comment_status":"open","ping_status":"open","sticky":false,"template":"","format":"standard","meta":{"_acf_changed":false,"footnotes":""},"categories":[18],"tags":[5609,158,151,134,349],"class_list":["post-333554","post","type-post","status-publish","format-standard","has-post-thumbnail","hentry","category-salute","tag-cecina","tag-eugenio-giani","tag-regione-toscana","tag-salute","tag-sanita"],"acf":[],"yoast_head":"<!-- This site is optimized with the Yoast SEO Premium plugin v24.2 (Yoast SEO v25.6) - https:\/\/yoast.com\/wordpress\/plugins\/seo\/ -->\n<title>Presentato il progetto per la nuova Casa di comunit\u00e0 a Cecina: un investimento di 4,5 milioni - intoscana<\/title>\n<meta name=\"description\" content=\"Si tratta di un importante intervento di riqualificazione di una struttura esistente con un investimento di 4.495.540, 43 euro\" \/>\n<meta name=\"robots\" content=\"index, follow, max-snippet:-1, max-image-preview:large, max-video-preview:-1\" \/>\n<link rel=\"canonical\" href=\"https:\/\/www.intoscana.it\/it\/presentato-il-progetto-per-la-nuova-casa-di-comunita-a-cecina-un-investimento-di-45-milioni\/\" \/>\n<meta property=\"og:locale\" content=\"it_IT\" \/>\n<meta property=\"og:type\" content=\"article\" \/>\n<meta property=\"og:title\" content=\"Presentato il progetto per la nuova Casa di comunit\u00e0 a Cecina: un investimento di 4,5 milioni\" \/>\n<meta property=\"og:description\" content=\"Si tratta di un importante intervento di riqualificazione di una struttura esistente con un investimento di 4.495.540, 43 euro\" \/>\n<meta property=\"og:url\" content=\"https:\/\/www.intoscana.it\/it\/presentato-il-progetto-per-la-nuova-casa-di-comunita-a-cecina-un-investimento-di-45-milioni\/\" \/>\n<meta property=\"og:site_name\" content=\"intoscana\" \/>\n<meta property=\"article:publisher\" content=\"https:\/\/www.facebook.com\/intoscana.it\" \/>\n<meta property=\"article:published_time\" content=\"2024-03-28T16:08:31+00:00\" \/>\n<meta property=\"article:modified_time\" content=\"2024-04-03T13:57:39+00:00\" \/>\n<meta property=\"og:image\" content=\"https:\/\/www.intoscana.it\/wp-content\/uploads\/46dbbdefa5fe2cfc7f3b30c666ac98cc-25.jpg\" \/>\n\t<meta property=\"og:image:width\" content=\"960\" \/>\n\t<meta property=\"og:image:height\" content=\"684\" \/>\n\t<meta property=\"og:image:type\" content=\"image\/jpeg\" \/>\n<meta name=\"author\" content=\"Redazione\" \/>\n<meta name=\"twitter:card\" content=\"summary_large_image\" \/>\n<meta name=\"twitter:creator\" content=\"@intoscana\" \/>\n<meta name=\"twitter:site\" content=\"@intoscana\" \/>\n<meta name=\"twitter:label1\" content=\"Written by\" \/>\n\t<meta name=\"twitter:data1\" content=\"Redazione\" \/>\n\t<meta name=\"twitter:label2\" content=\"Est. reading time\" \/>\n\t<meta name=\"twitter:data2\" content=\"3 minuti\" \/>\n<script type=\"application\/ld+json\" class=\"yoast-schema-graph\">{\"@context\":\"https:\/\/schema.org\",\"@graph\":[{\"@type\":\"WebPage\",\"@id\":\"https:\/\/www.intoscana.it\/it\/presentato-il-progetto-per-la-nuova-casa-di-comunita-a-cecina-un-investimento-di-45-milioni\/\",\"url\":\"https:\/\/www.intoscana.it\/it\/presentato-il-progetto-per-la-nuova-casa-di-comunita-a-cecina-un-investimento-di-45-milioni\/\",\"name\":\"Presentato il progetto per la nuova Casa di comunit\u00e0 a Cecina: un investimento di 4,5 milioni - intoscana\",\"isPartOf\":{\"@id\":\"https:\/\/www.intoscana.it\/it\/#website\"},\"primaryImageOfPage\":{\"@id\":\"https:\/\/www.intoscana.it\/it\/presentato-il-progetto-per-la-nuova-casa-di-comunita-a-cecina-un-investimento-di-45-milioni\/#primaryimage\"},\"image\":{\"@id\":\"https:\/\/www.intoscana.it\/it\/presentato-il-progetto-per-la-nuova-casa-di-comunita-a-cecina-un-investimento-di-45-milioni\/#primaryimage\"},\"thumbnailUrl\":\"https:\/\/www.intoscana.it\/wp-content\/uploads\/46dbbdefa5fe2cfc7f3b30c666ac98cc-25.jpg\",\"datePublished\":\"2024-03-28T16:08:31+00:00\",\"dateModified\":\"2024-04-03T13:57:39+00:00\",\"author\":{\"@id\":\"https:\/\/www.intoscana.it\/it\/#\/schema\/person\/9223810753230f20bd670fdd322661f8\"},\"description\":\"Si tratta di un importante intervento di riqualificazione di una struttura esistente con un investimento di 4.495.540, 43 euro\",\"breadcrumb\":{\"@id\":\"https:\/\/www.intoscana.it\/it\/presentato-il-progetto-per-la-nuova-casa-di-comunita-a-cecina-un-investimento-di-45-milioni\/#breadcrumb\"},\"inLanguage\":\"it-IT\",\"potentialAction\":[{\"@type\":\"ReadAction\",\"target\":[\"https:\/\/www.intoscana.it\/it\/presentato-il-progetto-per-la-nuova-casa-di-comunita-a-cecina-un-investimento-di-45-milioni\/\"]}]},{\"@type\":\"ImageObject\",\"inLanguage\":\"it-IT\",\"@id\":\"https:\/\/www.intoscana.it\/it\/presentato-il-progetto-per-la-nuova-casa-di-comunita-a-cecina-un-investimento-di-45-milioni\/#primaryimage\",\"url\":\"https:\/\/www.intoscana.it\/wp-content\/uploads\/46dbbdefa5fe2cfc7f3b30c666ac98cc-25.jpg\",\"contentUrl\":\"https:\/\/www.intoscana.it\/wp-content\/uploads\/46dbbdefa5fe2cfc7f3b30c666ac98cc-25.jpg\",\"width\":960,\"height\":684},{\"@type\":\"BreadcrumbList\",\"@id\":\"https:\/\/www.intoscana.it\/it\/presentato-il-progetto-per-la-nuova-casa-di-comunita-a-cecina-un-investimento-di-45-milioni\/#breadcrumb\",\"itemListElement\":[{\"@type\":\"ListItem\",\"position\":1,\"name\":\"Home\",\"item\":\"https:\/\/www.intoscana.it\/it\/\"},{\"@type\":\"ListItem\",\"position\":2,\"name\":\"Presentato il progetto per la nuova Casa di comunit\u00e0 a Cecina: un investimento di 4,5 milioni\"}]},{\"@type\":\"WebSite\",\"@id\":\"https:\/\/www.intoscana.it\/it\/#website\",\"url\":\"https:\/\/www.intoscana.it\/it\/\",\"name\":\"intoscana\",\"description\":\"\",\"potentialAction\":[{\"@type\":\"SearchAction\",\"target\":{\"@type\":\"EntryPoint\",\"urlTemplate\":\"https:\/\/www.intoscana.it\/it\/?s={search_term_string}\"},\"query-input\":{\"@type\":\"PropertyValueSpecification\",\"valueRequired\":true,\"valueName\":\"search_term_string\"}}],\"inLanguage\":\"it-IT\"},{\"@type\":\"Person\",\"@id\":\"https:\/\/www.intoscana.it\/it\/#\/schema\/person\/9223810753230f20bd670fdd322661f8\",\"name\":\"Redazione\",\"url\":\"https:\/\/www.intoscana.it\/it\/author\/redazione\/\"}]}<\/script>\n<!-- \/ Yoast SEO Premium plugin. -->","yoast_head_json":{"title":"Presentato il progetto per la nuova Casa di comunit\u00e0 a Cecina: un investimento di 4,5 milioni - intoscana","description":"Si tratta di un importante intervento di riqualificazione di una struttura esistente con un investimento di 4.495.540, 43 euro","robots":{"index":"index","follow":"follow","max-snippet":"max-snippet:-1","max-image-preview":"max-image-preview:large","max-video-preview":"max-video-preview:-1"},"canonical":"https:\/\/www.intoscana.it\/it\/presentato-il-progetto-per-la-nuova-casa-di-comunita-a-cecina-un-investimento-di-45-milioni\/","og_locale":"it_IT","og_type":"article","og_title":"Presentato il progetto per la nuova Casa di comunit\u00e0 a Cecina: un investimento di 4,5 milioni","og_description":"Si tratta di un importante intervento di riqualificazione di una struttura esistente con un investimento di 4.495.540, 43 euro","og_url":"https:\/\/www.intoscana.it\/it\/presentato-il-progetto-per-la-nuova-casa-di-comunita-a-cecina-un-investimento-di-45-milioni\/","og_site_name":"intoscana","article_publisher":"https:\/\/www.facebook.com\/intoscana.it","article_published_time":"2024-03-28T16:08:31+00:00","article_modified_time":"2024-04-03T13:57:39+00:00","og_image":[{"width":960,"height":684,"url":"https:\/\/www.intoscana.it\/wp-content\/uploads\/46dbbdefa5fe2cfc7f3b30c666ac98cc-25.jpg","type":"image\/jpeg"}],"author":"Redazione","twitter_card":"summary_large_image","twitter_creator":"@intoscana","twitter_site":"@intoscana","twitter_misc":{"Written by":"Redazione","Est. reading time":"3 minuti"},"schema":{"@context":"https:\/\/schema.org","@graph":[{"@type":"WebPage","@id":"https:\/\/www.intoscana.it\/it\/presentato-il-progetto-per-la-nuova-casa-di-comunita-a-cecina-un-investimento-di-45-milioni\/","url":"https:\/\/www.intoscana.it\/it\/presentato-il-progetto-per-la-nuova-casa-di-comunita-a-cecina-un-investimento-di-45-milioni\/","name":"Presentato il progetto per la nuova Casa di comunit\u00e0 a Cecina: un investimento di 4,5 milioni - intoscana","isPartOf":{"@id":"https:\/\/www.intoscana.it\/it\/#website"},"primaryImageOfPage":{"@id":"https:\/\/www.intoscana.it\/it\/presentato-il-progetto-per-la-nuova-casa-di-comunita-a-cecina-un-investimento-di-45-milioni\/#primaryimage"},"image":{"@id":"https:\/\/www.intoscana.it\/it\/presentato-il-progetto-per-la-nuova-casa-di-comunita-a-cecina-un-investimento-di-45-milioni\/#primaryimage"},"thumbnailUrl":"https:\/\/www.intoscana.it\/wp-content\/uploads\/46dbbdefa5fe2cfc7f3b30c666ac98cc-25.jpg","datePublished":"2024-03-28T16:08:31+00:00","dateModified":"2024-04-03T13:57:39+00:00","author":{"@id":"https:\/\/www.intoscana.it\/it\/#\/schema\/person\/9223810753230f20bd670fdd322661f8"},"description":"Si tratta di un importante intervento di riqualificazione di una struttura esistente con un investimento di 4.495.540, 43 euro","breadcrumb":{"@id":"https:\/\/www.intoscana.it\/it\/presentato-il-progetto-per-la-nuova-casa-di-comunita-a-cecina-un-investimento-di-45-milioni\/#breadcrumb"},"inLanguage":"it-IT","potentialAction":[{"@type":"ReadAction","target":["https:\/\/www.intoscana.it\/it\/presentato-il-progetto-per-la-nuova-casa-di-comunita-a-cecina-un-investimento-di-45-milioni\/"]}]},{"@type":"ImageObject","inLanguage":"it-IT","@id":"https:\/\/www.intoscana.it\/it\/presentato-il-progetto-per-la-nuova-casa-di-comunita-a-cecina-un-investimento-di-45-milioni\/#primaryimage","url":"https:\/\/www.intoscana.it\/wp-content\/uploads\/46dbbdefa5fe2cfc7f3b30c666ac98cc-25.jpg","contentUrl":"https:\/\/www.intoscana.it\/wp-content\/uploads\/46dbbdefa5fe2cfc7f3b30c666ac98cc-25.jpg","width":960,"height":684},{"@type":"BreadcrumbList","@id":"https:\/\/www.intoscana.it\/it\/presentato-il-progetto-per-la-nuova-casa-di-comunita-a-cecina-un-investimento-di-45-milioni\/#breadcrumb","itemListElement":[{"@type":"ListItem","position":1,"name":"Home","item":"https:\/\/www.intoscana.it\/it\/"},{"@type":"ListItem","position":2,"name":"Presentato il progetto per la nuova Casa di comunit\u00e0 a Cecina: un investimento di 4,5 milioni"}]},{"@type":"WebSite","@id":"https:\/\/www.intoscana.it\/it\/#website","url":"https:\/\/www.intoscana.it\/it\/","name":"intoscana","description":"","potentialAction":[{"@type":"SearchAction","target":{"@type":"EntryPoint","urlTemplate":"https:\/\/www.intoscana.it\/it\/?s={search_term_string}"},"query-input":{"@type":"PropertyValueSpecification","valueRequired":true,"valueName":"search_term_string"}}],"inLanguage":"it-IT"},{"@type":"Person","@id":"https:\/\/www.intoscana.it\/it\/#\/schema\/person\/9223810753230f20bd670fdd322661f8","name":"Redazione","url":"https:\/\/www.intoscana.it\/it\/author\/redazione\/"}]}},"_links":{"self":[{"href":"https:\/\/www.intoscana.it\/it\/wp-json\/wp\/v2\/posts\/333554","targetHints":{"allow":["GET"]}}],"collection":[{"href":"https:\/\/www.intoscana.it\/it\/wp-json\/wp\/v2\/posts"}],"about":[{"href":"https:\/\/www.intoscana.it\/it\/wp-json\/wp\/v2\/types\/post"}],"author":[{"embeddable":true,"href":"https:\/\/www.intoscana.it\/it\/wp-json\/wp\/v2\/users\/525"}],"replies":[{"embeddable":true,"href":"https:\/\/www.intoscana.it\/it\/wp-json\/wp\/v2\/comments?post=333554"}],"version-history":[{"count":3,"href":"https:\/\/www.intoscana.it\/it\/wp-json\/wp\/v2\/posts\/333554\/revisions"}],"predecessor-version":[{"id":333738,"href":"https:\/\/www.intoscana.it\/it\/wp-json\/wp\/v2\/posts\/333554\/revisions\/333738"}],"wp:featuredmedia":[{"embeddable":true,"href":"https:\/\/www.intoscana.it\/it\/wp-json\/wp\/v2\/media\/101589"}],"wp:attachment":[{"href":"https:\/\/www.intoscana.it\/it\/wp-json\/wp\/v2\/media?parent=333554"}],"wp:term":[{"taxonomy":"category","embeddable":true,"href":"https:\/\/www.intoscana.it\/it\/wp-json\/wp\/v2\/categories?post=333554"},{"taxonomy":"post_tag","embeddable":true,"href":"https:\/\/www.intoscana.it\/it\/wp-json\/wp\/v2\/tags?post=333554"}],"curies":[{"name":"wp","href":"https:\/\/api.w.org\/{rel}","templated":true}]}}