{"id":333576,"date":"2024-03-29T09:50:04","date_gmt":"2024-03-29T08:50:04","guid":{"rendered":"https:\/\/www.intoscana.it\/it\/?p=333576"},"modified":"2024-03-29T10:32:39","modified_gmt":"2024-03-29T09:32:39","slug":"wonderfull-residenze-museo-novecento","status":"publish","type":"post","link":"https:\/\/www.intoscana.it\/it\/wonderfull-residenze-museo-novecento\/","title":{"rendered":"Wonderfull! Prendono il via le nuove residenze per artisti e curatori del Museo Novecento"},"content":{"rendered":"<p>Sono<strong> Friedrich Andreoni<\/strong> (1995), <strong>Lucia Cant\u00f2<\/strong> (1995), <strong>Benedetta Fioravanti<\/strong> (1995) e <strong>Giovanna Repetto<\/strong> (1990) i quattro artisti vincitori del bando <strong>WONDERFUL! Art Research Program<\/strong> voluto dal <strong>Museo Novecento<\/strong> e dalla curatrice <strong>Benedetta Casini<\/strong> (1991).<\/p>\n<p>I quattro giovani, scelti in una rosa di<strong> 170 candidature provenienti da tutta Italia<\/strong>, saranno i beneficiari di una residenza artistica all&#8217;interno degli <strong>spazi delle ex-Leopoldine<\/strong> a Firenze.<\/p>\n<p>Sar\u00e0<strong> un percorso di formazione e di ricerca che durer\u00e0 fino a ottobre<\/strong> e che coinvolger\u00e0 anche gli spazi di <strong>Manifattura Tabacchi<\/strong> e si concluder\u00e0 con la realizzazione di una mostra all&#8217;interno dell&#8217;<strong>ex fabbrica di sigari.<\/strong><\/p>\n<p>Nell&#8217;anno del suo decimo anniversario, il<strong><a href=\"\/\/www.intoscana.it\/it\/il-museo-novecento-festeggia-10-anni-con-ritorni-in-mostra-opere-da-modigliani-a-morandi\/\" target=\"_blank\" rel=\"noopener\"> Museo Novecento<\/a> inaugura un progetto ambizioso e unico nel suo genere in Italia<\/strong>, destinando un&#8217;intera nuova ala da poco ristrutturata all&#8217;accoglienza e alla <strong>formazione di artisti e curatori contemporanei.<\/strong><\/p>\n<p>Viene cos\u00ec a nascere <strong>una piccola ma virtuosa &#8220;cittadella&#8221; dell&#8217;arte<\/strong>, un luogo pensato per lo studio e la sperimentazione che dia spazio e tempo alla crescita artistica e professionale.<\/p>\n<p><em>&#8220;Nel 2018 appena arrivato a dirigere il Museo Novecento ho avvertito la necessit\u00e0 di aggiungere un programma di residenze artistiche alla nostra bellissima istituzione. Credo che un museo pensato per accogliere artisti e curatori in residenza sia un progetto unico nel suo genere a livello nazionale e internazionale.<\/em> \u2013<strong> ha dichiarato Sergio Risaliti, direttore del Museo Novecento<\/strong> \u2013 <em>Finalmente oggi abbiamo raggiunto l&#8217;obiettivo e inizia questa nuova avventura. Alla valorizzazione della collezione, al corposo programma di mediazione culturale, al ricco programma espositivo, aggiungiamo un&#8217;altra necessaria funzione museale, proseguendo nella direzione auspicata, che \u00e8 quella di essere un&#8217;istituzione di ricerca e formazione, un caso pressoch\u00e9 unico in Italia che obbliga tutti a un maggiore investimento di risorse ed energie, anche a livello scientifico e professionale. Il sistema dell&#8217;arte italiano fatica nel sostenere ricerca e sperimentazione, quindi offrire residenze e un aiuto tangibile alle nuove generazioni di artisti e di curatori rappresenta un ulteriore successo nella politica culturale cittadina. Questa \u00e8 la vera Firenze rinascimentale, quella che dimostra nei fatti di essere ancora laboratorio e casa delle avanguardie e non vetrina e palcoscenico di passaggio. Desidero ringraziare il sindaco Dario Nardella che ha sostenuto fin dal primo giorno questo ambizioso progetto, e gli Uffici di competenza che hanno portato a compimento la rigenerazione dell&#8217;edificio, tutte le ditte impegnate sul posto, e lo staff di Museo Novecento. Faccio i complimenti a Stefania Rispoli che si prender\u00e0 cura del progetto, accompagnando in questi mesi di crescita Friedrich Andreoni, Lucia Cant\u00f2, Benedetta Fioravanti, Giovanna Repetto e Benedetta Casini. Decisiva \u00e8 stata la generosa collaborazione con Maria Manetti Shrem grazie al cui contributo possiamo avviare il primo ciclo WONDERFUL! Art Research Program 2024. La sua sensibilit\u00e0 e passione per il futuro e l&#8217;arte siano di esempio per tanti&#8221;.<\/em><\/p>\n<figure id=\"post-333580 media-333580\" class=\"align-none\"><img decoding=\"async\" src=\"https:\/\/www.intoscana.it\/wp-content\/uploads\/WONDERFUL-Art-Research-Program-Conferenza-Stampa-dinaugurazione-al-Museo-Novecento-Firenze-28-Marzo-2024-ph.-Alessandra-Cinquemani-13.jpeg\" alt=\"\" \/><\/figure>\n<p>I vincitori pronti per trasferirsi<\/p>\n<p>Le residenze al <a href=\"https:\/\/www.intoscana.it\/it\/al-museo-novecento-di-firenze-in-mostra-oltre-cento-disegni-di-jannis-kounellis\/\" target=\"_blank\" rel=\"noopener\"><strong>Museo Novecento<\/strong><\/a> sono pensate come un periodo di studio immersivo, di ricerca e di produzione in<strong> una citt\u00e0 che per secoli \u00e8 stata fucina di idee, casa per gli artisti<\/strong> e fonte di ispirazione per la crescita professionale e creativa.<\/p>\n<p>Quindi sar\u00e0 un&#8217;opportunit\u00e0 anche per <strong>arricchire Firenze di nuove energie<\/strong> e per generare un sano dialogo con le diverse realt\u00e0 culturali e produttive.<\/p>\n<p>I <strong>sei mesi di residenza<\/strong> saranno caratterizzati da<strong> un calendario di incontri e attivit\u00e0<\/strong> pensate per entrare in contatto con il territorio fiorentino e toscano, attraverso visite nei musei e principali centri culturali e artistici, nonch\u00e9 sopralluoghi e<strong> dialoghi con artigiani, aziende, associazioni e professionisti.<\/strong><\/p>\n<p>La prima edizione del programma di residenze \u00e8 stata realizzata grazie al supporto di <strong>Maria Manetti Shrem, filantropa di origini fiorentine<\/strong> che ha sposato fin da subito il progetto, sottolineando con passione l&#8217;importanza di questo nuovo corso del Museo Novecento finalizzato a supportare attivamente le<strong> nuove generazioni di artisti e curatori.<\/strong><\/p>\n<p>Ad ottobre, in occasione della <strong>Florence Art Week,<\/strong> verr\u00e0 ospitata una<strong> mostra negli spazi della Manifattura Tabacchi<\/strong> in cui gli artisti e la curatrice restituiranno al pubblico la ricerca portata avanti nei mesi precedenti.<\/p>\n<p><em>&#8220;La grande partecipazione al bando aperto a fine 2023 testimonia l&#8217;importanza e la responsabilit\u00e0 di un progetto di questo tipo<\/em>\u2013 ha detto <strong>Stefania Rispoli, curatrice del progetto<\/strong> \u2013. <em>Il sistema dell&#8217;arte italiano fatica nel sostegno alla ricerca, quindi offrire tempo, spazio e supporto economico da poter dedicare allo studio rappresenta un sostegno tangibile alle nuove generazioni di artisti e di curatori. Oggi il museo si conferma essere non solo casa delle opere ma anche dimora per gli artisti e i curatori. La loro presenza rende il nostro museo un luogo ancor pi\u00f9 dinamico e vitale perch\u00e9 intrepretato come un centro di formazione e ricerca. La scelta di questa prima edizione di WONDERFUL! Art Research Program \u00e8 ricaduta su una rosa di quattro artisti e una curatrice nati tra il 1990 e il 1995, che si sono distinti per l&#8217;originalit\u00e0 e la sensibilit\u00e0 della loro ricerca e per le motivazioni che li hanno spinti a partecipare a risiedere per i prossimi mesi a Firenze. Un sentito ringraziamento va a tutti coloro che stanno sostenendo questo progetto e che collaboreranno al programma di formazione, e a tutti gli artisti che hanno partecipato al bando. Abbiamo ricevuto tante candidature valide e meritevoli, ai tanti auguriamo di poter proseguire nella loro ricerca&#8221;.<\/em><\/p>\n<figure id=\"post-333579 media-333579\" class=\"align-none\"><img decoding=\"async\" src=\"https:\/\/www.intoscana.it\/wp-content\/uploads\/WONDERFUL-Art-Research-Program-Conferenza-Stampa-dinaugurazione-al-Museo-Novecento-Firenze-28-Marzo-2024-ph.-Alessandra-Cinquemani-11.jpeg\" alt=\"\" \/><\/figure>\n<div class=\"titleimg\"><\/div>\n","protected":false},"excerpt":{"rendered":"<p>Il Museo Novecento apre le sue porte agli artisti Friedrich Andreoni, Lucia Cant\u00f2, Benedetta Fioravanti, Giovanna Repetto e alla curatrice Benedetta Casini che per sei mesi risiederanno nelle nuove residenze all&#8217;interno del complesso delle ex-Leopoldine in piazza Santa Maria Novella<\/p>\n","protected":false},"author":525,"featured_media":333581,"comment_status":"open","ping_status":"open","sticky":false,"template":"","format":"standard","meta":{"_acf_changed":false,"footnotes":""},"categories":[493],"tags":[227,5644],"class_list":["post-333576","post","type-post","status-publish","format-standard","has-post-thumbnail","hentry","category-cultura","tag-arte-contemporanea","tag-museo-novecento"],"acf":[],"yoast_head":"<!-- This site is optimized with the Yoast SEO Premium plugin v24.2 (Yoast SEO v25.6) - https:\/\/yoast.com\/wordpress\/plugins\/seo\/ -->\n<title>Wonderfull! Prendono il via le nuove residenze per artisti e curatori del Museo Novecento - intoscana<\/title>\n<meta name=\"description\" content=\"Il Museo Novecento apre le sue porte agli artisti che per sei mesi risiederanno nelle nuove residenze presso il complesso delle ex-Leopoldine\" \/>\n<meta name=\"robots\" content=\"index, follow, max-snippet:-1, max-image-preview:large, max-video-preview:-1\" \/>\n<link rel=\"canonical\" href=\"https:\/\/www.intoscana.it\/it\/wonderfull-residenze-museo-novecento\/\" \/>\n<meta property=\"og:locale\" content=\"it_IT\" \/>\n<meta property=\"og:type\" content=\"article\" \/>\n<meta property=\"og:title\" content=\"Wonderfull! Prendono il via le nuove residenze per artisti e curatori del Museo Novecento\" \/>\n<meta property=\"og:description\" content=\"Il Museo Novecento apre le sue porte agli artisti che per sei mesi risiederanno nelle nuove residenze presso il complesso delle ex-Leopoldine\" \/>\n<meta property=\"og:url\" content=\"https:\/\/www.intoscana.it\/it\/wonderfull-residenze-museo-novecento\/\" \/>\n<meta property=\"og:site_name\" content=\"intoscana\" \/>\n<meta property=\"article:publisher\" content=\"https:\/\/www.facebook.com\/intoscana.it\" \/>\n<meta property=\"article:published_time\" content=\"2024-03-29T08:50:04+00:00\" \/>\n<meta property=\"article:modified_time\" content=\"2024-03-29T09:32:39+00:00\" \/>\n<meta property=\"og:image\" content=\"https:\/\/www.intoscana.it\/wp-content\/uploads\/WONDERFUL-Art-Research-Program-Conferenza-Stampa-dinaugurazione-al-Museo-Novecento-Firenze-28-Marzo-2024-ph.-Alessandra-Cinquemani10.jpeg\" \/>\n\t<meta property=\"og:image:width\" content=\"1600\" \/>\n\t<meta property=\"og:image:height\" content=\"1066\" \/>\n\t<meta property=\"og:image:type\" content=\"image\/jpeg\" \/>\n<meta name=\"author\" content=\"Redazione\" \/>\n<meta name=\"twitter:card\" content=\"summary_large_image\" \/>\n<meta name=\"twitter:creator\" content=\"@intoscana\" \/>\n<meta name=\"twitter:site\" content=\"@intoscana\" \/>\n<meta name=\"twitter:label1\" content=\"Written by\" \/>\n\t<meta name=\"twitter:data1\" content=\"Redazione\" \/>\n\t<meta name=\"twitter:label2\" content=\"Est. reading time\" \/>\n\t<meta name=\"twitter:data2\" content=\"6 minuti\" \/>\n<script type=\"application\/ld+json\" class=\"yoast-schema-graph\">{\"@context\":\"https:\/\/schema.org\",\"@graph\":[{\"@type\":\"WebPage\",\"@id\":\"https:\/\/www.intoscana.it\/it\/wonderfull-residenze-museo-novecento\/\",\"url\":\"https:\/\/www.intoscana.it\/it\/wonderfull-residenze-museo-novecento\/\",\"name\":\"Wonderfull! Prendono il via le nuove residenze per artisti e curatori del Museo Novecento - intoscana\",\"isPartOf\":{\"@id\":\"https:\/\/www.intoscana.it\/it\/#website\"},\"primaryImageOfPage\":{\"@id\":\"https:\/\/www.intoscana.it\/it\/wonderfull-residenze-museo-novecento\/#primaryimage\"},\"image\":{\"@id\":\"https:\/\/www.intoscana.it\/it\/wonderfull-residenze-museo-novecento\/#primaryimage\"},\"thumbnailUrl\":\"https:\/\/www.intoscana.it\/wp-content\/uploads\/WONDERFUL-Art-Research-Program-Conferenza-Stampa-dinaugurazione-al-Museo-Novecento-Firenze-28-Marzo-2024-ph.-Alessandra-Cinquemani10.jpeg\",\"datePublished\":\"2024-03-29T08:50:04+00:00\",\"dateModified\":\"2024-03-29T09:32:39+00:00\",\"author\":{\"@id\":\"https:\/\/www.intoscana.it\/it\/#\/schema\/person\/9223810753230f20bd670fdd322661f8\"},\"description\":\"Il Museo Novecento apre le sue porte agli artisti che per sei mesi risiederanno nelle nuove residenze presso il complesso delle ex-Leopoldine\",\"breadcrumb\":{\"@id\":\"https:\/\/www.intoscana.it\/it\/wonderfull-residenze-museo-novecento\/#breadcrumb\"},\"inLanguage\":\"it-IT\",\"potentialAction\":[{\"@type\":\"ReadAction\",\"target\":[\"https:\/\/www.intoscana.it\/it\/wonderfull-residenze-museo-novecento\/\"]}]},{\"@type\":\"ImageObject\",\"inLanguage\":\"it-IT\",\"@id\":\"https:\/\/www.intoscana.it\/it\/wonderfull-residenze-museo-novecento\/#primaryimage\",\"url\":\"https:\/\/www.intoscana.it\/wp-content\/uploads\/WONDERFUL-Art-Research-Program-Conferenza-Stampa-dinaugurazione-al-Museo-Novecento-Firenze-28-Marzo-2024-ph.-Alessandra-Cinquemani10.jpeg\",\"contentUrl\":\"https:\/\/www.intoscana.it\/wp-content\/uploads\/WONDERFUL-Art-Research-Program-Conferenza-Stampa-dinaugurazione-al-Museo-Novecento-Firenze-28-Marzo-2024-ph.-Alessandra-Cinquemani10.jpeg\",\"width\":1600,\"height\":1066},{\"@type\":\"BreadcrumbList\",\"@id\":\"https:\/\/www.intoscana.it\/it\/wonderfull-residenze-museo-novecento\/#breadcrumb\",\"itemListElement\":[{\"@type\":\"ListItem\",\"position\":1,\"name\":\"Home\",\"item\":\"https:\/\/www.intoscana.it\/it\/\"},{\"@type\":\"ListItem\",\"position\":2,\"name\":\"Wonderfull! Prendono il via le nuove residenze per artisti e curatori del Museo Novecento\"}]},{\"@type\":\"WebSite\",\"@id\":\"https:\/\/www.intoscana.it\/it\/#website\",\"url\":\"https:\/\/www.intoscana.it\/it\/\",\"name\":\"intoscana\",\"description\":\"\",\"potentialAction\":[{\"@type\":\"SearchAction\",\"target\":{\"@type\":\"EntryPoint\",\"urlTemplate\":\"https:\/\/www.intoscana.it\/it\/?s={search_term_string}\"},\"query-input\":{\"@type\":\"PropertyValueSpecification\",\"valueRequired\":true,\"valueName\":\"search_term_string\"}}],\"inLanguage\":\"it-IT\"},{\"@type\":\"Person\",\"@id\":\"https:\/\/www.intoscana.it\/it\/#\/schema\/person\/9223810753230f20bd670fdd322661f8\",\"name\":\"Redazione\",\"url\":\"https:\/\/www.intoscana.it\/it\/author\/redazione\/\"}]}<\/script>\n<!-- \/ Yoast SEO Premium plugin. -->","yoast_head_json":{"title":"Wonderfull! Prendono il via le nuove residenze per artisti e curatori del Museo Novecento - intoscana","description":"Il Museo Novecento apre le sue porte agli artisti che per sei mesi risiederanno nelle nuove residenze presso il complesso delle ex-Leopoldine","robots":{"index":"index","follow":"follow","max-snippet":"max-snippet:-1","max-image-preview":"max-image-preview:large","max-video-preview":"max-video-preview:-1"},"canonical":"https:\/\/www.intoscana.it\/it\/wonderfull-residenze-museo-novecento\/","og_locale":"it_IT","og_type":"article","og_title":"Wonderfull! Prendono il via le nuove residenze per artisti e curatori del Museo Novecento","og_description":"Il Museo Novecento apre le sue porte agli artisti che per sei mesi risiederanno nelle nuove residenze presso il complesso delle ex-Leopoldine","og_url":"https:\/\/www.intoscana.it\/it\/wonderfull-residenze-museo-novecento\/","og_site_name":"intoscana","article_publisher":"https:\/\/www.facebook.com\/intoscana.it","article_published_time":"2024-03-29T08:50:04+00:00","article_modified_time":"2024-03-29T09:32:39+00:00","og_image":[{"width":1600,"height":1066,"url":"https:\/\/www.intoscana.it\/wp-content\/uploads\/WONDERFUL-Art-Research-Program-Conferenza-Stampa-dinaugurazione-al-Museo-Novecento-Firenze-28-Marzo-2024-ph.-Alessandra-Cinquemani10.jpeg","type":"image\/jpeg"}],"author":"Redazione","twitter_card":"summary_large_image","twitter_creator":"@intoscana","twitter_site":"@intoscana","twitter_misc":{"Written by":"Redazione","Est. reading time":"6 minuti"},"schema":{"@context":"https:\/\/schema.org","@graph":[{"@type":"WebPage","@id":"https:\/\/www.intoscana.it\/it\/wonderfull-residenze-museo-novecento\/","url":"https:\/\/www.intoscana.it\/it\/wonderfull-residenze-museo-novecento\/","name":"Wonderfull! Prendono il via le nuove residenze per artisti e curatori del Museo Novecento - intoscana","isPartOf":{"@id":"https:\/\/www.intoscana.it\/it\/#website"},"primaryImageOfPage":{"@id":"https:\/\/www.intoscana.it\/it\/wonderfull-residenze-museo-novecento\/#primaryimage"},"image":{"@id":"https:\/\/www.intoscana.it\/it\/wonderfull-residenze-museo-novecento\/#primaryimage"},"thumbnailUrl":"https:\/\/www.intoscana.it\/wp-content\/uploads\/WONDERFUL-Art-Research-Program-Conferenza-Stampa-dinaugurazione-al-Museo-Novecento-Firenze-28-Marzo-2024-ph.-Alessandra-Cinquemani10.jpeg","datePublished":"2024-03-29T08:50:04+00:00","dateModified":"2024-03-29T09:32:39+00:00","author":{"@id":"https:\/\/www.intoscana.it\/it\/#\/schema\/person\/9223810753230f20bd670fdd322661f8"},"description":"Il Museo Novecento apre le sue porte agli artisti che per sei mesi risiederanno nelle nuove residenze presso il complesso delle ex-Leopoldine","breadcrumb":{"@id":"https:\/\/www.intoscana.it\/it\/wonderfull-residenze-museo-novecento\/#breadcrumb"},"inLanguage":"it-IT","potentialAction":[{"@type":"ReadAction","target":["https:\/\/www.intoscana.it\/it\/wonderfull-residenze-museo-novecento\/"]}]},{"@type":"ImageObject","inLanguage":"it-IT","@id":"https:\/\/www.intoscana.it\/it\/wonderfull-residenze-museo-novecento\/#primaryimage","url":"https:\/\/www.intoscana.it\/wp-content\/uploads\/WONDERFUL-Art-Research-Program-Conferenza-Stampa-dinaugurazione-al-Museo-Novecento-Firenze-28-Marzo-2024-ph.-Alessandra-Cinquemani10.jpeg","contentUrl":"https:\/\/www.intoscana.it\/wp-content\/uploads\/WONDERFUL-Art-Research-Program-Conferenza-Stampa-dinaugurazione-al-Museo-Novecento-Firenze-28-Marzo-2024-ph.-Alessandra-Cinquemani10.jpeg","width":1600,"height":1066},{"@type":"BreadcrumbList","@id":"https:\/\/www.intoscana.it\/it\/wonderfull-residenze-museo-novecento\/#breadcrumb","itemListElement":[{"@type":"ListItem","position":1,"name":"Home","item":"https:\/\/www.intoscana.it\/it\/"},{"@type":"ListItem","position":2,"name":"Wonderfull! Prendono il via le nuove residenze per artisti e curatori del Museo Novecento"}]},{"@type":"WebSite","@id":"https:\/\/www.intoscana.it\/it\/#website","url":"https:\/\/www.intoscana.it\/it\/","name":"intoscana","description":"","potentialAction":[{"@type":"SearchAction","target":{"@type":"EntryPoint","urlTemplate":"https:\/\/www.intoscana.it\/it\/?s={search_term_string}"},"query-input":{"@type":"PropertyValueSpecification","valueRequired":true,"valueName":"search_term_string"}}],"inLanguage":"it-IT"},{"@type":"Person","@id":"https:\/\/www.intoscana.it\/it\/#\/schema\/person\/9223810753230f20bd670fdd322661f8","name":"Redazione","url":"https:\/\/www.intoscana.it\/it\/author\/redazione\/"}]}},"_links":{"self":[{"href":"https:\/\/www.intoscana.it\/it\/wp-json\/wp\/v2\/posts\/333576","targetHints":{"allow":["GET"]}}],"collection":[{"href":"https:\/\/www.intoscana.it\/it\/wp-json\/wp\/v2\/posts"}],"about":[{"href":"https:\/\/www.intoscana.it\/it\/wp-json\/wp\/v2\/types\/post"}],"author":[{"embeddable":true,"href":"https:\/\/www.intoscana.it\/it\/wp-json\/wp\/v2\/users\/525"}],"replies":[{"embeddable":true,"href":"https:\/\/www.intoscana.it\/it\/wp-json\/wp\/v2\/comments?post=333576"}],"version-history":[{"count":8,"href":"https:\/\/www.intoscana.it\/it\/wp-json\/wp\/v2\/posts\/333576\/revisions"}],"predecessor-version":[{"id":333641,"href":"https:\/\/www.intoscana.it\/it\/wp-json\/wp\/v2\/posts\/333576\/revisions\/333641"}],"wp:featuredmedia":[{"embeddable":true,"href":"https:\/\/www.intoscana.it\/it\/wp-json\/wp\/v2\/media\/333581"}],"wp:attachment":[{"href":"https:\/\/www.intoscana.it\/it\/wp-json\/wp\/v2\/media?parent=333576"}],"wp:term":[{"taxonomy":"category","embeddable":true,"href":"https:\/\/www.intoscana.it\/it\/wp-json\/wp\/v2\/categories?post=333576"},{"taxonomy":"post_tag","embeddable":true,"href":"https:\/\/www.intoscana.it\/it\/wp-json\/wp\/v2\/tags?post=333576"}],"curies":[{"name":"wp","href":"https:\/\/api.w.org\/{rel}","templated":true}]}}