{"id":334013,"date":"2024-04-02T15:46:11","date_gmt":"2024-04-02T13:46:11","guid":{"rendered":"https:\/\/www.intoscana.it\/it\/?p=334013"},"modified":"2024-04-02T15:47:18","modified_gmt":"2024-04-02T13:47:18","slug":"via-cavour-firenze-alberi-aranci","status":"publish","type":"post","link":"https:\/\/www.intoscana.it\/it\/via-cavour-firenze-alberi-aranci\/","title":{"rendered":"Via Cavour cambia volto: al via la piantagione di aranci nel cuore di Firenze"},"content":{"rendered":"<p>\u00c8 partita stamani la riqualificazione di <strong>via Cavour a Firenze<\/strong>, la strada centralissima a due passi dal Duomo che alla fine dei lavori diventer\u00e0 una <strong>piccola piantagione di alberi di arancio,<\/strong> grazie al <a href=\"https:\/\/www.intoscana.it\/it\/progetto-verde-via-cavour-firenze\/\" target=\"_blank\" rel=\"noopener\">progetto di riqualificazione<\/a> da <strong>2 milioni di euro<\/strong> promosso dal Comune che \u00e8 partito lo scorso ottobre.<\/p>\n<h3>49 piante di arancio entro fine maggio<\/h3>\n<p>Questa mattina sono state messe a terra le prime piante: in totale saranno 49, 23 sul lato sinistro andando verso piazza San Marco e 26 sul lato destro, e la fine del cantiere \u00e8 prevista <strong>entro maggio.<\/strong> L&#8217;intervento prevede anche l\u2019allargamento dei marciapiedi e il rifacimento della carreggiata.<\/p>\n<p>Stamani il <strong>sindaco Dario Nardella\u00a0<\/strong>ha compiuto un sopralluogo al cantiere insieme all\u2019assessore alla mobilit\u00e0 Stefano Giorgetti, ai tecnici del Direzione mobilit\u00e0 del Comune e di Avr e ai commercianti della zona<\/p>\n<p><em>\u201cQuesti lavori ci restituiranno una via Cavour completamente rinnovata<\/em> &#8211; ha sottolineato <strong>Nardella<\/strong> &#8211; <em>pi\u00f9 bella, pi\u00f9 vivibile, che diventer\u00e0 una delle principali porte di accesso al centro grazie alla tramvia che presto fermer\u00e0 in piazza San Marco.<\/em> <mark><em>Gli alberi sono anche uno strumento insostituibile per combattere i cambiamenti climatici e le isole di calore,<\/em> <\/mark><em>danno ombra e contribuiscono ad abbassare le temperature e le sostanze inquinanti. Quella di cambiare i centri storici anche con il verde \u00e8 un nuova e grande sfida per le citt\u00e0 d\u2019arte\u201d.<\/em><\/p>\n<figure id=\"post-295855 media-295855\" class=\"align-none\">\n<p><figure style=\"width: 1920px\" class=\"wp-caption alignnone\"><img loading=\"lazy\" decoding=\"async\" src=\"https:\/\/www.intoscana.it\/wp-content\/uploads\/IMG_2257.png\" alt=\"\" width=\"1920\" height=\"1080\" \/><figcaption class=\"wp-caption-text\">Il progetto per Via Cavour a Firenze<\/figcaption><\/figure><\/figure>\n<h3>Ecosostenibilit\u00e0 e pedonalizzazione<\/h3>\n<p>La riqualificazione si ispira a criteri di <strong>ecosostenibilit\u00e0<\/strong> con la riduzione delle superfici asfaltate che accumulano calore, l\u2019inserimento di alberi e la progressiva pedonalizzazione della strada. La prima fase comprende l&#8217;allargamento e la lastricatura dei marciapiedi, il rifacimento della carreggiata e appunto l&#8217;inserimento delle aiuole con gli alberi di arancio.<\/p>\n<p>L&#8217;obiettivo dell&#8217;intervento in via Cavour \u00e8 anche quello di valorizzare il ruolo della strada come <strong>porta di accesso al centro storico<\/strong> di Firenze, che mette in comunicazione da un lato piazza San Marco, riqualificata e servita dalla tramvia, e dall\u2019altro le aree pedonali di piazza Duomo e via Martelli.<\/p>\n<p><em>&#8220;\u00c8 un progetto avviato insieme al Ccn della zona e consentir\u00e0 di valorizzare la residenza e le attivit\u00e0 commerciali<\/em> &#8211; ha spiegato <strong>l&#8217;assessore Giorgetti<\/strong> &#8211;<em>\u00a0per arrivare poi, con l\u2019attivazione delle nuove linee tramviarie, a non avere pi\u00f9 il passaggio da questo asse delle linee forti del trasporto pubblico urbano, a vantaggio di un servizio di bussini elettrici\u201d.<\/em><\/p>\n","protected":false},"excerpt":{"rendered":"<p>In totale saranno piantati 49 alberi entro maggio: il progetto di riqualificazione prevede anche l&#8217;allargamento dei marciapiedi<\/p>\n","protected":false},"author":502,"featured_media":334015,"comment_status":"open","ping_status":"open","sticky":false,"template":"","format":"standard","meta":{"_acf_changed":false,"footnotes":""},"categories":[494],"tags":[202,5917],"class_list":["post-334013","post","type-post","status-publish","format-standard","has-post-thumbnail","hentry","category-attualita","tag-firenze","tag-verde-urbano"],"acf":[],"yoast_head":"<!-- This site is optimized with the Yoast SEO Premium plugin v24.2 (Yoast SEO v25.6) - https:\/\/yoast.com\/wordpress\/plugins\/seo\/ -->\n<title>Via Cavour cambia volto: al via la piantagione di aranci nel cuore di Firenze - intoscana<\/title>\n<meta name=\"description\" content=\"Al via la piantagione di alberi di arancio in via Cavour a Firenze, grazie al progetto di riqualificazione promosso dal Comune.\" \/>\n<meta name=\"robots\" content=\"index, follow, max-snippet:-1, max-image-preview:large, max-video-preview:-1\" \/>\n<link rel=\"canonical\" href=\"https:\/\/www.intoscana.it\/it\/via-cavour-firenze-alberi-aranci\/\" \/>\n<meta property=\"og:locale\" content=\"it_IT\" \/>\n<meta property=\"og:type\" content=\"article\" \/>\n<meta property=\"og:title\" content=\"Via Cavour cambia volto: al via la piantagione di aranci nel cuore di Firenze\" \/>\n<meta property=\"og:description\" content=\"Al via la piantagione di alberi di arancio in via Cavour a Firenze, grazie al progetto di riqualificazione promosso dal Comune.\" \/>\n<meta property=\"og:url\" content=\"https:\/\/www.intoscana.it\/it\/via-cavour-firenze-alberi-aranci\/\" \/>\n<meta property=\"og:site_name\" content=\"intoscana\" \/>\n<meta property=\"article:publisher\" content=\"https:\/\/www.facebook.com\/intoscana.it\" \/>\n<meta property=\"article:published_time\" content=\"2024-04-02T13:46:11+00:00\" \/>\n<meta property=\"article:modified_time\" content=\"2024-04-02T13:47:18+00:00\" \/>\n<meta property=\"og:image\" content=\"https:\/\/www.intoscana.it\/wp-content\/uploads\/WhatsApp-Image-2024-04-02-at-14.08.34.jpeg\" \/>\n\t<meta property=\"og:image:width\" content=\"1066\" \/>\n\t<meta property=\"og:image:height\" content=\"1600\" \/>\n\t<meta property=\"og:image:type\" content=\"image\/jpeg\" \/>\n<meta name=\"author\" content=\"Ilaria Giannini\" \/>\n<meta name=\"twitter:card\" content=\"summary_large_image\" \/>\n<meta name=\"twitter:creator\" content=\"@i.giannini@fst.it\" \/>\n<meta name=\"twitter:site\" content=\"@intoscana\" \/>\n<meta name=\"twitter:label1\" content=\"Written by\" \/>\n\t<meta name=\"twitter:data1\" content=\"Ilaria Giannini\" \/>\n\t<meta name=\"twitter:label2\" content=\"Est. reading time\" \/>\n\t<meta name=\"twitter:data2\" content=\"3 minuti\" \/>\n<script type=\"application\/ld+json\" class=\"yoast-schema-graph\">{\"@context\":\"https:\/\/schema.org\",\"@graph\":[{\"@type\":\"WebPage\",\"@id\":\"https:\/\/www.intoscana.it\/it\/via-cavour-firenze-alberi-aranci\/\",\"url\":\"https:\/\/www.intoscana.it\/it\/via-cavour-firenze-alberi-aranci\/\",\"name\":\"Via Cavour cambia volto: al via la piantagione di aranci nel cuore di Firenze - intoscana\",\"isPartOf\":{\"@id\":\"https:\/\/www.intoscana.it\/it\/#website\"},\"primaryImageOfPage\":{\"@id\":\"https:\/\/www.intoscana.it\/it\/via-cavour-firenze-alberi-aranci\/#primaryimage\"},\"image\":{\"@id\":\"https:\/\/www.intoscana.it\/it\/via-cavour-firenze-alberi-aranci\/#primaryimage\"},\"thumbnailUrl\":\"https:\/\/www.intoscana.it\/wp-content\/uploads\/WhatsApp-Image-2024-04-02-at-14.08.34.jpeg\",\"datePublished\":\"2024-04-02T13:46:11+00:00\",\"dateModified\":\"2024-04-02T13:47:18+00:00\",\"author\":{\"@id\":\"https:\/\/www.intoscana.it\/it\/#\/schema\/person\/de95e1ed2c1c8c30a6922bbba3a90185\"},\"description\":\"Al via la piantagione di alberi di arancio in via Cavour a Firenze, grazie al progetto di riqualificazione promosso dal Comune.\",\"breadcrumb\":{\"@id\":\"https:\/\/www.intoscana.it\/it\/via-cavour-firenze-alberi-aranci\/#breadcrumb\"},\"inLanguage\":\"it-IT\",\"potentialAction\":[{\"@type\":\"ReadAction\",\"target\":[\"https:\/\/www.intoscana.it\/it\/via-cavour-firenze-alberi-aranci\/\"]}]},{\"@type\":\"ImageObject\",\"inLanguage\":\"it-IT\",\"@id\":\"https:\/\/www.intoscana.it\/it\/via-cavour-firenze-alberi-aranci\/#primaryimage\",\"url\":\"https:\/\/www.intoscana.it\/wp-content\/uploads\/WhatsApp-Image-2024-04-02-at-14.08.34.jpeg\",\"contentUrl\":\"https:\/\/www.intoscana.it\/wp-content\/uploads\/WhatsApp-Image-2024-04-02-at-14.08.34.jpeg\",\"width\":1066,\"height\":1600},{\"@type\":\"BreadcrumbList\",\"@id\":\"https:\/\/www.intoscana.it\/it\/via-cavour-firenze-alberi-aranci\/#breadcrumb\",\"itemListElement\":[{\"@type\":\"ListItem\",\"position\":1,\"name\":\"Home\",\"item\":\"https:\/\/www.intoscana.it\/it\/\"},{\"@type\":\"ListItem\",\"position\":2,\"name\":\"Via Cavour cambia volto: al via la piantagione di aranci nel cuore di Firenze\"}]},{\"@type\":\"WebSite\",\"@id\":\"https:\/\/www.intoscana.it\/it\/#website\",\"url\":\"https:\/\/www.intoscana.it\/it\/\",\"name\":\"intoscana\",\"description\":\"\",\"potentialAction\":[{\"@type\":\"SearchAction\",\"target\":{\"@type\":\"EntryPoint\",\"urlTemplate\":\"https:\/\/www.intoscana.it\/it\/?s={search_term_string}\"},\"query-input\":{\"@type\":\"PropertyValueSpecification\",\"valueRequired\":true,\"valueName\":\"search_term_string\"}}],\"inLanguage\":\"it-IT\"},{\"@type\":\"Person\",\"@id\":\"https:\/\/www.intoscana.it\/it\/#\/schema\/person\/de95e1ed2c1c8c30a6922bbba3a90185\",\"name\":\"Ilaria Giannini\",\"sameAs\":[\"https:\/\/x.com\/i.giannini@fst.it\"],\"url\":\"https:\/\/www.intoscana.it\/it\/author\/ilaria-giannini\/\"}]}<\/script>\n<!-- \/ Yoast SEO Premium plugin. -->","yoast_head_json":{"title":"Via Cavour cambia volto: al via la piantagione di aranci nel cuore di Firenze - intoscana","description":"Al via la piantagione di alberi di arancio in via Cavour a Firenze, grazie al progetto di riqualificazione promosso dal Comune.","robots":{"index":"index","follow":"follow","max-snippet":"max-snippet:-1","max-image-preview":"max-image-preview:large","max-video-preview":"max-video-preview:-1"},"canonical":"https:\/\/www.intoscana.it\/it\/via-cavour-firenze-alberi-aranci\/","og_locale":"it_IT","og_type":"article","og_title":"Via Cavour cambia volto: al via la piantagione di aranci nel cuore di Firenze","og_description":"Al via la piantagione di alberi di arancio in via Cavour a Firenze, grazie al progetto di riqualificazione promosso dal Comune.","og_url":"https:\/\/www.intoscana.it\/it\/via-cavour-firenze-alberi-aranci\/","og_site_name":"intoscana","article_publisher":"https:\/\/www.facebook.com\/intoscana.it","article_published_time":"2024-04-02T13:46:11+00:00","article_modified_time":"2024-04-02T13:47:18+00:00","og_image":[{"width":1066,"height":1600,"url":"https:\/\/www.intoscana.it\/wp-content\/uploads\/WhatsApp-Image-2024-04-02-at-14.08.34.jpeg","type":"image\/jpeg"}],"author":"Ilaria Giannini","twitter_card":"summary_large_image","twitter_creator":"@i.giannini@fst.it","twitter_site":"@intoscana","twitter_misc":{"Written by":"Ilaria Giannini","Est. reading time":"3 minuti"},"schema":{"@context":"https:\/\/schema.org","@graph":[{"@type":"WebPage","@id":"https:\/\/www.intoscana.it\/it\/via-cavour-firenze-alberi-aranci\/","url":"https:\/\/www.intoscana.it\/it\/via-cavour-firenze-alberi-aranci\/","name":"Via Cavour cambia volto: al via la piantagione di aranci nel cuore di Firenze - intoscana","isPartOf":{"@id":"https:\/\/www.intoscana.it\/it\/#website"},"primaryImageOfPage":{"@id":"https:\/\/www.intoscana.it\/it\/via-cavour-firenze-alberi-aranci\/#primaryimage"},"image":{"@id":"https:\/\/www.intoscana.it\/it\/via-cavour-firenze-alberi-aranci\/#primaryimage"},"thumbnailUrl":"https:\/\/www.intoscana.it\/wp-content\/uploads\/WhatsApp-Image-2024-04-02-at-14.08.34.jpeg","datePublished":"2024-04-02T13:46:11+00:00","dateModified":"2024-04-02T13:47:18+00:00","author":{"@id":"https:\/\/www.intoscana.it\/it\/#\/schema\/person\/de95e1ed2c1c8c30a6922bbba3a90185"},"description":"Al via la piantagione di alberi di arancio in via Cavour a Firenze, grazie al progetto di riqualificazione promosso dal Comune.","breadcrumb":{"@id":"https:\/\/www.intoscana.it\/it\/via-cavour-firenze-alberi-aranci\/#breadcrumb"},"inLanguage":"it-IT","potentialAction":[{"@type":"ReadAction","target":["https:\/\/www.intoscana.it\/it\/via-cavour-firenze-alberi-aranci\/"]}]},{"@type":"ImageObject","inLanguage":"it-IT","@id":"https:\/\/www.intoscana.it\/it\/via-cavour-firenze-alberi-aranci\/#primaryimage","url":"https:\/\/www.intoscana.it\/wp-content\/uploads\/WhatsApp-Image-2024-04-02-at-14.08.34.jpeg","contentUrl":"https:\/\/www.intoscana.it\/wp-content\/uploads\/WhatsApp-Image-2024-04-02-at-14.08.34.jpeg","width":1066,"height":1600},{"@type":"BreadcrumbList","@id":"https:\/\/www.intoscana.it\/it\/via-cavour-firenze-alberi-aranci\/#breadcrumb","itemListElement":[{"@type":"ListItem","position":1,"name":"Home","item":"https:\/\/www.intoscana.it\/it\/"},{"@type":"ListItem","position":2,"name":"Via Cavour cambia volto: al via la piantagione di aranci nel cuore di Firenze"}]},{"@type":"WebSite","@id":"https:\/\/www.intoscana.it\/it\/#website","url":"https:\/\/www.intoscana.it\/it\/","name":"intoscana","description":"","potentialAction":[{"@type":"SearchAction","target":{"@type":"EntryPoint","urlTemplate":"https:\/\/www.intoscana.it\/it\/?s={search_term_string}"},"query-input":{"@type":"PropertyValueSpecification","valueRequired":true,"valueName":"search_term_string"}}],"inLanguage":"it-IT"},{"@type":"Person","@id":"https:\/\/www.intoscana.it\/it\/#\/schema\/person\/de95e1ed2c1c8c30a6922bbba3a90185","name":"Ilaria Giannini","sameAs":["https:\/\/x.com\/i.giannini@fst.it"],"url":"https:\/\/www.intoscana.it\/it\/author\/ilaria-giannini\/"}]}},"_links":{"self":[{"href":"https:\/\/www.intoscana.it\/it\/wp-json\/wp\/v2\/posts\/334013","targetHints":{"allow":["GET"]}}],"collection":[{"href":"https:\/\/www.intoscana.it\/it\/wp-json\/wp\/v2\/posts"}],"about":[{"href":"https:\/\/www.intoscana.it\/it\/wp-json\/wp\/v2\/types\/post"}],"author":[{"embeddable":true,"href":"https:\/\/www.intoscana.it\/it\/wp-json\/wp\/v2\/users\/502"}],"replies":[{"embeddable":true,"href":"https:\/\/www.intoscana.it\/it\/wp-json\/wp\/v2\/comments?post=334013"}],"version-history":[{"count":12,"href":"https:\/\/www.intoscana.it\/it\/wp-json\/wp\/v2\/posts\/334013\/revisions"}],"predecessor-version":[{"id":334028,"href":"https:\/\/www.intoscana.it\/it\/wp-json\/wp\/v2\/posts\/334013\/revisions\/334028"}],"wp:featuredmedia":[{"embeddable":true,"href":"https:\/\/www.intoscana.it\/it\/wp-json\/wp\/v2\/media\/334015"}],"wp:attachment":[{"href":"https:\/\/www.intoscana.it\/it\/wp-json\/wp\/v2\/media?parent=334013"}],"wp:term":[{"taxonomy":"category","embeddable":true,"href":"https:\/\/www.intoscana.it\/it\/wp-json\/wp\/v2\/categories?post=334013"},{"taxonomy":"post_tag","embeddable":true,"href":"https:\/\/www.intoscana.it\/it\/wp-json\/wp\/v2\/tags?post=334013"}],"curies":[{"name":"wp","href":"https:\/\/api.w.org\/{rel}","templated":true}]}}