{"id":334362,"date":"2024-04-04T18:06:57","date_gmt":"2024-04-04T16:06:57","guid":{"rendered":"https:\/\/www.intoscana.it\/it\/?p=334362"},"modified":"2024-04-04T18:07:47","modified_gmt":"2024-04-04T16:07:47","slug":"misteri-e-casi-irrisolti-torna-il-festival-giallo-pistoia","status":"publish","type":"post","link":"https:\/\/www.intoscana.it\/it\/misteri-e-casi-irrisolti-torna-il-festival-giallo-pistoia\/","title":{"rendered":"&#8220;Misteri e casi irrisolti&#8221;, torna il Festival Giallo Pistoia"},"content":{"rendered":"<p>Il tema <em>&#8216;Misteri e casi irrisolti italiani&#8217;<\/em> sar\u00e0 al centro della <strong>XIV edizione<\/strong> del <a href=\"https:\/\/www.giallopistoia.it\/category\/festival-2024\/\" target=\"_blank\" rel=\"noopener\"><strong>Festival Giallo Pistoia<\/strong><\/a> che, sotto la direzione artistica di <strong>Giuseppe Previti<\/strong>, si terr\u00e0 <strong>a Pistoia dal 12 al 15 aprile<\/strong>. Quella di quest\u2019anno sar\u00e0 una edizione diffusa, con appuntamenti in vari luoghi della citt\u00e0, anche se il punto di riferimento della manifestazione resta la <strong>Biblioteca San Giorgio<\/strong>.<\/p>\n<p>Una <strong>trentina gli ospiti<\/strong> che animeranno le giornate del Festival e incontreranno il pubblico: tra i pi\u00f9 attesi <mark>Maurizio De Giovanni, Massimo Carlotto e il giornalista Sigfrido Ranucci della trasmissione Rai \u2018Report\u2019<\/mark>.<\/p>\n<p>Saranno inoltre a Pistoia il prefetto <strong>Vittorio Rizzi<\/strong>, vice direttore generale vicario della Pubblica Sicurezza, Alessandro Berselli, Alessandro Robecchi, Piergiorgio Pulixi,<strong> Bruno Morchio<\/strong>, la criminologa <strong>Anna Vagli<\/strong>, <strong>Pietro Orlandi<\/strong>.<\/p>\n<p>\u00c8 in oltre in corso la mostra \u2018<em>Matite in Giallo<\/em>\u2019, opere di disegnatori di fumetti e umoristi che, da tutta Italia, hanno aderito all\u2019invito di inviare opere declinate alla letteratura gialla. La mostra \u00e8 ospitata nell\u2019Atrio del <strong>Palazzo Comunale<\/strong>, in piazza Duomo, a Pistoia e sar\u00e0 aperta<strong> fino al 14 aprile<\/strong>.<\/p>\n<p>La manifestazione \u00e8 organizzata dall&#8217;Associazione <strong>Giallo Pistoia<\/strong>, in collaborazione con il <strong>Comune di Pistoia<\/strong>, con il patrocinio e contributo della <strong>Giunta regionale<\/strong> e del <strong>Consiglio regionale<\/strong>. La kermesse \u00e8 stata presentata nel Palazzo del Pegaso.<\/p>\n<h3>Mazzeo: Pistoia capitale italiana del giallo<\/h3>\n<p><em>\u201cPistoia per alcuni giorni sar\u00e0 la capitale italiana del giallo<\/em> &#8211; ha sottolineato il presidente del Consiglio regionale <strong>Antonio Mazzeo<\/strong>-.<em> L\u2019Associazione Giallo Pistoia svolge un ruolo davvero unico. C\u2019\u00e8 un programma di altissimo livello, ma anche la capacit\u00e0 di sapersi aprire alle scuole, perch\u00e9 investire nella lettura vuol dire investire in libert\u00e0\u201d<\/em>.<\/p>\n<h3>Fratoni: un modo per promuovere la lettura<\/h3>\n<p>\u201c<em>Questo \u00e8 un Festival che nasce da un lavoro prezioso<\/em> &#8211; spiega <strong>Federica Fratoni<\/strong> membro dell\u2019Ufficio di presidenza \u2013 <em>e dalla volont\u00e0 di un gruppo di appassionati del genere, gli Amici del giallo, che hanno creato un vero e proprio evento culturale che ora si colloca in Italia ai massimi livelli&#8221;. <\/em>Fratoni ha ricordato come l&#8217;obiettivo sia anche &#8220;<em>la promozione della lettura, con tanti progetti e questo \u00e8 uno dei pi\u00f9 interessanti. Arriver\u00e0 a Pistoia tanta gente per il Festival, ma per gli organizzatori \u00e8 un lavoro che continua tutto l\u2019anno\u201d.<\/em><\/p>\n<figure id=\"post-334444 media-334444\" class=\"align-none\"><img decoding=\"async\" src=\"https:\/\/www.intoscana.it\/wp-content\/uploads\/La-presentazione-del-Festival-Giallo-Pistoia.jpeg\" alt=\"\" \/><\/figure>\n<div class=\"titleimg\">La presentazione del Festival Giallo Pistoia<\/div>\n<h3>Menichelli: evento che cresce di anno in anno<\/h3>\n<p>A raccontare l\u2019impegno del Comune di Pistoia, l\u2019assessora alla Cultura <strong>Benedetta Menichelli<\/strong>: <em>\u201cLa nostra amministrazione crede che il Festival sia fondamentale per la citt\u00e0 e per la Regione per promuovere una letteratura che si sta affermando a livello nazionale e l\u2019obiettivo \u00e8 di farlo crescere sempre di pi\u00f9 anno dopo anno. La manifestazione si sta sviluppando anche fuori dalla Biblioteca San Giorgio aprendosi a tutta la citt\u00e0. Il ruolo dei volontari \u00e8 fondamentale. Ricorderemo questa edizione anche per il ricordo del fumettista Luca Boschi recentemente scomparso\u201d.<\/em><\/p>\n<h3>Previti: dal mostro di Firenze al caso Orlandi<\/h3>\n<p><strong>Giuseppe Previti<\/strong> \u00e8 il direttore artistico del <strong>Festival \u2018Giallo Pistoia<\/strong>\u2019: \u201c<em>Siamo uno dei Festival pi\u00f9 longevi e la continuit\u00e0 \u00e8 segno di seriet\u00e0. Quest\u2019anno abbiamo deciso di dedicare un ampio spazio ai Misteri e i casi irrisolti italiani. Del caso del mostro di Firenze ne parleremo con Roberto Taddeo, che ha scritto un\u2019antologia, e presenteremo una pubblicazione uscita in questi giorni di due autori fiorentini, Edoardo Orlandi ed Eugenio Nocciolini, che hanno ricostruito la storia dal punto di vista delle vittime. Per il caso di Emanuela Orlandi sar\u00e0 presente con una testimonianza personale il fratello Pietro\u201d.<\/em><\/p>\n","protected":false},"excerpt":{"rendered":"<p>La manifestazione in programma dal 12 al 15 aprile affronter\u00e0 il caso Orlandi e la storia del Mostro di Firenze. Tra gli ospiti Maurizio De Giovanni, Massimo Carlotto e Sigfrido Ranucci<\/p>\n","protected":false},"author":525,"featured_media":334442,"comment_status":"open","ping_status":"open","sticky":false,"template":"","format":"standard","meta":{"_acf_changed":false,"footnotes":""},"categories":[493],"tags":[228,215],"class_list":["post-334362","post","type-post","status-publish","format-standard","has-post-thumbnail","hentry","category-cultura","tag-festival","tag-pistoia"],"acf":[],"yoast_head":"<!-- This site is optimized with the Yoast SEO Premium plugin v24.2 (Yoast SEO v25.6) - https:\/\/yoast.com\/wordpress\/plugins\/seo\/ -->\n<title>&quot;Misteri e casi irrisolti&quot;, torna il Festival Giallo Pistoia - intoscana<\/title>\n<meta name=\"description\" content=\"La manifestazione in programma dal 12 al 15 aprile, tra gli ospiti Maurizio De Giovanni, Massimo Carlotto e Sigfrido Ranucci.\" \/>\n<meta name=\"robots\" content=\"index, follow, max-snippet:-1, max-image-preview:large, max-video-preview:-1\" \/>\n<link rel=\"canonical\" href=\"https:\/\/www.intoscana.it\/it\/misteri-e-casi-irrisolti-torna-il-festival-giallo-pistoia\/\" \/>\n<meta property=\"og:locale\" content=\"it_IT\" \/>\n<meta property=\"og:type\" content=\"article\" \/>\n<meta property=\"og:title\" content=\"&quot;Misteri e casi irrisolti&quot;, torna il Festival Giallo Pistoia\" \/>\n<meta property=\"og:description\" content=\"La manifestazione in programma dal 12 al 15 aprile, tra gli ospiti Maurizio De Giovanni, Massimo Carlotto e Sigfrido Ranucci.\" \/>\n<meta property=\"og:url\" content=\"https:\/\/www.intoscana.it\/it\/misteri-e-casi-irrisolti-torna-il-festival-giallo-pistoia\/\" \/>\n<meta property=\"og:site_name\" content=\"intoscana\" \/>\n<meta property=\"article:publisher\" content=\"https:\/\/www.facebook.com\/intoscana.it\" \/>\n<meta property=\"article:published_time\" content=\"2024-04-04T16:06:57+00:00\" \/>\n<meta property=\"article:modified_time\" content=\"2024-04-04T16:07:47+00:00\" \/>\n<meta property=\"og:image\" content=\"https:\/\/www.intoscana.it\/wp-content\/uploads\/Il-Festival-del-Giallo-a-Pistoia-Comune-di-Pistoia-scaled.jpeg\" \/>\n\t<meta property=\"og:image:width\" content=\"2048\" \/>\n\t<meta property=\"og:image:height\" content=\"1228\" \/>\n\t<meta property=\"og:image:type\" content=\"image\/jpeg\" \/>\n<meta name=\"author\" content=\"Redazione\" \/>\n<meta name=\"twitter:card\" content=\"summary_large_image\" \/>\n<meta name=\"twitter:creator\" content=\"@intoscana\" \/>\n<meta name=\"twitter:site\" content=\"@intoscana\" \/>\n<meta name=\"twitter:label1\" content=\"Written by\" \/>\n\t<meta name=\"twitter:data1\" content=\"Redazione\" \/>\n\t<meta name=\"twitter:label2\" content=\"Est. reading time\" \/>\n\t<meta name=\"twitter:data2\" content=\"4 minuti\" \/>\n<script type=\"application\/ld+json\" class=\"yoast-schema-graph\">{\"@context\":\"https:\/\/schema.org\",\"@graph\":[{\"@type\":\"WebPage\",\"@id\":\"https:\/\/www.intoscana.it\/it\/misteri-e-casi-irrisolti-torna-il-festival-giallo-pistoia\/\",\"url\":\"https:\/\/www.intoscana.it\/it\/misteri-e-casi-irrisolti-torna-il-festival-giallo-pistoia\/\",\"name\":\"\\\"Misteri e casi irrisolti\\\", torna il Festival Giallo Pistoia - intoscana\",\"isPartOf\":{\"@id\":\"https:\/\/www.intoscana.it\/it\/#website\"},\"primaryImageOfPage\":{\"@id\":\"https:\/\/www.intoscana.it\/it\/misteri-e-casi-irrisolti-torna-il-festival-giallo-pistoia\/#primaryimage\"},\"image\":{\"@id\":\"https:\/\/www.intoscana.it\/it\/misteri-e-casi-irrisolti-torna-il-festival-giallo-pistoia\/#primaryimage\"},\"thumbnailUrl\":\"https:\/\/www.intoscana.it\/wp-content\/uploads\/Il-Festival-del-Giallo-a-Pistoia-Comune-di-Pistoia-scaled.jpeg\",\"datePublished\":\"2024-04-04T16:06:57+00:00\",\"dateModified\":\"2024-04-04T16:07:47+00:00\",\"author\":{\"@id\":\"https:\/\/www.intoscana.it\/it\/#\/schema\/person\/9223810753230f20bd670fdd322661f8\"},\"description\":\"La manifestazione in programma dal 12 al 15 aprile, tra gli ospiti Maurizio De Giovanni, Massimo Carlotto e Sigfrido Ranucci.\",\"breadcrumb\":{\"@id\":\"https:\/\/www.intoscana.it\/it\/misteri-e-casi-irrisolti-torna-il-festival-giallo-pistoia\/#breadcrumb\"},\"inLanguage\":\"it-IT\",\"potentialAction\":[{\"@type\":\"ReadAction\",\"target\":[\"https:\/\/www.intoscana.it\/it\/misteri-e-casi-irrisolti-torna-il-festival-giallo-pistoia\/\"]}]},{\"@type\":\"ImageObject\",\"inLanguage\":\"it-IT\",\"@id\":\"https:\/\/www.intoscana.it\/it\/misteri-e-casi-irrisolti-torna-il-festival-giallo-pistoia\/#primaryimage\",\"url\":\"https:\/\/www.intoscana.it\/wp-content\/uploads\/Il-Festival-del-Giallo-a-Pistoia-Comune-di-Pistoia-scaled.jpeg\",\"contentUrl\":\"https:\/\/www.intoscana.it\/wp-content\/uploads\/Il-Festival-del-Giallo-a-Pistoia-Comune-di-Pistoia-scaled.jpeg\",\"width\":2048,\"height\":1228},{\"@type\":\"BreadcrumbList\",\"@id\":\"https:\/\/www.intoscana.it\/it\/misteri-e-casi-irrisolti-torna-il-festival-giallo-pistoia\/#breadcrumb\",\"itemListElement\":[{\"@type\":\"ListItem\",\"position\":1,\"name\":\"Home\",\"item\":\"https:\/\/www.intoscana.it\/it\/\"},{\"@type\":\"ListItem\",\"position\":2,\"name\":\"&#8220;Misteri e casi irrisolti&#8221;, torna il Festival Giallo Pistoia\"}]},{\"@type\":\"WebSite\",\"@id\":\"https:\/\/www.intoscana.it\/it\/#website\",\"url\":\"https:\/\/www.intoscana.it\/it\/\",\"name\":\"intoscana\",\"description\":\"\",\"potentialAction\":[{\"@type\":\"SearchAction\",\"target\":{\"@type\":\"EntryPoint\",\"urlTemplate\":\"https:\/\/www.intoscana.it\/it\/?s={search_term_string}\"},\"query-input\":{\"@type\":\"PropertyValueSpecification\",\"valueRequired\":true,\"valueName\":\"search_term_string\"}}],\"inLanguage\":\"it-IT\"},{\"@type\":\"Person\",\"@id\":\"https:\/\/www.intoscana.it\/it\/#\/schema\/person\/9223810753230f20bd670fdd322661f8\",\"name\":\"Redazione\",\"url\":\"https:\/\/www.intoscana.it\/it\/author\/redazione\/\"}]}<\/script>\n<!-- \/ Yoast SEO Premium plugin. -->","yoast_head_json":{"title":"\"Misteri e casi irrisolti\", torna il Festival Giallo Pistoia - intoscana","description":"La manifestazione in programma dal 12 al 15 aprile, tra gli ospiti Maurizio De Giovanni, Massimo Carlotto e Sigfrido Ranucci.","robots":{"index":"index","follow":"follow","max-snippet":"max-snippet:-1","max-image-preview":"max-image-preview:large","max-video-preview":"max-video-preview:-1"},"canonical":"https:\/\/www.intoscana.it\/it\/misteri-e-casi-irrisolti-torna-il-festival-giallo-pistoia\/","og_locale":"it_IT","og_type":"article","og_title":"\"Misteri e casi irrisolti\", torna il Festival Giallo Pistoia","og_description":"La manifestazione in programma dal 12 al 15 aprile, tra gli ospiti Maurizio De Giovanni, Massimo Carlotto e Sigfrido Ranucci.","og_url":"https:\/\/www.intoscana.it\/it\/misteri-e-casi-irrisolti-torna-il-festival-giallo-pistoia\/","og_site_name":"intoscana","article_publisher":"https:\/\/www.facebook.com\/intoscana.it","article_published_time":"2024-04-04T16:06:57+00:00","article_modified_time":"2024-04-04T16:07:47+00:00","og_image":[{"width":2048,"height":1228,"url":"https:\/\/www.intoscana.it\/wp-content\/uploads\/Il-Festival-del-Giallo-a-Pistoia-Comune-di-Pistoia-scaled.jpeg","type":"image\/jpeg"}],"author":"Redazione","twitter_card":"summary_large_image","twitter_creator":"@intoscana","twitter_site":"@intoscana","twitter_misc":{"Written by":"Redazione","Est. reading time":"4 minuti"},"schema":{"@context":"https:\/\/schema.org","@graph":[{"@type":"WebPage","@id":"https:\/\/www.intoscana.it\/it\/misteri-e-casi-irrisolti-torna-il-festival-giallo-pistoia\/","url":"https:\/\/www.intoscana.it\/it\/misteri-e-casi-irrisolti-torna-il-festival-giallo-pistoia\/","name":"\"Misteri e casi irrisolti\", torna il Festival Giallo Pistoia - intoscana","isPartOf":{"@id":"https:\/\/www.intoscana.it\/it\/#website"},"primaryImageOfPage":{"@id":"https:\/\/www.intoscana.it\/it\/misteri-e-casi-irrisolti-torna-il-festival-giallo-pistoia\/#primaryimage"},"image":{"@id":"https:\/\/www.intoscana.it\/it\/misteri-e-casi-irrisolti-torna-il-festival-giallo-pistoia\/#primaryimage"},"thumbnailUrl":"https:\/\/www.intoscana.it\/wp-content\/uploads\/Il-Festival-del-Giallo-a-Pistoia-Comune-di-Pistoia-scaled.jpeg","datePublished":"2024-04-04T16:06:57+00:00","dateModified":"2024-04-04T16:07:47+00:00","author":{"@id":"https:\/\/www.intoscana.it\/it\/#\/schema\/person\/9223810753230f20bd670fdd322661f8"},"description":"La manifestazione in programma dal 12 al 15 aprile, tra gli ospiti Maurizio De Giovanni, Massimo Carlotto e Sigfrido Ranucci.","breadcrumb":{"@id":"https:\/\/www.intoscana.it\/it\/misteri-e-casi-irrisolti-torna-il-festival-giallo-pistoia\/#breadcrumb"},"inLanguage":"it-IT","potentialAction":[{"@type":"ReadAction","target":["https:\/\/www.intoscana.it\/it\/misteri-e-casi-irrisolti-torna-il-festival-giallo-pistoia\/"]}]},{"@type":"ImageObject","inLanguage":"it-IT","@id":"https:\/\/www.intoscana.it\/it\/misteri-e-casi-irrisolti-torna-il-festival-giallo-pistoia\/#primaryimage","url":"https:\/\/www.intoscana.it\/wp-content\/uploads\/Il-Festival-del-Giallo-a-Pistoia-Comune-di-Pistoia-scaled.jpeg","contentUrl":"https:\/\/www.intoscana.it\/wp-content\/uploads\/Il-Festival-del-Giallo-a-Pistoia-Comune-di-Pistoia-scaled.jpeg","width":2048,"height":1228},{"@type":"BreadcrumbList","@id":"https:\/\/www.intoscana.it\/it\/misteri-e-casi-irrisolti-torna-il-festival-giallo-pistoia\/#breadcrumb","itemListElement":[{"@type":"ListItem","position":1,"name":"Home","item":"https:\/\/www.intoscana.it\/it\/"},{"@type":"ListItem","position":2,"name":"&#8220;Misteri e casi irrisolti&#8221;, torna il Festival Giallo Pistoia"}]},{"@type":"WebSite","@id":"https:\/\/www.intoscana.it\/it\/#website","url":"https:\/\/www.intoscana.it\/it\/","name":"intoscana","description":"","potentialAction":[{"@type":"SearchAction","target":{"@type":"EntryPoint","urlTemplate":"https:\/\/www.intoscana.it\/it\/?s={search_term_string}"},"query-input":{"@type":"PropertyValueSpecification","valueRequired":true,"valueName":"search_term_string"}}],"inLanguage":"it-IT"},{"@type":"Person","@id":"https:\/\/www.intoscana.it\/it\/#\/schema\/person\/9223810753230f20bd670fdd322661f8","name":"Redazione","url":"https:\/\/www.intoscana.it\/it\/author\/redazione\/"}]}},"_links":{"self":[{"href":"https:\/\/www.intoscana.it\/it\/wp-json\/wp\/v2\/posts\/334362","targetHints":{"allow":["GET"]}}],"collection":[{"href":"https:\/\/www.intoscana.it\/it\/wp-json\/wp\/v2\/posts"}],"about":[{"href":"https:\/\/www.intoscana.it\/it\/wp-json\/wp\/v2\/types\/post"}],"author":[{"embeddable":true,"href":"https:\/\/www.intoscana.it\/it\/wp-json\/wp\/v2\/users\/525"}],"replies":[{"embeddable":true,"href":"https:\/\/www.intoscana.it\/it\/wp-json\/wp\/v2\/comments?post=334362"}],"version-history":[{"count":9,"href":"https:\/\/www.intoscana.it\/it\/wp-json\/wp\/v2\/posts\/334362\/revisions"}],"predecessor-version":[{"id":334446,"href":"https:\/\/www.intoscana.it\/it\/wp-json\/wp\/v2\/posts\/334362\/revisions\/334446"}],"wp:featuredmedia":[{"embeddable":true,"href":"https:\/\/www.intoscana.it\/it\/wp-json\/wp\/v2\/media\/334442"}],"wp:attachment":[{"href":"https:\/\/www.intoscana.it\/it\/wp-json\/wp\/v2\/media?parent=334362"}],"wp:term":[{"taxonomy":"category","embeddable":true,"href":"https:\/\/www.intoscana.it\/it\/wp-json\/wp\/v2\/categories?post=334362"},{"taxonomy":"post_tag","embeddable":true,"href":"https:\/\/www.intoscana.it\/it\/wp-json\/wp\/v2\/tags?post=334362"}],"curies":[{"name":"wp","href":"https:\/\/api.w.org\/{rel}","templated":true}]}}