{"id":334534,"date":"2024-04-05T14:11:07","date_gmt":"2024-04-05T12:11:07","guid":{"rendered":"https:\/\/www.intoscana.it\/it\/?p=334534"},"modified":"2024-04-05T14:35:17","modified_gmt":"2024-04-05T12:35:17","slug":"prato-film-festival-programma","status":"publish","type":"post","link":"https:\/\/www.intoscana.it\/it\/prato-film-festival-programma\/","title":{"rendered":"Il grande cinema arriva a Prato: dal 9 al 13 aprile cinque giorni di ospiti, proiezioni e incontri"},"content":{"rendered":"<p>Al via la dodicesima edizione di <strong>Prato Film Festival<\/strong>, rassegna \u00a0cinematografica internazionale ideata e diretta da Romeo Conte con il vicedirettore Jacopo Bucciantini (presidente dell\u2019Associazione \u201cL\u2019ulcera del signor Wilson\u201d). Per cinque giorni, dal <strong>9 al 13 aprile<\/strong>, la citt\u00e0 del tessile si trasformer\u00e0 nella capitale del grande cinema con un <mark>programma ricco di guest star, proiezioni, masterclass, incontri con il pubblico e iniziative per gli studenti <\/mark>.<\/p>\n<p>Prato Film Festival si svolger\u00e0 in pi\u00f9 location: il Liceo Scientifico Statale &#8220;N. Copernico&#8221;, il Teatro Francesco Nuti di Manifatture Digitali Cinema, il Convitto Nazionale \u201cCicognini\u201d e lo spazio Garibaldi\/Milleventi di Prato.<\/p>\n<h3>Gli ospiti del festival<\/h3>\n<p>Tanti gli ospiti attesi al festival: l\u2019attore e regista <strong>Alessandro Benvenuti,<\/strong> il regista <strong>Neri Parenti,<\/strong> il vignettista <strong>Vauro Senesi,<\/strong> lo sceneggiatore e regista <strong>Ugo Chiti,<\/strong> gli attori <strong>Barbara Enrichi,<\/strong> <strong>Luc Merenda,<\/strong> <strong>Massimo Paganelli,<\/strong> <strong>Giulio Beranek, Nando Paone, Alessio Sardelli, Ira Fronten<\/strong> e <strong>Bruno Santini,<\/strong> i protagonisti della serie televisiva <strong>Mare Fuori<\/strong> Serena Codato, Agostino Chiummarello e Antonio De Matteo, il regista <strong>Lorenzo Borghini<\/strong> e altri ancora; padrino di questa edizione del Prato Film Festival l\u2019attore <strong>Giorgio Colangeli,<\/strong> tra i protagonisti del recente lungometraggio <strong>C\u2019\u00e8 ancora domani,<\/strong> diretto da <strong>Paola Cortellesi,<\/strong> campione d\u2019incassi 2023 al box office italiano.<\/p>\n<p>Nel corso delle cinque giornate del festival, il\u00a0Teatro\u00a0D&#8217;Annunzio del Convitto Nazionale\u00a0\u201cCicognini\u201d, la biblioteca del Liceo Scientifico Statale &#8220;N. Copernico&#8221; e il Garibaldi\/Milleventi ospiteranno (nella mattinata e nel pomeriggio) le proiezioni dei cortometraggi in gara nella Selezione Ufficiale per le sezioni Diritti Umani, Young World, Mondo Corto, Corti Italia Dramma, Commedia e Ambiente.<\/p>\n<p>In serata &#8211; con la conduzione dei giornalisti e critici cinematografici Giovanni Bogani e Federico Berti &#8211; saranno lo spazio Garibaldi\/Milleventi, Manifatture Digitali e il Convitto Nazionale\u00a0\u201cCicognini\u201d ad ospitare gli eventi in programma, che prevedono premiazioni, proiezioni di lungometraggi e incontri con le guest star. Tutte le proiezioni e le serate sono ad accesso gratuito.<\/p>\n<h3>I temi della kermesse<\/h3>\n<p>\u201cIl Prato Film Festival torna con un programma davvero ricco e variegato, che coinvolge tutta la citt\u00e0\u201d &#8211; ha commentato <strong>Romeo Conte,<\/strong> direttore della manifestazione cinematografica. \u201cL\u2019edizione di quest\u2019anno viaggia su pi\u00f9 temi: la commedia, uno dei generi pi\u00f9 nobili e importanti del nostro cinema, ma anche argomenti di attualit\u00e0 come la sicurezza stradale e la tutela dell\u2019ambiente. Messaggi che lanciamo a tutti, ma soprattutto ai pi\u00f9 giovani, che sono il nostro futuro: per questo sono particolarmente orgoglioso della collaborazione con le scuole e del coinvolgimento di tanti studenti\u201d<\/p>\n<h3>Il programma nel dettaglio<\/h3>\n<p>Il festival parte ufficialmente marted\u00ec <strong>9 aprile<\/strong>: in mattinata (dalle 10 alle 12) i cortometraggi della sezione Diritti Umani saranno proiettati al Teatro Gabriele D\u2019Annunzio del Convitto Nazionale \u201cCicognini\u201d, mentre quelli della sezione Young World saranno visibili presso la biblioteca del Liceo Scientifico Statale &#8220;N. Copernico&#8221; dalle 15 alle 17.<\/p>\n<p>Gli eventi proseguono con il tributo alla guest star del giorno, il regista e attore <strong>Alessandro Benvenuti<\/strong>, che parte con la proiezione del suo lungometraggio Zitti e mosca (alle ore 17 a Manifatture Digitali Cinema) e prosegue poi al Garibaldi\/Milleventi (a partire dalle 20.30) con <strong>Benvenuti in casa Gori,<\/strong> un film diventato un classico della commedia italiana. La serata, condotta dal giornalista e critico cinematografico Federico Berti, prevede la presenza, oltre al regista<strong> Alessandro Benvenuti,<\/strong> dello sceneggiatore Ugo Chiti e dell\u2019interprete del lungometraggio Barbara Enrichi; completa il parterre degli ospiti l\u2019attore Giorgio Colangeli.<\/p>\n<p>La giornata del<strong> 10 aprile<\/strong> vedr\u00e0 sul palco del Teatro Gabriele D\u2019Annunzio (alle ore 17) tre protagonisti della serie televisiva Mare Fuori: <strong>Serena Codato, Agostino Chiummariello e Antonio De Matteo<\/strong>, che ricever\u00e0 il premio del Prato Film Festival per la sua interpretazione nel film Piano piano di Nicola Prosatore. L\u2019evento, condotto da Jacopo Bucciantini, segue le proiezioni della mattina e del pomeriggio (dalle 9.30 alle 12 presso il Liceo Scientifico &#8220;N. Copernico&#8221; con i corti della sezione Mondo Corto e dalle 15 alle 17 con quelli della sezione Corti Italia Dramma presso il Convitto Nazionale \u201cCicognini\u201d).<\/p>\n<p>Dalle 20.30 a Manifatture Digitali Cinema in programma la proiezione del lungometraggio Doppio Passo; ospiti della serata, moderata dal critico cinematografico e giornalista <strong>Giovanni Bogani,<\/strong> il regista del film Lorenzo Borghini e gli interpreti <strong>Giulio Beranek, Bruno Santini e Alessio Sardelli.<\/strong><\/p>\n<p>Ricca di sorprese la terza giornata del festival, quella dell\u2019<strong>11 aprile,<\/strong> che si apre &#8211; alle ore 10, al Teatro Gabriele D\u2019Annunzio &#8211; nel segno della sicurezza stradale, con una Masterclass a cura dell\u2019Automobile Club Prato; nel corso dell\u2019evento saranno assegnati i riconoscimenti del XIII premio letterario Giacomo Massoli, \u201cI quaderni di Giacomo\u201d, dedicato alla sicurezza stradale e promosso in memoria del giovane Giacomo Massoli.<\/p>\n<p>La giornata prosegue con altri tre eventi: l\u2019incontro con il vignettista <strong>Vauro Senesi (<\/strong>alle ore 16.30 a Manifatture Digitali Cinema), un test drive promosso da BiAuto Lexus Firenze (a partire dalle ore 16 di fronte al Convitto Nazionale \u201cCicognini\u201d), e una serata di degustazione su invito con lezioni di cioccolato e altra pasticceria a cura del maestro pasticcere campione del mondo Luca Mannori, eccellenza pratese (alle 19 presso il \u201cCicognini\u201d).<\/p>\n<p>La serata termina con la proiezione del classico lungometraggio del 1971 <strong>Le 24 Ore di Le Mans,<\/strong> diretto da Lee H. Katzin e interpretato da Steve Mc Queen, con una serata condotta da <strong>Giovanni Bogani<\/strong> che vedr\u00e0 salire sul palco Luc Merenda, interprete del film, per ricevere il premio Lexus e Aci.<\/p>\n<p>L\u2019attore francese, interprete di numerose pellicole poliziesche degli anni Settanta rimaste nell\u2019immaginario collettivo, sar\u00e0 protagonista anche della quarta serata del Prato Film Festival, quella del <strong>12 aprile, <\/strong>sul palco del Garibaldi\/Milleventi (a partire dalle ore 20.30), dove ricever\u00e0 il <strong>premio del Prato Film Festival<\/strong> prima della proiezione del lungometraggio Milano trema: la polizia vuole giustizia, diretto Sergio Martino, di cui \u00e8 l\u2019interprete principale.<\/p>\n<p>La giornata si apre invece con le proiezioni della mattina, dalle 10 alle 12 presso il Liceo Scientifico Statale &#8220;N. Copernico&#8221; con i corti della sezione Commedia.<\/p>\n<p>Evento principale del pomeriggio, presso <strong>Manifatture Digitali Cinema<\/strong> (dalle ore 17), l\u2019evento <strong>\u201cCrafts on Stage\u201d<\/strong> a cura di\u00a0CNA Cinema e Audiovisivo Toscana Centro; tra gli ospiti Alessandro Benvenuti, Bruno Santini, l\u2019attore Massimo Paganelli e Andrea Caciagli, regista del film Via Don Minzoni n.6. A fine incontro sar\u00e0 possibile provare un test drive Lexus.<\/p>\n<p>Protagonista dell\u2019ultima serata, quella di sabato <strong>13 aprile,<\/strong> il regista <strong>Neri Parenti,<\/strong> re della nuova commedia all\u2019italiana, che ha attraversato con i suoi film quarant\u2019anni di storia del cinema italiano; l\u2019evento si svolge a partire dalle ore 20:30 presso il Garibaldi\/Milleventi, che nella mattinata dello stesso giorno (dalle 10 alle 12) ospita la proiezione dei cortometraggi della sezione Documentari ambiente, e nel pomeriggio, a partire dalle ore 14.45, quella del lungometraggio Il sale della terra, diretto da Juliano Ribeiro Salgado e\u00a0Wim Wenders. Dalle 17 a Manifatture Digitali Cinema prevista la proiezione del film Ad ovest di Paperino, diretto da Alessandro Benvenuti.<\/p>\n<p>Chiudono il festival le premiazioni dei cortometraggi in gara delle sezioni Ambiente e Commedia.<\/p>\n","protected":false},"excerpt":{"rendered":"<p>Tutto pronto per Prato Film Festival, rassegna \u00a0cinematografica internazionale ideata e diretta da Romeo Conte con il vicedirettore Jacopo Bucciantini.Tanti i nomi di punta di questa edizione a partire dal padrino: l\u2019attore Giorgio Colangeli, tra i protagonisti di C\u2019\u00e8 ancora domani della Cortellesi<\/p>\n","protected":false},"author":503,"featured_media":334613,"comment_status":"open","ping_status":"open","sticky":false,"template":"","format":"standard","meta":{"_acf_changed":false,"footnotes":""},"categories":[493],"tags":[188,148,259],"class_list":["post-334534","post","type-post","status-publish","format-standard","has-post-thumbnail","hentry","category-cultura","tag-cinema","tag-cultura","tag-prato"],"acf":[],"yoast_head":"<!-- This site is optimized with the Yoast SEO Premium plugin v24.2 (Yoast SEO v25.6) - https:\/\/yoast.com\/wordpress\/plugins\/seo\/ -->\n<title>Il grande cinema arriva a Prato: dal 9 al 13 aprile cinque giorni di ospiti, proiezioni e incontri - intoscana<\/title>\n<meta name=\"description\" content=\"Tutto pronto per Prato Film Festival, rassegna \u00a0cinematografica internazionale.Tanti i nomi di punta di questa edizione: scopri il programma\" \/>\n<meta name=\"robots\" content=\"index, follow, max-snippet:-1, max-image-preview:large, max-video-preview:-1\" \/>\n<link rel=\"canonical\" href=\"https:\/\/www.intoscana.it\/it\/prato-film-festival-programma\/\" \/>\n<meta property=\"og:locale\" content=\"it_IT\" \/>\n<meta property=\"og:type\" content=\"article\" \/>\n<meta property=\"og:title\" content=\"Il grande cinema arriva a Prato: dal 9 al 13 aprile cinque giorni di ospiti, proiezioni e incontri\" \/>\n<meta property=\"og:description\" content=\"Tutto pronto per Prato Film Festival, rassegna \u00a0cinematografica internazionale.Tanti i nomi di punta di questa edizione: scopri il programma\" \/>\n<meta property=\"og:url\" content=\"https:\/\/www.intoscana.it\/it\/prato-film-festival-programma\/\" \/>\n<meta property=\"og:site_name\" content=\"intoscana\" \/>\n<meta property=\"article:publisher\" content=\"https:\/\/www.facebook.com\/intoscana.it\" \/>\n<meta property=\"article:published_time\" content=\"2024-04-05T12:11:07+00:00\" \/>\n<meta property=\"article:modified_time\" content=\"2024-04-05T12:35:17+00:00\" \/>\n<meta property=\"og:image\" content=\"https:\/\/www.intoscana.it\/wp-content\/uploads\/Prato-film-Festival-scaled.jpeg\" \/>\n\t<meta property=\"og:image:width\" content=\"2048\" \/>\n\t<meta property=\"og:image:height\" content=\"1536\" \/>\n\t<meta property=\"og:image:type\" content=\"image\/jpeg\" \/>\n<meta name=\"author\" content=\"Giulia Rafanelli\" \/>\n<meta name=\"twitter:card\" content=\"summary_large_image\" \/>\n<meta name=\"twitter:creator\" content=\"@intoscana\" \/>\n<meta name=\"twitter:site\" content=\"@intoscana\" \/>\n<meta name=\"twitter:label1\" content=\"Written by\" \/>\n\t<meta name=\"twitter:data1\" content=\"Giulia Rafanelli\" \/>\n\t<meta name=\"twitter:label2\" content=\"Est. reading time\" \/>\n\t<meta name=\"twitter:data2\" content=\"7 minuti\" \/>\n<script type=\"application\/ld+json\" class=\"yoast-schema-graph\">{\"@context\":\"https:\/\/schema.org\",\"@graph\":[{\"@type\":\"WebPage\",\"@id\":\"https:\/\/www.intoscana.it\/it\/prato-film-festival-programma\/\",\"url\":\"https:\/\/www.intoscana.it\/it\/prato-film-festival-programma\/\",\"name\":\"Il grande cinema arriva a Prato: dal 9 al 13 aprile cinque giorni di ospiti, proiezioni e incontri - intoscana\",\"isPartOf\":{\"@id\":\"https:\/\/www.intoscana.it\/it\/#website\"},\"primaryImageOfPage\":{\"@id\":\"https:\/\/www.intoscana.it\/it\/prato-film-festival-programma\/#primaryimage\"},\"image\":{\"@id\":\"https:\/\/www.intoscana.it\/it\/prato-film-festival-programma\/#primaryimage\"},\"thumbnailUrl\":\"https:\/\/www.intoscana.it\/wp-content\/uploads\/Prato-film-Festival-scaled.jpeg\",\"datePublished\":\"2024-04-05T12:11:07+00:00\",\"dateModified\":\"2024-04-05T12:35:17+00:00\",\"author\":{\"@id\":\"https:\/\/www.intoscana.it\/it\/#\/schema\/person\/333569b367b301e30262defcea56c939\"},\"description\":\"Tutto pronto per Prato Film Festival, rassegna \u00a0cinematografica internazionale.Tanti i nomi di punta di questa edizione: scopri il programma\",\"breadcrumb\":{\"@id\":\"https:\/\/www.intoscana.it\/it\/prato-film-festival-programma\/#breadcrumb\"},\"inLanguage\":\"it-IT\",\"potentialAction\":[{\"@type\":\"ReadAction\",\"target\":[\"https:\/\/www.intoscana.it\/it\/prato-film-festival-programma\/\"]}]},{\"@type\":\"ImageObject\",\"inLanguage\":\"it-IT\",\"@id\":\"https:\/\/www.intoscana.it\/it\/prato-film-festival-programma\/#primaryimage\",\"url\":\"https:\/\/www.intoscana.it\/wp-content\/uploads\/Prato-film-Festival-scaled.jpeg\",\"contentUrl\":\"https:\/\/www.intoscana.it\/wp-content\/uploads\/Prato-film-Festival-scaled.jpeg\",\"width\":2048,\"height\":1536,\"caption\":\"Presentazione Prato film Festival\"},{\"@type\":\"BreadcrumbList\",\"@id\":\"https:\/\/www.intoscana.it\/it\/prato-film-festival-programma\/#breadcrumb\",\"itemListElement\":[{\"@type\":\"ListItem\",\"position\":1,\"name\":\"Home\",\"item\":\"https:\/\/www.intoscana.it\/it\/\"},{\"@type\":\"ListItem\",\"position\":2,\"name\":\"Il grande cinema arriva a Prato: dal 9 al 13 aprile cinque giorni di ospiti, proiezioni e incontri\"}]},{\"@type\":\"WebSite\",\"@id\":\"https:\/\/www.intoscana.it\/it\/#website\",\"url\":\"https:\/\/www.intoscana.it\/it\/\",\"name\":\"intoscana\",\"description\":\"\",\"potentialAction\":[{\"@type\":\"SearchAction\",\"target\":{\"@type\":\"EntryPoint\",\"urlTemplate\":\"https:\/\/www.intoscana.it\/it\/?s={search_term_string}\"},\"query-input\":{\"@type\":\"PropertyValueSpecification\",\"valueRequired\":true,\"valueName\":\"search_term_string\"}}],\"inLanguage\":\"it-IT\"},{\"@type\":\"Person\",\"@id\":\"https:\/\/www.intoscana.it\/it\/#\/schema\/person\/333569b367b301e30262defcea56c939\",\"name\":\"Giulia Rafanelli\",\"url\":\"https:\/\/www.intoscana.it\/it\/author\/giulia-rafanelli\/\"}]}<\/script>\n<!-- \/ Yoast SEO Premium plugin. -->","yoast_head_json":{"title":"Il grande cinema arriva a Prato: dal 9 al 13 aprile cinque giorni di ospiti, proiezioni e incontri - intoscana","description":"Tutto pronto per Prato Film Festival, rassegna \u00a0cinematografica internazionale.Tanti i nomi di punta di questa edizione: scopri il programma","robots":{"index":"index","follow":"follow","max-snippet":"max-snippet:-1","max-image-preview":"max-image-preview:large","max-video-preview":"max-video-preview:-1"},"canonical":"https:\/\/www.intoscana.it\/it\/prato-film-festival-programma\/","og_locale":"it_IT","og_type":"article","og_title":"Il grande cinema arriva a Prato: dal 9 al 13 aprile cinque giorni di ospiti, proiezioni e incontri","og_description":"Tutto pronto per Prato Film Festival, rassegna \u00a0cinematografica internazionale.Tanti i nomi di punta di questa edizione: scopri il programma","og_url":"https:\/\/www.intoscana.it\/it\/prato-film-festival-programma\/","og_site_name":"intoscana","article_publisher":"https:\/\/www.facebook.com\/intoscana.it","article_published_time":"2024-04-05T12:11:07+00:00","article_modified_time":"2024-04-05T12:35:17+00:00","og_image":[{"width":2048,"height":1536,"url":"https:\/\/www.intoscana.it\/wp-content\/uploads\/Prato-film-Festival-scaled.jpeg","type":"image\/jpeg"}],"author":"Giulia Rafanelli","twitter_card":"summary_large_image","twitter_creator":"@intoscana","twitter_site":"@intoscana","twitter_misc":{"Written by":"Giulia Rafanelli","Est. reading time":"7 minuti"},"schema":{"@context":"https:\/\/schema.org","@graph":[{"@type":"WebPage","@id":"https:\/\/www.intoscana.it\/it\/prato-film-festival-programma\/","url":"https:\/\/www.intoscana.it\/it\/prato-film-festival-programma\/","name":"Il grande cinema arriva a Prato: dal 9 al 13 aprile cinque giorni di ospiti, proiezioni e incontri - intoscana","isPartOf":{"@id":"https:\/\/www.intoscana.it\/it\/#website"},"primaryImageOfPage":{"@id":"https:\/\/www.intoscana.it\/it\/prato-film-festival-programma\/#primaryimage"},"image":{"@id":"https:\/\/www.intoscana.it\/it\/prato-film-festival-programma\/#primaryimage"},"thumbnailUrl":"https:\/\/www.intoscana.it\/wp-content\/uploads\/Prato-film-Festival-scaled.jpeg","datePublished":"2024-04-05T12:11:07+00:00","dateModified":"2024-04-05T12:35:17+00:00","author":{"@id":"https:\/\/www.intoscana.it\/it\/#\/schema\/person\/333569b367b301e30262defcea56c939"},"description":"Tutto pronto per Prato Film Festival, rassegna \u00a0cinematografica internazionale.Tanti i nomi di punta di questa edizione: scopri il programma","breadcrumb":{"@id":"https:\/\/www.intoscana.it\/it\/prato-film-festival-programma\/#breadcrumb"},"inLanguage":"it-IT","potentialAction":[{"@type":"ReadAction","target":["https:\/\/www.intoscana.it\/it\/prato-film-festival-programma\/"]}]},{"@type":"ImageObject","inLanguage":"it-IT","@id":"https:\/\/www.intoscana.it\/it\/prato-film-festival-programma\/#primaryimage","url":"https:\/\/www.intoscana.it\/wp-content\/uploads\/Prato-film-Festival-scaled.jpeg","contentUrl":"https:\/\/www.intoscana.it\/wp-content\/uploads\/Prato-film-Festival-scaled.jpeg","width":2048,"height":1536,"caption":"Presentazione Prato film Festival"},{"@type":"BreadcrumbList","@id":"https:\/\/www.intoscana.it\/it\/prato-film-festival-programma\/#breadcrumb","itemListElement":[{"@type":"ListItem","position":1,"name":"Home","item":"https:\/\/www.intoscana.it\/it\/"},{"@type":"ListItem","position":2,"name":"Il grande cinema arriva a Prato: dal 9 al 13 aprile cinque giorni di ospiti, proiezioni e incontri"}]},{"@type":"WebSite","@id":"https:\/\/www.intoscana.it\/it\/#website","url":"https:\/\/www.intoscana.it\/it\/","name":"intoscana","description":"","potentialAction":[{"@type":"SearchAction","target":{"@type":"EntryPoint","urlTemplate":"https:\/\/www.intoscana.it\/it\/?s={search_term_string}"},"query-input":{"@type":"PropertyValueSpecification","valueRequired":true,"valueName":"search_term_string"}}],"inLanguage":"it-IT"},{"@type":"Person","@id":"https:\/\/www.intoscana.it\/it\/#\/schema\/person\/333569b367b301e30262defcea56c939","name":"Giulia Rafanelli","url":"https:\/\/www.intoscana.it\/it\/author\/giulia-rafanelli\/"}]}},"_links":{"self":[{"href":"https:\/\/www.intoscana.it\/it\/wp-json\/wp\/v2\/posts\/334534","targetHints":{"allow":["GET"]}}],"collection":[{"href":"https:\/\/www.intoscana.it\/it\/wp-json\/wp\/v2\/posts"}],"about":[{"href":"https:\/\/www.intoscana.it\/it\/wp-json\/wp\/v2\/types\/post"}],"author":[{"embeddable":true,"href":"https:\/\/www.intoscana.it\/it\/wp-json\/wp\/v2\/users\/503"}],"replies":[{"embeddable":true,"href":"https:\/\/www.intoscana.it\/it\/wp-json\/wp\/v2\/comments?post=334534"}],"version-history":[{"count":2,"href":"https:\/\/www.intoscana.it\/it\/wp-json\/wp\/v2\/posts\/334534\/revisions"}],"predecessor-version":[{"id":334606,"href":"https:\/\/www.intoscana.it\/it\/wp-json\/wp\/v2\/posts\/334534\/revisions\/334606"}],"wp:featuredmedia":[{"embeddable":true,"href":"https:\/\/www.intoscana.it\/it\/wp-json\/wp\/v2\/media\/334613"}],"wp:attachment":[{"href":"https:\/\/www.intoscana.it\/it\/wp-json\/wp\/v2\/media?parent=334534"}],"wp:term":[{"taxonomy":"category","embeddable":true,"href":"https:\/\/www.intoscana.it\/it\/wp-json\/wp\/v2\/categories?post=334534"},{"taxonomy":"post_tag","embeddable":true,"href":"https:\/\/www.intoscana.it\/it\/wp-json\/wp\/v2\/tags?post=334534"}],"curies":[{"name":"wp","href":"https:\/\/api.w.org\/{rel}","templated":true}]}}