{"id":334644,"date":"2024-04-05T17:49:19","date_gmt":"2024-04-05T15:49:19","guid":{"rendered":"https:\/\/www.intoscana.it\/it\/?p=334644"},"modified":"2024-04-07T11:34:04","modified_gmt":"2024-04-07T09:34:04","slug":"sanita-centrale-operativa-per-amiata-senese-e-val-dorcia-valdichiana-senese","status":"publish","type":"post","link":"https:\/\/www.intoscana.it\/it\/sanita-centrale-operativa-per-amiata-senese-e-val-dorcia-valdichiana-senese\/","title":{"rendered":"Sanit\u00e0, centrale operativa per Amiata Senese e Val d\u2019Orcia Valdichiana Senese"},"content":{"rendered":"<p>La <mark>Centrale Operativa Territoriale (COT) della Zona Amiata Senese, Val d\u2019Orcia e Val di Chiana Senese<\/mark> \u00e8 la nuova <strong>struttura organizzativa<\/strong> per coordinare i <strong>servizi del territorio<\/strong>. Inaugurata all\u2019<strong>ospedale di Nottola<\/strong> punta ad assicurare una stretta sinergia fra <strong>rete di emergenza-urgenza<\/strong>, l\u2019ospedale e i servizi territoriali e domiciliari. La presa in carico della persona viene cos\u00ec gestita tra i servizi e i professionisti sanitari coinvolti nei diversi percorsi assistenziali.<\/p>\n<p>La <strong>COT di Nottola<\/strong> si compone di una <strong>centrale operativa<\/strong> con cinque postazioni di lavoro. La cifra dell\u2019investimento da <strong>fondi PNRR<\/strong> \u00e8 di <strong>oltre 80 mila euro<\/strong>. \u00c8 prevista anche una sub articolazione nella Casa della Salute di <strong>Abbadia San Salvatore<\/strong>.<\/p>\n<h3>Bezzini: una guida preziosa per i pazienti<\/h3>\n<p>\u201c<em>La Centrale Operativa Territoriale svolge una funzione strategica nell\u2019organizzazione dei servizi, ma anche nella guidare i pazienti che escono dagli ospedali e continuano ad avere bisogno di assistenza. Spetter\u00e0 alla COT infatti indirizzarli verso il percorso pi\u00f9 appropriato, facendo da raccordo tra i professionisti e i servizi ospedale-territorio. Quella di Nottola,<\/em> \u2013 ha commentato l\u2019assessore regionale al Diritto alla salute <strong>Simone Bezzini<\/strong> \u2013, <em>andr\u00e0 ad aggiungere un tassello fondamentale alla gestione dei servizi sanitari e socio-sanitari in Valdichiana. L\u2019implementazione delle COT nei territori, infatti, risponde all\u2019esigenza di un modello di sanit\u00e0 che stiamo sviluppando in tutta la Regione, una sanit\u00e0 sempre pi\u00f9 diffusa e vicina alle persone, grazie anche al supporto della tecnologia, e che in Valdichiana prende forma\u201d.<\/em><\/p>\n<h3>D&#8217;Urso: una nuova organizzazione in rete<\/h3>\n<p>\u201c<em>Grazie anche a questa COT, infatti, il paziente potr\u00e0 essere seguito attraverso passaggi precisi, a partire dall\u2019intervento del medico di medicina generale, fino alle dimissioni e al post ricovero,<\/em> &#8211; afferma il direttore generale Asl Tse <strong>Antonio D\u2019Urso<\/strong> -.<em> La riforma dei servizi sul territorio prevista dal PNRR, infatti, prevede che la creazione di COT, Case della Comunit\u00e0 e la rimodulazione degli Ospedali di Comunit\u00e0, porti a una nuova organizzazione in rete, dove i servizi e i professionisti del sistema sono connessi, integrati e a disposizione della popolazione in strutture di prossimit\u00e0\u201d.<\/em><\/p>\n","protected":false},"excerpt":{"rendered":"<p>La nuova struttura territoriale realizzata grazie a un investimento di oltre 80 mila euro da fondi Pnrr. Bezzini: &#8220;Ha una funzione strategica nell\u2019organizzare i servizi&#8221;<\/p>\n","protected":false},"author":525,"featured_media":334645,"comment_status":"open","ping_status":"open","sticky":false,"template":"","format":"standard","meta":{"_acf_changed":false,"footnotes":""},"categories":[18],"tags":[349,4883],"class_list":["post-334644","post","type-post","status-publish","format-standard","has-post-thumbnail","hentry","category-salute","tag-sanita","tag-simone-bezzini"],"acf":[],"yoast_head":"<!-- This site is optimized with the Yoast SEO Premium plugin v24.2 (Yoast SEO v25.6) - https:\/\/yoast.com\/wordpress\/plugins\/seo\/ -->\n<title>Sanit\u00e0, centrale operativa per Amiata Senese e Val d\u2019Orcia Valdichiana Senese - intoscana<\/title>\n<meta name=\"description\" content=\"La nuova struttura territoriale realizzata con 80 mila euro da fondi Pnrr. Bezzini: &quot;Ha una funzione strategica nell\u2019organizzare i servizi&quot;\" \/>\n<meta name=\"robots\" content=\"index, follow, max-snippet:-1, max-image-preview:large, max-video-preview:-1\" \/>\n<link rel=\"canonical\" href=\"https:\/\/www.intoscana.it\/it\/sanita-centrale-operativa-per-amiata-senese-e-val-dorcia-valdichiana-senese\/\" \/>\n<meta property=\"og:locale\" content=\"it_IT\" \/>\n<meta property=\"og:type\" content=\"article\" \/>\n<meta property=\"og:title\" content=\"Sanit\u00e0, centrale operativa per Amiata Senese e Val d\u2019Orcia Valdichiana Senese\" \/>\n<meta property=\"og:description\" content=\"La nuova struttura territoriale realizzata con 80 mila euro da fondi Pnrr. Bezzini: &quot;Ha una funzione strategica nell\u2019organizzare i servizi&quot;\" \/>\n<meta property=\"og:url\" content=\"https:\/\/www.intoscana.it\/it\/sanita-centrale-operativa-per-amiata-senese-e-val-dorcia-valdichiana-senese\/\" \/>\n<meta property=\"og:site_name\" content=\"intoscana\" \/>\n<meta property=\"article:publisher\" content=\"https:\/\/www.facebook.com\/intoscana.it\" \/>\n<meta property=\"article:published_time\" content=\"2024-04-05T15:49:19+00:00\" \/>\n<meta property=\"article:modified_time\" content=\"2024-04-07T09:34:04+00:00\" \/>\n<meta property=\"og:image\" content=\"https:\/\/www.intoscana.it\/wp-content\/uploads\/Lesterno-dellospedale-di-Nottola-foto-Usl-Sud-Est-Toscana-Ufficio-Stampa.jpeg\" \/>\n\t<meta property=\"og:image:width\" content=\"633\" \/>\n\t<meta property=\"og:image:height\" content=\"480\" \/>\n\t<meta property=\"og:image:type\" content=\"image\/jpeg\" \/>\n<meta name=\"author\" content=\"Redazione\" \/>\n<meta name=\"twitter:card\" content=\"summary_large_image\" \/>\n<meta name=\"twitter:creator\" content=\"@intoscana\" \/>\n<meta name=\"twitter:site\" content=\"@intoscana\" \/>\n<meta name=\"twitter:label1\" content=\"Written by\" \/>\n\t<meta name=\"twitter:data1\" content=\"Redazione\" \/>\n\t<meta name=\"twitter:label2\" content=\"Est. reading time\" \/>\n\t<meta name=\"twitter:data2\" content=\"2 minuti\" \/>\n<script type=\"application\/ld+json\" class=\"yoast-schema-graph\">{\"@context\":\"https:\/\/schema.org\",\"@graph\":[{\"@type\":\"WebPage\",\"@id\":\"https:\/\/www.intoscana.it\/it\/sanita-centrale-operativa-per-amiata-senese-e-val-dorcia-valdichiana-senese\/\",\"url\":\"https:\/\/www.intoscana.it\/it\/sanita-centrale-operativa-per-amiata-senese-e-val-dorcia-valdichiana-senese\/\",\"name\":\"Sanit\u00e0, centrale operativa per Amiata Senese e Val d\u2019Orcia Valdichiana Senese - intoscana\",\"isPartOf\":{\"@id\":\"https:\/\/www.intoscana.it\/it\/#website\"},\"primaryImageOfPage\":{\"@id\":\"https:\/\/www.intoscana.it\/it\/sanita-centrale-operativa-per-amiata-senese-e-val-dorcia-valdichiana-senese\/#primaryimage\"},\"image\":{\"@id\":\"https:\/\/www.intoscana.it\/it\/sanita-centrale-operativa-per-amiata-senese-e-val-dorcia-valdichiana-senese\/#primaryimage\"},\"thumbnailUrl\":\"https:\/\/www.intoscana.it\/wp-content\/uploads\/Lesterno-dellospedale-di-Nottola-foto-Usl-Sud-Est-Toscana-Ufficio-Stampa.jpeg\",\"datePublished\":\"2024-04-05T15:49:19+00:00\",\"dateModified\":\"2024-04-07T09:34:04+00:00\",\"author\":{\"@id\":\"https:\/\/www.intoscana.it\/it\/#\/schema\/person\/9223810753230f20bd670fdd322661f8\"},\"description\":\"La nuova struttura territoriale realizzata con 80 mila euro da fondi Pnrr. Bezzini: \\\"Ha una funzione strategica nell\u2019organizzare i servizi\\\"\",\"breadcrumb\":{\"@id\":\"https:\/\/www.intoscana.it\/it\/sanita-centrale-operativa-per-amiata-senese-e-val-dorcia-valdichiana-senese\/#breadcrumb\"},\"inLanguage\":\"it-IT\",\"potentialAction\":[{\"@type\":\"ReadAction\",\"target\":[\"https:\/\/www.intoscana.it\/it\/sanita-centrale-operativa-per-amiata-senese-e-val-dorcia-valdichiana-senese\/\"]}]},{\"@type\":\"ImageObject\",\"inLanguage\":\"it-IT\",\"@id\":\"https:\/\/www.intoscana.it\/it\/sanita-centrale-operativa-per-amiata-senese-e-val-dorcia-valdichiana-senese\/#primaryimage\",\"url\":\"https:\/\/www.intoscana.it\/wp-content\/uploads\/Lesterno-dellospedale-di-Nottola-foto-Usl-Sud-Est-Toscana-Ufficio-Stampa.jpeg\",\"contentUrl\":\"https:\/\/www.intoscana.it\/wp-content\/uploads\/Lesterno-dellospedale-di-Nottola-foto-Usl-Sud-Est-Toscana-Ufficio-Stampa.jpeg\",\"width\":633,\"height\":480,\"caption\":\"L'esterno dell'ospedale di Nottola - foto Usl Sud Est Toscana - Ufficio Stampa\"},{\"@type\":\"BreadcrumbList\",\"@id\":\"https:\/\/www.intoscana.it\/it\/sanita-centrale-operativa-per-amiata-senese-e-val-dorcia-valdichiana-senese\/#breadcrumb\",\"itemListElement\":[{\"@type\":\"ListItem\",\"position\":1,\"name\":\"Home\",\"item\":\"https:\/\/www.intoscana.it\/it\/\"},{\"@type\":\"ListItem\",\"position\":2,\"name\":\"Sanit\u00e0, centrale operativa per Amiata Senese e Val d\u2019Orcia Valdichiana Senese\"}]},{\"@type\":\"WebSite\",\"@id\":\"https:\/\/www.intoscana.it\/it\/#website\",\"url\":\"https:\/\/www.intoscana.it\/it\/\",\"name\":\"intoscana\",\"description\":\"\",\"potentialAction\":[{\"@type\":\"SearchAction\",\"target\":{\"@type\":\"EntryPoint\",\"urlTemplate\":\"https:\/\/www.intoscana.it\/it\/?s={search_term_string}\"},\"query-input\":{\"@type\":\"PropertyValueSpecification\",\"valueRequired\":true,\"valueName\":\"search_term_string\"}}],\"inLanguage\":\"it-IT\"},{\"@type\":\"Person\",\"@id\":\"https:\/\/www.intoscana.it\/it\/#\/schema\/person\/9223810753230f20bd670fdd322661f8\",\"name\":\"Redazione\",\"url\":\"https:\/\/www.intoscana.it\/it\/author\/redazione\/\"}]}<\/script>\n<!-- \/ Yoast SEO Premium plugin. -->","yoast_head_json":{"title":"Sanit\u00e0, centrale operativa per Amiata Senese e Val d\u2019Orcia Valdichiana Senese - intoscana","description":"La nuova struttura territoriale realizzata con 80 mila euro da fondi Pnrr. Bezzini: \"Ha una funzione strategica nell\u2019organizzare i servizi\"","robots":{"index":"index","follow":"follow","max-snippet":"max-snippet:-1","max-image-preview":"max-image-preview:large","max-video-preview":"max-video-preview:-1"},"canonical":"https:\/\/www.intoscana.it\/it\/sanita-centrale-operativa-per-amiata-senese-e-val-dorcia-valdichiana-senese\/","og_locale":"it_IT","og_type":"article","og_title":"Sanit\u00e0, centrale operativa per Amiata Senese e Val d\u2019Orcia Valdichiana Senese","og_description":"La nuova struttura territoriale realizzata con 80 mila euro da fondi Pnrr. Bezzini: \"Ha una funzione strategica nell\u2019organizzare i servizi\"","og_url":"https:\/\/www.intoscana.it\/it\/sanita-centrale-operativa-per-amiata-senese-e-val-dorcia-valdichiana-senese\/","og_site_name":"intoscana","article_publisher":"https:\/\/www.facebook.com\/intoscana.it","article_published_time":"2024-04-05T15:49:19+00:00","article_modified_time":"2024-04-07T09:34:04+00:00","og_image":[{"width":633,"height":480,"url":"https:\/\/www.intoscana.it\/wp-content\/uploads\/Lesterno-dellospedale-di-Nottola-foto-Usl-Sud-Est-Toscana-Ufficio-Stampa.jpeg","type":"image\/jpeg"}],"author":"Redazione","twitter_card":"summary_large_image","twitter_creator":"@intoscana","twitter_site":"@intoscana","twitter_misc":{"Written by":"Redazione","Est. reading time":"2 minuti"},"schema":{"@context":"https:\/\/schema.org","@graph":[{"@type":"WebPage","@id":"https:\/\/www.intoscana.it\/it\/sanita-centrale-operativa-per-amiata-senese-e-val-dorcia-valdichiana-senese\/","url":"https:\/\/www.intoscana.it\/it\/sanita-centrale-operativa-per-amiata-senese-e-val-dorcia-valdichiana-senese\/","name":"Sanit\u00e0, centrale operativa per Amiata Senese e Val d\u2019Orcia Valdichiana Senese - intoscana","isPartOf":{"@id":"https:\/\/www.intoscana.it\/it\/#website"},"primaryImageOfPage":{"@id":"https:\/\/www.intoscana.it\/it\/sanita-centrale-operativa-per-amiata-senese-e-val-dorcia-valdichiana-senese\/#primaryimage"},"image":{"@id":"https:\/\/www.intoscana.it\/it\/sanita-centrale-operativa-per-amiata-senese-e-val-dorcia-valdichiana-senese\/#primaryimage"},"thumbnailUrl":"https:\/\/www.intoscana.it\/wp-content\/uploads\/Lesterno-dellospedale-di-Nottola-foto-Usl-Sud-Est-Toscana-Ufficio-Stampa.jpeg","datePublished":"2024-04-05T15:49:19+00:00","dateModified":"2024-04-07T09:34:04+00:00","author":{"@id":"https:\/\/www.intoscana.it\/it\/#\/schema\/person\/9223810753230f20bd670fdd322661f8"},"description":"La nuova struttura territoriale realizzata con 80 mila euro da fondi Pnrr. Bezzini: \"Ha una funzione strategica nell\u2019organizzare i servizi\"","breadcrumb":{"@id":"https:\/\/www.intoscana.it\/it\/sanita-centrale-operativa-per-amiata-senese-e-val-dorcia-valdichiana-senese\/#breadcrumb"},"inLanguage":"it-IT","potentialAction":[{"@type":"ReadAction","target":["https:\/\/www.intoscana.it\/it\/sanita-centrale-operativa-per-amiata-senese-e-val-dorcia-valdichiana-senese\/"]}]},{"@type":"ImageObject","inLanguage":"it-IT","@id":"https:\/\/www.intoscana.it\/it\/sanita-centrale-operativa-per-amiata-senese-e-val-dorcia-valdichiana-senese\/#primaryimage","url":"https:\/\/www.intoscana.it\/wp-content\/uploads\/Lesterno-dellospedale-di-Nottola-foto-Usl-Sud-Est-Toscana-Ufficio-Stampa.jpeg","contentUrl":"https:\/\/www.intoscana.it\/wp-content\/uploads\/Lesterno-dellospedale-di-Nottola-foto-Usl-Sud-Est-Toscana-Ufficio-Stampa.jpeg","width":633,"height":480,"caption":"L'esterno dell'ospedale di Nottola - foto Usl Sud Est Toscana - Ufficio Stampa"},{"@type":"BreadcrumbList","@id":"https:\/\/www.intoscana.it\/it\/sanita-centrale-operativa-per-amiata-senese-e-val-dorcia-valdichiana-senese\/#breadcrumb","itemListElement":[{"@type":"ListItem","position":1,"name":"Home","item":"https:\/\/www.intoscana.it\/it\/"},{"@type":"ListItem","position":2,"name":"Sanit\u00e0, centrale operativa per Amiata Senese e Val d\u2019Orcia Valdichiana Senese"}]},{"@type":"WebSite","@id":"https:\/\/www.intoscana.it\/it\/#website","url":"https:\/\/www.intoscana.it\/it\/","name":"intoscana","description":"","potentialAction":[{"@type":"SearchAction","target":{"@type":"EntryPoint","urlTemplate":"https:\/\/www.intoscana.it\/it\/?s={search_term_string}"},"query-input":{"@type":"PropertyValueSpecification","valueRequired":true,"valueName":"search_term_string"}}],"inLanguage":"it-IT"},{"@type":"Person","@id":"https:\/\/www.intoscana.it\/it\/#\/schema\/person\/9223810753230f20bd670fdd322661f8","name":"Redazione","url":"https:\/\/www.intoscana.it\/it\/author\/redazione\/"}]}},"_links":{"self":[{"href":"https:\/\/www.intoscana.it\/it\/wp-json\/wp\/v2\/posts\/334644","targetHints":{"allow":["GET"]}}],"collection":[{"href":"https:\/\/www.intoscana.it\/it\/wp-json\/wp\/v2\/posts"}],"about":[{"href":"https:\/\/www.intoscana.it\/it\/wp-json\/wp\/v2\/types\/post"}],"author":[{"embeddable":true,"href":"https:\/\/www.intoscana.it\/it\/wp-json\/wp\/v2\/users\/525"}],"replies":[{"embeddable":true,"href":"https:\/\/www.intoscana.it\/it\/wp-json\/wp\/v2\/comments?post=334644"}],"version-history":[{"count":3,"href":"https:\/\/www.intoscana.it\/it\/wp-json\/wp\/v2\/posts\/334644\/revisions"}],"predecessor-version":[{"id":334648,"href":"https:\/\/www.intoscana.it\/it\/wp-json\/wp\/v2\/posts\/334644\/revisions\/334648"}],"wp:featuredmedia":[{"embeddable":true,"href":"https:\/\/www.intoscana.it\/it\/wp-json\/wp\/v2\/media\/334645"}],"wp:attachment":[{"href":"https:\/\/www.intoscana.it\/it\/wp-json\/wp\/v2\/media?parent=334644"}],"wp:term":[{"taxonomy":"category","embeddable":true,"href":"https:\/\/www.intoscana.it\/it\/wp-json\/wp\/v2\/categories?post=334644"},{"taxonomy":"post_tag","embeddable":true,"href":"https:\/\/www.intoscana.it\/it\/wp-json\/wp\/v2\/tags?post=334644"}],"curies":[{"name":"wp","href":"https:\/\/api.w.org\/{rel}","templated":true}]}}