{"id":334946,"date":"2024-04-08T15:58:40","date_gmt":"2024-04-08T13:58:40","guid":{"rendered":"https:\/\/www.intoscana.it\/it\/?p=334946"},"modified":"2024-04-08T16:20:00","modified_gmt":"2024-04-08T14:20:00","slug":"tutto-pronto-per-la-quarta-edizione-del-circuito-stradale-mugello","status":"publish","type":"post","link":"https:\/\/www.intoscana.it\/it\/tutto-pronto-per-la-quarta-edizione-del-circuito-stradale-mugello\/","title":{"rendered":"Tutto pronto per la quarta edizione del Circuito stradale Mugello"},"content":{"rendered":"<p>Appuntamento questo fine settimana, dal <strong>12 al 14 aprile,<\/strong> con una delle gare automobilistiche di regolarit\u00e0 che va a rievocare una delle pi\u00f9 antiche competizioni d\u2019Italia la <strong>Circuito stradale del Mugello<\/strong>. Auto d\u2019epoca con i loro equipaggi si sfideranno lungo le strade della provincia di Firenze, a partire dal capoluogo toscano con arrivo nel circuito del Mugello.<\/p>\n<p>&#8220;<em>Mi fa piacere che il Circuito stradale del Mugello stia diventando sempre pi\u00f9 un appuntamento importante a livello nazionale<\/em> &#8211; ha dichiarato l&#8217;assessore del comune di Firenze, <strong>Cosimo Guccione<\/strong> &#8211; <em>un evento per gli appassionati ma anche per quanti vorranno vedere bellissime auto percorrere le strade della nostra citt<\/em>\u00e0&#8221;.<\/p>\n<figure id=\"post-334948 media-334948\" class=\"align-none\"><img decoding=\"async\" src=\"https:\/\/www.intoscana.it\/wp-content\/uploads\/circuito-stradale-mugello.jpeg\" alt=\"\" \/><\/figure>\n<div class=\"titleimg\"><\/div>\n<h3>Il tracciato<\/h3>\n<p>Durante la prima tappa, prevista sabato 13 aprile, la competizione partir\u00e0 da <strong>Piazzale Michelangelo<\/strong>, in pieno centro storico di Firenze e si snoder\u00e0 tra le suggestive Colline del Chianti. Il percorso toccher\u00e0 le localit\u00e0 di San Polo in Chianti, Gaiole in Chianti, Radda in Chianti, per poi spingersi fino a Monteriggioni, dove gli equipaggi sosteranno per il pranzo. Nel pomeriggio il percorso toccher\u00e0 Castellina in Chianti, Greve in Chianti, per poi terminare a Strada in Chianti consentendo agli equipaggi di rientrare liberamente a Firenze.<\/p>\n<p>Lungo il percorso della seconda tappa, in programma domenica 14 aprile, gli equipaggi saranno chiamati a confrontarsi sullo storico tracciato del Gran Premio stradale del Mugello, passando da San Piero a Sieve, Scarperia, dal Passo del Giogo, Firenzuola, dal Passo della Futa e Barberino di <strong>Mugello<\/strong>, per terminare al Mugello Circuit con la cerimonia di premiazione. Per un totale di oltre 300 chilometri.<\/p>\n<p>In merito alle vetture ammesse, vedremo sulle strade del Circuito Stradale del Mugello le vetture prodotte fino al 1990, mentre per il Tributo al Circuito Stradale del Mugello ci saranno vetture GT Stradali costruite a partire dal 1991.<\/p>\n<p>Per info: <a href=\"https:\/\/circuitostradaledelmugello.it\/\" target=\"_blank\" rel=\"noopener\">circuitostradaledelmugello.it<\/a><\/p>\n","protected":false},"excerpt":{"rendered":"<p>Nel fine settimana sfileranno tra le strade di Firenze, del Chianti e del Mugello le auto storiche protagoniste del Campionato Italiano Grandi Eventi<\/p>\n","protected":false},"author":525,"featured_media":334947,"comment_status":"open","ping_status":"open","sticky":false,"template":"","format":"standard","meta":{"_acf_changed":false,"footnotes":""},"categories":[494],"tags":[202,375],"class_list":["post-334946","post","type-post","status-publish","format-standard","has-post-thumbnail","hentry","category-attualita","tag-firenze","tag-mugello"],"acf":[],"yoast_head":"<!-- This site is optimized with the Yoast SEO Premium plugin v24.2 (Yoast SEO v25.6) - https:\/\/yoast.com\/wordpress\/plugins\/seo\/ -->\n<title>Tutto pronto per la quarta edizione del Circuito stradale Mugello - intoscana<\/title>\n<meta name=\"robots\" content=\"index, follow, max-snippet:-1, max-image-preview:large, max-video-preview:-1\" \/>\n<link rel=\"canonical\" href=\"https:\/\/www.intoscana.it\/it\/tutto-pronto-per-la-quarta-edizione-del-circuito-stradale-mugello\/\" \/>\n<meta property=\"og:locale\" content=\"it_IT\" \/>\n<meta property=\"og:type\" content=\"article\" \/>\n<meta property=\"og:title\" content=\"Tutto pronto per la quarta edizione del Circuito stradale Mugello\" \/>\n<meta property=\"og:description\" content=\"Nel fine settimana sfileranno tra le strade di Firenze, del Chianti e del Mugello le auto storiche protagoniste del Campionato Italiano Grandi Eventi\" \/>\n<meta property=\"og:url\" content=\"https:\/\/www.intoscana.it\/it\/tutto-pronto-per-la-quarta-edizione-del-circuito-stradale-mugello\/\" \/>\n<meta property=\"og:site_name\" content=\"intoscana\" \/>\n<meta property=\"article:publisher\" content=\"https:\/\/www.facebook.com\/intoscana.it\" \/>\n<meta property=\"article:published_time\" content=\"2024-04-08T13:58:40+00:00\" \/>\n<meta property=\"article:modified_time\" content=\"2024-04-08T14:20:00+00:00\" \/>\n<meta property=\"og:image\" content=\"https:\/\/www.intoscana.it\/wp-content\/uploads\/circuito-stradale-mugello-2.jpeg\" \/>\n\t<meta property=\"og:image:width\" content=\"2048\" \/>\n\t<meta property=\"og:image:height\" content=\"1365\" \/>\n\t<meta property=\"og:image:type\" content=\"image\/jpeg\" \/>\n<meta name=\"author\" content=\"Redazione\" \/>\n<meta name=\"twitter:card\" content=\"summary_large_image\" \/>\n<meta name=\"twitter:creator\" content=\"@intoscana\" \/>\n<meta name=\"twitter:site\" content=\"@intoscana\" \/>\n<meta name=\"twitter:label1\" content=\"Written by\" \/>\n\t<meta name=\"twitter:data1\" content=\"Redazione\" \/>\n\t<meta name=\"twitter:label2\" content=\"Est. reading time\" \/>\n\t<meta name=\"twitter:data2\" content=\"2 minuti\" \/>\n<script type=\"application\/ld+json\" class=\"yoast-schema-graph\">{\"@context\":\"https:\/\/schema.org\",\"@graph\":[{\"@type\":\"WebPage\",\"@id\":\"https:\/\/www.intoscana.it\/it\/tutto-pronto-per-la-quarta-edizione-del-circuito-stradale-mugello\/\",\"url\":\"https:\/\/www.intoscana.it\/it\/tutto-pronto-per-la-quarta-edizione-del-circuito-stradale-mugello\/\",\"name\":\"Tutto pronto per la quarta edizione del Circuito stradale Mugello - intoscana\",\"isPartOf\":{\"@id\":\"https:\/\/www.intoscana.it\/it\/#website\"},\"primaryImageOfPage\":{\"@id\":\"https:\/\/www.intoscana.it\/it\/tutto-pronto-per-la-quarta-edizione-del-circuito-stradale-mugello\/#primaryimage\"},\"image\":{\"@id\":\"https:\/\/www.intoscana.it\/it\/tutto-pronto-per-la-quarta-edizione-del-circuito-stradale-mugello\/#primaryimage\"},\"thumbnailUrl\":\"https:\/\/www.intoscana.it\/wp-content\/uploads\/circuito-stradale-mugello-2.jpeg\",\"datePublished\":\"2024-04-08T13:58:40+00:00\",\"dateModified\":\"2024-04-08T14:20:00+00:00\",\"author\":{\"@id\":\"https:\/\/www.intoscana.it\/it\/#\/schema\/person\/9223810753230f20bd670fdd322661f8\"},\"breadcrumb\":{\"@id\":\"https:\/\/www.intoscana.it\/it\/tutto-pronto-per-la-quarta-edizione-del-circuito-stradale-mugello\/#breadcrumb\"},\"inLanguage\":\"it-IT\",\"potentialAction\":[{\"@type\":\"ReadAction\",\"target\":[\"https:\/\/www.intoscana.it\/it\/tutto-pronto-per-la-quarta-edizione-del-circuito-stradale-mugello\/\"]}]},{\"@type\":\"ImageObject\",\"inLanguage\":\"it-IT\",\"@id\":\"https:\/\/www.intoscana.it\/it\/tutto-pronto-per-la-quarta-edizione-del-circuito-stradale-mugello\/#primaryimage\",\"url\":\"https:\/\/www.intoscana.it\/wp-content\/uploads\/circuito-stradale-mugello-2.jpeg\",\"contentUrl\":\"https:\/\/www.intoscana.it\/wp-content\/uploads\/circuito-stradale-mugello-2.jpeg\",\"width\":2048,\"height\":1365},{\"@type\":\"BreadcrumbList\",\"@id\":\"https:\/\/www.intoscana.it\/it\/tutto-pronto-per-la-quarta-edizione-del-circuito-stradale-mugello\/#breadcrumb\",\"itemListElement\":[{\"@type\":\"ListItem\",\"position\":1,\"name\":\"Home\",\"item\":\"https:\/\/www.intoscana.it\/it\/\"},{\"@type\":\"ListItem\",\"position\":2,\"name\":\"Tutto pronto per la quarta edizione del Circuito stradale Mugello\"}]},{\"@type\":\"WebSite\",\"@id\":\"https:\/\/www.intoscana.it\/it\/#website\",\"url\":\"https:\/\/www.intoscana.it\/it\/\",\"name\":\"intoscana\",\"description\":\"\",\"potentialAction\":[{\"@type\":\"SearchAction\",\"target\":{\"@type\":\"EntryPoint\",\"urlTemplate\":\"https:\/\/www.intoscana.it\/it\/?s={search_term_string}\"},\"query-input\":{\"@type\":\"PropertyValueSpecification\",\"valueRequired\":true,\"valueName\":\"search_term_string\"}}],\"inLanguage\":\"it-IT\"},{\"@type\":\"Person\",\"@id\":\"https:\/\/www.intoscana.it\/it\/#\/schema\/person\/9223810753230f20bd670fdd322661f8\",\"name\":\"Redazione\",\"url\":\"https:\/\/www.intoscana.it\/it\/author\/redazione\/\"}]}<\/script>\n<!-- \/ Yoast SEO Premium plugin. -->","yoast_head_json":{"title":"Tutto pronto per la quarta edizione del Circuito stradale Mugello - intoscana","robots":{"index":"index","follow":"follow","max-snippet":"max-snippet:-1","max-image-preview":"max-image-preview:large","max-video-preview":"max-video-preview:-1"},"canonical":"https:\/\/www.intoscana.it\/it\/tutto-pronto-per-la-quarta-edizione-del-circuito-stradale-mugello\/","og_locale":"it_IT","og_type":"article","og_title":"Tutto pronto per la quarta edizione del Circuito stradale Mugello","og_description":"Nel fine settimana sfileranno tra le strade di Firenze, del Chianti e del Mugello le auto storiche protagoniste del Campionato Italiano Grandi Eventi","og_url":"https:\/\/www.intoscana.it\/it\/tutto-pronto-per-la-quarta-edizione-del-circuito-stradale-mugello\/","og_site_name":"intoscana","article_publisher":"https:\/\/www.facebook.com\/intoscana.it","article_published_time":"2024-04-08T13:58:40+00:00","article_modified_time":"2024-04-08T14:20:00+00:00","og_image":[{"width":2048,"height":1365,"url":"https:\/\/www.intoscana.it\/wp-content\/uploads\/circuito-stradale-mugello-2.jpeg","type":"image\/jpeg"}],"author":"Redazione","twitter_card":"summary_large_image","twitter_creator":"@intoscana","twitter_site":"@intoscana","twitter_misc":{"Written by":"Redazione","Est. reading time":"2 minuti"},"schema":{"@context":"https:\/\/schema.org","@graph":[{"@type":"WebPage","@id":"https:\/\/www.intoscana.it\/it\/tutto-pronto-per-la-quarta-edizione-del-circuito-stradale-mugello\/","url":"https:\/\/www.intoscana.it\/it\/tutto-pronto-per-la-quarta-edizione-del-circuito-stradale-mugello\/","name":"Tutto pronto per la quarta edizione del Circuito stradale Mugello - intoscana","isPartOf":{"@id":"https:\/\/www.intoscana.it\/it\/#website"},"primaryImageOfPage":{"@id":"https:\/\/www.intoscana.it\/it\/tutto-pronto-per-la-quarta-edizione-del-circuito-stradale-mugello\/#primaryimage"},"image":{"@id":"https:\/\/www.intoscana.it\/it\/tutto-pronto-per-la-quarta-edizione-del-circuito-stradale-mugello\/#primaryimage"},"thumbnailUrl":"https:\/\/www.intoscana.it\/wp-content\/uploads\/circuito-stradale-mugello-2.jpeg","datePublished":"2024-04-08T13:58:40+00:00","dateModified":"2024-04-08T14:20:00+00:00","author":{"@id":"https:\/\/www.intoscana.it\/it\/#\/schema\/person\/9223810753230f20bd670fdd322661f8"},"breadcrumb":{"@id":"https:\/\/www.intoscana.it\/it\/tutto-pronto-per-la-quarta-edizione-del-circuito-stradale-mugello\/#breadcrumb"},"inLanguage":"it-IT","potentialAction":[{"@type":"ReadAction","target":["https:\/\/www.intoscana.it\/it\/tutto-pronto-per-la-quarta-edizione-del-circuito-stradale-mugello\/"]}]},{"@type":"ImageObject","inLanguage":"it-IT","@id":"https:\/\/www.intoscana.it\/it\/tutto-pronto-per-la-quarta-edizione-del-circuito-stradale-mugello\/#primaryimage","url":"https:\/\/www.intoscana.it\/wp-content\/uploads\/circuito-stradale-mugello-2.jpeg","contentUrl":"https:\/\/www.intoscana.it\/wp-content\/uploads\/circuito-stradale-mugello-2.jpeg","width":2048,"height":1365},{"@type":"BreadcrumbList","@id":"https:\/\/www.intoscana.it\/it\/tutto-pronto-per-la-quarta-edizione-del-circuito-stradale-mugello\/#breadcrumb","itemListElement":[{"@type":"ListItem","position":1,"name":"Home","item":"https:\/\/www.intoscana.it\/it\/"},{"@type":"ListItem","position":2,"name":"Tutto pronto per la quarta edizione del Circuito stradale Mugello"}]},{"@type":"WebSite","@id":"https:\/\/www.intoscana.it\/it\/#website","url":"https:\/\/www.intoscana.it\/it\/","name":"intoscana","description":"","potentialAction":[{"@type":"SearchAction","target":{"@type":"EntryPoint","urlTemplate":"https:\/\/www.intoscana.it\/it\/?s={search_term_string}"},"query-input":{"@type":"PropertyValueSpecification","valueRequired":true,"valueName":"search_term_string"}}],"inLanguage":"it-IT"},{"@type":"Person","@id":"https:\/\/www.intoscana.it\/it\/#\/schema\/person\/9223810753230f20bd670fdd322661f8","name":"Redazione","url":"https:\/\/www.intoscana.it\/it\/author\/redazione\/"}]}},"_links":{"self":[{"href":"https:\/\/www.intoscana.it\/it\/wp-json\/wp\/v2\/posts\/334946","targetHints":{"allow":["GET"]}}],"collection":[{"href":"https:\/\/www.intoscana.it\/it\/wp-json\/wp\/v2\/posts"}],"about":[{"href":"https:\/\/www.intoscana.it\/it\/wp-json\/wp\/v2\/types\/post"}],"author":[{"embeddable":true,"href":"https:\/\/www.intoscana.it\/it\/wp-json\/wp\/v2\/users\/525"}],"replies":[{"embeddable":true,"href":"https:\/\/www.intoscana.it\/it\/wp-json\/wp\/v2\/comments?post=334946"}],"version-history":[{"count":2,"href":"https:\/\/www.intoscana.it\/it\/wp-json\/wp\/v2\/posts\/334946\/revisions"}],"predecessor-version":[{"id":335022,"href":"https:\/\/www.intoscana.it\/it\/wp-json\/wp\/v2\/posts\/334946\/revisions\/335022"}],"wp:featuredmedia":[{"embeddable":true,"href":"https:\/\/www.intoscana.it\/it\/wp-json\/wp\/v2\/media\/334947"}],"wp:attachment":[{"href":"https:\/\/www.intoscana.it\/it\/wp-json\/wp\/v2\/media?parent=334946"}],"wp:term":[{"taxonomy":"category","embeddable":true,"href":"https:\/\/www.intoscana.it\/it\/wp-json\/wp\/v2\/categories?post=334946"},{"taxonomy":"post_tag","embeddable":true,"href":"https:\/\/www.intoscana.it\/it\/wp-json\/wp\/v2\/tags?post=334946"}],"curies":[{"name":"wp","href":"https:\/\/api.w.org\/{rel}","templated":true}]}}