{"id":335125,"date":"2024-04-09T12:29:41","date_gmt":"2024-04-09T10:29:41","guid":{"rendered":"https:\/\/www.intoscana.it\/it\/?p=335125"},"modified":"2024-04-09T13:15:30","modified_gmt":"2024-04-09T11:15:30","slug":"giardino-iris-firenze-2024","status":"publish","type":"post","link":"https:\/\/www.intoscana.it\/it\/giardino-iris-firenze-2024\/","title":{"rendered":"La primavera sboccia a Firenze: riapre lo storico Giardino dell&#8217;Iris"},"content":{"rendered":"<p>Con l&#8217;arrivo della <strong>primavera a Firenze<\/strong> torna visibile al pubblico una delle oasi verdi pi\u00f9 belle della citt\u00e0: il <strong>Giardino dell&#8217;Iris.<\/strong><\/p>\n<h3>Aperto tutti i giorni dal 25 aprile al 20 maggio<\/h3>\n<p>Questo parco sotto Piazzale Michelangelo, dove fioriscono <strong>1500 variet\u00e0 diverse<\/strong> del fiore simbolo del capoluogo toscano, <mark>per il 2024 sar\u00e0 aperto al pubblico gratuitamente da gioved\u00ec 25 aprile a luned\u00ec 20 maggio, tutti i giorni festivi compresi dalle 10 alle 18 <\/mark>(con l&#8217;ultimo ingresso alle 17.30).<\/p>\n<p>Inoltre la <strong>Societ\u00e0 Italiana dell\u2019Iris<\/strong>, che gestisce il giardino, proporr\u00e0 anche per quest&#8217;anno un <strong>workshop di disegno e acquerello botanico<\/strong> tenuto dall\u2019artista botanica Maria Rita Stirpe in coincidenza con il ritorno delle fioriture, in programma dal 24 al 28 aprile, arricchito da approfondimenti botanici e una visita guidata al giardino.<\/p>\n<figure style=\"width: 1440px\" class=\"wp-caption alignnone\"><img loading=\"lazy\" decoding=\"async\" src=\"https:\/\/www.intoscana.it\/wp-content\/uploads\/612fddcd-6fdd-4fdf-a7e5-1e2290af659f.jpg\" alt=\"\" width=\"1440\" height=\"1440\" \/><figcaption class=\"wp-caption-text\">Il Giardino dell&#8217;Iris<\/figcaption><\/figure>\n<h3>Il giardino e il concorso internazionale<\/h3>\n<div>\n<p>Il <strong>Giardino dell\u2019Iris<\/strong> \u00e8 l&#8217;unico al mondo dedicato a questa specie particolare della famiglia delle iridacee, che prende il nome dalla parola greca che significa arcobaleno proprio perch\u00e9 ha tantissime variet\u00e0 cromatiche.<\/p>\n<p><mark>L&#8217;oasi floreale fiorentina nacque nel 1954 nell\u2019antico podere dei Bastioni proprio per ospitare le variet\u00e0 pi\u00f9 belle in gara al Concorso Internazionale dell\u2019Iris,<\/mark>indetto per la prima volta quell\u2019anno dal Comune di Firenze che continua ancora oggi. Furono Flaminia Specht e Nita Stross Radicati, due appassionate ibridatrici, a dare vita al concorso e alla Societ\u00e0 Italiana dell\u2019Iris: scelsero Firenze proprio per lo storico legame che aveva sempre avuto con questo fiore.<\/p>\n<figure id=\"post-224397 media-224397\" class=\"align-none\">\n<p><figure style=\"width: 1005px\" class=\"wp-caption alignnone\"><img loading=\"lazy\" decoding=\"async\" src=\"https:\/\/www.intoscana.it\/wp-content\/uploads\/giardino_iris_mappa.jpg\" alt=\"\" width=\"1005\" height=\"834\" \/><figcaption class=\"wp-caption-text\">La mappa del Giardino dell&#8217;Iris \u00a9 Societ\u00e0 Italiana Iris<\/figcaption><\/figure><\/figure>\n<\/div>\n<p>Il giardino, da cui si gode una spettacolare vista sulla citt\u00e0, \u00e8 grande<strong> due ettari e mezzo<\/strong> ed \u00e8 suddiviso in vialetti, selciati in pietra serena, piazzole, scalette e scalinate che danno vita a un percorso suggestivo: ogni zona infatti accoglie diverse variet\u00e0 e grazie al concorso internazionale ogni anno il giardino si arricchisce di nuovi iris provenienti da tutto il mondo.<\/p>\n","protected":false},"excerpt":{"rendered":"<p>Dal 25 aprile al 20 maggio 2024 si potr\u00e0 di nuovo visitare la splendida oasi verde sotto Piazzale Michelangelo a ingresso gratuito, dove fioriscono 1500 variet\u00e0 diverse di iris<\/p>\n","protected":false},"author":502,"featured_media":69199,"comment_status":"open","ping_status":"open","sticky":false,"template":"","format":"standard","meta":{"_acf_changed":false,"footnotes":""},"categories":[6],"tags":[202,4628,5601],"class_list":["post-335125","post","type-post","status-publish","format-standard","has-post-thumbnail","hentry","category-viaggi","tag-firenze","tag-giardini","tag-primavera"],"acf":[],"yoast_head":"<!-- This site is optimized with the Yoast SEO Premium plugin v24.2 (Yoast SEO v25.6) - https:\/\/yoast.com\/wordpress\/plugins\/seo\/ -->\n<title>La primavera sboccia a Firenze: riapre lo storico Giardino dell&#039;Iris - intoscana<\/title>\n<meta name=\"description\" content=\"Dal 25 aprile al 20 maggio a Firenze riapre il Giardino dell&#039;Iris sotto piazzale Michelangelo dove fioriscono 1500 variet\u00e0 di questo fiore.\" \/>\n<meta name=\"robots\" content=\"index, follow, max-snippet:-1, max-image-preview:large, max-video-preview:-1\" \/>\n<link rel=\"canonical\" href=\"https:\/\/www.intoscana.it\/it\/giardino-iris-firenze-2024\/\" \/>\n<meta property=\"og:locale\" content=\"it_IT\" \/>\n<meta property=\"og:type\" content=\"article\" \/>\n<meta property=\"og:title\" content=\"La primavera sboccia a Firenze: riapre lo storico Giardino dell&#039;Iris\" \/>\n<meta property=\"og:description\" content=\"Dal 25 aprile al 20 maggio a Firenze riapre il Giardino dell&#039;Iris sotto piazzale Michelangelo dove fioriscono 1500 variet\u00e0 di questo fiore.\" \/>\n<meta property=\"og:url\" content=\"https:\/\/www.intoscana.it\/it\/giardino-iris-firenze-2024\/\" \/>\n<meta property=\"og:site_name\" content=\"intoscana\" \/>\n<meta property=\"article:publisher\" content=\"https:\/\/www.facebook.com\/intoscana.it\" \/>\n<meta property=\"article:published_time\" content=\"2024-04-09T10:29:41+00:00\" \/>\n<meta property=\"article:modified_time\" content=\"2024-04-09T11:15:30+00:00\" \/>\n<meta property=\"og:image\" content=\"https:\/\/www.intoscana.it\/wp-content\/uploads\/giardino-di-boboli-giardino-delliris-245.jpg\" \/>\n\t<meta property=\"og:image:width\" content=\"1000\" \/>\n\t<meta property=\"og:image:height\" content=\"750\" \/>\n\t<meta property=\"og:image:type\" content=\"image\/jpeg\" \/>\n<meta name=\"author\" content=\"Ilaria Giannini\" \/>\n<meta name=\"twitter:card\" content=\"summary_large_image\" \/>\n<meta name=\"twitter:creator\" content=\"@i.giannini@fst.it\" \/>\n<meta name=\"twitter:site\" content=\"@intoscana\" \/>\n<meta name=\"twitter:label1\" content=\"Written by\" \/>\n\t<meta name=\"twitter:data1\" content=\"Ilaria Giannini\" \/>\n\t<meta name=\"twitter:label2\" content=\"Est. reading time\" \/>\n\t<meta name=\"twitter:data2\" content=\"3 minuti\" \/>\n<script type=\"application\/ld+json\" class=\"yoast-schema-graph\">{\"@context\":\"https:\/\/schema.org\",\"@graph\":[{\"@type\":\"WebPage\",\"@id\":\"https:\/\/www.intoscana.it\/it\/giardino-iris-firenze-2024\/\",\"url\":\"https:\/\/www.intoscana.it\/it\/giardino-iris-firenze-2024\/\",\"name\":\"La primavera sboccia a Firenze: riapre lo storico Giardino dell'Iris - intoscana\",\"isPartOf\":{\"@id\":\"https:\/\/www.intoscana.it\/it\/#website\"},\"primaryImageOfPage\":{\"@id\":\"https:\/\/www.intoscana.it\/it\/giardino-iris-firenze-2024\/#primaryimage\"},\"image\":{\"@id\":\"https:\/\/www.intoscana.it\/it\/giardino-iris-firenze-2024\/#primaryimage\"},\"thumbnailUrl\":\"https:\/\/www.intoscana.it\/wp-content\/uploads\/giardino-di-boboli-giardino-delliris-245.jpg\",\"datePublished\":\"2024-04-09T10:29:41+00:00\",\"dateModified\":\"2024-04-09T11:15:30+00:00\",\"author\":{\"@id\":\"https:\/\/www.intoscana.it\/it\/#\/schema\/person\/de95e1ed2c1c8c30a6922bbba3a90185\"},\"description\":\"Dal 25 aprile al 20 maggio a Firenze riapre il Giardino dell'Iris sotto piazzale Michelangelo dove fioriscono 1500 variet\u00e0 di questo fiore.\",\"breadcrumb\":{\"@id\":\"https:\/\/www.intoscana.it\/it\/giardino-iris-firenze-2024\/#breadcrumb\"},\"inLanguage\":\"it-IT\",\"potentialAction\":[{\"@type\":\"ReadAction\",\"target\":[\"https:\/\/www.intoscana.it\/it\/giardino-iris-firenze-2024\/\"]}]},{\"@type\":\"ImageObject\",\"inLanguage\":\"it-IT\",\"@id\":\"https:\/\/www.intoscana.it\/it\/giardino-iris-firenze-2024\/#primaryimage\",\"url\":\"https:\/\/www.intoscana.it\/wp-content\/uploads\/giardino-di-boboli-giardino-delliris-245.jpg\",\"contentUrl\":\"https:\/\/www.intoscana.it\/wp-content\/uploads\/giardino-di-boboli-giardino-delliris-245.jpg\",\"width\":1000,\"height\":750,\"caption\":\"Giardino dell'iris\"},{\"@type\":\"BreadcrumbList\",\"@id\":\"https:\/\/www.intoscana.it\/it\/giardino-iris-firenze-2024\/#breadcrumb\",\"itemListElement\":[{\"@type\":\"ListItem\",\"position\":1,\"name\":\"Home\",\"item\":\"https:\/\/www.intoscana.it\/it\/\"},{\"@type\":\"ListItem\",\"position\":2,\"name\":\"La primavera sboccia a Firenze: riapre lo storico Giardino dell&#8217;Iris\"}]},{\"@type\":\"WebSite\",\"@id\":\"https:\/\/www.intoscana.it\/it\/#website\",\"url\":\"https:\/\/www.intoscana.it\/it\/\",\"name\":\"intoscana\",\"description\":\"\",\"potentialAction\":[{\"@type\":\"SearchAction\",\"target\":{\"@type\":\"EntryPoint\",\"urlTemplate\":\"https:\/\/www.intoscana.it\/it\/?s={search_term_string}\"},\"query-input\":{\"@type\":\"PropertyValueSpecification\",\"valueRequired\":true,\"valueName\":\"search_term_string\"}}],\"inLanguage\":\"it-IT\"},{\"@type\":\"Person\",\"@id\":\"https:\/\/www.intoscana.it\/it\/#\/schema\/person\/de95e1ed2c1c8c30a6922bbba3a90185\",\"name\":\"Ilaria Giannini\",\"sameAs\":[\"https:\/\/x.com\/i.giannini@fst.it\"],\"url\":\"https:\/\/www.intoscana.it\/it\/author\/ilaria-giannini\/\"}]}<\/script>\n<!-- \/ Yoast SEO Premium plugin. -->","yoast_head_json":{"title":"La primavera sboccia a Firenze: riapre lo storico Giardino dell'Iris - intoscana","description":"Dal 25 aprile al 20 maggio a Firenze riapre il Giardino dell'Iris sotto piazzale Michelangelo dove fioriscono 1500 variet\u00e0 di questo fiore.","robots":{"index":"index","follow":"follow","max-snippet":"max-snippet:-1","max-image-preview":"max-image-preview:large","max-video-preview":"max-video-preview:-1"},"canonical":"https:\/\/www.intoscana.it\/it\/giardino-iris-firenze-2024\/","og_locale":"it_IT","og_type":"article","og_title":"La primavera sboccia a Firenze: riapre lo storico Giardino dell'Iris","og_description":"Dal 25 aprile al 20 maggio a Firenze riapre il Giardino dell'Iris sotto piazzale Michelangelo dove fioriscono 1500 variet\u00e0 di questo fiore.","og_url":"https:\/\/www.intoscana.it\/it\/giardino-iris-firenze-2024\/","og_site_name":"intoscana","article_publisher":"https:\/\/www.facebook.com\/intoscana.it","article_published_time":"2024-04-09T10:29:41+00:00","article_modified_time":"2024-04-09T11:15:30+00:00","og_image":[{"width":1000,"height":750,"url":"https:\/\/www.intoscana.it\/wp-content\/uploads\/giardino-di-boboli-giardino-delliris-245.jpg","type":"image\/jpeg"}],"author":"Ilaria Giannini","twitter_card":"summary_large_image","twitter_creator":"@i.giannini@fst.it","twitter_site":"@intoscana","twitter_misc":{"Written by":"Ilaria Giannini","Est. reading time":"3 minuti"},"schema":{"@context":"https:\/\/schema.org","@graph":[{"@type":"WebPage","@id":"https:\/\/www.intoscana.it\/it\/giardino-iris-firenze-2024\/","url":"https:\/\/www.intoscana.it\/it\/giardino-iris-firenze-2024\/","name":"La primavera sboccia a Firenze: riapre lo storico Giardino dell'Iris - intoscana","isPartOf":{"@id":"https:\/\/www.intoscana.it\/it\/#website"},"primaryImageOfPage":{"@id":"https:\/\/www.intoscana.it\/it\/giardino-iris-firenze-2024\/#primaryimage"},"image":{"@id":"https:\/\/www.intoscana.it\/it\/giardino-iris-firenze-2024\/#primaryimage"},"thumbnailUrl":"https:\/\/www.intoscana.it\/wp-content\/uploads\/giardino-di-boboli-giardino-delliris-245.jpg","datePublished":"2024-04-09T10:29:41+00:00","dateModified":"2024-04-09T11:15:30+00:00","author":{"@id":"https:\/\/www.intoscana.it\/it\/#\/schema\/person\/de95e1ed2c1c8c30a6922bbba3a90185"},"description":"Dal 25 aprile al 20 maggio a Firenze riapre il Giardino dell'Iris sotto piazzale Michelangelo dove fioriscono 1500 variet\u00e0 di questo fiore.","breadcrumb":{"@id":"https:\/\/www.intoscana.it\/it\/giardino-iris-firenze-2024\/#breadcrumb"},"inLanguage":"it-IT","potentialAction":[{"@type":"ReadAction","target":["https:\/\/www.intoscana.it\/it\/giardino-iris-firenze-2024\/"]}]},{"@type":"ImageObject","inLanguage":"it-IT","@id":"https:\/\/www.intoscana.it\/it\/giardino-iris-firenze-2024\/#primaryimage","url":"https:\/\/www.intoscana.it\/wp-content\/uploads\/giardino-di-boboli-giardino-delliris-245.jpg","contentUrl":"https:\/\/www.intoscana.it\/wp-content\/uploads\/giardino-di-boboli-giardino-delliris-245.jpg","width":1000,"height":750,"caption":"Giardino dell'iris"},{"@type":"BreadcrumbList","@id":"https:\/\/www.intoscana.it\/it\/giardino-iris-firenze-2024\/#breadcrumb","itemListElement":[{"@type":"ListItem","position":1,"name":"Home","item":"https:\/\/www.intoscana.it\/it\/"},{"@type":"ListItem","position":2,"name":"La primavera sboccia a Firenze: riapre lo storico Giardino dell&#8217;Iris"}]},{"@type":"WebSite","@id":"https:\/\/www.intoscana.it\/it\/#website","url":"https:\/\/www.intoscana.it\/it\/","name":"intoscana","description":"","potentialAction":[{"@type":"SearchAction","target":{"@type":"EntryPoint","urlTemplate":"https:\/\/www.intoscana.it\/it\/?s={search_term_string}"},"query-input":{"@type":"PropertyValueSpecification","valueRequired":true,"valueName":"search_term_string"}}],"inLanguage":"it-IT"},{"@type":"Person","@id":"https:\/\/www.intoscana.it\/it\/#\/schema\/person\/de95e1ed2c1c8c30a6922bbba3a90185","name":"Ilaria Giannini","sameAs":["https:\/\/x.com\/i.giannini@fst.it"],"url":"https:\/\/www.intoscana.it\/it\/author\/ilaria-giannini\/"}]}},"_links":{"self":[{"href":"https:\/\/www.intoscana.it\/it\/wp-json\/wp\/v2\/posts\/335125","targetHints":{"allow":["GET"]}}],"collection":[{"href":"https:\/\/www.intoscana.it\/it\/wp-json\/wp\/v2\/posts"}],"about":[{"href":"https:\/\/www.intoscana.it\/it\/wp-json\/wp\/v2\/types\/post"}],"author":[{"embeddable":true,"href":"https:\/\/www.intoscana.it\/it\/wp-json\/wp\/v2\/users\/502"}],"replies":[{"embeddable":true,"href":"https:\/\/www.intoscana.it\/it\/wp-json\/wp\/v2\/comments?post=335125"}],"version-history":[{"count":11,"href":"https:\/\/www.intoscana.it\/it\/wp-json\/wp\/v2\/posts\/335125\/revisions"}],"predecessor-version":[{"id":335147,"href":"https:\/\/www.intoscana.it\/it\/wp-json\/wp\/v2\/posts\/335125\/revisions\/335147"}],"wp:featuredmedia":[{"embeddable":true,"href":"https:\/\/www.intoscana.it\/it\/wp-json\/wp\/v2\/media\/69199"}],"wp:attachment":[{"href":"https:\/\/www.intoscana.it\/it\/wp-json\/wp\/v2\/media?parent=335125"}],"wp:term":[{"taxonomy":"category","embeddable":true,"href":"https:\/\/www.intoscana.it\/it\/wp-json\/wp\/v2\/categories?post=335125"},{"taxonomy":"post_tag","embeddable":true,"href":"https:\/\/www.intoscana.it\/it\/wp-json\/wp\/v2\/tags?post=335125"}],"curies":[{"name":"wp","href":"https:\/\/api.w.org\/{rel}","templated":true}]}}