{"id":335178,"date":"2024-04-09T15:44:50","date_gmt":"2024-04-09T13:44:50","guid":{"rendered":"https:\/\/www.intoscana.it\/it\/?p=335178"},"modified":"2024-04-09T17:11:06","modified_gmt":"2024-04-09T15:11:06","slug":"tradizione-e-show-in-cucina-giorgione-fusca-ospiti-di-la-toscana-in-bocca","status":"publish","type":"post","link":"https:\/\/www.intoscana.it\/it\/tradizione-e-show-in-cucina-giorgione-fusca-ospiti-di-la-toscana-in-bocca\/","title":{"rendered":"Tradizione e show in cucina: Giorgione e Fusca ospiti di &#8220;La Toscana in Bocca&#8221;"},"content":{"rendered":"<p>La cucina, rigorosamente tradizionale toscana, fatta a regola d&#8217;arte dai ristoratori locali e chef stellati, poi degustazioni, incontri, cooking show e musica dal vivo. La settima edizione di <strong>&#8220;La Toscana in Bocca&#8221;<\/strong> sar\u00e0 ricca di novit\u00e0 e superospiti: <mark>Giorgione, poi Federico Fusca e Claudio Sadler solo per citarne alcuni.<\/mark> Dal 25 al 28 aprile l&#8217;appuntamento \u00e8 a Pistoia, alla Cattedrale ex Breda. 30 le aziende coinvolte, per pi\u00f9 di 60 portate nel\u00a0 men\u00f9, per l&#8217;evento inserito all&#8217;interno del circuito di <strong>Vetrina Toscana<\/strong>, il progetto sul turismo enogastronomico della Regione nato per valorizzare la ristorazione di qualit\u00e0.<\/p>\n<p>I dettagli della manifestazione, organizzata dal Consorzio Turistico Citt\u00e0 di Pistoia e promossa da Confcommercio Pistoia e Prato, sono stati illustrati dagli organizzatori insieme al <mark>presidente della Regione Eugenio Giani, dal sindaco di Pistoia Alessandro Tomasi, del direttore di Confcommercio Pistoia e Prato, Tiziano Tempestini e del presidente di Confcommercio Toscana, Aldo Cursano.<\/mark><\/p>\n<p>L&#8217;obiettivo dell&#8217;appuntamento enogastronomico \u00e8 di diffondere conoscenza della cucina toscana e dei suoi prodotti, promuovere le imprese della ristorazione e di tutta la filiera agroalimentare del territorio oltre a valorizzare il legame tra enogastronomia locale e turismo.<\/p>\n<p>\u201cCon questa iniziativa \u2013 ha detto Giani \u2013 riprende un percorso interrotto nel 2019, rinnovando l\u2019appuntamento con un evento tra i pi\u00f9 importanti per quanto riguarda la valorizzazione delle tradizioni e delle tipicit\u00e0 toscane&#8221;. <mark>&#8220;Una manifestazione \u2013 ha concluso &#8211; che punta a promuovere il meglio di quelle produzioni che hanno reso famosa la Toscana in tutto il mondo e che poggia su un settore, quello agroalimentare, che ha da sempre rappresentato uno dei punti di forza della sua economia\u201d.<\/mark><\/p>\n<figure id=\"post-335205 media-335205\" class=\"align-none\"><img decoding=\"async\" src=\"https:\/\/www.intoscana.it\/wp-content\/uploads\/toscana-in-bocca-scaled.jpg\" alt=\"\" \/><\/figure>\n<div class=\"titleimg\">toscana in bocca<\/div>\n<h3><em>Il programma<\/em><\/h3>\n<p>Il taglio del nastro \u00e8 previsto per gioved\u00ec 25 aprile alle 12.30, alla presenza delle istituzioni, dei ristoratori coinvolti e di tutti i partner. In serata previsto lo spettacolo dei Gary Baldi Bros. Venerdi 26 aprile sul palco de La Toscana in Bocca salir\u00e0 lo chef pistoiese <strong>Federico Fusca<\/strong>. Dopo il talk, Fusca sieder\u00e0 in giuria per il contest dei ristoratori, sfida che rappresenta uno dei momenti pi\u00f9 attesi della manifestazione.<\/p>\n<p>Sabato 27 aprile, invece, i riflettori saranno puntati sullo show cooking con degustazione dello chef stellato <strong>Claudio Sadler<\/strong>.<\/p>\n<p>Domenica 28 aprile \u00e8 la giornata del superospite Giorgio Barchiesi, pi\u00f9 noto come <strong>Giorgione<\/strong>: salir\u00e0 sul palco alle 19 per un talk sui temi della ristorazione e si intratterr\u00e0 alla manifestazione per tutta la sera. Prima di lui, alle 17, sar\u00e0 la volta dell&#8217;antropologo, scrittore e fotografo Marco Aime, per una conferenza dal titolo &#8220;Un mondo in tavola: storie di viaggi e di cibi&#8221;<\/p>\n<p>Il programma completo disponibile <a href=\"https:\/\/latoscanainbocca.it\/\" target=\"_blank\" rel=\"noopener\">sul sito<\/a>.<\/p>\n","protected":false},"excerpt":{"rendered":"<p>Appuntamento dal 25 al 28 aprile a Pistoia all&#8217;ex Breda. 30 le aziende presenti, poi chef stellati, dimostrazioni, degustazioni, incontri e musica<\/p>\n","protected":false},"author":525,"featured_media":73351,"comment_status":"open","ping_status":"open","sticky":false,"template":"","format":"standard","meta":{"_acf_changed":false,"footnotes":""},"categories":[8],"tags":[4474,215],"class_list":["post-335178","post","type-post","status-publish","format-standard","has-post-thumbnail","hentry","category-enogastronomia","tag-eventi","tag-pistoia"],"acf":[],"yoast_head":"<!-- This site is optimized with the Yoast SEO Premium plugin v24.2 (Yoast SEO v25.6) - https:\/\/yoast.com\/wordpress\/plugins\/seo\/ -->\n<title>Tradizione e show in cucina: Giorgione e Fusca ospiti di &quot;La Toscana in Bocca&quot; - intoscana<\/title>\n<meta name=\"description\" content=\"Appuntamento dal 25 al 28 aprile a Pistoia all&#039;ex Breda. 30 le aziende presenti, poi chef stellati, dimostrazioni, degustazioni, incontri e musica.\" \/>\n<meta name=\"robots\" content=\"index, follow, max-snippet:-1, max-image-preview:large, max-video-preview:-1\" \/>\n<link rel=\"canonical\" href=\"https:\/\/www.intoscana.it\/it\/tradizione-e-show-in-cucina-giorgione-fusca-ospiti-di-la-toscana-in-bocca\/\" \/>\n<meta property=\"og:locale\" content=\"it_IT\" \/>\n<meta property=\"og:type\" content=\"article\" \/>\n<meta property=\"og:title\" content=\"Tradizione e show in cucina: Giorgione e Fusca ospiti di &quot;La Toscana in Bocca&quot;\" \/>\n<meta property=\"og:description\" content=\"Appuntamento dal 25 al 28 aprile a Pistoia all&#039;ex Breda. 30 le aziende presenti, poi chef stellati, dimostrazioni, degustazioni, incontri e musica.\" \/>\n<meta property=\"og:url\" content=\"https:\/\/www.intoscana.it\/it\/tradizione-e-show-in-cucina-giorgione-fusca-ospiti-di-la-toscana-in-bocca\/\" \/>\n<meta property=\"og:site_name\" content=\"intoscana\" \/>\n<meta property=\"article:publisher\" content=\"https:\/\/www.facebook.com\/intoscana.it\" \/>\n<meta property=\"article:published_time\" content=\"2024-04-09T13:44:50+00:00\" \/>\n<meta property=\"article:modified_time\" content=\"2024-04-09T15:11:06+00:00\" \/>\n<meta property=\"og:image\" content=\"https:\/\/www.intoscana.it\/wp-content\/uploads\/Giorgione1-e1712675462384.jpg\" \/>\n\t<meta property=\"og:image:width\" content=\"640\" \/>\n\t<meta property=\"og:image:height\" content=\"349\" \/>\n\t<meta property=\"og:image:type\" content=\"image\/jpeg\" \/>\n<meta name=\"author\" content=\"Redazione\" \/>\n<meta name=\"twitter:card\" content=\"summary_large_image\" \/>\n<meta name=\"twitter:creator\" content=\"@intoscana\" \/>\n<meta name=\"twitter:site\" content=\"@intoscana\" \/>\n<meta name=\"twitter:label1\" content=\"Written by\" \/>\n\t<meta name=\"twitter:data1\" content=\"Redazione\" \/>\n\t<meta name=\"twitter:label2\" content=\"Est. reading time\" \/>\n\t<meta name=\"twitter:data2\" content=\"3 minuti\" \/>\n<script type=\"application\/ld+json\" class=\"yoast-schema-graph\">{\"@context\":\"https:\/\/schema.org\",\"@graph\":[{\"@type\":\"WebPage\",\"@id\":\"https:\/\/www.intoscana.it\/it\/tradizione-e-show-in-cucina-giorgione-fusca-ospiti-di-la-toscana-in-bocca\/\",\"url\":\"https:\/\/www.intoscana.it\/it\/tradizione-e-show-in-cucina-giorgione-fusca-ospiti-di-la-toscana-in-bocca\/\",\"name\":\"Tradizione e show in cucina: Giorgione e Fusca ospiti di \\\"La Toscana in Bocca\\\" - intoscana\",\"isPartOf\":{\"@id\":\"https:\/\/www.intoscana.it\/it\/#website\"},\"primaryImageOfPage\":{\"@id\":\"https:\/\/www.intoscana.it\/it\/tradizione-e-show-in-cucina-giorgione-fusca-ospiti-di-la-toscana-in-bocca\/#primaryimage\"},\"image\":{\"@id\":\"https:\/\/www.intoscana.it\/it\/tradizione-e-show-in-cucina-giorgione-fusca-ospiti-di-la-toscana-in-bocca\/#primaryimage\"},\"thumbnailUrl\":\"https:\/\/www.intoscana.it\/wp-content\/uploads\/Giorgione1-e1712675462384.jpg\",\"datePublished\":\"2024-04-09T13:44:50+00:00\",\"dateModified\":\"2024-04-09T15:11:06+00:00\",\"author\":{\"@id\":\"https:\/\/www.intoscana.it\/it\/#\/schema\/person\/9223810753230f20bd670fdd322661f8\"},\"description\":\"Appuntamento dal 25 al 28 aprile a Pistoia all'ex Breda. 30 le aziende presenti, poi chef stellati, dimostrazioni, degustazioni, incontri e musica.\",\"breadcrumb\":{\"@id\":\"https:\/\/www.intoscana.it\/it\/tradizione-e-show-in-cucina-giorgione-fusca-ospiti-di-la-toscana-in-bocca\/#breadcrumb\"},\"inLanguage\":\"it-IT\",\"potentialAction\":[{\"@type\":\"ReadAction\",\"target\":[\"https:\/\/www.intoscana.it\/it\/tradizione-e-show-in-cucina-giorgione-fusca-ospiti-di-la-toscana-in-bocca\/\"]}]},{\"@type\":\"ImageObject\",\"inLanguage\":\"it-IT\",\"@id\":\"https:\/\/www.intoscana.it\/it\/tradizione-e-show-in-cucina-giorgione-fusca-ospiti-di-la-toscana-in-bocca\/#primaryimage\",\"url\":\"https:\/\/www.intoscana.it\/wp-content\/uploads\/Giorgione1-e1712675462384.jpg\",\"contentUrl\":\"https:\/\/www.intoscana.it\/wp-content\/uploads\/Giorgione1-e1712675462384.jpg\",\"width\":640,\"height\":349,\"caption\":\"Giorgione\"},{\"@type\":\"BreadcrumbList\",\"@id\":\"https:\/\/www.intoscana.it\/it\/tradizione-e-show-in-cucina-giorgione-fusca-ospiti-di-la-toscana-in-bocca\/#breadcrumb\",\"itemListElement\":[{\"@type\":\"ListItem\",\"position\":1,\"name\":\"Home\",\"item\":\"https:\/\/www.intoscana.it\/it\/\"},{\"@type\":\"ListItem\",\"position\":2,\"name\":\"Tradizione e show in cucina: Giorgione e Fusca ospiti di &#8220;La Toscana in Bocca&#8221;\"}]},{\"@type\":\"WebSite\",\"@id\":\"https:\/\/www.intoscana.it\/it\/#website\",\"url\":\"https:\/\/www.intoscana.it\/it\/\",\"name\":\"intoscana\",\"description\":\"\",\"potentialAction\":[{\"@type\":\"SearchAction\",\"target\":{\"@type\":\"EntryPoint\",\"urlTemplate\":\"https:\/\/www.intoscana.it\/it\/?s={search_term_string}\"},\"query-input\":{\"@type\":\"PropertyValueSpecification\",\"valueRequired\":true,\"valueName\":\"search_term_string\"}}],\"inLanguage\":\"it-IT\"},{\"@type\":\"Person\",\"@id\":\"https:\/\/www.intoscana.it\/it\/#\/schema\/person\/9223810753230f20bd670fdd322661f8\",\"name\":\"Redazione\",\"url\":\"https:\/\/www.intoscana.it\/it\/author\/redazione\/\"}]}<\/script>\n<!-- \/ Yoast SEO Premium plugin. -->","yoast_head_json":{"title":"Tradizione e show in cucina: Giorgione e Fusca ospiti di \"La Toscana in Bocca\" - intoscana","description":"Appuntamento dal 25 al 28 aprile a Pistoia all'ex Breda. 30 le aziende presenti, poi chef stellati, dimostrazioni, degustazioni, incontri e musica.","robots":{"index":"index","follow":"follow","max-snippet":"max-snippet:-1","max-image-preview":"max-image-preview:large","max-video-preview":"max-video-preview:-1"},"canonical":"https:\/\/www.intoscana.it\/it\/tradizione-e-show-in-cucina-giorgione-fusca-ospiti-di-la-toscana-in-bocca\/","og_locale":"it_IT","og_type":"article","og_title":"Tradizione e show in cucina: Giorgione e Fusca ospiti di \"La Toscana in Bocca\"","og_description":"Appuntamento dal 25 al 28 aprile a Pistoia all'ex Breda. 30 le aziende presenti, poi chef stellati, dimostrazioni, degustazioni, incontri e musica.","og_url":"https:\/\/www.intoscana.it\/it\/tradizione-e-show-in-cucina-giorgione-fusca-ospiti-di-la-toscana-in-bocca\/","og_site_name":"intoscana","article_publisher":"https:\/\/www.facebook.com\/intoscana.it","article_published_time":"2024-04-09T13:44:50+00:00","article_modified_time":"2024-04-09T15:11:06+00:00","og_image":[{"width":640,"height":349,"url":"https:\/\/www.intoscana.it\/wp-content\/uploads\/Giorgione1-e1712675462384.jpg","type":"image\/jpeg"}],"author":"Redazione","twitter_card":"summary_large_image","twitter_creator":"@intoscana","twitter_site":"@intoscana","twitter_misc":{"Written by":"Redazione","Est. reading time":"3 minuti"},"schema":{"@context":"https:\/\/schema.org","@graph":[{"@type":"WebPage","@id":"https:\/\/www.intoscana.it\/it\/tradizione-e-show-in-cucina-giorgione-fusca-ospiti-di-la-toscana-in-bocca\/","url":"https:\/\/www.intoscana.it\/it\/tradizione-e-show-in-cucina-giorgione-fusca-ospiti-di-la-toscana-in-bocca\/","name":"Tradizione e show in cucina: Giorgione e Fusca ospiti di \"La Toscana in Bocca\" - intoscana","isPartOf":{"@id":"https:\/\/www.intoscana.it\/it\/#website"},"primaryImageOfPage":{"@id":"https:\/\/www.intoscana.it\/it\/tradizione-e-show-in-cucina-giorgione-fusca-ospiti-di-la-toscana-in-bocca\/#primaryimage"},"image":{"@id":"https:\/\/www.intoscana.it\/it\/tradizione-e-show-in-cucina-giorgione-fusca-ospiti-di-la-toscana-in-bocca\/#primaryimage"},"thumbnailUrl":"https:\/\/www.intoscana.it\/wp-content\/uploads\/Giorgione1-e1712675462384.jpg","datePublished":"2024-04-09T13:44:50+00:00","dateModified":"2024-04-09T15:11:06+00:00","author":{"@id":"https:\/\/www.intoscana.it\/it\/#\/schema\/person\/9223810753230f20bd670fdd322661f8"},"description":"Appuntamento dal 25 al 28 aprile a Pistoia all'ex Breda. 30 le aziende presenti, poi chef stellati, dimostrazioni, degustazioni, incontri e musica.","breadcrumb":{"@id":"https:\/\/www.intoscana.it\/it\/tradizione-e-show-in-cucina-giorgione-fusca-ospiti-di-la-toscana-in-bocca\/#breadcrumb"},"inLanguage":"it-IT","potentialAction":[{"@type":"ReadAction","target":["https:\/\/www.intoscana.it\/it\/tradizione-e-show-in-cucina-giorgione-fusca-ospiti-di-la-toscana-in-bocca\/"]}]},{"@type":"ImageObject","inLanguage":"it-IT","@id":"https:\/\/www.intoscana.it\/it\/tradizione-e-show-in-cucina-giorgione-fusca-ospiti-di-la-toscana-in-bocca\/#primaryimage","url":"https:\/\/www.intoscana.it\/wp-content\/uploads\/Giorgione1-e1712675462384.jpg","contentUrl":"https:\/\/www.intoscana.it\/wp-content\/uploads\/Giorgione1-e1712675462384.jpg","width":640,"height":349,"caption":"Giorgione"},{"@type":"BreadcrumbList","@id":"https:\/\/www.intoscana.it\/it\/tradizione-e-show-in-cucina-giorgione-fusca-ospiti-di-la-toscana-in-bocca\/#breadcrumb","itemListElement":[{"@type":"ListItem","position":1,"name":"Home","item":"https:\/\/www.intoscana.it\/it\/"},{"@type":"ListItem","position":2,"name":"Tradizione e show in cucina: Giorgione e Fusca ospiti di &#8220;La Toscana in Bocca&#8221;"}]},{"@type":"WebSite","@id":"https:\/\/www.intoscana.it\/it\/#website","url":"https:\/\/www.intoscana.it\/it\/","name":"intoscana","description":"","potentialAction":[{"@type":"SearchAction","target":{"@type":"EntryPoint","urlTemplate":"https:\/\/www.intoscana.it\/it\/?s={search_term_string}"},"query-input":{"@type":"PropertyValueSpecification","valueRequired":true,"valueName":"search_term_string"}}],"inLanguage":"it-IT"},{"@type":"Person","@id":"https:\/\/www.intoscana.it\/it\/#\/schema\/person\/9223810753230f20bd670fdd322661f8","name":"Redazione","url":"https:\/\/www.intoscana.it\/it\/author\/redazione\/"}]}},"_links":{"self":[{"href":"https:\/\/www.intoscana.it\/it\/wp-json\/wp\/v2\/posts\/335178","targetHints":{"allow":["GET"]}}],"collection":[{"href":"https:\/\/www.intoscana.it\/it\/wp-json\/wp\/v2\/posts"}],"about":[{"href":"https:\/\/www.intoscana.it\/it\/wp-json\/wp\/v2\/types\/post"}],"author":[{"embeddable":true,"href":"https:\/\/www.intoscana.it\/it\/wp-json\/wp\/v2\/users\/525"}],"replies":[{"embeddable":true,"href":"https:\/\/www.intoscana.it\/it\/wp-json\/wp\/v2\/comments?post=335178"}],"version-history":[{"count":12,"href":"https:\/\/www.intoscana.it\/it\/wp-json\/wp\/v2\/posts\/335178\/revisions"}],"predecessor-version":[{"id":335243,"href":"https:\/\/www.intoscana.it\/it\/wp-json\/wp\/v2\/posts\/335178\/revisions\/335243"}],"wp:featuredmedia":[{"embeddable":true,"href":"https:\/\/www.intoscana.it\/it\/wp-json\/wp\/v2\/media\/73351"}],"wp:attachment":[{"href":"https:\/\/www.intoscana.it\/it\/wp-json\/wp\/v2\/media?parent=335178"}],"wp:term":[{"taxonomy":"category","embeddable":true,"href":"https:\/\/www.intoscana.it\/it\/wp-json\/wp\/v2\/categories?post=335178"},{"taxonomy":"post_tag","embeddable":true,"href":"https:\/\/www.intoscana.it\/it\/wp-json\/wp\/v2\/tags?post=335178"}],"curies":[{"name":"wp","href":"https:\/\/api.w.org\/{rel}","templated":true}]}}