{"id":335199,"date":"2024-04-09T15:47:25","date_gmt":"2024-04-09T13:47:25","guid":{"rendered":"https:\/\/www.intoscana.it\/it\/?p=335199"},"modified":"2024-04-09T15:48:27","modified_gmt":"2024-04-09T13:48:27","slug":"a-firenze-in-via-canova-nasce-un-giardino-sensoriale-e-inclusivo","status":"publish","type":"post","link":"https:\/\/www.intoscana.it\/it\/a-firenze-in-via-canova-nasce-un-giardino-sensoriale-e-inclusivo\/","title":{"rendered":"A Firenze in via Canova nasce un giardino sensoriale e inclusivo"},"content":{"rendered":"<p><strong>A Firenze<\/strong> \u00e8 stato inaugurato un <strong>nuovo giardino sensoriale e inclusivo,<\/strong> in uno spazio dove finora era presente solo un prato incolto e inutilizzabile.<\/p>\n<p>Il giardino \u00e8 stato creato in via Canova grazie a<strong> un investimento di 150mila euro<\/strong> (con fondi europei) con nuovi <strong>spazi per la convivialit\u00e0, nuovi giochi, alberi e percorsi attrezzati,<\/strong> un frutteto e cassoni per coltivare ortaggi.<\/p>\n<p>Il giardino si compone di quattro parti (&#8216;<strong><em>Ingresso&#8217;, &#8216;Giardino di Legno&#8217;, &#8216;Giardino di Erba&#8217; e &#8216;Giardino di Pietra&#8217;<\/em><\/strong>) caratterizzate da superfici, materiali, scelte botaniche diverse dove la persona che vi si trova immersa possa fare esperienza di diversi luoghi, connesse tra di loro da <strong>un percorso permeabile che percorre tutta l&#8217;area verde.<\/strong><\/p>\n<figure id=\"post-335202 media-335202\" class=\"align-none\"><img decoding=\"async\" src=\"https:\/\/www.intoscana.it\/wp-content\/uploads\/Inaugurazione-giardino-6-scaled.jpeg\" alt=\"\" \/><\/figure>\n<p>Per consentire la mobilit\u00e0 interna ai fruitori \u00e8 stato inserito <strong>un anello percorribile con l&#8217;ausilio di un corrimano<\/strong> per facilitare gli spostamenti.<\/p>\n<p>Nello sviluppo del progetto \u00e8 stata data <strong>particolare attenzione al consumo di acqua,<\/strong> riducendo la superficie a prato alla sola area centrale, e impiegando alberi e arbusti prevalentemente mediterranei a bassa richiesta idrica.<\/p>\n<p><em>&#8220;Questo giardino \u00e8 una novit\u00e0 per il quartiere e la citt\u00e0 &#8211; <\/em><strong>ha detto l&#8217;assessore all&#8217;Ambiente Andrea Giorgio <\/strong><em>&#8211; perch\u00e9 la riqualificazione ha compiuto un importante lavoro da un lato sull&#8217;esperienza sensoriale, per esempio con superfici diverse, dall&#8217;erba alla corteccia, pensati per camminare anche scalzi, e dall&#8217;altro sull&#8217;inclusione, con percorsi e orti in cassone dove potranno coltivare ortaggi anche persone con disabilit\u00e0. Questo luogo \u00e8 stato per troppo tempo un&#8217;area brulla e inutilizzata e ora, grazie a questo intervento realizzato con i fondi europei React, ha ricevuto la necessaria attenzione e riqualificazione&#8221;.<\/em><\/p>\n<figure id=\"post-335201 media-335201\" class=\"align-none\"><img decoding=\"async\" src=\"https:\/\/www.intoscana.it\/wp-content\/uploads\/Inaugurazione-giardino2-scaled.jpeg\" alt=\"\" \/><\/figure>\n<div class=\"titleimg\"><\/div>\n","protected":false},"excerpt":{"rendered":"<p>Il giardino \u00e8 stato creato grazie a un investimento di 150mila euro con fondi europei, al posto di uno spazio che prima era incolto e inutilizzabile<\/p>\n","protected":false},"author":525,"featured_media":335203,"comment_status":"open","ping_status":"open","sticky":false,"template":"","format":"standard","meta":{"_acf_changed":false,"footnotes":""},"categories":[494],"tags":[202,4601,6296],"class_list":["post-335199","post","type-post","status-publish","format-standard","has-post-thumbnail","hentry","category-attualita","tag-firenze","tag-green","tag-pnrr"],"acf":[],"yoast_head":"<!-- This site is optimized with the Yoast SEO Premium plugin v24.2 (Yoast SEO v25.6) - https:\/\/yoast.com\/wordpress\/plugins\/seo\/ -->\n<title>A Firenze in via Canova nasce un giardino sensoriale e inclusivo - intoscana<\/title>\n<meta name=\"description\" content=\"Il giardino \u00e8 stato creato in via Canova grazie a un investimento di 150mila euro con fondi europei al posto di uno spazio incolto\" \/>\n<meta name=\"robots\" content=\"index, follow, max-snippet:-1, max-image-preview:large, max-video-preview:-1\" \/>\n<link rel=\"canonical\" href=\"https:\/\/www.intoscana.it\/it\/a-firenze-in-via-canova-nasce-un-giardino-sensoriale-e-inclusivo\/\" \/>\n<meta property=\"og:locale\" content=\"it_IT\" \/>\n<meta property=\"og:type\" content=\"article\" \/>\n<meta property=\"og:title\" content=\"A Firenze in via Canova nasce un giardino sensoriale e inclusivo\" \/>\n<meta property=\"og:description\" content=\"Il giardino \u00e8 stato creato in via Canova grazie a un investimento di 150mila euro con fondi europei al posto di uno spazio incolto\" \/>\n<meta property=\"og:url\" content=\"https:\/\/www.intoscana.it\/it\/a-firenze-in-via-canova-nasce-un-giardino-sensoriale-e-inclusivo\/\" \/>\n<meta property=\"og:site_name\" content=\"intoscana\" \/>\n<meta property=\"article:publisher\" content=\"https:\/\/www.facebook.com\/intoscana.it\" \/>\n<meta property=\"article:published_time\" content=\"2024-04-09T13:47:25+00:00\" \/>\n<meta property=\"article:modified_time\" content=\"2024-04-09T13:48:27+00:00\" \/>\n<meta property=\"og:image\" content=\"https:\/\/www.intoscana.it\/wp-content\/uploads\/Inaugurazione-giardino-1-scaled.jpeg\" \/>\n\t<meta property=\"og:image:width\" content=\"2048\" \/>\n\t<meta property=\"og:image:height\" content=\"1366\" \/>\n\t<meta property=\"og:image:type\" content=\"image\/jpeg\" \/>\n<meta name=\"author\" content=\"Redazione\" \/>\n<meta name=\"twitter:card\" content=\"summary_large_image\" \/>\n<meta name=\"twitter:creator\" content=\"@intoscana\" \/>\n<meta name=\"twitter:site\" content=\"@intoscana\" \/>\n<meta name=\"twitter:label1\" content=\"Written by\" \/>\n\t<meta name=\"twitter:data1\" content=\"Redazione\" \/>\n\t<meta name=\"twitter:label2\" content=\"Est. reading time\" \/>\n\t<meta name=\"twitter:data2\" content=\"2 minuti\" \/>\n<script type=\"application\/ld+json\" class=\"yoast-schema-graph\">{\"@context\":\"https:\/\/schema.org\",\"@graph\":[{\"@type\":\"WebPage\",\"@id\":\"https:\/\/www.intoscana.it\/it\/a-firenze-in-via-canova-nasce-un-giardino-sensoriale-e-inclusivo\/\",\"url\":\"https:\/\/www.intoscana.it\/it\/a-firenze-in-via-canova-nasce-un-giardino-sensoriale-e-inclusivo\/\",\"name\":\"A Firenze in via Canova nasce un giardino sensoriale e inclusivo - intoscana\",\"isPartOf\":{\"@id\":\"https:\/\/www.intoscana.it\/it\/#website\"},\"primaryImageOfPage\":{\"@id\":\"https:\/\/www.intoscana.it\/it\/a-firenze-in-via-canova-nasce-un-giardino-sensoriale-e-inclusivo\/#primaryimage\"},\"image\":{\"@id\":\"https:\/\/www.intoscana.it\/it\/a-firenze-in-via-canova-nasce-un-giardino-sensoriale-e-inclusivo\/#primaryimage\"},\"thumbnailUrl\":\"https:\/\/www.intoscana.it\/wp-content\/uploads\/Inaugurazione-giardino-1-scaled.jpeg\",\"datePublished\":\"2024-04-09T13:47:25+00:00\",\"dateModified\":\"2024-04-09T13:48:27+00:00\",\"author\":{\"@id\":\"https:\/\/www.intoscana.it\/it\/#\/schema\/person\/9223810753230f20bd670fdd322661f8\"},\"description\":\"Il giardino \u00e8 stato creato in via Canova grazie a un investimento di 150mila euro con fondi europei al posto di uno spazio incolto\",\"breadcrumb\":{\"@id\":\"https:\/\/www.intoscana.it\/it\/a-firenze-in-via-canova-nasce-un-giardino-sensoriale-e-inclusivo\/#breadcrumb\"},\"inLanguage\":\"it-IT\",\"potentialAction\":[{\"@type\":\"ReadAction\",\"target\":[\"https:\/\/www.intoscana.it\/it\/a-firenze-in-via-canova-nasce-un-giardino-sensoriale-e-inclusivo\/\"]}]},{\"@type\":\"ImageObject\",\"inLanguage\":\"it-IT\",\"@id\":\"https:\/\/www.intoscana.it\/it\/a-firenze-in-via-canova-nasce-un-giardino-sensoriale-e-inclusivo\/#primaryimage\",\"url\":\"https:\/\/www.intoscana.it\/wp-content\/uploads\/Inaugurazione-giardino-1-scaled.jpeg\",\"contentUrl\":\"https:\/\/www.intoscana.it\/wp-content\/uploads\/Inaugurazione-giardino-1-scaled.jpeg\",\"width\":2048,\"height\":1366,\"caption\":\"UFFICIO STAMPA COMUNE DI FIRENZE Via Canova con Intersezione di Via Fedi Isolotto Inaugurazione del Giardino Comunale Sensoriale e piccolo orto sociale Presenti Il Presidente del Q4 Mirko Dormentoni e L\u2019assessore all\u2019ambiente del Comune di Firenze Andrea Giorgio CGE FOTOGIORNALISMO Firenze, 05 04 2024\"},{\"@type\":\"BreadcrumbList\",\"@id\":\"https:\/\/www.intoscana.it\/it\/a-firenze-in-via-canova-nasce-un-giardino-sensoriale-e-inclusivo\/#breadcrumb\",\"itemListElement\":[{\"@type\":\"ListItem\",\"position\":1,\"name\":\"Home\",\"item\":\"https:\/\/www.intoscana.it\/it\/\"},{\"@type\":\"ListItem\",\"position\":2,\"name\":\"A Firenze in via Canova nasce un giardino sensoriale e inclusivo\"}]},{\"@type\":\"WebSite\",\"@id\":\"https:\/\/www.intoscana.it\/it\/#website\",\"url\":\"https:\/\/www.intoscana.it\/it\/\",\"name\":\"intoscana\",\"description\":\"\",\"potentialAction\":[{\"@type\":\"SearchAction\",\"target\":{\"@type\":\"EntryPoint\",\"urlTemplate\":\"https:\/\/www.intoscana.it\/it\/?s={search_term_string}\"},\"query-input\":{\"@type\":\"PropertyValueSpecification\",\"valueRequired\":true,\"valueName\":\"search_term_string\"}}],\"inLanguage\":\"it-IT\"},{\"@type\":\"Person\",\"@id\":\"https:\/\/www.intoscana.it\/it\/#\/schema\/person\/9223810753230f20bd670fdd322661f8\",\"name\":\"Redazione\",\"url\":\"https:\/\/www.intoscana.it\/it\/author\/redazione\/\"}]}<\/script>\n<!-- \/ Yoast SEO Premium plugin. -->","yoast_head_json":{"title":"A Firenze in via Canova nasce un giardino sensoriale e inclusivo - intoscana","description":"Il giardino \u00e8 stato creato in via Canova grazie a un investimento di 150mila euro con fondi europei al posto di uno spazio incolto","robots":{"index":"index","follow":"follow","max-snippet":"max-snippet:-1","max-image-preview":"max-image-preview:large","max-video-preview":"max-video-preview:-1"},"canonical":"https:\/\/www.intoscana.it\/it\/a-firenze-in-via-canova-nasce-un-giardino-sensoriale-e-inclusivo\/","og_locale":"it_IT","og_type":"article","og_title":"A Firenze in via Canova nasce un giardino sensoriale e inclusivo","og_description":"Il giardino \u00e8 stato creato in via Canova grazie a un investimento di 150mila euro con fondi europei al posto di uno spazio incolto","og_url":"https:\/\/www.intoscana.it\/it\/a-firenze-in-via-canova-nasce-un-giardino-sensoriale-e-inclusivo\/","og_site_name":"intoscana","article_publisher":"https:\/\/www.facebook.com\/intoscana.it","article_published_time":"2024-04-09T13:47:25+00:00","article_modified_time":"2024-04-09T13:48:27+00:00","og_image":[{"width":2048,"height":1366,"url":"https:\/\/www.intoscana.it\/wp-content\/uploads\/Inaugurazione-giardino-1-scaled.jpeg","type":"image\/jpeg"}],"author":"Redazione","twitter_card":"summary_large_image","twitter_creator":"@intoscana","twitter_site":"@intoscana","twitter_misc":{"Written by":"Redazione","Est. reading time":"2 minuti"},"schema":{"@context":"https:\/\/schema.org","@graph":[{"@type":"WebPage","@id":"https:\/\/www.intoscana.it\/it\/a-firenze-in-via-canova-nasce-un-giardino-sensoriale-e-inclusivo\/","url":"https:\/\/www.intoscana.it\/it\/a-firenze-in-via-canova-nasce-un-giardino-sensoriale-e-inclusivo\/","name":"A Firenze in via Canova nasce un giardino sensoriale e inclusivo - intoscana","isPartOf":{"@id":"https:\/\/www.intoscana.it\/it\/#website"},"primaryImageOfPage":{"@id":"https:\/\/www.intoscana.it\/it\/a-firenze-in-via-canova-nasce-un-giardino-sensoriale-e-inclusivo\/#primaryimage"},"image":{"@id":"https:\/\/www.intoscana.it\/it\/a-firenze-in-via-canova-nasce-un-giardino-sensoriale-e-inclusivo\/#primaryimage"},"thumbnailUrl":"https:\/\/www.intoscana.it\/wp-content\/uploads\/Inaugurazione-giardino-1-scaled.jpeg","datePublished":"2024-04-09T13:47:25+00:00","dateModified":"2024-04-09T13:48:27+00:00","author":{"@id":"https:\/\/www.intoscana.it\/it\/#\/schema\/person\/9223810753230f20bd670fdd322661f8"},"description":"Il giardino \u00e8 stato creato in via Canova grazie a un investimento di 150mila euro con fondi europei al posto di uno spazio incolto","breadcrumb":{"@id":"https:\/\/www.intoscana.it\/it\/a-firenze-in-via-canova-nasce-un-giardino-sensoriale-e-inclusivo\/#breadcrumb"},"inLanguage":"it-IT","potentialAction":[{"@type":"ReadAction","target":["https:\/\/www.intoscana.it\/it\/a-firenze-in-via-canova-nasce-un-giardino-sensoriale-e-inclusivo\/"]}]},{"@type":"ImageObject","inLanguage":"it-IT","@id":"https:\/\/www.intoscana.it\/it\/a-firenze-in-via-canova-nasce-un-giardino-sensoriale-e-inclusivo\/#primaryimage","url":"https:\/\/www.intoscana.it\/wp-content\/uploads\/Inaugurazione-giardino-1-scaled.jpeg","contentUrl":"https:\/\/www.intoscana.it\/wp-content\/uploads\/Inaugurazione-giardino-1-scaled.jpeg","width":2048,"height":1366,"caption":"UFFICIO STAMPA COMUNE DI FIRENZE Via Canova con Intersezione di Via Fedi Isolotto Inaugurazione del Giardino Comunale Sensoriale e piccolo orto sociale Presenti Il Presidente del Q4 Mirko Dormentoni e L\u2019assessore all\u2019ambiente del Comune di Firenze Andrea Giorgio CGE FOTOGIORNALISMO Firenze, 05 04 2024"},{"@type":"BreadcrumbList","@id":"https:\/\/www.intoscana.it\/it\/a-firenze-in-via-canova-nasce-un-giardino-sensoriale-e-inclusivo\/#breadcrumb","itemListElement":[{"@type":"ListItem","position":1,"name":"Home","item":"https:\/\/www.intoscana.it\/it\/"},{"@type":"ListItem","position":2,"name":"A Firenze in via Canova nasce un giardino sensoriale e inclusivo"}]},{"@type":"WebSite","@id":"https:\/\/www.intoscana.it\/it\/#website","url":"https:\/\/www.intoscana.it\/it\/","name":"intoscana","description":"","potentialAction":[{"@type":"SearchAction","target":{"@type":"EntryPoint","urlTemplate":"https:\/\/www.intoscana.it\/it\/?s={search_term_string}"},"query-input":{"@type":"PropertyValueSpecification","valueRequired":true,"valueName":"search_term_string"}}],"inLanguage":"it-IT"},{"@type":"Person","@id":"https:\/\/www.intoscana.it\/it\/#\/schema\/person\/9223810753230f20bd670fdd322661f8","name":"Redazione","url":"https:\/\/www.intoscana.it\/it\/author\/redazione\/"}]}},"_links":{"self":[{"href":"https:\/\/www.intoscana.it\/it\/wp-json\/wp\/v2\/posts\/335199","targetHints":{"allow":["GET"]}}],"collection":[{"href":"https:\/\/www.intoscana.it\/it\/wp-json\/wp\/v2\/posts"}],"about":[{"href":"https:\/\/www.intoscana.it\/it\/wp-json\/wp\/v2\/types\/post"}],"author":[{"embeddable":true,"href":"https:\/\/www.intoscana.it\/it\/wp-json\/wp\/v2\/users\/525"}],"replies":[{"embeddable":true,"href":"https:\/\/www.intoscana.it\/it\/wp-json\/wp\/v2\/comments?post=335199"}],"version-history":[{"count":2,"href":"https:\/\/www.intoscana.it\/it\/wp-json\/wp\/v2\/posts\/335199\/revisions"}],"predecessor-version":[{"id":335214,"href":"https:\/\/www.intoscana.it\/it\/wp-json\/wp\/v2\/posts\/335199\/revisions\/335214"}],"wp:featuredmedia":[{"embeddable":true,"href":"https:\/\/www.intoscana.it\/it\/wp-json\/wp\/v2\/media\/335203"}],"wp:attachment":[{"href":"https:\/\/www.intoscana.it\/it\/wp-json\/wp\/v2\/media?parent=335199"}],"wp:term":[{"taxonomy":"category","embeddable":true,"href":"https:\/\/www.intoscana.it\/it\/wp-json\/wp\/v2\/categories?post=335199"},{"taxonomy":"post_tag","embeddable":true,"href":"https:\/\/www.intoscana.it\/it\/wp-json\/wp\/v2\/tags?post=335199"}],"curies":[{"name":"wp","href":"https:\/\/api.w.org\/{rel}","templated":true}]}}