{"id":335277,"date":"2024-04-10T13:57:38","date_gmt":"2024-04-10T11:57:38","guid":{"rendered":"https:\/\/www.intoscana.it\/it\/?p=335277"},"modified":"2024-04-10T15:14:37","modified_gmt":"2024-04-10T13:14:37","slug":"storie-di-imperatori-dei-e-cavatori-del-marmo-tra-sacrificio-e-lusso-in-una-grande-mostra-a-carrara","status":"publish","type":"post","link":"https:\/\/www.intoscana.it\/it\/storie-di-imperatori-dei-e-cavatori-del-marmo-tra-sacrificio-e-lusso-in-una-grande-mostra-a-carrara\/","title":{"rendered":"Storie di imperatori e cavatori del marmo tra potere e sacrificio in una grande mostra a Carrara"},"content":{"rendered":"<p><strong>Le pietre ci parlano<\/strong> e ci raccontano che gli umani vissuti secoli fa non erano forse cos\u00ec diversi da noi. Ridevano come noi, piangevano come noi e come noi soffrivano e faticavano estraendo il marmo dalle cave. <strong>Quello stesso marmo che sarebbe servito a renderli immortali.<\/strong><\/p>\n<p><strong>Gli imperatori di Roma, i loro schiavi e i loro liberti, gli appaltatori, i commercianti<\/strong>\u00a0e, ovviamente,<strong> i cavatori<\/strong> sono i protagonisti di una storia nella quale la<strong> fatica e il sacrificio di molti uomini<\/strong> sono indissolubilmente legati alla <strong>propaganda politica e al lusso<\/strong> che il marmo esprimeva e esprime ancora oggi.<\/p>\n<p>S\u2019intitola <strong><em>&#8220;Romana Marmora. Storie di imperatori, dei e cavatori&#8221;<\/em> <\/strong>la grande mostra dedicata alla <strong>Cava romana di marmo bardiglio di Fossacava<\/strong> dal 25 maggio 2024 al 12 gennaio 2025 al <a href=\"https:\/\/carmi.museocarraraemichelangelo.it\/index.php?id_sezione=4759&amp;id_oggetto=0&amp;id_doc=53&amp;id_categoria=0\" target=\"_blank\" rel=\"noopener\"><strong>CARMI museo CARRARA e Michelangelo.<\/strong><\/a><\/p>\n<p><em>\u201cRaccontare i marmi romani e il bardiglio di Fossacava\u201d, <\/em><strong>ha dichiarato Gea Dazzi, assessora alla Cultura &#8211;<\/strong><em> significa raccontare le origini del nostro territorio, legato all\u2019escavazione del marmo e alla sua diffusione nel mondo, ma soprattutto legato alla grande perizia di uomini che qui si sono formati e hanno imparato mestieri unici come quello del cavare il marmo e quello di lavorarlo con una sapienza magistrale da diffondere e preservare. Input della mostra \u00e8 quello di creare consapevolezza e conoscenza della nostra identit\u00e0 nei visitatori che ci auguriamo numerosi. Spero pertanto che le generazioni pi\u00f9 giovani e gli studenti, anche grazie al taglio divulgativo pensato dai curatori, possano trarre informazioni importanti su un territorio unico al mondo\u201d.<\/em><\/p>\n<figure id=\"post-335281 media-335281\" class=\"align-none\">\n<figure><\/figure>\n<figure><\/figure>\n<figure id=\"post-335283 media-335283\" class=\"align-none\"><img decoding=\"async\" src=\"https:\/\/www.intoscana.it\/wp-content\/uploads\/veduta-area-archeologica-fossacava-2.jpg.webp\" alt=\"\" \/><\/figure>\n<\/figure>\n<h3>La cava romana di Fossacava<\/h3>\n<p><strong>Fossacava,<\/strong> che si trova sulla <strong>Strada comunale per <a href=\"https:\/\/www.intoscana.it\/it\/david-kobra-carrara\/\" target=\"_blank\" rel=\"noopener\">Colonnata<\/a><\/strong>, \u00e8 una delle cave di et\u00e0 romana oggi meglio conosciute. \u00a0<strong>Il sito di Fossacava,<\/strong> infatti, \u00e8 tra i pochissimi ad essere stato oggetto di <strong>uno scavo archeologico stratigrafico.<\/strong><\/p>\n<p>Le indagini, condotte <strong>nel 2015 dal Comune di <a href=\"https:\/\/www.intoscana.it\/it\/yves-saint-laurent-cave-carrara-eva-herzigova\/\" target=\"_blank\" rel=\"noopener\">Carrara<\/a> e dalla Soprintendenza Archeologica della Toscana<\/strong> hanno permesso di ricostruire la storia della cava in tutti i suoi aspetti.<\/p>\n<p>In particolare sono stati individuati e studiati <strong>i prodotti semilavorati che qui venivano estratti<\/strong>, il personale che vi lavorava e le modalit\u00e0 con le quali la cava era gestita dall\u2019<strong>amministrazione imperiale romana.<\/strong><\/p>\n<p><strong>Nel 2021 il sito di Fossacava \u00e8 stato aperto al pubblico<\/strong> con un percorso ampliato e rinnovato, che ha fatto registrare <strong>una presenza annuale di 10.000 visitatori <\/strong>e ha confermato lo <strong>straordinario interesse per questo sito.<\/strong><\/p>\n<p><iframe loading=\"lazy\" title=\"YouTube video player\" src=\"https:\/\/www.youtube.com\/embed\/oU65rhnRPdA?si=pjIloZ7ZOepZBX0l\" width=\"800\" height=\"450\" frameborder=\"0\" allowfullscreen=\"allowfullscreen\"><span data-mce-type=\"bookmark\" style=\"display: inline-block; width: 0px; overflow: hidden; line-height: 0;\" class=\"mce_SELRES_start\">\ufeff<\/span><\/iframe><\/p>\n<h3>La mostra<\/h3>\n<p>L\u2019esposizione <strong><em>&#8220;Romana marmora. Storie di imperatori, dei e cavatori&#8221;<\/em><\/strong> vuole raccontare al pubblico la vicenda storica della <strong>cava di Fossacava,<\/strong> conferendogli un rilievo di respiro regionale e nazionale.<\/p>\n<p><strong>Il percorso espositivo<\/strong> si articoler\u00e0 in quattro sezioni: <em><strong>Luni e le sue cave di marmo<\/strong>, <strong>Fossacava. Storia di una cava, dall\u2019et\u00e0 romana allo scavo archeologico, Gli d\u00e8i dei cavatori. La religione a Fossacava, La fortuna del bardiglio nell\u2019Impero.<\/strong><\/em><\/p>\n<p>Partendo dalla storia della<strong> colonia di Luni,<\/strong> nel cui territorio si trovavano le<a href=\"https:\/\/www.intoscana.it\/it\/paolo-carli-henraux\/\" target=\"_blank\" rel=\"noopener\"><strong> cave di Carrara<\/strong><\/a>, si approfondiranno i temi delle <strong>antiche tecniche estrattive,<\/strong> dei prodotti e della gestione delle cave, si mostreranno i diversi utilizzi del <strong>marmo bardiglio<\/strong> e la loro diffusione nell\u2019ambito dell\u2019<strong>Impero Romano,<\/strong> oltre a gettare uno sguardo sulla religiosit\u00e0 di quanti frequentavano i bacini estrattivi.<\/p>\n<p>L\u2019evento espositivo sar\u00e0 accompagnato da un apparato didattico che vede anche <strong>uno storytelling dedicato ai bambini,<\/strong> nel quale uno dei personaggi attestati dalle epigrafi racconter\u00e0 la propria storia, coinvolgendo i piccoli visitatori in una <strong>caccia al tesoro<\/strong>.<\/p>\n<p>La mostra prevede anche<strong> laboratori e visite guidate rivolte alle scuole<\/strong> e conferenze a tema rivolte al pubblico degli adulti.<\/p>\n<p>Promossa dal <a href=\"https:\/\/www.intoscana.it\/it\/dettaglio-video\/ioabbracciolatoscana-le-cave-di-marmo-di-carrara\/\" target=\"_blank\" rel=\"noopener\"><strong>Comune di Carrara<\/strong> <\/a>e dalla Soprintendenza ABAP per le Province di Lucca e Massa Carrara, con il sostegno della Fondazione Cassa di risparmio di Carrara, l\u2019esposizione \u00e8 curata da<strong> Giulia Picchi,<\/strong> funzionario archeologo Soprintendenza ABAP per le Province di Lucca e Massa Carrara, e da <strong>Stefano Genovesi,<\/strong> direttore del<strong> Museo del marmo di Carrara e dell\u2019Area archeologica di Fossacava.<\/strong><\/p>\n<figure id=\"post-335279 media-335279\" class=\"align-none\"><img decoding=\"async\" src=\"https:\/\/www.intoscana.it\/wp-content\/uploads\/romana-marmora-imperatore-loricato.jpg.webp\" alt=\"\" \/><\/figure>\n<div class=\"titleimg\"><\/div>\n<p>&nbsp;<\/p>\n","protected":false},"excerpt":{"rendered":"<p>Dal 25 maggio 2024 al 12 gennaio 2025 al CARMI museo CARRARA e Michelangelo si terr\u00e0 un&#8217;esposizione che racconter\u00e0 tramite reperti, video e documenti la storia della cava romana di marmo bardiglio di Fossacava<\/p>\n","protected":false},"author":518,"featured_media":335281,"comment_status":"open","ping_status":"open","sticky":false,"template":"","format":"standard","meta":{"_acf_changed":false,"footnotes":""},"categories":[493],"tags":[268,222],"class_list":["post-335277","post","type-post","status-publish","format-standard","has-post-thumbnail","hentry","category-cultura","tag-carrara","tag-mostre"],"acf":[],"yoast_head":"<!-- This site is optimized with the Yoast SEO Premium plugin v24.2 (Yoast SEO v25.6) - https:\/\/yoast.com\/wordpress\/plugins\/seo\/ -->\n<title>Storie di imperatori e cavatori del marmo tra potere e sacrificio in una grande mostra a Carrara - intoscana<\/title>\n<meta name=\"description\" content=\"Dal 25 maggio 2024 al 12 gennaio 2025 al CARMI museo CARRARA e Michelangelo una grande mostra dedicata alla cava romana di Fossacava\" \/>\n<meta name=\"robots\" content=\"index, follow, max-snippet:-1, max-image-preview:large, max-video-preview:-1\" \/>\n<link rel=\"canonical\" href=\"https:\/\/www.intoscana.it\/it\/storie-di-imperatori-dei-e-cavatori-del-marmo-tra-sacrificio-e-lusso-in-una-grande-mostra-a-carrara\/\" \/>\n<meta property=\"og:locale\" content=\"it_IT\" \/>\n<meta property=\"og:type\" content=\"article\" \/>\n<meta property=\"og:title\" content=\"Storie di imperatori e cavatori del marmo tra potere e sacrificio in una grande mostra a Carrara\" \/>\n<meta property=\"og:description\" content=\"Dal 25 maggio 2024 al 12 gennaio 2025 al CARMI museo CARRARA e Michelangelo una grande mostra dedicata alla cava romana di Fossacava\" \/>\n<meta property=\"og:url\" content=\"https:\/\/www.intoscana.it\/it\/storie-di-imperatori-dei-e-cavatori-del-marmo-tra-sacrificio-e-lusso-in-una-grande-mostra-a-carrara\/\" \/>\n<meta property=\"og:site_name\" content=\"intoscana\" \/>\n<meta property=\"article:publisher\" content=\"https:\/\/www.facebook.com\/intoscana.it\" \/>\n<meta property=\"article:published_time\" content=\"2024-04-10T11:57:38+00:00\" \/>\n<meta property=\"article:modified_time\" content=\"2024-04-10T13:14:37+00:00\" \/>\n<meta property=\"og:image\" content=\"https:\/\/www.intoscana.it\/wp-content\/uploads\/veduta-area-archeologica-fossacava-4.jpg-e1712752620972.webp\" \/>\n\t<meta property=\"og:image:width\" content=\"860\" \/>\n\t<meta property=\"og:image:height\" content=\"488\" \/>\n\t<meta property=\"og:image:type\" content=\"image\/webp\" \/>\n<meta name=\"author\" content=\"Costanza Baldini\" \/>\n<meta name=\"twitter:card\" content=\"summary_large_image\" \/>\n<meta name=\"twitter:creator\" content=\"@intoscana\" \/>\n<meta name=\"twitter:site\" content=\"@intoscana\" \/>\n<meta name=\"twitter:label1\" content=\"Written by\" \/>\n\t<meta name=\"twitter:data1\" content=\"Costanza Baldini\" \/>\n\t<meta name=\"twitter:label2\" content=\"Est. reading time\" \/>\n\t<meta name=\"twitter:data2\" content=\"4 minuti\" \/>\n<script type=\"application\/ld+json\" class=\"yoast-schema-graph\">{\"@context\":\"https:\/\/schema.org\",\"@graph\":[{\"@type\":\"WebPage\",\"@id\":\"https:\/\/www.intoscana.it\/it\/storie-di-imperatori-dei-e-cavatori-del-marmo-tra-sacrificio-e-lusso-in-una-grande-mostra-a-carrara\/\",\"url\":\"https:\/\/www.intoscana.it\/it\/storie-di-imperatori-dei-e-cavatori-del-marmo-tra-sacrificio-e-lusso-in-una-grande-mostra-a-carrara\/\",\"name\":\"Storie di imperatori e cavatori del marmo tra potere e sacrificio in una grande mostra a Carrara - intoscana\",\"isPartOf\":{\"@id\":\"https:\/\/www.intoscana.it\/it\/#website\"},\"primaryImageOfPage\":{\"@id\":\"https:\/\/www.intoscana.it\/it\/storie-di-imperatori-dei-e-cavatori-del-marmo-tra-sacrificio-e-lusso-in-una-grande-mostra-a-carrara\/#primaryimage\"},\"image\":{\"@id\":\"https:\/\/www.intoscana.it\/it\/storie-di-imperatori-dei-e-cavatori-del-marmo-tra-sacrificio-e-lusso-in-una-grande-mostra-a-carrara\/#primaryimage\"},\"thumbnailUrl\":\"https:\/\/www.intoscana.it\/wp-content\/uploads\/veduta-area-archeologica-fossacava-4.jpg-e1712752620972.webp\",\"datePublished\":\"2024-04-10T11:57:38+00:00\",\"dateModified\":\"2024-04-10T13:14:37+00:00\",\"author\":{\"@id\":\"https:\/\/www.intoscana.it\/it\/#\/schema\/person\/d469f35f09739bdf00bf5dd3f0647a82\"},\"description\":\"Dal 25 maggio 2024 al 12 gennaio 2025 al CARMI museo CARRARA e Michelangelo una grande mostra dedicata alla cava romana di Fossacava\",\"breadcrumb\":{\"@id\":\"https:\/\/www.intoscana.it\/it\/storie-di-imperatori-dei-e-cavatori-del-marmo-tra-sacrificio-e-lusso-in-una-grande-mostra-a-carrara\/#breadcrumb\"},\"inLanguage\":\"it-IT\",\"potentialAction\":[{\"@type\":\"ReadAction\",\"target\":[\"https:\/\/www.intoscana.it\/it\/storie-di-imperatori-dei-e-cavatori-del-marmo-tra-sacrificio-e-lusso-in-una-grande-mostra-a-carrara\/\"]}]},{\"@type\":\"ImageObject\",\"inLanguage\":\"it-IT\",\"@id\":\"https:\/\/www.intoscana.it\/it\/storie-di-imperatori-dei-e-cavatori-del-marmo-tra-sacrificio-e-lusso-in-una-grande-mostra-a-carrara\/#primaryimage\",\"url\":\"https:\/\/www.intoscana.it\/wp-content\/uploads\/veduta-area-archeologica-fossacava-4.jpg-e1712752620972.webp\",\"contentUrl\":\"https:\/\/www.intoscana.it\/wp-content\/uploads\/veduta-area-archeologica-fossacava-4.jpg-e1712752620972.webp\",\"width\":860,\"height\":488},{\"@type\":\"BreadcrumbList\",\"@id\":\"https:\/\/www.intoscana.it\/it\/storie-di-imperatori-dei-e-cavatori-del-marmo-tra-sacrificio-e-lusso-in-una-grande-mostra-a-carrara\/#breadcrumb\",\"itemListElement\":[{\"@type\":\"ListItem\",\"position\":1,\"name\":\"Home\",\"item\":\"https:\/\/www.intoscana.it\/it\/\"},{\"@type\":\"ListItem\",\"position\":2,\"name\":\"Storie di imperatori e cavatori del marmo tra potere e sacrificio in una grande mostra a Carrara\"}]},{\"@type\":\"WebSite\",\"@id\":\"https:\/\/www.intoscana.it\/it\/#website\",\"url\":\"https:\/\/www.intoscana.it\/it\/\",\"name\":\"intoscana\",\"description\":\"\",\"potentialAction\":[{\"@type\":\"SearchAction\",\"target\":{\"@type\":\"EntryPoint\",\"urlTemplate\":\"https:\/\/www.intoscana.it\/it\/?s={search_term_string}\"},\"query-input\":{\"@type\":\"PropertyValueSpecification\",\"valueRequired\":true,\"valueName\":\"search_term_string\"}}],\"inLanguage\":\"it-IT\"},{\"@type\":\"Person\",\"@id\":\"https:\/\/www.intoscana.it\/it\/#\/schema\/person\/d469f35f09739bdf00bf5dd3f0647a82\",\"name\":\"Costanza Baldini\",\"url\":\"https:\/\/www.intoscana.it\/it\/author\/costanza-baldini\/\"}]}<\/script>\n<!-- \/ Yoast SEO Premium plugin. -->","yoast_head_json":{"title":"Storie di imperatori e cavatori del marmo tra potere e sacrificio in una grande mostra a Carrara - intoscana","description":"Dal 25 maggio 2024 al 12 gennaio 2025 al CARMI museo CARRARA e Michelangelo una grande mostra dedicata alla cava romana di Fossacava","robots":{"index":"index","follow":"follow","max-snippet":"max-snippet:-1","max-image-preview":"max-image-preview:large","max-video-preview":"max-video-preview:-1"},"canonical":"https:\/\/www.intoscana.it\/it\/storie-di-imperatori-dei-e-cavatori-del-marmo-tra-sacrificio-e-lusso-in-una-grande-mostra-a-carrara\/","og_locale":"it_IT","og_type":"article","og_title":"Storie di imperatori e cavatori del marmo tra potere e sacrificio in una grande mostra a Carrara","og_description":"Dal 25 maggio 2024 al 12 gennaio 2025 al CARMI museo CARRARA e Michelangelo una grande mostra dedicata alla cava romana di Fossacava","og_url":"https:\/\/www.intoscana.it\/it\/storie-di-imperatori-dei-e-cavatori-del-marmo-tra-sacrificio-e-lusso-in-una-grande-mostra-a-carrara\/","og_site_name":"intoscana","article_publisher":"https:\/\/www.facebook.com\/intoscana.it","article_published_time":"2024-04-10T11:57:38+00:00","article_modified_time":"2024-04-10T13:14:37+00:00","og_image":[{"width":860,"height":488,"url":"https:\/\/www.intoscana.it\/wp-content\/uploads\/veduta-area-archeologica-fossacava-4.jpg-e1712752620972.webp","type":"image\/webp"}],"author":"Costanza Baldini","twitter_card":"summary_large_image","twitter_creator":"@intoscana","twitter_site":"@intoscana","twitter_misc":{"Written by":"Costanza Baldini","Est. reading time":"4 minuti"},"schema":{"@context":"https:\/\/schema.org","@graph":[{"@type":"WebPage","@id":"https:\/\/www.intoscana.it\/it\/storie-di-imperatori-dei-e-cavatori-del-marmo-tra-sacrificio-e-lusso-in-una-grande-mostra-a-carrara\/","url":"https:\/\/www.intoscana.it\/it\/storie-di-imperatori-dei-e-cavatori-del-marmo-tra-sacrificio-e-lusso-in-una-grande-mostra-a-carrara\/","name":"Storie di imperatori e cavatori del marmo tra potere e sacrificio in una grande mostra a Carrara - intoscana","isPartOf":{"@id":"https:\/\/www.intoscana.it\/it\/#website"},"primaryImageOfPage":{"@id":"https:\/\/www.intoscana.it\/it\/storie-di-imperatori-dei-e-cavatori-del-marmo-tra-sacrificio-e-lusso-in-una-grande-mostra-a-carrara\/#primaryimage"},"image":{"@id":"https:\/\/www.intoscana.it\/it\/storie-di-imperatori-dei-e-cavatori-del-marmo-tra-sacrificio-e-lusso-in-una-grande-mostra-a-carrara\/#primaryimage"},"thumbnailUrl":"https:\/\/www.intoscana.it\/wp-content\/uploads\/veduta-area-archeologica-fossacava-4.jpg-e1712752620972.webp","datePublished":"2024-04-10T11:57:38+00:00","dateModified":"2024-04-10T13:14:37+00:00","author":{"@id":"https:\/\/www.intoscana.it\/it\/#\/schema\/person\/d469f35f09739bdf00bf5dd3f0647a82"},"description":"Dal 25 maggio 2024 al 12 gennaio 2025 al CARMI museo CARRARA e Michelangelo una grande mostra dedicata alla cava romana di Fossacava","breadcrumb":{"@id":"https:\/\/www.intoscana.it\/it\/storie-di-imperatori-dei-e-cavatori-del-marmo-tra-sacrificio-e-lusso-in-una-grande-mostra-a-carrara\/#breadcrumb"},"inLanguage":"it-IT","potentialAction":[{"@type":"ReadAction","target":["https:\/\/www.intoscana.it\/it\/storie-di-imperatori-dei-e-cavatori-del-marmo-tra-sacrificio-e-lusso-in-una-grande-mostra-a-carrara\/"]}]},{"@type":"ImageObject","inLanguage":"it-IT","@id":"https:\/\/www.intoscana.it\/it\/storie-di-imperatori-dei-e-cavatori-del-marmo-tra-sacrificio-e-lusso-in-una-grande-mostra-a-carrara\/#primaryimage","url":"https:\/\/www.intoscana.it\/wp-content\/uploads\/veduta-area-archeologica-fossacava-4.jpg-e1712752620972.webp","contentUrl":"https:\/\/www.intoscana.it\/wp-content\/uploads\/veduta-area-archeologica-fossacava-4.jpg-e1712752620972.webp","width":860,"height":488},{"@type":"BreadcrumbList","@id":"https:\/\/www.intoscana.it\/it\/storie-di-imperatori-dei-e-cavatori-del-marmo-tra-sacrificio-e-lusso-in-una-grande-mostra-a-carrara\/#breadcrumb","itemListElement":[{"@type":"ListItem","position":1,"name":"Home","item":"https:\/\/www.intoscana.it\/it\/"},{"@type":"ListItem","position":2,"name":"Storie di imperatori e cavatori del marmo tra potere e sacrificio in una grande mostra a Carrara"}]},{"@type":"WebSite","@id":"https:\/\/www.intoscana.it\/it\/#website","url":"https:\/\/www.intoscana.it\/it\/","name":"intoscana","description":"","potentialAction":[{"@type":"SearchAction","target":{"@type":"EntryPoint","urlTemplate":"https:\/\/www.intoscana.it\/it\/?s={search_term_string}"},"query-input":{"@type":"PropertyValueSpecification","valueRequired":true,"valueName":"search_term_string"}}],"inLanguage":"it-IT"},{"@type":"Person","@id":"https:\/\/www.intoscana.it\/it\/#\/schema\/person\/d469f35f09739bdf00bf5dd3f0647a82","name":"Costanza Baldini","url":"https:\/\/www.intoscana.it\/it\/author\/costanza-baldini\/"}]}},"_links":{"self":[{"href":"https:\/\/www.intoscana.it\/it\/wp-json\/wp\/v2\/posts\/335277","targetHints":{"allow":["GET"]}}],"collection":[{"href":"https:\/\/www.intoscana.it\/it\/wp-json\/wp\/v2\/posts"}],"about":[{"href":"https:\/\/www.intoscana.it\/it\/wp-json\/wp\/v2\/types\/post"}],"author":[{"embeddable":true,"href":"https:\/\/www.intoscana.it\/it\/wp-json\/wp\/v2\/users\/518"}],"replies":[{"embeddable":true,"href":"https:\/\/www.intoscana.it\/it\/wp-json\/wp\/v2\/comments?post=335277"}],"version-history":[{"count":26,"href":"https:\/\/www.intoscana.it\/it\/wp-json\/wp\/v2\/posts\/335277\/revisions"}],"predecessor-version":[{"id":335434,"href":"https:\/\/www.intoscana.it\/it\/wp-json\/wp\/v2\/posts\/335277\/revisions\/335434"}],"wp:featuredmedia":[{"embeddable":true,"href":"https:\/\/www.intoscana.it\/it\/wp-json\/wp\/v2\/media\/335281"}],"wp:attachment":[{"href":"https:\/\/www.intoscana.it\/it\/wp-json\/wp\/v2\/media?parent=335277"}],"wp:term":[{"taxonomy":"category","embeddable":true,"href":"https:\/\/www.intoscana.it\/it\/wp-json\/wp\/v2\/categories?post=335277"},{"taxonomy":"post_tag","embeddable":true,"href":"https:\/\/www.intoscana.it\/it\/wp-json\/wp\/v2\/tags?post=335277"}],"curies":[{"name":"wp","href":"https:\/\/api.w.org\/{rel}","templated":true}]}}