{"id":335305,"date":"2024-04-10T10:12:41","date_gmt":"2024-04-10T08:12:41","guid":{"rendered":"https:\/\/www.intoscana.it\/it\/?p=335305"},"modified":"2024-04-10T10:31:56","modified_gmt":"2024-04-10T08:31:56","slug":"tennis-musetti-passa-agli-ottavi-a-montecarlo-sfidera-il-numero-uno-al-mondo","status":"publish","type":"post","link":"https:\/\/www.intoscana.it\/it\/tennis-musetti-passa-agli-ottavi-a-montecarlo-sfidera-il-numero-uno-al-mondo\/","title":{"rendered":"Tennis, Musetti passa agli ottavi a Montecarlo: sfider\u00e0 il numero uno al mondo"},"content":{"rendered":"<p>Nuovo successo all&#8217;<strong>ATP di Montecarlo<\/strong> per il carrarino <strong>Lorenzo Musetti<\/strong> che ha avuto la meglio sul francese<strong> Arthur Fils<\/strong>, numero 36 al mondo, con i parziali di 6-3, 7-5 e si regala ancora una volta<strong> l&#8217;ottavo di finale<\/strong> contro il numero uno del ranking mondiale<strong> Novak Djokovic<\/strong>, gi\u00e0 battuto proprio 12 mesi fa, nuovamente negli ottavi, sulla terra rossa del Principato.<\/p>\n<p>Musetti parte bene nel primo set e domina sul francese, un <strong>set perfetto<\/strong> che si chiude sul 6-3, sembra proprio non esserci storia. Anche il secondo set prende la stessa direzione e fino al 5-2 sembrava in ghiaccio. Poi un black-out dell&#8217;azzurro che ha rimesso in partita il francese che ha avuto anche un impeto di rabbia rompendo la racchetta. Musetti non si fa impressionare e chiude il set e il match per 7-5.<\/p>\n<p>Gioved\u00ec 11 aprile, Musetti affronter\u00e0 agli ottavi di finale, in quello che si preannuncia essere un incontro esplosivo, il numero uno al mondo <strong>Novak Djokovic<\/strong>, sul Campo Rainier III, davanti a una corte di tifosi transalpini.<\/p>\n<p>A Punto de break Djokovic ha detto su\u00a0Lorenzo Musetti: \u201c<em>Non ho paura di niente e di nessuno. \u00c8 uno dei giocatori <strong>pi\u00f9 talentuosi sulla terra battuta<\/strong> ed ha un bellissimo rovescio a una mano. Inoltre \u00e8 molto atletico, \u00e8 capace di fare bene tante cose ed \u00e8 uno dei<strong> giovani pi\u00f9 promettenti<\/strong>, non solo in Italia ma nel mondo<\/em>. <em>Vedremo &#8211; <\/em>ha proseguito il numero 1 al mondo<em> -, ma so che quando gioco al massimo livello <strong>posso far male a tutti<\/strong> su qualsiasi superficie, ho fiducia in me stesso<\/em>\u201c.<\/p>\n<p>Intanto per Musetti arrivano buone notizie in chiave olimpica, perch\u00e8 il carrarino con questa striscia di risultati consolida il posto nel ranking mondiale e in quello italiano secondo solo a Sinner blindando la qualificazione per <strong>Parigi<\/strong>.<\/p>\n","protected":false},"excerpt":{"rendered":"<p>Percorso netto per Musetti al torneo in corso sulla terra rossa di Montecarlo, gioved\u00ec 11 aprile la sfida agli ottavi con Novak Djokovic<\/p>\n","protected":false},"author":507,"featured_media":335307,"comment_status":"open","ping_status":"open","sticky":false,"template":"","format":"standard","meta":{"_acf_changed":false,"footnotes":""},"categories":[494],"tags":[6714,159,6192],"class_list":["post-335305","post","type-post","status-publish","format-standard","has-post-thumbnail","hentry","category-attualita","tag-lorenzo-musetti","tag-sport","tag-tennis"],"acf":[],"yoast_head":"<!-- This site is optimized with the Yoast SEO Premium plugin v24.2 (Yoast SEO v25.6) - https:\/\/yoast.com\/wordpress\/plugins\/seo\/ -->\n<title>Tennis, Musetti passa agli ottavi a Montecarlo: sfider\u00e0 il numero uno al mondo - intoscana<\/title>\n<meta name=\"robots\" content=\"index, follow, max-snippet:-1, max-image-preview:large, max-video-preview:-1\" \/>\n<link rel=\"canonical\" href=\"https:\/\/www.intoscana.it\/it\/tennis-musetti-passa-agli-ottavi-a-montecarlo-sfidera-il-numero-uno-al-mondo\/\" \/>\n<meta property=\"og:locale\" content=\"it_IT\" \/>\n<meta property=\"og:type\" content=\"article\" \/>\n<meta property=\"og:title\" content=\"Tennis, Musetti passa agli ottavi a Montecarlo: sfider\u00e0 il numero uno al mondo\" \/>\n<meta property=\"og:description\" content=\"Percorso netto per Musetti al torneo in corso sulla terra rossa di Montecarlo, gioved\u00ec 11 aprile la sfida agli ottavi con Novak Djokovic\" \/>\n<meta property=\"og:url\" content=\"https:\/\/www.intoscana.it\/it\/tennis-musetti-passa-agli-ottavi-a-montecarlo-sfidera-il-numero-uno-al-mondo\/\" \/>\n<meta property=\"og:site_name\" content=\"intoscana\" \/>\n<meta property=\"article:publisher\" content=\"https:\/\/www.facebook.com\/intoscana.it\" \/>\n<meta property=\"article:published_time\" content=\"2024-04-10T08:12:41+00:00\" \/>\n<meta property=\"article:modified_time\" content=\"2024-04-10T08:31:56+00:00\" \/>\n<meta property=\"og:image\" content=\"https:\/\/www.intoscana.it\/wp-content\/uploads\/musetti-montecarlo-2.jpeg\" \/>\n\t<meta property=\"og:image:width\" content=\"1024\" \/>\n\t<meta property=\"og:image:height\" content=\"682\" \/>\n\t<meta property=\"og:image:type\" content=\"image\/jpeg\" \/>\n<meta name=\"author\" content=\"Chiara Bianchini\" \/>\n<meta name=\"twitter:card\" content=\"summary_large_image\" \/>\n<meta name=\"twitter:creator\" content=\"@intoscana\" \/>\n<meta name=\"twitter:site\" content=\"@intoscana\" \/>\n<meta name=\"twitter:label1\" content=\"Written by\" \/>\n\t<meta name=\"twitter:data1\" content=\"Chiara Bianchini\" \/>\n\t<meta name=\"twitter:label2\" content=\"Est. reading time\" \/>\n\t<meta name=\"twitter:data2\" content=\"2 minuti\" \/>\n<script type=\"application\/ld+json\" class=\"yoast-schema-graph\">{\"@context\":\"https:\/\/schema.org\",\"@graph\":[{\"@type\":\"WebPage\",\"@id\":\"https:\/\/www.intoscana.it\/it\/tennis-musetti-passa-agli-ottavi-a-montecarlo-sfidera-il-numero-uno-al-mondo\/\",\"url\":\"https:\/\/www.intoscana.it\/it\/tennis-musetti-passa-agli-ottavi-a-montecarlo-sfidera-il-numero-uno-al-mondo\/\",\"name\":\"Tennis, Musetti passa agli ottavi a Montecarlo: sfider\u00e0 il numero uno al mondo - intoscana\",\"isPartOf\":{\"@id\":\"https:\/\/www.intoscana.it\/it\/#website\"},\"primaryImageOfPage\":{\"@id\":\"https:\/\/www.intoscana.it\/it\/tennis-musetti-passa-agli-ottavi-a-montecarlo-sfidera-il-numero-uno-al-mondo\/#primaryimage\"},\"image\":{\"@id\":\"https:\/\/www.intoscana.it\/it\/tennis-musetti-passa-agli-ottavi-a-montecarlo-sfidera-il-numero-uno-al-mondo\/#primaryimage\"},\"thumbnailUrl\":\"https:\/\/www.intoscana.it\/wp-content\/uploads\/musetti-montecarlo-2.jpeg\",\"datePublished\":\"2024-04-10T08:12:41+00:00\",\"dateModified\":\"2024-04-10T08:31:56+00:00\",\"author\":{\"@id\":\"https:\/\/www.intoscana.it\/it\/#\/schema\/person\/010af92117f50561886339ad5b873a41\"},\"breadcrumb\":{\"@id\":\"https:\/\/www.intoscana.it\/it\/tennis-musetti-passa-agli-ottavi-a-montecarlo-sfidera-il-numero-uno-al-mondo\/#breadcrumb\"},\"inLanguage\":\"it-IT\",\"potentialAction\":[{\"@type\":\"ReadAction\",\"target\":[\"https:\/\/www.intoscana.it\/it\/tennis-musetti-passa-agli-ottavi-a-montecarlo-sfidera-il-numero-uno-al-mondo\/\"]}]},{\"@type\":\"ImageObject\",\"inLanguage\":\"it-IT\",\"@id\":\"https:\/\/www.intoscana.it\/it\/tennis-musetti-passa-agli-ottavi-a-montecarlo-sfidera-il-numero-uno-al-mondo\/#primaryimage\",\"url\":\"https:\/\/www.intoscana.it\/wp-content\/uploads\/musetti-montecarlo-2.jpeg\",\"contentUrl\":\"https:\/\/www.intoscana.it\/wp-content\/uploads\/musetti-montecarlo-2.jpeg\",\"width\":1024,\"height\":682},{\"@type\":\"BreadcrumbList\",\"@id\":\"https:\/\/www.intoscana.it\/it\/tennis-musetti-passa-agli-ottavi-a-montecarlo-sfidera-il-numero-uno-al-mondo\/#breadcrumb\",\"itemListElement\":[{\"@type\":\"ListItem\",\"position\":1,\"name\":\"Home\",\"item\":\"https:\/\/www.intoscana.it\/it\/\"},{\"@type\":\"ListItem\",\"position\":2,\"name\":\"Tennis, Musetti passa agli ottavi a Montecarlo: sfider\u00e0 il numero uno al mondo\"}]},{\"@type\":\"WebSite\",\"@id\":\"https:\/\/www.intoscana.it\/it\/#website\",\"url\":\"https:\/\/www.intoscana.it\/it\/\",\"name\":\"intoscana\",\"description\":\"\",\"potentialAction\":[{\"@type\":\"SearchAction\",\"target\":{\"@type\":\"EntryPoint\",\"urlTemplate\":\"https:\/\/www.intoscana.it\/it\/?s={search_term_string}\"},\"query-input\":{\"@type\":\"PropertyValueSpecification\",\"valueRequired\":true,\"valueName\":\"search_term_string\"}}],\"inLanguage\":\"it-IT\"},{\"@type\":\"Person\",\"@id\":\"https:\/\/www.intoscana.it\/it\/#\/schema\/person\/010af92117f50561886339ad5b873a41\",\"name\":\"Chiara Bianchini\",\"sameAs\":[\"c.bianchini@fst.it\"],\"url\":\"https:\/\/www.intoscana.it\/it\/author\/chiara-bianchini\/\"}]}<\/script>\n<!-- \/ Yoast SEO Premium plugin. -->","yoast_head_json":{"title":"Tennis, Musetti passa agli ottavi a Montecarlo: sfider\u00e0 il numero uno al mondo - intoscana","robots":{"index":"index","follow":"follow","max-snippet":"max-snippet:-1","max-image-preview":"max-image-preview:large","max-video-preview":"max-video-preview:-1"},"canonical":"https:\/\/www.intoscana.it\/it\/tennis-musetti-passa-agli-ottavi-a-montecarlo-sfidera-il-numero-uno-al-mondo\/","og_locale":"it_IT","og_type":"article","og_title":"Tennis, Musetti passa agli ottavi a Montecarlo: sfider\u00e0 il numero uno al mondo","og_description":"Percorso netto per Musetti al torneo in corso sulla terra rossa di Montecarlo, gioved\u00ec 11 aprile la sfida agli ottavi con Novak Djokovic","og_url":"https:\/\/www.intoscana.it\/it\/tennis-musetti-passa-agli-ottavi-a-montecarlo-sfidera-il-numero-uno-al-mondo\/","og_site_name":"intoscana","article_publisher":"https:\/\/www.facebook.com\/intoscana.it","article_published_time":"2024-04-10T08:12:41+00:00","article_modified_time":"2024-04-10T08:31:56+00:00","og_image":[{"width":1024,"height":682,"url":"https:\/\/www.intoscana.it\/wp-content\/uploads\/musetti-montecarlo-2.jpeg","type":"image\/jpeg"}],"author":"Chiara Bianchini","twitter_card":"summary_large_image","twitter_creator":"@intoscana","twitter_site":"@intoscana","twitter_misc":{"Written by":"Chiara Bianchini","Est. reading time":"2 minuti"},"schema":{"@context":"https:\/\/schema.org","@graph":[{"@type":"WebPage","@id":"https:\/\/www.intoscana.it\/it\/tennis-musetti-passa-agli-ottavi-a-montecarlo-sfidera-il-numero-uno-al-mondo\/","url":"https:\/\/www.intoscana.it\/it\/tennis-musetti-passa-agli-ottavi-a-montecarlo-sfidera-il-numero-uno-al-mondo\/","name":"Tennis, Musetti passa agli ottavi a Montecarlo: sfider\u00e0 il numero uno al mondo - intoscana","isPartOf":{"@id":"https:\/\/www.intoscana.it\/it\/#website"},"primaryImageOfPage":{"@id":"https:\/\/www.intoscana.it\/it\/tennis-musetti-passa-agli-ottavi-a-montecarlo-sfidera-il-numero-uno-al-mondo\/#primaryimage"},"image":{"@id":"https:\/\/www.intoscana.it\/it\/tennis-musetti-passa-agli-ottavi-a-montecarlo-sfidera-il-numero-uno-al-mondo\/#primaryimage"},"thumbnailUrl":"https:\/\/www.intoscana.it\/wp-content\/uploads\/musetti-montecarlo-2.jpeg","datePublished":"2024-04-10T08:12:41+00:00","dateModified":"2024-04-10T08:31:56+00:00","author":{"@id":"https:\/\/www.intoscana.it\/it\/#\/schema\/person\/010af92117f50561886339ad5b873a41"},"breadcrumb":{"@id":"https:\/\/www.intoscana.it\/it\/tennis-musetti-passa-agli-ottavi-a-montecarlo-sfidera-il-numero-uno-al-mondo\/#breadcrumb"},"inLanguage":"it-IT","potentialAction":[{"@type":"ReadAction","target":["https:\/\/www.intoscana.it\/it\/tennis-musetti-passa-agli-ottavi-a-montecarlo-sfidera-il-numero-uno-al-mondo\/"]}]},{"@type":"ImageObject","inLanguage":"it-IT","@id":"https:\/\/www.intoscana.it\/it\/tennis-musetti-passa-agli-ottavi-a-montecarlo-sfidera-il-numero-uno-al-mondo\/#primaryimage","url":"https:\/\/www.intoscana.it\/wp-content\/uploads\/musetti-montecarlo-2.jpeg","contentUrl":"https:\/\/www.intoscana.it\/wp-content\/uploads\/musetti-montecarlo-2.jpeg","width":1024,"height":682},{"@type":"BreadcrumbList","@id":"https:\/\/www.intoscana.it\/it\/tennis-musetti-passa-agli-ottavi-a-montecarlo-sfidera-il-numero-uno-al-mondo\/#breadcrumb","itemListElement":[{"@type":"ListItem","position":1,"name":"Home","item":"https:\/\/www.intoscana.it\/it\/"},{"@type":"ListItem","position":2,"name":"Tennis, Musetti passa agli ottavi a Montecarlo: sfider\u00e0 il numero uno al mondo"}]},{"@type":"WebSite","@id":"https:\/\/www.intoscana.it\/it\/#website","url":"https:\/\/www.intoscana.it\/it\/","name":"intoscana","description":"","potentialAction":[{"@type":"SearchAction","target":{"@type":"EntryPoint","urlTemplate":"https:\/\/www.intoscana.it\/it\/?s={search_term_string}"},"query-input":{"@type":"PropertyValueSpecification","valueRequired":true,"valueName":"search_term_string"}}],"inLanguage":"it-IT"},{"@type":"Person","@id":"https:\/\/www.intoscana.it\/it\/#\/schema\/person\/010af92117f50561886339ad5b873a41","name":"Chiara Bianchini","sameAs":["c.bianchini@fst.it"],"url":"https:\/\/www.intoscana.it\/it\/author\/chiara-bianchini\/"}]}},"_links":{"self":[{"href":"https:\/\/www.intoscana.it\/it\/wp-json\/wp\/v2\/posts\/335305","targetHints":{"allow":["GET"]}}],"collection":[{"href":"https:\/\/www.intoscana.it\/it\/wp-json\/wp\/v2\/posts"}],"about":[{"href":"https:\/\/www.intoscana.it\/it\/wp-json\/wp\/v2\/types\/post"}],"author":[{"embeddable":true,"href":"https:\/\/www.intoscana.it\/it\/wp-json\/wp\/v2\/users\/507"}],"replies":[{"embeddable":true,"href":"https:\/\/www.intoscana.it\/it\/wp-json\/wp\/v2\/comments?post=335305"}],"version-history":[{"count":3,"href":"https:\/\/www.intoscana.it\/it\/wp-json\/wp\/v2\/posts\/335305\/revisions"}],"predecessor-version":[{"id":335324,"href":"https:\/\/www.intoscana.it\/it\/wp-json\/wp\/v2\/posts\/335305\/revisions\/335324"}],"wp:featuredmedia":[{"embeddable":true,"href":"https:\/\/www.intoscana.it\/it\/wp-json\/wp\/v2\/media\/335307"}],"wp:attachment":[{"href":"https:\/\/www.intoscana.it\/it\/wp-json\/wp\/v2\/media?parent=335305"}],"wp:term":[{"taxonomy":"category","embeddable":true,"href":"https:\/\/www.intoscana.it\/it\/wp-json\/wp\/v2\/categories?post=335305"},{"taxonomy":"post_tag","embeddable":true,"href":"https:\/\/www.intoscana.it\/it\/wp-json\/wp\/v2\/tags?post=335305"}],"curies":[{"name":"wp","href":"https:\/\/api.w.org\/{rel}","templated":true}]}}