{"id":335314,"date":"2024-04-10T11:55:02","date_gmt":"2024-04-10T09:55:02","guid":{"rendered":"https:\/\/www.intoscana.it\/it\/?p=335314"},"modified":"2024-04-10T12:00:25","modified_gmt":"2024-04-10T10:00:25","slug":"antognoni-torna-in-nazionale-sara-capo-delegazione-dellunder-21","status":"publish","type":"post","link":"https:\/\/www.intoscana.it\/it\/antognoni-torna-in-nazionale-sara-capo-delegazione-dellunder-21\/","title":{"rendered":"Antognoni torna in Nazionale, sar\u00e0 capo delegazione dell&#8217;Under 21"},"content":{"rendered":"<p>A pochi giorni dal suo 70esimo compleanno arriva un nuovo importante incarico per <strong>Giancarlo Antognoni<\/strong>,\u00a0campione del mondo nel 1982 e tra le stelle della &#8220;Hall of Fame del calcio italiano&#8221;. <strong>Gabriele Gravina,<\/strong> presidente della FIGC lo ha infatti nominato <strong>capo delegazione della nazionale Under 21<\/strong>, ruolo che Antognoni aveva gi\u00e0 ricoperto con successo tra il 2015 e il 2017.<\/p>\n<p>&#8220;<em>Giancarlo \u00e8 tornato a casa, sono felice che abbia accettato il ruolo di capo delegazione dell&#8217;Under 2<\/em>1 &#8211;\u00a0 ha commentato\u00a0Gravina &#8211; <em>cos\u00ec potr\u00e0 <strong>testimoniare impegno e valori della maglia azzurra<\/strong> ai giovani che si apprestano a calcare il palcoscenico della nazionale maggiore. Nell&#8217;evoluzione della struttura organizzativa del Club Italia, \u00e8 mio obiettivo coinvolgere <strong>sempre pi\u00f9 ex atleti e icone del nostro sport<\/strong> e Antognoni rappresenta un <strong>patrimonio del calcio italiano<\/strong> per seriet\u00e0, rispetto e attaccamento alla maglia<\/em>&#8220;.<\/p>\n<div class=\"focuson\"><a href=\"https:\/\/www.intoscana.it\/it\/calcio-i-70-anni-di-giancarlo-antognoni-eterno-10-della-fiorentina\/\"><img decoding=\"async\" class=\"lazy\" src=\"https:\/\/www.intoscana.it\/wp-content\/uploads\/4726e87f9e73673491bf921bfdaf1e2b-2.jpg\" style=\"\">\n                <div class=\"cat\"> i 70 anni di Antognoni <\/div>\n                <h4>Eterno 10 della Fiorentina<\/h4><\/a>\n              <\/div>\n<p>La storia tra Antognoni e la nazionale italiana ha radici profonde. Le prime apparizioni tra Under 21 e Under 23 risalgono al 1973, poi a novembre dell&#8217;anno successivo, nel <strong>1974<\/strong>, esord\u00ec, a soli vent&#8217;anni, nella <strong>nazionale maggiore<\/strong> con la convocazione dell&#8217;allora ct<strong> Fulvio Bernardini<\/strong> in occasione di un match valido per le qualificazioni europee con i Paesi Bassi. Da quel giorno Antognoni entr\u00f2 a far parte stabilmente dei giocatori della nazionale azzurra disputando da titolare sia il Mondiale del 1978 che il Campionato Europeo ospitato dall&#8217;Italia nel 1980. Antognoni fu poi tra i protagonisti del <strong>Mondiale dell&#8217;82<\/strong> con la vittoria della terza Coppa del Mondo per la storia del calcio italiano. Complessivamente ha collezionato <strong>73 presenze in nazionale<\/strong> con 7 gol segnati, dal 2018 \u00e8 entrato nella Hall of Fame del Calcio Italiano.<\/p>\n<blockquote class=\"instagram-media\" style=\"background: #FFF; border: 0; border-radius: 3px; box-shadow: 0 0 1px 0 rgba(0,0,0,0.5),0 1px 10px 0 rgba(0,0,0,0.15); margin: 1px; max-width: 540px; min-width: 326px; padding: 0; width: calc(100% - 2px);\" data-instgrm-captioned=\"\" data-instgrm-permalink=\"https:\/\/www.instagram.com\/p\/C5ixvMSIaTb\/?utm_source=ig_embed&amp;utm_campaign=loading\" data-instgrm-version=\"14\">\n<div style=\"padding: 16px;\">\n<p>&nbsp;<\/p>\n<div style=\"display: flex; flex-direction: row; align-items: center;\">\n<div style=\"background-color: #f4f4f4; border-radius: 50%; flex-grow: 0; height: 40px; margin-right: 14px; width: 40px;\"><\/div>\n<div style=\"display: flex; flex-direction: column; flex-grow: 1; justify-content: center;\">\n<div style=\"background-color: #f4f4f4; border-radius: 4px; flex-grow: 0; height: 14px; margin-bottom: 6px; width: 100px;\"><\/div>\n<div style=\"background-color: #f4f4f4; border-radius: 4px; flex-grow: 0; height: 14px; width: 60px;\"><\/div>\n<\/div>\n<\/div>\n<div style=\"padding: 19% 0;\"><\/div>\n<div style=\"display: block; height: 50px; margin: 0 auto 12px; width: 50px;\"><\/div>\n<div style=\"padding-top: 8px;\">\n<div style=\"color: #3897f0; font-family: Arial,sans-serif; font-size: 14px; font-style: normal; font-weight: 550; line-height: 18px;\">Visualizza questo post su Instagram<\/div>\n<\/div>\n<div style=\"padding: 12.5% 0;\"><\/div>\n<div style=\"display: flex; flex-direction: row; margin-bottom: 14px; align-items: center;\">\n<div>\n<div style=\"background-color: #f4f4f4; border-radius: 50%; height: 12.5px; width: 12.5px; transform: translateX(0px) translateY(7px);\"><\/div>\n<div style=\"background-color: #f4f4f4; height: 12.5px; transform: rotate(-45deg) translateX(3px) translateY(1px); width: 12.5px; flex-grow: 0; margin-right: 14px; margin-left: 2px;\"><\/div>\n<div style=\"background-color: #f4f4f4; border-radius: 50%; height: 12.5px; width: 12.5px; transform: translateX(9px) translateY(-18px);\"><\/div>\n<\/div>\n<div style=\"margin-left: 8px;\">\n<div style=\"background-color: #f4f4f4; border-radius: 50%; flex-grow: 0; height: 20px; width: 20px;\"><\/div>\n<div style=\"width: 0; height: 0; border-top: 2px solid transparent; border-left: 6px solid #f4f4f4; border-bottom: 2px solid transparent; transform: translateX(16px) translateY(-4px) rotate(30deg);\"><\/div>\n<\/div>\n<div style=\"margin-left: auto;\">\n<div style=\"width: 0px; border-top: 8px solid #F4F4F4; border-right: 8px solid transparent; transform: translateY(16px);\"><\/div>\n<div style=\"background-color: #f4f4f4; flex-grow: 0; height: 12px; width: 16px; transform: translateY(-4px);\"><\/div>\n<div style=\"width: 0; height: 0; border-top: 8px solid #F4F4F4; border-left: 8px solid transparent; transform: translateY(-4px) translateX(8px);\"><\/div>\n<\/div>\n<\/div>\n<div style=\"display: flex; flex-direction: column; flex-grow: 1; justify-content: center; margin-bottom: 24px;\">\n<div style=\"background-color: #f4f4f4; border-radius: 4px; flex-grow: 0; height: 14px; margin-bottom: 6px; width: 224px;\"><\/div>\n<div style=\"background-color: #f4f4f4; border-radius: 4px; flex-grow: 0; height: 14px; width: 144px;\"><\/div>\n<\/div>\n<p>&nbsp;<\/p>\n<p style=\"color: #c9c8cd; font-family: Arial,sans-serif; font-size: 14px; line-height: 17px; margin-bottom: 0; margin-top: 8px; overflow: hidden; padding: 8px 0 7px; text-align: center; text-overflow: ellipsis; white-space: nowrap;\"><a style=\"color: #c9c8cd; font-family: Arial,sans-serif; font-size: 14px; font-style: normal; font-weight: normal; line-height: 17px; text-decoration: none;\" href=\"https:\/\/www.instagram.com\/p\/C5ixvMSIaTb\/?utm_source=ig_embed&amp;utm_campaign=loading\" target=\"_blank\" rel=\"noopener\">Un post condiviso da Giancarlo Antognoni (@giancarloantognoni)<\/a><\/p>\n<\/div>\n<\/blockquote>\n<p><script async src=\"\/\/www.instagram.com\/embed.js\"><\/script><\/p>\n<p>&#8220;<em>Ambivo a tornare<\/em> &#8211; ha dichiarato Antognoni &#8211; <em>il presidente Gravina mi ha dato questa <strong>opportunit\u00e0<\/strong> e lo ringrazio molto per la fiducia, che sapr\u00f2 ricambiare come ho sempre fatto. Il sogno per chi inizia a giocare a calcio \u00e8 quello di indossare la maglia azzurra, io sono riuscito a realizzarlo quando avevo vent&#8217;anni per poi realizzarne uno ancora pi\u00f9 grande diventando campione del mondo. Ai ragazzi che trover\u00f2 in Under 21 e che andranno a rappresentare l&#8217;Italia in campo internazionale cercher\u00f2 di <strong>trasmettere quei valori che ho sempre avuto<\/strong>, primo tra tutti il <strong>rispetto per la maglia azzurra<\/strong><\/em>&#8220;.<\/p>\n<p>&nbsp;<\/p>\n","protected":false},"excerpt":{"rendered":"<p>Per Gravina, presidente FICG, Antognoni avr\u00e0 il compito di trasmettere il rispetto e i valori della maglia azzurra ai giovani calciatori<\/p>\n","protected":false},"author":507,"featured_media":335334,"comment_status":"open","ping_status":"open","sticky":false,"template":"","format":"standard","meta":{"_acf_changed":false,"footnotes":""},"categories":[494],"tags":[290,159],"class_list":["post-335314","post","type-post","status-publish","format-standard","has-post-thumbnail","hentry","category-attualita","tag-calcio","tag-sport"],"acf":[],"yoast_head":"<!-- This site is optimized with the Yoast SEO Premium plugin v24.2 (Yoast SEO v25.6) - https:\/\/yoast.com\/wordpress\/plugins\/seo\/ -->\n<title>Antognoni torna in Nazionale, sar\u00e0 capo delegazione dell&#039;Under 21 - intoscana<\/title>\n<meta name=\"robots\" content=\"index, follow, max-snippet:-1, max-image-preview:large, max-video-preview:-1\" \/>\n<link rel=\"canonical\" href=\"https:\/\/www.intoscana.it\/it\/antognoni-torna-in-nazionale-sara-capo-delegazione-dellunder-21\/\" \/>\n<meta property=\"og:locale\" content=\"it_IT\" \/>\n<meta property=\"og:type\" content=\"article\" \/>\n<meta property=\"og:title\" content=\"Antognoni torna in Nazionale, sar\u00e0 capo delegazione dell&#039;Under 21\" \/>\n<meta property=\"og:description\" content=\"Per Gravina, presidente FICG, Antognoni avr\u00e0 il compito di trasmettere il rispetto e i valori della maglia azzurra ai giovani calciatori\" \/>\n<meta property=\"og:url\" content=\"https:\/\/www.intoscana.it\/it\/antognoni-torna-in-nazionale-sara-capo-delegazione-dellunder-21\/\" \/>\n<meta property=\"og:site_name\" content=\"intoscana\" \/>\n<meta property=\"article:publisher\" content=\"https:\/\/www.facebook.com\/intoscana.it\" \/>\n<meta property=\"article:published_time\" content=\"2024-04-10T09:55:02+00:00\" \/>\n<meta property=\"article:modified_time\" content=\"2024-04-10T10:00:25+00:00\" \/>\n<meta property=\"og:image\" content=\"https:\/\/www.intoscana.it\/wp-content\/uploads\/antognoni.jpg\" \/>\n\t<meta property=\"og:image:width\" content=\"1080\" \/>\n\t<meta property=\"og:image:height\" content=\"1350\" \/>\n\t<meta property=\"og:image:type\" content=\"image\/jpeg\" \/>\n<meta name=\"author\" content=\"Chiara Bianchini\" \/>\n<meta name=\"twitter:card\" content=\"summary_large_image\" \/>\n<meta name=\"twitter:creator\" content=\"@intoscana\" \/>\n<meta name=\"twitter:site\" content=\"@intoscana\" \/>\n<meta name=\"twitter:label1\" content=\"Written by\" \/>\n\t<meta name=\"twitter:data1\" content=\"Chiara Bianchini\" \/>\n\t<meta name=\"twitter:label2\" content=\"Est. reading time\" \/>\n\t<meta name=\"twitter:data2\" content=\"3 minuti\" \/>\n<script type=\"application\/ld+json\" class=\"yoast-schema-graph\">{\"@context\":\"https:\/\/schema.org\",\"@graph\":[{\"@type\":\"WebPage\",\"@id\":\"https:\/\/www.intoscana.it\/it\/antognoni-torna-in-nazionale-sara-capo-delegazione-dellunder-21\/\",\"url\":\"https:\/\/www.intoscana.it\/it\/antognoni-torna-in-nazionale-sara-capo-delegazione-dellunder-21\/\",\"name\":\"Antognoni torna in Nazionale, sar\u00e0 capo delegazione dell'Under 21 - intoscana\",\"isPartOf\":{\"@id\":\"https:\/\/www.intoscana.it\/it\/#website\"},\"primaryImageOfPage\":{\"@id\":\"https:\/\/www.intoscana.it\/it\/antognoni-torna-in-nazionale-sara-capo-delegazione-dellunder-21\/#primaryimage\"},\"image\":{\"@id\":\"https:\/\/www.intoscana.it\/it\/antognoni-torna-in-nazionale-sara-capo-delegazione-dellunder-21\/#primaryimage\"},\"thumbnailUrl\":\"https:\/\/www.intoscana.it\/wp-content\/uploads\/antognoni.jpg\",\"datePublished\":\"2024-04-10T09:55:02+00:00\",\"dateModified\":\"2024-04-10T10:00:25+00:00\",\"author\":{\"@id\":\"https:\/\/www.intoscana.it\/it\/#\/schema\/person\/010af92117f50561886339ad5b873a41\"},\"breadcrumb\":{\"@id\":\"https:\/\/www.intoscana.it\/it\/antognoni-torna-in-nazionale-sara-capo-delegazione-dellunder-21\/#breadcrumb\"},\"inLanguage\":\"it-IT\",\"potentialAction\":[{\"@type\":\"ReadAction\",\"target\":[\"https:\/\/www.intoscana.it\/it\/antognoni-torna-in-nazionale-sara-capo-delegazione-dellunder-21\/\"]}]},{\"@type\":\"ImageObject\",\"inLanguage\":\"it-IT\",\"@id\":\"https:\/\/www.intoscana.it\/it\/antognoni-torna-in-nazionale-sara-capo-delegazione-dellunder-21\/#primaryimage\",\"url\":\"https:\/\/www.intoscana.it\/wp-content\/uploads\/antognoni.jpg\",\"contentUrl\":\"https:\/\/www.intoscana.it\/wp-content\/uploads\/antognoni.jpg\",\"width\":1080,\"height\":1350},{\"@type\":\"BreadcrumbList\",\"@id\":\"https:\/\/www.intoscana.it\/it\/antognoni-torna-in-nazionale-sara-capo-delegazione-dellunder-21\/#breadcrumb\",\"itemListElement\":[{\"@type\":\"ListItem\",\"position\":1,\"name\":\"Home\",\"item\":\"https:\/\/www.intoscana.it\/it\/\"},{\"@type\":\"ListItem\",\"position\":2,\"name\":\"Antognoni torna in Nazionale, sar\u00e0 capo delegazione dell&#8217;Under 21\"}]},{\"@type\":\"WebSite\",\"@id\":\"https:\/\/www.intoscana.it\/it\/#website\",\"url\":\"https:\/\/www.intoscana.it\/it\/\",\"name\":\"intoscana\",\"description\":\"\",\"potentialAction\":[{\"@type\":\"SearchAction\",\"target\":{\"@type\":\"EntryPoint\",\"urlTemplate\":\"https:\/\/www.intoscana.it\/it\/?s={search_term_string}\"},\"query-input\":{\"@type\":\"PropertyValueSpecification\",\"valueRequired\":true,\"valueName\":\"search_term_string\"}}],\"inLanguage\":\"it-IT\"},{\"@type\":\"Person\",\"@id\":\"https:\/\/www.intoscana.it\/it\/#\/schema\/person\/010af92117f50561886339ad5b873a41\",\"name\":\"Chiara Bianchini\",\"sameAs\":[\"c.bianchini@fst.it\"],\"url\":\"https:\/\/www.intoscana.it\/it\/author\/chiara-bianchini\/\"}]}<\/script>\n<!-- \/ Yoast SEO Premium plugin. -->","yoast_head_json":{"title":"Antognoni torna in Nazionale, sar\u00e0 capo delegazione dell'Under 21 - intoscana","robots":{"index":"index","follow":"follow","max-snippet":"max-snippet:-1","max-image-preview":"max-image-preview:large","max-video-preview":"max-video-preview:-1"},"canonical":"https:\/\/www.intoscana.it\/it\/antognoni-torna-in-nazionale-sara-capo-delegazione-dellunder-21\/","og_locale":"it_IT","og_type":"article","og_title":"Antognoni torna in Nazionale, sar\u00e0 capo delegazione dell'Under 21","og_description":"Per Gravina, presidente FICG, Antognoni avr\u00e0 il compito di trasmettere il rispetto e i valori della maglia azzurra ai giovani calciatori","og_url":"https:\/\/www.intoscana.it\/it\/antognoni-torna-in-nazionale-sara-capo-delegazione-dellunder-21\/","og_site_name":"intoscana","article_publisher":"https:\/\/www.facebook.com\/intoscana.it","article_published_time":"2024-04-10T09:55:02+00:00","article_modified_time":"2024-04-10T10:00:25+00:00","og_image":[{"width":1080,"height":1350,"url":"https:\/\/www.intoscana.it\/wp-content\/uploads\/antognoni.jpg","type":"image\/jpeg"}],"author":"Chiara Bianchini","twitter_card":"summary_large_image","twitter_creator":"@intoscana","twitter_site":"@intoscana","twitter_misc":{"Written by":"Chiara Bianchini","Est. reading time":"3 minuti"},"schema":{"@context":"https:\/\/schema.org","@graph":[{"@type":"WebPage","@id":"https:\/\/www.intoscana.it\/it\/antognoni-torna-in-nazionale-sara-capo-delegazione-dellunder-21\/","url":"https:\/\/www.intoscana.it\/it\/antognoni-torna-in-nazionale-sara-capo-delegazione-dellunder-21\/","name":"Antognoni torna in Nazionale, sar\u00e0 capo delegazione dell'Under 21 - intoscana","isPartOf":{"@id":"https:\/\/www.intoscana.it\/it\/#website"},"primaryImageOfPage":{"@id":"https:\/\/www.intoscana.it\/it\/antognoni-torna-in-nazionale-sara-capo-delegazione-dellunder-21\/#primaryimage"},"image":{"@id":"https:\/\/www.intoscana.it\/it\/antognoni-torna-in-nazionale-sara-capo-delegazione-dellunder-21\/#primaryimage"},"thumbnailUrl":"https:\/\/www.intoscana.it\/wp-content\/uploads\/antognoni.jpg","datePublished":"2024-04-10T09:55:02+00:00","dateModified":"2024-04-10T10:00:25+00:00","author":{"@id":"https:\/\/www.intoscana.it\/it\/#\/schema\/person\/010af92117f50561886339ad5b873a41"},"breadcrumb":{"@id":"https:\/\/www.intoscana.it\/it\/antognoni-torna-in-nazionale-sara-capo-delegazione-dellunder-21\/#breadcrumb"},"inLanguage":"it-IT","potentialAction":[{"@type":"ReadAction","target":["https:\/\/www.intoscana.it\/it\/antognoni-torna-in-nazionale-sara-capo-delegazione-dellunder-21\/"]}]},{"@type":"ImageObject","inLanguage":"it-IT","@id":"https:\/\/www.intoscana.it\/it\/antognoni-torna-in-nazionale-sara-capo-delegazione-dellunder-21\/#primaryimage","url":"https:\/\/www.intoscana.it\/wp-content\/uploads\/antognoni.jpg","contentUrl":"https:\/\/www.intoscana.it\/wp-content\/uploads\/antognoni.jpg","width":1080,"height":1350},{"@type":"BreadcrumbList","@id":"https:\/\/www.intoscana.it\/it\/antognoni-torna-in-nazionale-sara-capo-delegazione-dellunder-21\/#breadcrumb","itemListElement":[{"@type":"ListItem","position":1,"name":"Home","item":"https:\/\/www.intoscana.it\/it\/"},{"@type":"ListItem","position":2,"name":"Antognoni torna in Nazionale, sar\u00e0 capo delegazione dell&#8217;Under 21"}]},{"@type":"WebSite","@id":"https:\/\/www.intoscana.it\/it\/#website","url":"https:\/\/www.intoscana.it\/it\/","name":"intoscana","description":"","potentialAction":[{"@type":"SearchAction","target":{"@type":"EntryPoint","urlTemplate":"https:\/\/www.intoscana.it\/it\/?s={search_term_string}"},"query-input":{"@type":"PropertyValueSpecification","valueRequired":true,"valueName":"search_term_string"}}],"inLanguage":"it-IT"},{"@type":"Person","@id":"https:\/\/www.intoscana.it\/it\/#\/schema\/person\/010af92117f50561886339ad5b873a41","name":"Chiara Bianchini","sameAs":["c.bianchini@fst.it"],"url":"https:\/\/www.intoscana.it\/it\/author\/chiara-bianchini\/"}]}},"_links":{"self":[{"href":"https:\/\/www.intoscana.it\/it\/wp-json\/wp\/v2\/posts\/335314","targetHints":{"allow":["GET"]}}],"collection":[{"href":"https:\/\/www.intoscana.it\/it\/wp-json\/wp\/v2\/posts"}],"about":[{"href":"https:\/\/www.intoscana.it\/it\/wp-json\/wp\/v2\/types\/post"}],"author":[{"embeddable":true,"href":"https:\/\/www.intoscana.it\/it\/wp-json\/wp\/v2\/users\/507"}],"replies":[{"embeddable":true,"href":"https:\/\/www.intoscana.it\/it\/wp-json\/wp\/v2\/comments?post=335314"}],"version-history":[{"count":4,"href":"https:\/\/www.intoscana.it\/it\/wp-json\/wp\/v2\/posts\/335314\/revisions"}],"predecessor-version":[{"id":335369,"href":"https:\/\/www.intoscana.it\/it\/wp-json\/wp\/v2\/posts\/335314\/revisions\/335369"}],"wp:featuredmedia":[{"embeddable":true,"href":"https:\/\/www.intoscana.it\/it\/wp-json\/wp\/v2\/media\/335334"}],"wp:attachment":[{"href":"https:\/\/www.intoscana.it\/it\/wp-json\/wp\/v2\/media?parent=335314"}],"wp:term":[{"taxonomy":"category","embeddable":true,"href":"https:\/\/www.intoscana.it\/it\/wp-json\/wp\/v2\/categories?post=335314"},{"taxonomy":"post_tag","embeddable":true,"href":"https:\/\/www.intoscana.it\/it\/wp-json\/wp\/v2\/tags?post=335314"}],"curies":[{"name":"wp","href":"https:\/\/api.w.org\/{rel}","templated":true}]}}