{"id":335439,"date":"2024-04-10T16:29:18","date_gmt":"2024-04-10T14:29:18","guid":{"rendered":"https:\/\/www.intoscana.it\/it\/?p=335439"},"modified":"2024-04-10T16:31:07","modified_gmt":"2024-04-10T14:31:07","slug":"sanita-oltre-61-milioni-di-investimenti-per-gli-ospedali-della-regione","status":"publish","type":"post","link":"https:\/\/www.intoscana.it\/it\/sanita-oltre-61-milioni-di-investimenti-per-gli-ospedali-della-regione\/","title":{"rendered":"Sanit\u00e0, oltre 61 milioni di investimenti per gli ospedali della regione"},"content":{"rendered":"<p>E\u2019 stato sottoscritto <mark>l&#8217;accordo di programma Stato-Regione<\/mark> sull\u2019uso di <strong>oltre 61 milioni<\/strong> di euro destinati in Toscana ad <mark>undici interventi di edilizia sanitaria ed ammodernamento tecnologico per ospedali e servizi nel territorio<\/mark>.<\/p>\n<p>\u201c<em>Si tratta di un passo in avanti che consente di liberare 61 milioni di euro per la realizzazione di opere attese da tempo. La Toscana<\/em> \u2013 commenta l\u2019assessore al diritto alla salute, <strong>Simone Bezzini<\/strong> &#8211; <em>si conferma tra le prime Regioni in Italia per la capacit\u00e0 di utilizzo delle risorse derivanti dall\u2019articolo 20, ma anche da altre fonti come il Pnrr. Ci auguriamo che non vengano effettuati tagli, a partire da quelli previsti dal Dl 19 del 2024, che non possiamo accettare, e rinnoviamo la richiesta di una radicale semplificazione delle procedure burocratiche per agevolare l\u2019impiego delle risorse\u201d<\/em>.<\/p>\n<p>\u201c<em>Con questo atto<\/em> \u2013 aggiunge Bezzini &#8211; <em>prosegue il nostro impegno ad investire sull\u2019edilizia sanitaria e sull\u2019innovazione tecnologica. L\u2019obiettivo \u00e8 quello di avere strutture sempre pi\u00f9 funzionali ed offrire assistenza di qualit\u00e0 ai cittadini\u201d.<\/em><\/p>\n<p>Delle risorse messe a disposizione beneficeranno <strong>l\u2019Asl Nord Ovest, l\u2019Asl Sud-Est, Careggi<\/strong> e <strong>l\u2019azienda ospedaliero-universitaria pisana<\/strong>. Otto interventi riguardano <strong>l\u2019edilizia sanitaria<\/strong>, per <strong>quasi 51 milioni<\/strong>, mentre altri <strong>dieci milioni<\/strong> saranno investiti sull\u2019<strong>ammodernamento tecnologico<\/strong>, che vanno ad aggiungersi agli interventi finanziati negli anni precedenti nelle altre aziende della regione.<\/p>\n<h3>Interventi di edilizia sanitaria<\/h3>\n<p><strong>Monoblocco di Carrara &#8211; 6,36 milioni di euro<\/strong><\/p>\n<p>L\u2019<strong>ex ospedale di Carrara<\/strong> sar\u00e0 convertito in <strong>centro polispecialistico<\/strong> grazie ad un intervento di adeguamento strutturale, edile ed impiantistico del complesso. A conclusione saranno riorganizzati gli spazi e concentrati all&#8217;interno i servizi sparsi ora nel territorio comunale. Nel monoblocco sar\u00e0 ospitata <strong>la casa della salute<\/strong> e i servizi dell\u2019ex ospedale civico, ovvero <strong>Cup e centro prelievi, ambulatori<\/strong> dei medici di medicina generale e dei pediatri di libera scelta, <strong>servizi sociali, medico di continuit\u00e0<\/strong> assistenziale, <strong>senologia, ambulatori<\/strong> di libera professione e specialistici, cure intermedie e riabilitazione, salute mentale e il centro disturbi alimentari.<\/p>\n<p><strong>Casa della comunit\u00e0 di Massarosa \u2013 1,5 milioni di euro<\/strong><\/p>\n<p>Pi\u00f9 servizi sul territorio, grazie alla <strong>casa di comunit\u00e0<\/strong> che trover\u00e0 posto in un immobile dell\u2019amministrazione comunale, in dotazione ora alla Asl, che sar\u00e0 recuperato e convertito. In due locali indipendenti troveranno spazio un\u2019area dedicata alle <strong>attivit\u00e0 di medicina generale<\/strong>, una destinata ai <strong>pediatri di libera scelta<\/strong>, un <strong>ambulatorio per le vaccinazioni<\/strong> dell\u2019infanzia ed adolescenza, uno spazio per i <strong>servizi dei Cup<\/strong>, uno per i servizio integrati socio-sanitari e per i servizi aziendali. L\u2019intervento contribuir\u00e0 anche al recupero e alla rigenerazione urbana dell\u2019area.<\/p>\n<p><strong>Nuovo distretto di Castelnuovo Garfagnana \u2013 2,4 milioni di euro<\/strong><\/p>\n<p>Arriva <strong>il nuovo distretto<\/strong>, con i servizi oggi dislocati in edifici diversi riuniti in un unico immobile che sar\u00e0 acquistato. La nuova struttura, che si candida a diventare punto di riferimento per l\u2019intera Garfagnana, ospiter\u00e0 <mark>centro prelievi, riabilitazione funzionale, cure primarie e vaccinazioni, salute mentale per adulti, infanzia ed adolescenti, assistenza domiciliare infermieristica e sociale<\/mark>.<\/p>\n<p><strong>Rems di Volterra \u2013 5,69 milioni di euro<\/strong><\/p>\n<p>Un investimento importante per completare la <strong>Rems di Volterra<\/strong>, ovvero la residenza sanitaria per l\u2019esecuzione delle misure di sicurezza che \u00e8 una delle strutture pensate per superare gli ospedali psichiatrici. In particolare con quasi 5,7 milioni di euro sar\u00e0 realizzato il lotto 2, stralcio 2, degli interventi sul <strong>padiglione Livi<\/strong>. Complessivamente la Rems ospiter\u00e0 <strong>40 posti letto<\/strong>, articolati in due distinti moduli da venti posti ciascuno, con spazi destinati al percorso di <strong>riabilitazione<\/strong> (ovvero sale polifunzionali, laboratori, officine, aree per attivit\u00e0 sportiva e socializzazione).<\/p>\n<p><strong>Presidio ospedaliero di Volterra &#8211; 7 milioni di euro<\/strong><\/p>\n<p>Attraverso la costruzione di tre nuovi corpi fabbrica tra loro interconnessi e la <strong>ristrutturazione<\/strong> dell\u2019attuale <strong>radiodiagnostica ed area medica<\/strong> si ridefiniscono le funzioni del fabbricato ospedaliero di Volterra: un investimento da quasi sette milioni di euro che completa gli interventi di consolidamento e miglioramento sismico gi\u00e0 finanziati con il Pnrr. Nello specifico sar\u00e0 realizzato un nuovo <strong>Pronto soccorso<\/strong> e ristrutturata l\u2019<strong>area ambulatoriale ostetrico-ginecologica<\/strong>, mentre, adiacente al blocco operatorio, sar\u00e0 approntata una <strong>nuova zona di preanestesia e risveglio<\/strong> ricollocando gli ambulatori chirurgici e della pre-ospedalizzazione. La <strong>rete ambulatoriale<\/strong> del presidio sar\u00e0 collocata su due distinti livelli. I nuovi edifici accoglieranno anche il laboratorio di analisi e il centro trasfusionale. Sar\u00e0 anche realizzato <strong>un nuovo ingresso<\/strong>, che render\u00e0 pi\u00f9 agevole l\u2019accesso alla struttura.<\/p>\n<p><strong>Nuovo Hospice di Arezzo \u2013 4,5 milioni di euro<\/strong><\/p>\n<p>Pi\u00f9 spazi per i <strong>malati terminali<\/strong> e le loro famiglie. Nel nuovo hospice dell\u2019<strong>ospedale di San Donato<\/strong> ad Arezzo ci saranno <strong>otto camere di degenza<\/strong> e due locali di <strong>day-hospice al piano terra<\/strong>, mentre il primo piano sar\u00e0 destinato ai <strong>servizi per il personale<\/strong> dipendente, spogliatoi, sale riunioni ed un\u2019area di preparazione dei farmaci. Sorger\u00e0 ai margini del parco del Pionta, nelle vicinanze dell\u2019ospedale: un modo anche per riqualificare l\u2019area. L\u2019intervento prevede, in parallelo alla nuova costruzione, la completa demolizione di volumi secondari e fatiscenti oggi non pi\u00f9 utilizzati.<\/p>\n<p><strong>Nuova casa di comunit\u00e0 a Siena e distretto di viale Sardegna \u2013 12 milioni di euro<\/strong><\/p>\n<p>In viale Sardegna sorger\u00e0 la <strong>Casa di comunit\u00e0 hub<\/strong>, ovvero con centrale operativa, di Siena. Al suo interno saranno riorganizzati anche i servizi al momento presenti nel poliambulatorio di Pian d\u2019Ovile. I cittadini troveranno al suo interno <strong>un consultorio, lo Smia<\/strong> (ovvero il settore di salute mentale per infanzia ed adolescenza), <strong>ambulatori<\/strong> specialistici, <strong>assistenza domiciliare<\/strong>, ambulatorio infermieristico, <strong>Cup, punto unico di accesso<\/strong>, unit\u00e0 di valutazione multidimensionale, il collegamento con i servizi sociali, continuit\u00e0 assistenziale; <strong>diagnostica di base<\/strong>, la presenza di medici e infermieri notte e giorno da luned\u00ec al sabato, ambulatori di medicina generale e pediatri di libera scelta, spogliatoi e mensa.<\/p>\n<h3>Stabilimento ospedaliero di Cisanello \u2013 12 milioni di euro<\/h3>\n<p>L\u2019intervento \u00e8 parte del <strong>nuovo Santa Chiara<\/strong>, dove confluiranno tutte le attivit\u00e0 dell\u2019<strong>azienda ospedaliero-universitaria pisana<\/strong> e della <strong>facolt\u00e0 di medicina<\/strong> e chirurgia dell\u2019Universit\u00e0 di Pisa. Nell\u2019edificio 3, che sar\u00e0 costruito ex novo e finanziato con le risorse messe a disposizione, saranno ospitati il <strong>dipartimento di ricerca traslazionale<\/strong> e delle nuove tecnologie in medicina e chirurgia, il <strong>dipartimento di patologia chirurgica<\/strong>, medica molecolare e dell\u2019area critica e il dipartimento di medicina clinica e sperimentale e per questo predisposti laboratori di ricerca, aree direzionali per ricercatori e aree di servizio e supporto.<\/p>\n<h3>Interventi di ammodernamento tecnologico<\/h3>\n<p><strong>Nuove piattaforme diagnostiche a Careggi &#8211; 2,9 milioni di euro<\/strong><\/p>\n<p>Sar\u00e0 sostituita una delle Tac del padiglione del dipartimento di emergenza ed alta specialit\u00e0 (Deas) per le radioterapie ed installata <strong>una nuova Tac<\/strong> specifica per applicazioni cardiologiche. Con le risorse a disposizione sar\u00e0 acquistato anche <strong>un ecotomografo cardiologico<\/strong> di altissima fascia per pazienti ricoverati nei reparti cardiologici-cardiochirurgici e per i pazienti ambulatoriali di pertinenza cardiovascolare.<\/p>\n<p><strong>Nuove apparecchiature nei presidi sanitari della Toscana Nord Ovest \u2013 6 milioni di euro<\/strong><\/p>\n<p>Saranno rinnovate le apparecchiature obselete presenti nei presidi dell\u2019Asl Toscana Nord Ovest, quelle per cui non \u00e8 pi\u00f9 possibile garantire manutenzioni o parti di ricambio. Arriveranno nuovi <strong>ecografi<\/strong>, <strong>incubatrici<\/strong> neonatali, letti per la terapia intensiva, ma anche <strong>colonne laparoscopiche<\/strong>, frigoriferi e una dotazione di 23 ecografi innovativi da impiegare nei presidi sul territorio.<\/p>\n<p><strong>Rinnovo di apparecchiature elettromedicali nella Toscana Sud Est &#8211; 1,2 milioni di euro<\/strong><\/p>\n<p>L\u2019intervento si affianca al progetto di rinnovo che attinge alle risorse del Pnrr. Saranno cos\u00ec sostituite le diagnostiche radiologiche tradizionali con <strong>diagnostiche digitali<\/strong> di nuova generazione, dalla qualit\u00e0 e sicurezza maggiore: ne saranno acquistate quattro con pensile per acquisizione di immagini radiologiche digitali dirette mediante utilizzo di due <strong>detettori digitali<\/strong> di tipo wireless e un arco a C di ultima generazione dotato di strumentazione idonea per ortopedia, endoscopia bronchiale, chirurgia urologica, chirurgia vascolare, radiologia interventistica, elettrofisiologia e cardiochirurgia. Saranno acquistati anche <strong>35 elettrocardiografi<\/strong> ad elevate prestazioni, carrellati e compatibili con la piattaforma di telerefertazione, che consentiranno la trasmissione in rete del tracciato Ecg, e <strong>7 elettromedicali<\/strong>, ossia apparecchi elettrici destinati ad usi medici e sanitari da utilizzare durante le attivit\u00e0 di ambulatorio medico.<\/p>\n","protected":false},"excerpt":{"rendered":"<p>Gli interventi di edilizia sanitaria ed ammodernamento tecnologico destinati ai servizi nel territorio. Bezzini: &#8220;Un passo avanti per realizzare opere attese da tempo&#8221;<\/p>\n","protected":false},"author":525,"featured_media":235685,"comment_status":"open","ping_status":"open","sticky":false,"template":"","format":"standard","meta":{"_acf_changed":false,"footnotes":""},"categories":[494],"tags":[4857,349,4883],"class_list":["post-335439","post","type-post","status-publish","format-standard","has-post-thumbnail","hentry","category-attualita","tag-ospedali","tag-sanita","tag-simone-bezzini"],"acf":[],"yoast_head":"<!-- This site is optimized with the Yoast SEO Premium plugin v24.2 (Yoast SEO v25.6) - https:\/\/yoast.com\/wordpress\/plugins\/seo\/ -->\n<title>Sanit\u00e0, oltre 61 milioni di investimenti per gli ospedali della regione - intoscana<\/title>\n<meta name=\"description\" content=\"Gli interventi di edilizia sanitaria ed ammodernamento tecnologico. Bezzini: &quot;Un passo avanti per realizzare opere attese da tempo&quot;\" \/>\n<meta name=\"robots\" content=\"index, follow, max-snippet:-1, max-image-preview:large, max-video-preview:-1\" \/>\n<link rel=\"canonical\" href=\"https:\/\/www.intoscana.it\/it\/sanita-oltre-61-milioni-di-investimenti-per-gli-ospedali-della-regione\/\" \/>\n<meta property=\"og:locale\" content=\"it_IT\" \/>\n<meta property=\"og:type\" content=\"article\" \/>\n<meta property=\"og:title\" content=\"Sanit\u00e0, oltre 61 milioni di investimenti per gli ospedali della regione\" \/>\n<meta property=\"og:description\" content=\"Gli interventi di edilizia sanitaria ed ammodernamento tecnologico. Bezzini: &quot;Un passo avanti per realizzare opere attese da tempo&quot;\" \/>\n<meta property=\"og:url\" content=\"https:\/\/www.intoscana.it\/it\/sanita-oltre-61-milioni-di-investimenti-per-gli-ospedali-della-regione\/\" \/>\n<meta property=\"og:site_name\" content=\"intoscana\" \/>\n<meta property=\"article:publisher\" content=\"https:\/\/www.facebook.com\/intoscana.it\" \/>\n<meta property=\"article:published_time\" content=\"2024-04-10T14:29:18+00:00\" \/>\n<meta property=\"article:modified_time\" content=\"2024-04-10T14:31:07+00:00\" \/>\n<meta property=\"og:image\" content=\"https:\/\/www.intoscana.it\/wp-content\/uploads\/ospedale-corridoio-hxdbzxy.jpg\" \/>\n\t<meta property=\"og:image:width\" content=\"2000\" \/>\n\t<meta property=\"og:image:height\" content=\"1135\" \/>\n\t<meta property=\"og:image:type\" content=\"image\/jpeg\" \/>\n<meta name=\"author\" content=\"Redazione\" \/>\n<meta name=\"twitter:card\" content=\"summary_large_image\" \/>\n<meta name=\"twitter:creator\" content=\"@intoscana\" \/>\n<meta name=\"twitter:site\" content=\"@intoscana\" \/>\n<meta name=\"twitter:label1\" content=\"Written by\" \/>\n\t<meta name=\"twitter:data1\" content=\"Redazione\" \/>\n\t<meta name=\"twitter:label2\" content=\"Est. reading time\" \/>\n\t<meta name=\"twitter:data2\" content=\"7 minuti\" \/>\n<script type=\"application\/ld+json\" class=\"yoast-schema-graph\">{\"@context\":\"https:\/\/schema.org\",\"@graph\":[{\"@type\":\"WebPage\",\"@id\":\"https:\/\/www.intoscana.it\/it\/sanita-oltre-61-milioni-di-investimenti-per-gli-ospedali-della-regione\/\",\"url\":\"https:\/\/www.intoscana.it\/it\/sanita-oltre-61-milioni-di-investimenti-per-gli-ospedali-della-regione\/\",\"name\":\"Sanit\u00e0, oltre 61 milioni di investimenti per gli ospedali della regione - intoscana\",\"isPartOf\":{\"@id\":\"https:\/\/www.intoscana.it\/it\/#website\"},\"primaryImageOfPage\":{\"@id\":\"https:\/\/www.intoscana.it\/it\/sanita-oltre-61-milioni-di-investimenti-per-gli-ospedali-della-regione\/#primaryimage\"},\"image\":{\"@id\":\"https:\/\/www.intoscana.it\/it\/sanita-oltre-61-milioni-di-investimenti-per-gli-ospedali-della-regione\/#primaryimage\"},\"thumbnailUrl\":\"https:\/\/www.intoscana.it\/wp-content\/uploads\/ospedale-corridoio-hxdbzxy.jpg\",\"datePublished\":\"2024-04-10T14:29:18+00:00\",\"dateModified\":\"2024-04-10T14:31:07+00:00\",\"author\":{\"@id\":\"https:\/\/www.intoscana.it\/it\/#\/schema\/person\/9223810753230f20bd670fdd322661f8\"},\"description\":\"Gli interventi di edilizia sanitaria ed ammodernamento tecnologico. Bezzini: \\\"Un passo avanti per realizzare opere attese da tempo\\\"\",\"breadcrumb\":{\"@id\":\"https:\/\/www.intoscana.it\/it\/sanita-oltre-61-milioni-di-investimenti-per-gli-ospedali-della-regione\/#breadcrumb\"},\"inLanguage\":\"it-IT\",\"potentialAction\":[{\"@type\":\"ReadAction\",\"target\":[\"https:\/\/www.intoscana.it\/it\/sanita-oltre-61-milioni-di-investimenti-per-gli-ospedali-della-regione\/\"]}]},{\"@type\":\"ImageObject\",\"inLanguage\":\"it-IT\",\"@id\":\"https:\/\/www.intoscana.it\/it\/sanita-oltre-61-milioni-di-investimenti-per-gli-ospedali-della-regione\/#primaryimage\",\"url\":\"https:\/\/www.intoscana.it\/wp-content\/uploads\/ospedale-corridoio-hxdbzxy.jpg\",\"contentUrl\":\"https:\/\/www.intoscana.it\/wp-content\/uploads\/ospedale-corridoio-hxdbzxy.jpg\",\"width\":2000,\"height\":1135,\"caption\":\"Sanit\u00e0, salute, ospedale\"},{\"@type\":\"BreadcrumbList\",\"@id\":\"https:\/\/www.intoscana.it\/it\/sanita-oltre-61-milioni-di-investimenti-per-gli-ospedali-della-regione\/#breadcrumb\",\"itemListElement\":[{\"@type\":\"ListItem\",\"position\":1,\"name\":\"Home\",\"item\":\"https:\/\/www.intoscana.it\/it\/\"},{\"@type\":\"ListItem\",\"position\":2,\"name\":\"Sanit\u00e0, oltre 61 milioni di investimenti per gli ospedali della regione\"}]},{\"@type\":\"WebSite\",\"@id\":\"https:\/\/www.intoscana.it\/it\/#website\",\"url\":\"https:\/\/www.intoscana.it\/it\/\",\"name\":\"intoscana\",\"description\":\"\",\"potentialAction\":[{\"@type\":\"SearchAction\",\"target\":{\"@type\":\"EntryPoint\",\"urlTemplate\":\"https:\/\/www.intoscana.it\/it\/?s={search_term_string}\"},\"query-input\":{\"@type\":\"PropertyValueSpecification\",\"valueRequired\":true,\"valueName\":\"search_term_string\"}}],\"inLanguage\":\"it-IT\"},{\"@type\":\"Person\",\"@id\":\"https:\/\/www.intoscana.it\/it\/#\/schema\/person\/9223810753230f20bd670fdd322661f8\",\"name\":\"Redazione\",\"url\":\"https:\/\/www.intoscana.it\/it\/author\/redazione\/\"}]}<\/script>\n<!-- \/ Yoast SEO Premium plugin. -->","yoast_head_json":{"title":"Sanit\u00e0, oltre 61 milioni di investimenti per gli ospedali della regione - intoscana","description":"Gli interventi di edilizia sanitaria ed ammodernamento tecnologico. Bezzini: \"Un passo avanti per realizzare opere attese da tempo\"","robots":{"index":"index","follow":"follow","max-snippet":"max-snippet:-1","max-image-preview":"max-image-preview:large","max-video-preview":"max-video-preview:-1"},"canonical":"https:\/\/www.intoscana.it\/it\/sanita-oltre-61-milioni-di-investimenti-per-gli-ospedali-della-regione\/","og_locale":"it_IT","og_type":"article","og_title":"Sanit\u00e0, oltre 61 milioni di investimenti per gli ospedali della regione","og_description":"Gli interventi di edilizia sanitaria ed ammodernamento tecnologico. Bezzini: \"Un passo avanti per realizzare opere attese da tempo\"","og_url":"https:\/\/www.intoscana.it\/it\/sanita-oltre-61-milioni-di-investimenti-per-gli-ospedali-della-regione\/","og_site_name":"intoscana","article_publisher":"https:\/\/www.facebook.com\/intoscana.it","article_published_time":"2024-04-10T14:29:18+00:00","article_modified_time":"2024-04-10T14:31:07+00:00","og_image":[{"width":2000,"height":1135,"url":"https:\/\/www.intoscana.it\/wp-content\/uploads\/ospedale-corridoio-hxdbzxy.jpg","type":"image\/jpeg"}],"author":"Redazione","twitter_card":"summary_large_image","twitter_creator":"@intoscana","twitter_site":"@intoscana","twitter_misc":{"Written by":"Redazione","Est. reading time":"7 minuti"},"schema":{"@context":"https:\/\/schema.org","@graph":[{"@type":"WebPage","@id":"https:\/\/www.intoscana.it\/it\/sanita-oltre-61-milioni-di-investimenti-per-gli-ospedali-della-regione\/","url":"https:\/\/www.intoscana.it\/it\/sanita-oltre-61-milioni-di-investimenti-per-gli-ospedali-della-regione\/","name":"Sanit\u00e0, oltre 61 milioni di investimenti per gli ospedali della regione - intoscana","isPartOf":{"@id":"https:\/\/www.intoscana.it\/it\/#website"},"primaryImageOfPage":{"@id":"https:\/\/www.intoscana.it\/it\/sanita-oltre-61-milioni-di-investimenti-per-gli-ospedali-della-regione\/#primaryimage"},"image":{"@id":"https:\/\/www.intoscana.it\/it\/sanita-oltre-61-milioni-di-investimenti-per-gli-ospedali-della-regione\/#primaryimage"},"thumbnailUrl":"https:\/\/www.intoscana.it\/wp-content\/uploads\/ospedale-corridoio-hxdbzxy.jpg","datePublished":"2024-04-10T14:29:18+00:00","dateModified":"2024-04-10T14:31:07+00:00","author":{"@id":"https:\/\/www.intoscana.it\/it\/#\/schema\/person\/9223810753230f20bd670fdd322661f8"},"description":"Gli interventi di edilizia sanitaria ed ammodernamento tecnologico. Bezzini: \"Un passo avanti per realizzare opere attese da tempo\"","breadcrumb":{"@id":"https:\/\/www.intoscana.it\/it\/sanita-oltre-61-milioni-di-investimenti-per-gli-ospedali-della-regione\/#breadcrumb"},"inLanguage":"it-IT","potentialAction":[{"@type":"ReadAction","target":["https:\/\/www.intoscana.it\/it\/sanita-oltre-61-milioni-di-investimenti-per-gli-ospedali-della-regione\/"]}]},{"@type":"ImageObject","inLanguage":"it-IT","@id":"https:\/\/www.intoscana.it\/it\/sanita-oltre-61-milioni-di-investimenti-per-gli-ospedali-della-regione\/#primaryimage","url":"https:\/\/www.intoscana.it\/wp-content\/uploads\/ospedale-corridoio-hxdbzxy.jpg","contentUrl":"https:\/\/www.intoscana.it\/wp-content\/uploads\/ospedale-corridoio-hxdbzxy.jpg","width":2000,"height":1135,"caption":"Sanit\u00e0, salute, ospedale"},{"@type":"BreadcrumbList","@id":"https:\/\/www.intoscana.it\/it\/sanita-oltre-61-milioni-di-investimenti-per-gli-ospedali-della-regione\/#breadcrumb","itemListElement":[{"@type":"ListItem","position":1,"name":"Home","item":"https:\/\/www.intoscana.it\/it\/"},{"@type":"ListItem","position":2,"name":"Sanit\u00e0, oltre 61 milioni di investimenti per gli ospedali della regione"}]},{"@type":"WebSite","@id":"https:\/\/www.intoscana.it\/it\/#website","url":"https:\/\/www.intoscana.it\/it\/","name":"intoscana","description":"","potentialAction":[{"@type":"SearchAction","target":{"@type":"EntryPoint","urlTemplate":"https:\/\/www.intoscana.it\/it\/?s={search_term_string}"},"query-input":{"@type":"PropertyValueSpecification","valueRequired":true,"valueName":"search_term_string"}}],"inLanguage":"it-IT"},{"@type":"Person","@id":"https:\/\/www.intoscana.it\/it\/#\/schema\/person\/9223810753230f20bd670fdd322661f8","name":"Redazione","url":"https:\/\/www.intoscana.it\/it\/author\/redazione\/"}]}},"_links":{"self":[{"href":"https:\/\/www.intoscana.it\/it\/wp-json\/wp\/v2\/posts\/335439","targetHints":{"allow":["GET"]}}],"collection":[{"href":"https:\/\/www.intoscana.it\/it\/wp-json\/wp\/v2\/posts"}],"about":[{"href":"https:\/\/www.intoscana.it\/it\/wp-json\/wp\/v2\/types\/post"}],"author":[{"embeddable":true,"href":"https:\/\/www.intoscana.it\/it\/wp-json\/wp\/v2\/users\/525"}],"replies":[{"embeddable":true,"href":"https:\/\/www.intoscana.it\/it\/wp-json\/wp\/v2\/comments?post=335439"}],"version-history":[{"count":9,"href":"https:\/\/www.intoscana.it\/it\/wp-json\/wp\/v2\/posts\/335439\/revisions"}],"predecessor-version":[{"id":335491,"href":"https:\/\/www.intoscana.it\/it\/wp-json\/wp\/v2\/posts\/335439\/revisions\/335491"}],"wp:featuredmedia":[{"embeddable":true,"href":"https:\/\/www.intoscana.it\/it\/wp-json\/wp\/v2\/media\/235685"}],"wp:attachment":[{"href":"https:\/\/www.intoscana.it\/it\/wp-json\/wp\/v2\/media?parent=335439"}],"wp:term":[{"taxonomy":"category","embeddable":true,"href":"https:\/\/www.intoscana.it\/it\/wp-json\/wp\/v2\/categories?post=335439"},{"taxonomy":"post_tag","embeddable":true,"href":"https:\/\/www.intoscana.it\/it\/wp-json\/wp\/v2\/tags?post=335439"}],"curies":[{"name":"wp","href":"https:\/\/api.w.org\/{rel}","templated":true}]}}