{"id":335493,"date":"2024-04-10T17:03:54","date_gmt":"2024-04-10T15:03:54","guid":{"rendered":"https:\/\/www.intoscana.it\/it\/?p=335493"},"modified":"2024-04-12T17:31:57","modified_gmt":"2024-04-12T15:31:57","slug":"moby-prince-lappello-dei-familiari-arrivare-alla-verita","status":"publish","type":"post","link":"https:\/\/www.intoscana.it\/it\/moby-prince-lappello-dei-familiari-arrivare-alla-verita\/","title":{"rendered":"Moby Prince, l&#8217;appello dei familiari: &#8220;Arrivare alla verit\u00e0&#8221;"},"content":{"rendered":"<p>A <strong>Montecitorio<\/strong> il presidente Lorenzo Fontana ha voluto <strong>una commemorazione<\/strong> per dimostrare la vicinanza delle istituzioni ai familiari delle <strong>vittime della Moby Prince<\/strong>. Sono passati <strong>33 anni<\/strong> da quando il 10 aprile 1991 il traghetto Moby Prince entr\u00f2 in collisione con la petroliera Agip Abruzzo nella rada del porto di Livorno. Un incidente che port\u00f2 alla <strong>morte di 140 persone<\/strong>.<\/p>\n<p>A <strong>Livorno<\/strong> la giornata \u00e8 stata scandita da momenti nel segno del <strong>ricordo delle vittime<\/strong>: dalla deposizione di <strong>una corona al Monumento<\/strong> alle vittime alla <strong>messa in Cattedrale<\/strong>; dall&#8217;incontro a Palazzo Civico tra il sindaco e i familiari al corteo da piazza del Municipio all&#8217;Andana degli Anelli, durante il quale \u00e8 stata stesa <strong>una striscia di tessuto bianco<\/strong> di 33 metri. Infine la deposizione del cuscino di rose del Capo dello Stato con <strong>la lettura dei nomi<\/strong> delle vittime e il lancio di fiori in mare.<\/p>\n<h3>I familiari delle vittime: arrivare alla verit\u00e0<\/h3>\n<p>&#8220;<em>Dopo 33 anni grazie al lavoro di ben due commissioni parlamentari di inchiesta siamo arrivati a un punto di non ritorno sul raggiungimento della verit\u00e0 sul disastro della Moby Prince. Quasi tutta la nebbia accumulata negli anni \u00e8 stata tolta; adesso la nuova commissione di inchiesta deve arrivare alla verit\u00e0 piena sulla morte dei nostri cari<\/em>&#8221; hanno affermato i presidenti delle associazioni dei familiari delle vittime della Moby Prince, <strong>Luchino Chessa<\/strong> (Associazione 10 Aprile-Familiari Vittime Moby Prince) e <strong>Nicola Rosetti<\/strong> (Associazione 140) in occasione del 33\/o anniversario del disastro.<\/p>\n<p>&#8220;<em>Le due commissioni fin qui<\/em> &#8211; proseguono <strong>Chessa e Rosetti<\/strong> &#8211; <em>hanno lavorato bene e ci hanno fatto vedere tanto di pi\u00f9 di quanto avevamo visto fin a quel momento. Adesso la terza commissione che \u00e8 appena partita potr\u00e0 portare a termine il lavoro gi\u00e0 iniziato, forse il pi\u00f9 difficile. Il presidente Pittalis e tutti i componenti della commissione hanno il nostro pieno appoggio. Noi non siamo soli, negli anni si sono avvicinati alle nostre associazioni tante persone che ci sostengono. Quando si gioca in squadra l&#8217;obiettivo si raggiunge sempre. Arrivare alla verit\u00e0 lo dobbiamo a tutti i familiari e a chi tra loro non c&#8217;\u00e8 pi\u00f9 e che se ne sono andati senza sapere perch\u00e9 i loro genitori, figli e fratelli e sorelle sono morti soli, senza che nessuno facesse qualcosa per soccorrerli. Il nostro percorso continuer\u00e0 con la forza dell&#8217;unione e andremo avanti tutti insieme&#8221;.<\/em><\/p>\n<h3>Un minuto di silenzio in Consiglio regionale<\/h3>\n<p>Un minuto di silenzio in apertura del <strong>Consiglio regionale della Toscana<\/strong> per le vittime dell&#8217;esplosione nella centrale elettrica di <strong>Suviana<\/strong> e del <strong>Moby Prince<\/strong>, a 33 anni dalla tragedia. Lo ha chiesto aprendo i lavori d&#8217;aula il presidente del Consiglio toscano, <strong>Antonio Mazzeo<\/strong>.<\/p>\n<p>Mazzeo si \u00e8 detto vicino &#8220;<em>alle famiglie dei lavoratori colpiti da questa tragedia e alle istituzioni locali coinvolte&#8221;<\/em> nell&#8217;esplosione a Suviana. Della tragedia del Moby Prince ha aggiunto: &#8220;<em>voglio ribadire la richiesta di verit\u00e0 e giustizia che Livorno e la Toscana invocano da oltre trent&#8217;anni. Una richiesta che non pu\u00f2 e non deve restare inascoltata. Quella verit\u00e0 e quella giustizia vanno trovate. Lo dobbiamo alle 140 vittime della strage della pi\u00f9 grande tragedia della marineria commerciale italiana&#8221;.<\/em><\/p>\n<p><strong>Le vittime del Moby Prince<\/strong> sono state ricordate anche dal presidente della Regione Toscana <strong>Eugenio Giani<\/strong> sui social: <em>&#8220;140 vite spezzate. 33 anni dopo la tragedia del Moby Prince siamo ancora qui a chiedere verit\u00e0 e giustizia per le vittime e i loro familiari&#8221;.\u00a0<\/em><\/p>\n<h3>L&#8217;audizione in commissione dell&#8217;ex presidente Romano<\/h3>\n<p>&#8220;<em>Insistere con Eni affinch\u00e9 condivida con il Parlamento le carte che ha sul perch\u00e9 la petroliera Agip Abruzzo era in un&#8217;area dove era vietato l&#8217;ancoraggio e cosa stesse facendo<\/em>&#8221; e &#8220;<em>insistere con Stati Uniti e Russia per avere i tracciati satellitari di quella notte del porto di Livorno e lavorare per identificare la terza nave che quasi certamente caus\u00f2 la collisione tra il Moby Prince e la petroliera<\/em>&#8220;. Sono i tre suggerimenti che ha dato <strong>Andrea Romano<\/strong>, ex presidente della commissione parlamentare d&#8217;inchiesta sul disastro che il 10 aprile 1991 cost\u00f2 la vita a 140 persone, ai commissari della <strong>nuova commissione parlamentare<\/strong>.<\/p>\n<p>&#8220;<em>Quella terza nave<\/em> &#8211; ha spiegato Romano &#8211; <em>sfil\u00f2 di prora di fronte alla Moby Prince mentre il traghetto si avvicinava all&#8217;Agip Abruzzo contro la quale and\u00f2 poi a collidere incendiandosi proprio nel tentativo di evitarla. Il nostro lavoro nella precedente legislatura ci ha permesso di arrivare a un 85% di verit\u00e0, ma credo che si debbano e si possano individuare le tessere mancanti di questo tragico puzzle e per questo mi permetto di suggerire tre piste che possono agevolare il vostro lavoro di commissari<\/em>&#8220;.<\/p>\n<p>Romano ha ricordato che &#8220;<em>un grande gruppo come Snam di fronte a un disastro simile ha probabilmente svolto un&#8217;inchiesta interna, tuttavia Eni ci ha detto che non aveva pi\u00f9 quelle carte ma non abbiamo fatto in tempo a verificarlo. Oggi la commissione con i suoi poteri pu\u00f2 verificare questo aspetto importante e ritengo che Eni non debba avere nulla da temere a condividere con il Parlamento queste informazioni chiarendo eventualmente perch\u00e9 questi documenti non ci sono pi\u00f9 pertanto auspico che la nuova commissione abbia pi\u00f9 fortuna della nostra e trovi maggiore collaborazione&#8221;.<\/em><\/p>\n","protected":false},"excerpt":{"rendered":"<p>Un minuto di silenzio all&#8217;apertura del Consiglio regionale per ricordare le 140 vittime. Giani: &#8220;Continuare a chiedere giustizia&#8221;<\/p>\n","protected":false},"author":525,"featured_media":71318,"comment_status":"open","ping_status":"open","sticky":false,"template":"","format":"standard","meta":{"_acf_changed":false,"footnotes":""},"categories":[4],"tags":[273,5893],"class_list":["post-335493","post","type-post","status-publish","format-standard","has-post-thumbnail","hentry","category-storie","tag-livorno","tag-moby-prince"],"acf":[],"yoast_head":"<!-- This site is optimized with the Yoast SEO Premium plugin v24.2 (Yoast SEO v25.6) - https:\/\/yoast.com\/wordpress\/plugins\/seo\/ -->\n<title>Moby Prince, l&#039;appello dei familiari: &quot;Arrivare alla verit\u00e0&quot; - intoscana<\/title>\n<meta name=\"description\" content=\"Un minuto di silenzio all&#039;apertura del Consiglio regionale per ricordare le 140 vittime. Giani: &quot;Continuare a chiedere giustizia&quot;\" \/>\n<meta name=\"robots\" content=\"index, follow, max-snippet:-1, max-image-preview:large, max-video-preview:-1\" \/>\n<link rel=\"canonical\" href=\"https:\/\/www.intoscana.it\/it\/moby-prince-lappello-dei-familiari-arrivare-alla-verita\/\" \/>\n<meta property=\"og:locale\" content=\"it_IT\" \/>\n<meta property=\"og:type\" content=\"article\" \/>\n<meta property=\"og:title\" content=\"Moby Prince, l&#039;appello dei familiari: &quot;Arrivare alla verit\u00e0&quot;\" \/>\n<meta property=\"og:description\" content=\"Un minuto di silenzio all&#039;apertura del Consiglio regionale per ricordare le 140 vittime. Giani: &quot;Continuare a chiedere giustizia&quot;\" \/>\n<meta property=\"og:url\" content=\"https:\/\/www.intoscana.it\/it\/moby-prince-lappello-dei-familiari-arrivare-alla-verita\/\" \/>\n<meta property=\"og:site_name\" content=\"intoscana\" \/>\n<meta property=\"article:publisher\" content=\"https:\/\/www.facebook.com\/intoscana.it\" \/>\n<meta property=\"article:published_time\" content=\"2024-04-10T15:03:54+00:00\" \/>\n<meta property=\"article:modified_time\" content=\"2024-04-12T15:31:57+00:00\" \/>\n<meta property=\"og:image\" content=\"https:\/\/www.intoscana.it\/wp-content\/uploads\/moby-prince.jpg\" \/>\n\t<meta property=\"og:image:width\" content=\"1000\" \/>\n\t<meta property=\"og:image:height\" content=\"750\" \/>\n\t<meta property=\"og:image:type\" content=\"image\/jpeg\" \/>\n<meta name=\"author\" content=\"Redazione\" \/>\n<meta name=\"twitter:card\" content=\"summary_large_image\" \/>\n<meta name=\"twitter:creator\" content=\"@intoscana\" \/>\n<meta name=\"twitter:site\" content=\"@intoscana\" \/>\n<meta name=\"twitter:label1\" content=\"Written by\" \/>\n\t<meta name=\"twitter:data1\" content=\"Redazione\" \/>\n\t<meta name=\"twitter:label2\" content=\"Est. reading time\" \/>\n\t<meta name=\"twitter:data2\" content=\"5 minuti\" \/>\n<script type=\"application\/ld+json\" class=\"yoast-schema-graph\">{\"@context\":\"https:\/\/schema.org\",\"@graph\":[{\"@type\":\"WebPage\",\"@id\":\"https:\/\/www.intoscana.it\/it\/moby-prince-lappello-dei-familiari-arrivare-alla-verita\/\",\"url\":\"https:\/\/www.intoscana.it\/it\/moby-prince-lappello-dei-familiari-arrivare-alla-verita\/\",\"name\":\"Moby Prince, l'appello dei familiari: \\\"Arrivare alla verit\u00e0\\\" - intoscana\",\"isPartOf\":{\"@id\":\"https:\/\/www.intoscana.it\/it\/#website\"},\"primaryImageOfPage\":{\"@id\":\"https:\/\/www.intoscana.it\/it\/moby-prince-lappello-dei-familiari-arrivare-alla-verita\/#primaryimage\"},\"image\":{\"@id\":\"https:\/\/www.intoscana.it\/it\/moby-prince-lappello-dei-familiari-arrivare-alla-verita\/#primaryimage\"},\"thumbnailUrl\":\"https:\/\/www.intoscana.it\/wp-content\/uploads\/moby-prince.jpg\",\"datePublished\":\"2024-04-10T15:03:54+00:00\",\"dateModified\":\"2024-04-12T15:31:57+00:00\",\"author\":{\"@id\":\"https:\/\/www.intoscana.it\/it\/#\/schema\/person\/9223810753230f20bd670fdd322661f8\"},\"description\":\"Un minuto di silenzio all'apertura del Consiglio regionale per ricordare le 140 vittime. Giani: \\\"Continuare a chiedere giustizia\\\"\",\"breadcrumb\":{\"@id\":\"https:\/\/www.intoscana.it\/it\/moby-prince-lappello-dei-familiari-arrivare-alla-verita\/#breadcrumb\"},\"inLanguage\":\"it-IT\",\"potentialAction\":[{\"@type\":\"ReadAction\",\"target\":[\"https:\/\/www.intoscana.it\/it\/moby-prince-lappello-dei-familiari-arrivare-alla-verita\/\"]}]},{\"@type\":\"ImageObject\",\"inLanguage\":\"it-IT\",\"@id\":\"https:\/\/www.intoscana.it\/it\/moby-prince-lappello-dei-familiari-arrivare-alla-verita\/#primaryimage\",\"url\":\"https:\/\/www.intoscana.it\/wp-content\/uploads\/moby-prince.jpg\",\"contentUrl\":\"https:\/\/www.intoscana.it\/wp-content\/uploads\/moby-prince.jpg\",\"width\":1000,\"height\":750,\"caption\":\"Strage Moby Prince:\"},{\"@type\":\"BreadcrumbList\",\"@id\":\"https:\/\/www.intoscana.it\/it\/moby-prince-lappello-dei-familiari-arrivare-alla-verita\/#breadcrumb\",\"itemListElement\":[{\"@type\":\"ListItem\",\"position\":1,\"name\":\"Home\",\"item\":\"https:\/\/www.intoscana.it\/it\/\"},{\"@type\":\"ListItem\",\"position\":2,\"name\":\"Moby Prince, l&#8217;appello dei familiari: &#8220;Arrivare alla verit\u00e0&#8221;\"}]},{\"@type\":\"WebSite\",\"@id\":\"https:\/\/www.intoscana.it\/it\/#website\",\"url\":\"https:\/\/www.intoscana.it\/it\/\",\"name\":\"intoscana\",\"description\":\"\",\"potentialAction\":[{\"@type\":\"SearchAction\",\"target\":{\"@type\":\"EntryPoint\",\"urlTemplate\":\"https:\/\/www.intoscana.it\/it\/?s={search_term_string}\"},\"query-input\":{\"@type\":\"PropertyValueSpecification\",\"valueRequired\":true,\"valueName\":\"search_term_string\"}}],\"inLanguage\":\"it-IT\"},{\"@type\":\"Person\",\"@id\":\"https:\/\/www.intoscana.it\/it\/#\/schema\/person\/9223810753230f20bd670fdd322661f8\",\"name\":\"Redazione\",\"url\":\"https:\/\/www.intoscana.it\/it\/author\/redazione\/\"}]}<\/script>\n<!-- \/ Yoast SEO Premium plugin. -->","yoast_head_json":{"title":"Moby Prince, l'appello dei familiari: \"Arrivare alla verit\u00e0\" - intoscana","description":"Un minuto di silenzio all'apertura del Consiglio regionale per ricordare le 140 vittime. Giani: \"Continuare a chiedere giustizia\"","robots":{"index":"index","follow":"follow","max-snippet":"max-snippet:-1","max-image-preview":"max-image-preview:large","max-video-preview":"max-video-preview:-1"},"canonical":"https:\/\/www.intoscana.it\/it\/moby-prince-lappello-dei-familiari-arrivare-alla-verita\/","og_locale":"it_IT","og_type":"article","og_title":"Moby Prince, l'appello dei familiari: \"Arrivare alla verit\u00e0\"","og_description":"Un minuto di silenzio all'apertura del Consiglio regionale per ricordare le 140 vittime. Giani: \"Continuare a chiedere giustizia\"","og_url":"https:\/\/www.intoscana.it\/it\/moby-prince-lappello-dei-familiari-arrivare-alla-verita\/","og_site_name":"intoscana","article_publisher":"https:\/\/www.facebook.com\/intoscana.it","article_published_time":"2024-04-10T15:03:54+00:00","article_modified_time":"2024-04-12T15:31:57+00:00","og_image":[{"width":1000,"height":750,"url":"https:\/\/www.intoscana.it\/wp-content\/uploads\/moby-prince.jpg","type":"image\/jpeg"}],"author":"Redazione","twitter_card":"summary_large_image","twitter_creator":"@intoscana","twitter_site":"@intoscana","twitter_misc":{"Written by":"Redazione","Est. reading time":"5 minuti"},"schema":{"@context":"https:\/\/schema.org","@graph":[{"@type":"WebPage","@id":"https:\/\/www.intoscana.it\/it\/moby-prince-lappello-dei-familiari-arrivare-alla-verita\/","url":"https:\/\/www.intoscana.it\/it\/moby-prince-lappello-dei-familiari-arrivare-alla-verita\/","name":"Moby Prince, l'appello dei familiari: \"Arrivare alla verit\u00e0\" - intoscana","isPartOf":{"@id":"https:\/\/www.intoscana.it\/it\/#website"},"primaryImageOfPage":{"@id":"https:\/\/www.intoscana.it\/it\/moby-prince-lappello-dei-familiari-arrivare-alla-verita\/#primaryimage"},"image":{"@id":"https:\/\/www.intoscana.it\/it\/moby-prince-lappello-dei-familiari-arrivare-alla-verita\/#primaryimage"},"thumbnailUrl":"https:\/\/www.intoscana.it\/wp-content\/uploads\/moby-prince.jpg","datePublished":"2024-04-10T15:03:54+00:00","dateModified":"2024-04-12T15:31:57+00:00","author":{"@id":"https:\/\/www.intoscana.it\/it\/#\/schema\/person\/9223810753230f20bd670fdd322661f8"},"description":"Un minuto di silenzio all'apertura del Consiglio regionale per ricordare le 140 vittime. Giani: \"Continuare a chiedere giustizia\"","breadcrumb":{"@id":"https:\/\/www.intoscana.it\/it\/moby-prince-lappello-dei-familiari-arrivare-alla-verita\/#breadcrumb"},"inLanguage":"it-IT","potentialAction":[{"@type":"ReadAction","target":["https:\/\/www.intoscana.it\/it\/moby-prince-lappello-dei-familiari-arrivare-alla-verita\/"]}]},{"@type":"ImageObject","inLanguage":"it-IT","@id":"https:\/\/www.intoscana.it\/it\/moby-prince-lappello-dei-familiari-arrivare-alla-verita\/#primaryimage","url":"https:\/\/www.intoscana.it\/wp-content\/uploads\/moby-prince.jpg","contentUrl":"https:\/\/www.intoscana.it\/wp-content\/uploads\/moby-prince.jpg","width":1000,"height":750,"caption":"Strage Moby Prince:"},{"@type":"BreadcrumbList","@id":"https:\/\/www.intoscana.it\/it\/moby-prince-lappello-dei-familiari-arrivare-alla-verita\/#breadcrumb","itemListElement":[{"@type":"ListItem","position":1,"name":"Home","item":"https:\/\/www.intoscana.it\/it\/"},{"@type":"ListItem","position":2,"name":"Moby Prince, l&#8217;appello dei familiari: &#8220;Arrivare alla verit\u00e0&#8221;"}]},{"@type":"WebSite","@id":"https:\/\/www.intoscana.it\/it\/#website","url":"https:\/\/www.intoscana.it\/it\/","name":"intoscana","description":"","potentialAction":[{"@type":"SearchAction","target":{"@type":"EntryPoint","urlTemplate":"https:\/\/www.intoscana.it\/it\/?s={search_term_string}"},"query-input":{"@type":"PropertyValueSpecification","valueRequired":true,"valueName":"search_term_string"}}],"inLanguage":"it-IT"},{"@type":"Person","@id":"https:\/\/www.intoscana.it\/it\/#\/schema\/person\/9223810753230f20bd670fdd322661f8","name":"Redazione","url":"https:\/\/www.intoscana.it\/it\/author\/redazione\/"}]}},"_links":{"self":[{"href":"https:\/\/www.intoscana.it\/it\/wp-json\/wp\/v2\/posts\/335493","targetHints":{"allow":["GET"]}}],"collection":[{"href":"https:\/\/www.intoscana.it\/it\/wp-json\/wp\/v2\/posts"}],"about":[{"href":"https:\/\/www.intoscana.it\/it\/wp-json\/wp\/v2\/types\/post"}],"author":[{"embeddable":true,"href":"https:\/\/www.intoscana.it\/it\/wp-json\/wp\/v2\/users\/525"}],"replies":[{"embeddable":true,"href":"https:\/\/www.intoscana.it\/it\/wp-json\/wp\/v2\/comments?post=335493"}],"version-history":[{"count":8,"href":"https:\/\/www.intoscana.it\/it\/wp-json\/wp\/v2\/posts\/335493\/revisions"}],"predecessor-version":[{"id":335542,"href":"https:\/\/www.intoscana.it\/it\/wp-json\/wp\/v2\/posts\/335493\/revisions\/335542"}],"wp:featuredmedia":[{"embeddable":true,"href":"https:\/\/www.intoscana.it\/it\/wp-json\/wp\/v2\/media\/71318"}],"wp:attachment":[{"href":"https:\/\/www.intoscana.it\/it\/wp-json\/wp\/v2\/media?parent=335493"}],"wp:term":[{"taxonomy":"category","embeddable":true,"href":"https:\/\/www.intoscana.it\/it\/wp-json\/wp\/v2\/categories?post=335493"},{"taxonomy":"post_tag","embeddable":true,"href":"https:\/\/www.intoscana.it\/it\/wp-json\/wp\/v2\/tags?post=335493"}],"curies":[{"name":"wp","href":"https:\/\/api.w.org\/{rel}","templated":true}]}}