{"id":335513,"date":"2024-04-10T17:48:29","date_gmt":"2024-04-10T15:48:29","guid":{"rendered":"https:\/\/www.intoscana.it\/it\/?p=335513"},"modified":"2024-04-10T17:48:29","modified_gmt":"2024-04-10T15:48:29","slug":"allevatori-colpiti-da-predazioni-economia-circolare-per-le-carcasse","status":"publish","type":"post","link":"https:\/\/www.intoscana.it\/it\/allevatori-colpiti-da-predazioni-economia-circolare-per-le-carcasse\/","title":{"rendered":"Allevatori colpiti da predazioni, economia circolare per le carcasse"},"content":{"rendered":"<p>Prosegue <strong>la sperimentazione<\/strong> attivata all\u2019insegna dell\u2019<strong>economia circolare<\/strong> a favore degli <strong>allevatori<\/strong> colpiti da <strong>eventi di predazione<\/strong>. Anche per quest\u2019anno la Regione con <strong>30mila euro<\/strong> finanzia <mark>la rimozione e lo smaltimento delle carcasse degli animali predati da attacchi da parte di lupi o canidi<\/mark> che potranno essere <mark>riutilizzate per alimentare gli esemplari di lupo custoditi nel parco faunistico dell\u2019Amiata<\/mark>.<\/p>\n<p>\u201c<em>Si tratta di una misura adottata l\u2019anno scorso in via sperimentale per le province di Arezzo, Grosseto e Siena, le aree dove avviene il 90% delle predazioni della Toscana<\/em> &#8211; spiega la vicepresidente <strong>Stefania Saccardi<\/strong> &#8211; <em>La fase sperimentale necessita di essere completata e abbiamo ritenuto pertanto necessario, anche per l\u2019annualit\u00e0 2024, contribuire al completamento della sperimentazione. La Regione finanzier\u00e0 l\u2019Unione dei Comuni montani che provvederanno a recuperare le carcasse e a custodirle in celle frigo. Saranno cos\u00ec sollevati gli allevatori, nel caso siano stati colpiti da una predazione, dal sostenere l\u2019ulteriore spesa dello smaltimento delle carcasse e, al tempo stesso, si verr\u00e0 incontro al bilancio dell\u2019Unione dei Comuni montani dell\u2019Amiata grossetana, che ha in affidamento la gestione del lupo e degli ibridi custoditi nel cosiddetto Fortino del lupo, un&#8217;area ben recintata in cui gli animali sono lasciati in libert\u00e0 nel Parco dell\u2019Amiata, uno spazio nato proprio per mitigare i conflitti dovuti alla presenza di lupi e ibridi\u201d.<\/em><\/p>\n<p>Le <strong>procedure di smaltimento<\/strong> saranno eseguite in collaborazione con gli uffici delle Asl e in base alle norme e i regolamenti europei. Concluso il periodo di sperimentazione, se l\u2019attivit\u00e0 avr\u00e0 dato buoni risultati, sar\u00e0 <strong>estesa<\/strong> dalle tre province campione <strong>a tutta la Toscana<\/strong>.<\/p>\n<p>&nbsp;<\/p>\n","protected":false},"excerpt":{"rendered":"<p>Prosegue la sperimentazione della Regione. Destinati 30mila euro per rimozione e smaltimento degli animali predati da lupi o canidi<\/p>\n","protected":false},"author":525,"featured_media":205316,"comment_status":"open","ping_status":"open","sticky":false,"template":"","format":"standard","meta":{"_acf_changed":false,"footnotes":""},"categories":[494],"tags":[151,4769],"class_list":["post-335513","post","type-post","status-publish","format-standard","has-post-thumbnail","hentry","category-attualita","tag-regione-toscana","tag-stefania-saccardi"],"acf":[],"yoast_head":"<!-- This site is optimized with the Yoast SEO Premium plugin v24.2 (Yoast SEO v25.6) - https:\/\/yoast.com\/wordpress\/plugins\/seo\/ -->\n<title>Allevatori colpiti da predazioni, economia circolare per le carcasse - intoscana<\/title>\n<meta name=\"description\" content=\"Prosegue la sperimentazione della Regione. Destinati 30mila euro per rimozione e smaltimento degli animali predati da lupi o canidi\" \/>\n<meta name=\"robots\" content=\"index, follow, max-snippet:-1, max-image-preview:large, max-video-preview:-1\" \/>\n<link rel=\"canonical\" href=\"https:\/\/www.intoscana.it\/it\/allevatori-colpiti-da-predazioni-economia-circolare-per-le-carcasse\/\" \/>\n<meta property=\"og:locale\" content=\"it_IT\" \/>\n<meta property=\"og:type\" content=\"article\" \/>\n<meta property=\"og:title\" content=\"Allevatori colpiti da predazioni, economia circolare per le carcasse\" \/>\n<meta property=\"og:description\" content=\"Prosegue la sperimentazione della Regione. Destinati 30mila euro per rimozione e smaltimento degli animali predati da lupi o canidi\" \/>\n<meta property=\"og:url\" content=\"https:\/\/www.intoscana.it\/it\/allevatori-colpiti-da-predazioni-economia-circolare-per-le-carcasse\/\" \/>\n<meta property=\"og:site_name\" content=\"intoscana\" \/>\n<meta property=\"article:publisher\" content=\"https:\/\/www.facebook.com\/intoscana.it\" \/>\n<meta property=\"article:published_time\" content=\"2024-04-10T15:48:29+00:00\" \/>\n<meta property=\"og:image\" content=\"https:\/\/www.intoscana.it\/wp-content\/uploads\/Monte-Amiata-scaled.jpg\" \/>\n\t<meta property=\"og:image:width\" content=\"2048\" \/>\n\t<meta property=\"og:image:height\" content=\"1240\" \/>\n\t<meta property=\"og:image:type\" content=\"image\/jpeg\" \/>\n<meta name=\"author\" content=\"Redazione\" \/>\n<meta name=\"twitter:card\" content=\"summary_large_image\" \/>\n<meta name=\"twitter:creator\" content=\"@intoscana\" \/>\n<meta name=\"twitter:site\" content=\"@intoscana\" \/>\n<meta name=\"twitter:label1\" content=\"Written by\" \/>\n\t<meta name=\"twitter:data1\" content=\"Redazione\" \/>\n\t<meta name=\"twitter:label2\" content=\"Est. reading time\" \/>\n\t<meta name=\"twitter:data2\" content=\"2 minuti\" \/>\n<script type=\"application\/ld+json\" class=\"yoast-schema-graph\">{\"@context\":\"https:\/\/schema.org\",\"@graph\":[{\"@type\":\"WebPage\",\"@id\":\"https:\/\/www.intoscana.it\/it\/allevatori-colpiti-da-predazioni-economia-circolare-per-le-carcasse\/\",\"url\":\"https:\/\/www.intoscana.it\/it\/allevatori-colpiti-da-predazioni-economia-circolare-per-le-carcasse\/\",\"name\":\"Allevatori colpiti da predazioni, economia circolare per le carcasse - intoscana\",\"isPartOf\":{\"@id\":\"https:\/\/www.intoscana.it\/it\/#website\"},\"primaryImageOfPage\":{\"@id\":\"https:\/\/www.intoscana.it\/it\/allevatori-colpiti-da-predazioni-economia-circolare-per-le-carcasse\/#primaryimage\"},\"image\":{\"@id\":\"https:\/\/www.intoscana.it\/it\/allevatori-colpiti-da-predazioni-economia-circolare-per-le-carcasse\/#primaryimage\"},\"thumbnailUrl\":\"https:\/\/www.intoscana.it\/wp-content\/uploads\/Monte-Amiata-scaled.jpg\",\"datePublished\":\"2024-04-10T15:48:29+00:00\",\"author\":{\"@id\":\"https:\/\/www.intoscana.it\/it\/#\/schema\/person\/9223810753230f20bd670fdd322661f8\"},\"description\":\"Prosegue la sperimentazione della Regione. Destinati 30mila euro per rimozione e smaltimento degli animali predati da lupi o canidi\",\"breadcrumb\":{\"@id\":\"https:\/\/www.intoscana.it\/it\/allevatori-colpiti-da-predazioni-economia-circolare-per-le-carcasse\/#breadcrumb\"},\"inLanguage\":\"it-IT\",\"potentialAction\":[{\"@type\":\"ReadAction\",\"target\":[\"https:\/\/www.intoscana.it\/it\/allevatori-colpiti-da-predazioni-economia-circolare-per-le-carcasse\/\"]}]},{\"@type\":\"ImageObject\",\"inLanguage\":\"it-IT\",\"@id\":\"https:\/\/www.intoscana.it\/it\/allevatori-colpiti-da-predazioni-economia-circolare-per-le-carcasse\/#primaryimage\",\"url\":\"https:\/\/www.intoscana.it\/wp-content\/uploads\/Monte-Amiata-scaled.jpg\",\"contentUrl\":\"https:\/\/www.intoscana.it\/wp-content\/uploads\/Monte-Amiata-scaled.jpg\",\"width\":2048,\"height\":1240},{\"@type\":\"BreadcrumbList\",\"@id\":\"https:\/\/www.intoscana.it\/it\/allevatori-colpiti-da-predazioni-economia-circolare-per-le-carcasse\/#breadcrumb\",\"itemListElement\":[{\"@type\":\"ListItem\",\"position\":1,\"name\":\"Home\",\"item\":\"https:\/\/www.intoscana.it\/it\/\"},{\"@type\":\"ListItem\",\"position\":2,\"name\":\"Allevatori colpiti da predazioni, economia circolare per le carcasse\"}]},{\"@type\":\"WebSite\",\"@id\":\"https:\/\/www.intoscana.it\/it\/#website\",\"url\":\"https:\/\/www.intoscana.it\/it\/\",\"name\":\"intoscana\",\"description\":\"\",\"potentialAction\":[{\"@type\":\"SearchAction\",\"target\":{\"@type\":\"EntryPoint\",\"urlTemplate\":\"https:\/\/www.intoscana.it\/it\/?s={search_term_string}\"},\"query-input\":{\"@type\":\"PropertyValueSpecification\",\"valueRequired\":true,\"valueName\":\"search_term_string\"}}],\"inLanguage\":\"it-IT\"},{\"@type\":\"Person\",\"@id\":\"https:\/\/www.intoscana.it\/it\/#\/schema\/person\/9223810753230f20bd670fdd322661f8\",\"name\":\"Redazione\",\"url\":\"https:\/\/www.intoscana.it\/it\/author\/redazione\/\"}]}<\/script>\n<!-- \/ Yoast SEO Premium plugin. -->","yoast_head_json":{"title":"Allevatori colpiti da predazioni, economia circolare per le carcasse - intoscana","description":"Prosegue la sperimentazione della Regione. Destinati 30mila euro per rimozione e smaltimento degli animali predati da lupi o canidi","robots":{"index":"index","follow":"follow","max-snippet":"max-snippet:-1","max-image-preview":"max-image-preview:large","max-video-preview":"max-video-preview:-1"},"canonical":"https:\/\/www.intoscana.it\/it\/allevatori-colpiti-da-predazioni-economia-circolare-per-le-carcasse\/","og_locale":"it_IT","og_type":"article","og_title":"Allevatori colpiti da predazioni, economia circolare per le carcasse","og_description":"Prosegue la sperimentazione della Regione. Destinati 30mila euro per rimozione e smaltimento degli animali predati da lupi o canidi","og_url":"https:\/\/www.intoscana.it\/it\/allevatori-colpiti-da-predazioni-economia-circolare-per-le-carcasse\/","og_site_name":"intoscana","article_publisher":"https:\/\/www.facebook.com\/intoscana.it","article_published_time":"2024-04-10T15:48:29+00:00","og_image":[{"width":2048,"height":1240,"url":"https:\/\/www.intoscana.it\/wp-content\/uploads\/Monte-Amiata-scaled.jpg","type":"image\/jpeg"}],"author":"Redazione","twitter_card":"summary_large_image","twitter_creator":"@intoscana","twitter_site":"@intoscana","twitter_misc":{"Written by":"Redazione","Est. reading time":"2 minuti"},"schema":{"@context":"https:\/\/schema.org","@graph":[{"@type":"WebPage","@id":"https:\/\/www.intoscana.it\/it\/allevatori-colpiti-da-predazioni-economia-circolare-per-le-carcasse\/","url":"https:\/\/www.intoscana.it\/it\/allevatori-colpiti-da-predazioni-economia-circolare-per-le-carcasse\/","name":"Allevatori colpiti da predazioni, economia circolare per le carcasse - intoscana","isPartOf":{"@id":"https:\/\/www.intoscana.it\/it\/#website"},"primaryImageOfPage":{"@id":"https:\/\/www.intoscana.it\/it\/allevatori-colpiti-da-predazioni-economia-circolare-per-le-carcasse\/#primaryimage"},"image":{"@id":"https:\/\/www.intoscana.it\/it\/allevatori-colpiti-da-predazioni-economia-circolare-per-le-carcasse\/#primaryimage"},"thumbnailUrl":"https:\/\/www.intoscana.it\/wp-content\/uploads\/Monte-Amiata-scaled.jpg","datePublished":"2024-04-10T15:48:29+00:00","author":{"@id":"https:\/\/www.intoscana.it\/it\/#\/schema\/person\/9223810753230f20bd670fdd322661f8"},"description":"Prosegue la sperimentazione della Regione. Destinati 30mila euro per rimozione e smaltimento degli animali predati da lupi o canidi","breadcrumb":{"@id":"https:\/\/www.intoscana.it\/it\/allevatori-colpiti-da-predazioni-economia-circolare-per-le-carcasse\/#breadcrumb"},"inLanguage":"it-IT","potentialAction":[{"@type":"ReadAction","target":["https:\/\/www.intoscana.it\/it\/allevatori-colpiti-da-predazioni-economia-circolare-per-le-carcasse\/"]}]},{"@type":"ImageObject","inLanguage":"it-IT","@id":"https:\/\/www.intoscana.it\/it\/allevatori-colpiti-da-predazioni-economia-circolare-per-le-carcasse\/#primaryimage","url":"https:\/\/www.intoscana.it\/wp-content\/uploads\/Monte-Amiata-scaled.jpg","contentUrl":"https:\/\/www.intoscana.it\/wp-content\/uploads\/Monte-Amiata-scaled.jpg","width":2048,"height":1240},{"@type":"BreadcrumbList","@id":"https:\/\/www.intoscana.it\/it\/allevatori-colpiti-da-predazioni-economia-circolare-per-le-carcasse\/#breadcrumb","itemListElement":[{"@type":"ListItem","position":1,"name":"Home","item":"https:\/\/www.intoscana.it\/it\/"},{"@type":"ListItem","position":2,"name":"Allevatori colpiti da predazioni, economia circolare per le carcasse"}]},{"@type":"WebSite","@id":"https:\/\/www.intoscana.it\/it\/#website","url":"https:\/\/www.intoscana.it\/it\/","name":"intoscana","description":"","potentialAction":[{"@type":"SearchAction","target":{"@type":"EntryPoint","urlTemplate":"https:\/\/www.intoscana.it\/it\/?s={search_term_string}"},"query-input":{"@type":"PropertyValueSpecification","valueRequired":true,"valueName":"search_term_string"}}],"inLanguage":"it-IT"},{"@type":"Person","@id":"https:\/\/www.intoscana.it\/it\/#\/schema\/person\/9223810753230f20bd670fdd322661f8","name":"Redazione","url":"https:\/\/www.intoscana.it\/it\/author\/redazione\/"}]}},"_links":{"self":[{"href":"https:\/\/www.intoscana.it\/it\/wp-json\/wp\/v2\/posts\/335513","targetHints":{"allow":["GET"]}}],"collection":[{"href":"https:\/\/www.intoscana.it\/it\/wp-json\/wp\/v2\/posts"}],"about":[{"href":"https:\/\/www.intoscana.it\/it\/wp-json\/wp\/v2\/types\/post"}],"author":[{"embeddable":true,"href":"https:\/\/www.intoscana.it\/it\/wp-json\/wp\/v2\/users\/525"}],"replies":[{"embeddable":true,"href":"https:\/\/www.intoscana.it\/it\/wp-json\/wp\/v2\/comments?post=335513"}],"version-history":[{"count":4,"href":"https:\/\/www.intoscana.it\/it\/wp-json\/wp\/v2\/posts\/335513\/revisions"}],"predecessor-version":[{"id":335517,"href":"https:\/\/www.intoscana.it\/it\/wp-json\/wp\/v2\/posts\/335513\/revisions\/335517"}],"wp:featuredmedia":[{"embeddable":true,"href":"https:\/\/www.intoscana.it\/it\/wp-json\/wp\/v2\/media\/205316"}],"wp:attachment":[{"href":"https:\/\/www.intoscana.it\/it\/wp-json\/wp\/v2\/media?parent=335513"}],"wp:term":[{"taxonomy":"category","embeddable":true,"href":"https:\/\/www.intoscana.it\/it\/wp-json\/wp\/v2\/categories?post=335513"},{"taxonomy":"post_tag","embeddable":true,"href":"https:\/\/www.intoscana.it\/it\/wp-json\/wp\/v2\/tags?post=335513"}],"curies":[{"name":"wp","href":"https:\/\/api.w.org\/{rel}","templated":true}]}}