{"id":335864,"date":"2024-04-13T09:41:59","date_gmt":"2024-04-13T07:41:59","guid":{"rendered":"https:\/\/www.intoscana.it\/it\/?p=335864"},"modified":"2024-04-13T17:10:27","modified_gmt":"2024-04-13T15:10:27","slug":"e-morto-alleta-di-83-anni-lo-stilista-fiorentino-roberto-cavalli","status":"publish","type":"post","link":"https:\/\/www.intoscana.it\/it\/e-morto-alleta-di-83-anni-lo-stilista-fiorentino-roberto-cavalli\/","title":{"rendered":"\u00c8 morto all&#8217;et\u00e0 di 83 anni lo stilista fiorentino Roberto Cavalli"},"content":{"rendered":"<p>Venerd\u00ec 12 aprile <strong>\u00e8 morto all&#8217;et\u00e0 di 83 anni<\/strong>, nella sua casa fiorentina,<strong> lo stilista Roberto Cavalli<\/strong> dopo una lunga malattia. Accanto a lui nelle ultime ore, come negli ultimi quindici anni, la compagna <strong>Sandra Bergman Nilsonn.<\/strong><\/p>\n<p><strong>Lascia sei figli di cui il pi\u00f9 piccolo Giorgio,<\/strong> di poco pi\u00f9 di un anno. Il bimbo si chiama per volont\u00e0 dello stesso Cavalli come il padre, ucciso dai nazisti in una rappresaglia a Cavriglia (Arezzo) quando il futuro stilista aveva solo tre anni.<\/p>\n<p>I funerali si terranno <strong>luned\u00ec 15 aprile alle 11, nella basilica di San Miniato al Monte a Firenze.<\/strong><\/p>\n<p><strong>Il presidente della Regione Toscana<\/strong> ha dichiarato: &#8220;<em>Con profondo dolore e sincero rimpianto, apprendo della scomparsa di Roberto Cavalli, illustre figura che ha portato l&#8217;alta moda italiana nel mondo, \u00a0facendo della Toscana un punto di riferimento indiscusso nel panorama della moda globale. Roberto non \u00e8 stato solo un innovatore e un artista del tessuto, ma anche un simbolo di creativit\u00e0 e maestria che ha saputo mescolare con audacia i colori della nostra terra con le tendenze internazionali. In questo triste momento, a nome di tutta la Regione Toscana, esprimo le pi\u00f9 sentite condoglianze alla famiglia, agli amici e a tutti coloro che hanno avuto il privilegio di conoscerlo e lavorare con lui &#8211; <\/em><strong>ha continuato il governatore<\/strong><em> -. La sua eredit\u00e0 non sar\u00e0 dimenticata, ma continuer\u00e0 a vivere nelle sue creazioni che hanno dato lustro alla nostra regione e ispirato tante generazioni. La Toscana \u00e8 grata per tutto ci\u00f2 che Roberto Cavalli ha offerto al mondo della moda e della cultura, e si unisce al cordoglio di chi oggi piange la perdita di un vero maestro &#8211; <\/em><strong>ha concluso il presidente<\/strong><em>-. Sar\u00e0 nostra premura onorare la sua memoria e proseguire nell&#8217;impegno di supporto all&#8217;arte e alla cultura che tanto ha amato&#8221;.<\/em><\/p>\n<figure id=\"post-141792 media-141792\" class=\"align-none\"><img decoding=\"async\" src=\"https:\/\/www.intoscana.it\/wp-content\/uploads\/a47e38692620685f04bbec2166539acd-2.jpg\" alt=\"\" \/><\/figure>\n<div class=\"titleimg\">Roberto Cavalli<\/div>\n<p><strong>Roberto Cavalli<\/strong>, fondatore del brand omonimo, lascia un vuoto enorme nel fashion, anche se <strong>nel 2015 aveva ceduto l&#8217;azienda nata negli anni Settanta a Parigi.<\/strong><\/p>\n<p>Cavalli scopr\u00ec la passione per la moda in tenera et\u00e0 e il suo lavoro fu sibito notato da grandi brand francesi come<strong> Herm\u00e9s e Pierre Cardin<\/strong>. Dopo la <strong>prima collezione pr\u00eat-\u00e0-porter<\/strong> il successo fu immediato.<\/p>\n<p>Il suo <strong>look animalier era diventato un elemento distintivo del marchio<\/strong>, cos\u00ec come le pellicce con ricami, i lunghi vestiti ricchi dai grandi spacchi e dalle tante trasparenze.<\/p>\n<p>Accanto alle collezioni di<strong> alta moda e pret-\u00e0-porter firmate Roberto Cavalli<\/strong>, erano poi nati anche il marchio<strong> RC Menswear<\/strong> e la linea giovane <strong>Just Cavalli,<\/strong> lanciata nel 1998.<\/p>\n<p>Negli anni dieci del 2000 era poi nata la divisione <strong>Roberto Cavalli Home,<\/strong> presentata al Salone del Mobile nel 2012.<\/p>\n<p><em>&#8220;\u00c8 stato un artista, un innovatore, un sognatore. Un grande imprenditore del nostro tempo che ha fatto del suo nome un sinonimo di creativit\u00e0 ed eleganza nel mondo. Nel settore della moda le sue sfide sono state un nuovo modello per tanti e hanno rappresentato un punto di riferimento costante&#8221; &#8211;<\/em><strong> ha detto il presidente del Consiglio regionale della Toscana<\/strong> &#8211; &#8220;<em>Con Roberto Cavalli se ne va oggi un pezzo del genio e dell&#8217;eccellenza toscana. Alla sua famiglia e ai suoi cari va l&#8217;abbraccio e il pensiero mio personale e di tutto il Consiglio regionale della Toscana&#8221;.<\/em><\/p>\n<figure id=\"post-94703 media-94703\" class=\"align-none\"><img decoding=\"async\" src=\"https:\/\/www.intoscana.it\/wp-content\/uploads\/50dfb0201ba09aa9ab4ef7f78b35b94e.jpg\" alt=\"\" \/><\/figure>\n<div class=\"titleimg\">Jennifer Lopez e Roberto Cavalli<\/div>\n","protected":false},"excerpt":{"rendered":"<p>Venerd\u00ec 12 aprile \u00e8 morto all&#8217;et\u00e0 di 83 anni, nella sua casa fiorentina, lo stilista Roberto Cavalli dopo una lunga malattia. Accanto a lui nelle ultime ore, come negli ultimi quindici anni, la compagna Sandra Bergman Nilsonn<\/p>\n","protected":false},"author":525,"featured_media":335865,"comment_status":"open","ping_status":"open","sticky":false,"template":"","format":"standard","meta":{"_acf_changed":false,"footnotes":""},"categories":[494],"tags":[202,189],"class_list":["post-335864","post","type-post","status-publish","format-standard","has-post-thumbnail","hentry","category-attualita","tag-firenze","tag-moda"],"acf":[],"yoast_head":"<!-- This site is optimized with the Yoast SEO Premium plugin v24.2 (Yoast SEO v25.6) - https:\/\/yoast.com\/wordpress\/plugins\/seo\/ -->\n<title>\u00c8 morto all&#039;et\u00e0 di 83 anni lo stilista fiorentino Roberto Cavalli - intoscana<\/title>\n<meta name=\"description\" content=\"Venerd\u00ec 12 aprile \u00e8 morto all&#039;et\u00e0 di 83 anni, nella sua casa fiorentina, lo stilista Roberto Cavalli dopo una lunga malattia\" \/>\n<meta name=\"robots\" content=\"index, follow, max-snippet:-1, max-image-preview:large, max-video-preview:-1\" \/>\n<link rel=\"canonical\" href=\"https:\/\/www.intoscana.it\/it\/e-morto-alleta-di-83-anni-lo-stilista-fiorentino-roberto-cavalli\/\" \/>\n<meta property=\"og:locale\" content=\"it_IT\" \/>\n<meta property=\"og:type\" content=\"article\" \/>\n<meta property=\"og:title\" content=\"\u00c8 morto all&#039;et\u00e0 di 83 anni lo stilista fiorentino Roberto Cavalli\" \/>\n<meta property=\"og:description\" content=\"Venerd\u00ec 12 aprile \u00e8 morto all&#039;et\u00e0 di 83 anni, nella sua casa fiorentina, lo stilista Roberto Cavalli dopo una lunga malattia\" \/>\n<meta property=\"og:url\" content=\"https:\/\/www.intoscana.it\/it\/e-morto-alleta-di-83-anni-lo-stilista-fiorentino-roberto-cavalli\/\" \/>\n<meta property=\"og:site_name\" content=\"intoscana\" \/>\n<meta property=\"article:publisher\" content=\"https:\/\/www.facebook.com\/intoscana.it\" \/>\n<meta property=\"article:published_time\" content=\"2024-04-13T07:41:59+00:00\" \/>\n<meta property=\"article:modified_time\" content=\"2024-04-13T15:10:27+00:00\" \/>\n<meta property=\"og:image\" content=\"https:\/\/www.intoscana.it\/wp-content\/uploads\/roberto-cavalli.jpeg\" \/>\n\t<meta property=\"og:image:width\" content=\"1200\" \/>\n\t<meta property=\"og:image:height\" content=\"650\" \/>\n\t<meta property=\"og:image:type\" content=\"image\/jpeg\" \/>\n<meta name=\"author\" content=\"Redazione\" \/>\n<meta name=\"twitter:card\" content=\"summary_large_image\" \/>\n<meta name=\"twitter:creator\" content=\"@intoscana\" \/>\n<meta name=\"twitter:site\" content=\"@intoscana\" \/>\n<meta name=\"twitter:label1\" content=\"Written by\" \/>\n\t<meta name=\"twitter:data1\" content=\"Redazione\" \/>\n\t<meta name=\"twitter:label2\" content=\"Est. reading time\" \/>\n\t<meta name=\"twitter:data2\" content=\"4 minuti\" \/>\n<script type=\"application\/ld+json\" class=\"yoast-schema-graph\">{\"@context\":\"https:\/\/schema.org\",\"@graph\":[{\"@type\":\"WebPage\",\"@id\":\"https:\/\/www.intoscana.it\/it\/e-morto-alleta-di-83-anni-lo-stilista-fiorentino-roberto-cavalli\/\",\"url\":\"https:\/\/www.intoscana.it\/it\/e-morto-alleta-di-83-anni-lo-stilista-fiorentino-roberto-cavalli\/\",\"name\":\"\u00c8 morto all'et\u00e0 di 83 anni lo stilista fiorentino Roberto Cavalli - intoscana\",\"isPartOf\":{\"@id\":\"https:\/\/www.intoscana.it\/it\/#website\"},\"primaryImageOfPage\":{\"@id\":\"https:\/\/www.intoscana.it\/it\/e-morto-alleta-di-83-anni-lo-stilista-fiorentino-roberto-cavalli\/#primaryimage\"},\"image\":{\"@id\":\"https:\/\/www.intoscana.it\/it\/e-morto-alleta-di-83-anni-lo-stilista-fiorentino-roberto-cavalli\/#primaryimage\"},\"thumbnailUrl\":\"https:\/\/www.intoscana.it\/wp-content\/uploads\/roberto-cavalli.jpeg\",\"datePublished\":\"2024-04-13T07:41:59+00:00\",\"dateModified\":\"2024-04-13T15:10:27+00:00\",\"author\":{\"@id\":\"https:\/\/www.intoscana.it\/it\/#\/schema\/person\/9223810753230f20bd670fdd322661f8\"},\"description\":\"Venerd\u00ec 12 aprile \u00e8 morto all'et\u00e0 di 83 anni, nella sua casa fiorentina, lo stilista Roberto Cavalli dopo una lunga malattia\",\"breadcrumb\":{\"@id\":\"https:\/\/www.intoscana.it\/it\/e-morto-alleta-di-83-anni-lo-stilista-fiorentino-roberto-cavalli\/#breadcrumb\"},\"inLanguage\":\"it-IT\",\"potentialAction\":[{\"@type\":\"ReadAction\",\"target\":[\"https:\/\/www.intoscana.it\/it\/e-morto-alleta-di-83-anni-lo-stilista-fiorentino-roberto-cavalli\/\"]}]},{\"@type\":\"ImageObject\",\"inLanguage\":\"it-IT\",\"@id\":\"https:\/\/www.intoscana.it\/it\/e-morto-alleta-di-83-anni-lo-stilista-fiorentino-roberto-cavalli\/#primaryimage\",\"url\":\"https:\/\/www.intoscana.it\/wp-content\/uploads\/roberto-cavalli.jpeg\",\"contentUrl\":\"https:\/\/www.intoscana.it\/wp-content\/uploads\/roberto-cavalli.jpeg\",\"width\":1200,\"height\":650},{\"@type\":\"BreadcrumbList\",\"@id\":\"https:\/\/www.intoscana.it\/it\/e-morto-alleta-di-83-anni-lo-stilista-fiorentino-roberto-cavalli\/#breadcrumb\",\"itemListElement\":[{\"@type\":\"ListItem\",\"position\":1,\"name\":\"Home\",\"item\":\"https:\/\/www.intoscana.it\/it\/\"},{\"@type\":\"ListItem\",\"position\":2,\"name\":\"\u00c8 morto all&#8217;et\u00e0 di 83 anni lo stilista fiorentino Roberto Cavalli\"}]},{\"@type\":\"WebSite\",\"@id\":\"https:\/\/www.intoscana.it\/it\/#website\",\"url\":\"https:\/\/www.intoscana.it\/it\/\",\"name\":\"intoscana\",\"description\":\"\",\"potentialAction\":[{\"@type\":\"SearchAction\",\"target\":{\"@type\":\"EntryPoint\",\"urlTemplate\":\"https:\/\/www.intoscana.it\/it\/?s={search_term_string}\"},\"query-input\":{\"@type\":\"PropertyValueSpecification\",\"valueRequired\":true,\"valueName\":\"search_term_string\"}}],\"inLanguage\":\"it-IT\"},{\"@type\":\"Person\",\"@id\":\"https:\/\/www.intoscana.it\/it\/#\/schema\/person\/9223810753230f20bd670fdd322661f8\",\"name\":\"Redazione\",\"url\":\"https:\/\/www.intoscana.it\/it\/author\/redazione\/\"}]}<\/script>\n<!-- \/ Yoast SEO Premium plugin. -->","yoast_head_json":{"title":"\u00c8 morto all'et\u00e0 di 83 anni lo stilista fiorentino Roberto Cavalli - intoscana","description":"Venerd\u00ec 12 aprile \u00e8 morto all'et\u00e0 di 83 anni, nella sua casa fiorentina, lo stilista Roberto Cavalli dopo una lunga malattia","robots":{"index":"index","follow":"follow","max-snippet":"max-snippet:-1","max-image-preview":"max-image-preview:large","max-video-preview":"max-video-preview:-1"},"canonical":"https:\/\/www.intoscana.it\/it\/e-morto-alleta-di-83-anni-lo-stilista-fiorentino-roberto-cavalli\/","og_locale":"it_IT","og_type":"article","og_title":"\u00c8 morto all'et\u00e0 di 83 anni lo stilista fiorentino Roberto Cavalli","og_description":"Venerd\u00ec 12 aprile \u00e8 morto all'et\u00e0 di 83 anni, nella sua casa fiorentina, lo stilista Roberto Cavalli dopo una lunga malattia","og_url":"https:\/\/www.intoscana.it\/it\/e-morto-alleta-di-83-anni-lo-stilista-fiorentino-roberto-cavalli\/","og_site_name":"intoscana","article_publisher":"https:\/\/www.facebook.com\/intoscana.it","article_published_time":"2024-04-13T07:41:59+00:00","article_modified_time":"2024-04-13T15:10:27+00:00","og_image":[{"width":1200,"height":650,"url":"https:\/\/www.intoscana.it\/wp-content\/uploads\/roberto-cavalli.jpeg","type":"image\/jpeg"}],"author":"Redazione","twitter_card":"summary_large_image","twitter_creator":"@intoscana","twitter_site":"@intoscana","twitter_misc":{"Written by":"Redazione","Est. reading time":"4 minuti"},"schema":{"@context":"https:\/\/schema.org","@graph":[{"@type":"WebPage","@id":"https:\/\/www.intoscana.it\/it\/e-morto-alleta-di-83-anni-lo-stilista-fiorentino-roberto-cavalli\/","url":"https:\/\/www.intoscana.it\/it\/e-morto-alleta-di-83-anni-lo-stilista-fiorentino-roberto-cavalli\/","name":"\u00c8 morto all'et\u00e0 di 83 anni lo stilista fiorentino Roberto Cavalli - intoscana","isPartOf":{"@id":"https:\/\/www.intoscana.it\/it\/#website"},"primaryImageOfPage":{"@id":"https:\/\/www.intoscana.it\/it\/e-morto-alleta-di-83-anni-lo-stilista-fiorentino-roberto-cavalli\/#primaryimage"},"image":{"@id":"https:\/\/www.intoscana.it\/it\/e-morto-alleta-di-83-anni-lo-stilista-fiorentino-roberto-cavalli\/#primaryimage"},"thumbnailUrl":"https:\/\/www.intoscana.it\/wp-content\/uploads\/roberto-cavalli.jpeg","datePublished":"2024-04-13T07:41:59+00:00","dateModified":"2024-04-13T15:10:27+00:00","author":{"@id":"https:\/\/www.intoscana.it\/it\/#\/schema\/person\/9223810753230f20bd670fdd322661f8"},"description":"Venerd\u00ec 12 aprile \u00e8 morto all'et\u00e0 di 83 anni, nella sua casa fiorentina, lo stilista Roberto Cavalli dopo una lunga malattia","breadcrumb":{"@id":"https:\/\/www.intoscana.it\/it\/e-morto-alleta-di-83-anni-lo-stilista-fiorentino-roberto-cavalli\/#breadcrumb"},"inLanguage":"it-IT","potentialAction":[{"@type":"ReadAction","target":["https:\/\/www.intoscana.it\/it\/e-morto-alleta-di-83-anni-lo-stilista-fiorentino-roberto-cavalli\/"]}]},{"@type":"ImageObject","inLanguage":"it-IT","@id":"https:\/\/www.intoscana.it\/it\/e-morto-alleta-di-83-anni-lo-stilista-fiorentino-roberto-cavalli\/#primaryimage","url":"https:\/\/www.intoscana.it\/wp-content\/uploads\/roberto-cavalli.jpeg","contentUrl":"https:\/\/www.intoscana.it\/wp-content\/uploads\/roberto-cavalli.jpeg","width":1200,"height":650},{"@type":"BreadcrumbList","@id":"https:\/\/www.intoscana.it\/it\/e-morto-alleta-di-83-anni-lo-stilista-fiorentino-roberto-cavalli\/#breadcrumb","itemListElement":[{"@type":"ListItem","position":1,"name":"Home","item":"https:\/\/www.intoscana.it\/it\/"},{"@type":"ListItem","position":2,"name":"\u00c8 morto all&#8217;et\u00e0 di 83 anni lo stilista fiorentino Roberto Cavalli"}]},{"@type":"WebSite","@id":"https:\/\/www.intoscana.it\/it\/#website","url":"https:\/\/www.intoscana.it\/it\/","name":"intoscana","description":"","potentialAction":[{"@type":"SearchAction","target":{"@type":"EntryPoint","urlTemplate":"https:\/\/www.intoscana.it\/it\/?s={search_term_string}"},"query-input":{"@type":"PropertyValueSpecification","valueRequired":true,"valueName":"search_term_string"}}],"inLanguage":"it-IT"},{"@type":"Person","@id":"https:\/\/www.intoscana.it\/it\/#\/schema\/person\/9223810753230f20bd670fdd322661f8","name":"Redazione","url":"https:\/\/www.intoscana.it\/it\/author\/redazione\/"}]}},"_links":{"self":[{"href":"https:\/\/www.intoscana.it\/it\/wp-json\/wp\/v2\/posts\/335864","targetHints":{"allow":["GET"]}}],"collection":[{"href":"https:\/\/www.intoscana.it\/it\/wp-json\/wp\/v2\/posts"}],"about":[{"href":"https:\/\/www.intoscana.it\/it\/wp-json\/wp\/v2\/types\/post"}],"author":[{"embeddable":true,"href":"https:\/\/www.intoscana.it\/it\/wp-json\/wp\/v2\/users\/525"}],"replies":[{"embeddable":true,"href":"https:\/\/www.intoscana.it\/it\/wp-json\/wp\/v2\/comments?post=335864"}],"version-history":[{"count":9,"href":"https:\/\/www.intoscana.it\/it\/wp-json\/wp\/v2\/posts\/335864\/revisions"}],"predecessor-version":[{"id":335932,"href":"https:\/\/www.intoscana.it\/it\/wp-json\/wp\/v2\/posts\/335864\/revisions\/335932"}],"wp:featuredmedia":[{"embeddable":true,"href":"https:\/\/www.intoscana.it\/it\/wp-json\/wp\/v2\/media\/335865"}],"wp:attachment":[{"href":"https:\/\/www.intoscana.it\/it\/wp-json\/wp\/v2\/media?parent=335864"}],"wp:term":[{"taxonomy":"category","embeddable":true,"href":"https:\/\/www.intoscana.it\/it\/wp-json\/wp\/v2\/categories?post=335864"},{"taxonomy":"post_tag","embeddable":true,"href":"https:\/\/www.intoscana.it\/it\/wp-json\/wp\/v2\/tags?post=335864"}],"curies":[{"name":"wp","href":"https:\/\/api.w.org\/{rel}","templated":true}]}}