{"id":336224,"date":"2024-04-16T14:07:27","date_gmt":"2024-04-16T12:07:27","guid":{"rendered":"https:\/\/www.intoscana.it\/it\/?p=336224"},"modified":"2024-04-16T16:15:36","modified_gmt":"2024-04-16T14:15:36","slug":"bimbo-cantautore-livornese-hobby-costoso-intervista-2024","status":"publish","type":"post","link":"https:\/\/www.intoscana.it\/it\/bimbo-cantautore-livornese-hobby-costoso-intervista-2024\/","title":{"rendered":"Il cantautore livornese Bimbo e la fine del mondo in un disco per esorcizzare l&#8217;ansia generazionale"},"content":{"rendered":"<p><strong>Simone Soldani<\/strong> in arte<strong> &#8220;Bimbo&#8221;, <\/strong>nasce a Livorno nel 1976. Il suo disco d&#8217;esordio<strong><em>\u00a0&#8220;Bugie per asini&#8221;<\/em><\/strong> \u00e8 del 2014, ed \u00e8 stato realizzato dopo anni di concerti in giro per l\u2019Italia calcando i <strong>palchi dei centri sociali.<\/strong> Ma<strong> Bimbo<\/strong> ha partecipato anche al <strong>Festival di Cannes<\/strong> con la colonna sonora di<strong><em> \u201cB.B. e il cormorano\u201d<\/em><\/strong>.<\/p>\n<p>Il suo ultimo disco si intitola <strong><em>\u201cHobby costoso\u201d<\/em><\/strong> e \u00e8 uscito ad aprile per <a href=\"https:\/\/www.blackcandy.it\" target=\"_blank\" rel=\"noopener\" class=\"broken_link\"><strong>Blackcandy Produzioni<\/strong> <\/a>su tutte le <strong>piattaforme di streaming.<\/strong><\/p>\n<p>Una album che si colloca tra <strong>pop, cantautorato e un&#8217;eterna ricerca sperimentale<\/strong> che attinge da sonorit\u00e0<strong> afro \u2013 elettroniche,<\/strong> legando insieme suggestioni che spaziano da <strong>Loredana Bert\u00e9 a Mulatu Astatke<\/strong>.<\/p>\n<p>Nei testi <strong>Bimbo<\/strong> mette a nudo la condizione di <strong>un artista che vive in provincia,<\/strong> non interessato al &#8220;successo&#8221; comunemente inteso, ma solo ad esprimere se stesso e <strong>le emozioni e i conflitti<\/strong> della<strong> vita di tutti i giorni, quella pi\u00f9 vera.\u00a0<\/strong><\/p>\n<p><strong><em>Hobby costoso<\/em> <\/strong>\u00e8 stato anticipato dal singolo<strong><em>\u00a0\u201cPreferisco morire\u201d<\/em> <\/strong>un brano che invita a riflettere su un tema di fondamentale importanza come il<strong> cambiamento climatico<\/strong>, con un suggestivo video di che racconta <strong>la riconquista della terra da parte del mondo animale.<\/strong><\/p>\n<h3>Ecco la nostra intervista a Simone &#8220;Bimbo&#8221; Soldani<\/h3>\n<p><strong>Ciao Simone! Come mai hai deciso di intitolare l&#8217;album <em>&#8220;Hobby costoso&#8221;<\/em>? Non \u00e8 un po&#8217; svalutare o sminuire quello che fai: la tua musica?<\/strong><\/p>\n<p>Ho scelto questo titolo come provocazione per fare luce su <strong>quanto poco oggi in Italia viene data attenzione alla cultura<\/strong>, quanto poco un artista si trova ad essere sostenuto o preso sul serio.<strong>La musica viene considerata un &#8220;hobby&#8221; da una societ\u00e0 distratta. <\/strong>Anche\u00a0quando sono andato a suonare all&#8217;estero per suonare spesso mi sono sentito chiedere: &#8220;Ma di lavoro cosa fai?&#8221;. \u00c8 vero che sono pochi quelli che vivono solo di musica ma l&#8217;attenzione che viene data alla musica in Italia \u00e8 veramente scarsa, \u00e8 emerso chiaramente durante la pandemia di Covid con <strong>la rivolta dei bauli nelle piazze.<\/strong> L\u00ec venne fuori <strong>il problema che in Italia non esistono tutele per i musicisti.<\/strong> Fino a poco tempo fa il lavoro di musicista era quasi sempre al nero. Le poche opportunit\u00e0 di potersi esprimere live, facevano s\u00ec che ci si accontentasse di tutto. <strong>\u00c8 evidente che non \u00e8 un hobby, ma spesso dalla musica non ci si tira fuori un euro, <\/strong>la musica \u00e8 la mia passione fin da piccolo, ma questa \u00e8 la realt\u00e0. <strong>Mi sono sempre scontrato nella mia vita con il bisogno di lavorare e allo stesso tempo di suonare<\/strong>, quando uno non ha le &#8220;spalle coperte&#8221; non \u00e8 facile fare entrambe le cose.<p><span class=\"citazione\">La musica viene considerata un &#8220;hobby&#8221; da una societ\u00e0 distratta<\/span><\/p><\/p>\n<p><strong>Questo per te \u00e8 un disco di riscatto?<\/strong><\/p>\n<p>Riscatto perch\u00e9 <strong>ho voglia di dire la mia,<\/strong> non \u00e8 un riscatto da qualcosa o da qualcuno, \u00e8 <strong>la voglia di dimostrare a me stesso di esserci<\/strong> con la mia musica e quello che mi va di fare. <strong>Non nel senso dell&#8217;auto-affermazione di me stesso<\/strong>, \u00e8 diverso, \u00e8 pi\u00f9 la volont\u00e0 di continuare a portare avanti le mie idee.<\/p>\n<p><iframe loading=\"lazy\" title=\"YouTube video player\" src=\"https:\/\/www.youtube.com\/embed\/i_YzPs5efrU?si=KFe1XFvOEa7EdzQR\" width=\"800\" height=\"450\" frameborder=\"0\" allowfullscreen=\"allowfullscreen\"><span data-mce-type=\"bookmark\" style=\"display: inline-block; width: 0px; overflow: hidden; line-height: 0;\" class=\"mce_SELRES_start\">\ufeff<\/span><\/iframe><\/p>\n<p><strong><em>&#8220;Hobby costoso&#8221;<\/em> \u00e8 stato anticipato dalla canzone &#8220;<em>Preferisco morire&#8221;<\/em> che ha un video bellissimo, realizzato da Dario Arnone, che parla di cambiamento climatico. Mi ha fatto pensare alla fine del mondo che forse sar\u00e0 anche prima di quello che immaginiamo, perch\u00e9 il riscaldamento globale sta andando pi\u00f9 velocemente del previsto e gli scienziati non capiscono perch\u00e9. Te come te l&#8217;immagini? Ci hai mai pensato?<\/strong><\/p>\n<p>Io credo che ci uccideremo prima tra di noi.<p><span class=\"citazione\">Dopo che abbiamo finito gli studi si \u00e8 capovolto il mondo, sono cambiate le carte in regola e il lavoro per noi non c&#8217;era. Si \u00e8 creato un disagio, c&#8217;\u00e8 chi \u00e8 riuscito a sopravvivere e ad adattarsi e chi no<\/span><\/p><\/p>\n<p><strong>Quindi una Terza Guerra Mondiale?<\/strong><\/p>\n<p>Pensa a quando il livello economico si abbasser\u00e0, quanta violenza ci sar\u00e0 tra le strade. Il mondo si riprender\u00e0 la terra un po&#8217; alla volta, sar\u00e0 difficile che sia il mare a sommergerci. C&#8217;\u00e8 un termine per indicare chi si preoccupa di queste cose, \u00e8 <strong>EcoAnsia<\/strong> e io ne soffro davvero. La canzone <strong><em>&#8220;Preferisco morire&#8221;<\/em><\/strong> \u00e8 nata un giorno che ero davanti alla televisione e in una trasmissione si parlava del<strong> cambiamento climatico,<\/strong> veniva fatta una sorte di allarmismo, perch\u00e9 probabilmente c&#8217;\u00e8 bisogno di farlo. Io sono sensibile a queste notizie e ho pensato:<strong> siamo cos\u00ec ignoranti che dobbiamo farci &#8216;paura&#8217; per rispettare il nostro pianeta<\/strong>.<\/p>\n<p><strong>A volte penso che dopo la scomparsa degli umani il mondo torner\u00e0 ad essere bellissimo, pulito, pieno di piante e gli animali se lo riprenderanno e saranno liberi e felici. Questa visione mi tranquillizza. Forse poi gli umani torneranno, ripartiranno da zero, dalla preistoria, in un ciclo.\u00a0<\/strong><\/p>\n<p>Gi\u00e0 <strong>Adriano Celentano<\/strong> negli anni &#8217;60 parlava di ambiente, nel <a href=\"https:\/\/www.youtube.com\/watch?v=iVa4WeZ3wJE\" target=\"_blank\" rel=\"noopener\"><strong><em>&#8220;Il ragazzo della via Gluck&#8221;<\/em> <\/strong><\/a>cantava <em>&#8220;<strong>continuano a costruire le case e non lasciano l&#8217;erba&#8221;<\/strong><\/em>, molto prima del cambiamento climatico, \u00e8 stato uno dei primi ad affrontare questo tema, in maniera popolare.<\/p>\n<p><strong>Nel tuo disco affronti anche problematiche generazionali, parli di temi personali ma in modo universale, l&#8217;amore, l&#8217;amicizia, problemi che tutti prima o poi hanno vissuto<\/strong><\/p>\n<p>S\u00ec, <strong>cerco di parlare di quello che ha dovuto affrontare la mia generazione,<\/strong> dovuto al cambiamento della societ\u00e0. <strong>Io sono classe &#8217;76,<\/strong> negli anni &#8217;90 sono accadute delle cose di cui siamo stati tutti vittime, dall&#8217;<strong>autolesionismo di <a href=\"https:\/\/www.intoscana.it\/it\/dettaglio-video\/kurt-cobain-e-la-rivoluzione-grunge-in-mostra-a-firenze\/\" target=\"_blank\" rel=\"noopener\">Kurt Cobain<\/a><\/strong>, al fatto che dopo che abbiamo finito gli studi si \u00e8 capovolto il mondo, sono cambiate le carte in regola e il lavoro per noi non c&#8217;era. Si \u00e8 creato un disagio,<strong> c&#8217;\u00e8 chi \u00e8 riuscito a sopravvivere e ad adattarsi e chi no.\u00a0<\/strong><\/p>\n<p><strong>La generazione prima di noi aveva un&#8217;identit\u00e0 politica forte, abbiamo subito in parte il crollo delle ideologie<\/strong><\/p>\n<p>Anche, per\u00f2 pi\u00f9 che altro, la generazione prima di noi \u00e8 come &#8220;durata di pi\u00f9&#8221; rispetto alla nostra. Sono cresciuti, si sono formati e hanno trovato subito il posto di lavoro. <strong>Intorno ai 40 anni avevano gi\u00e0 una &#8220;posizione&#8221;. Non esisteva il precariato.<\/strong> Oggi non \u00e8 pi\u00f9 cos\u00ec, i giovani sono preparatissimi, bravissimi, performanti e<strong> disposti a prendere molti meno soldi di noi<\/strong>, sono pi\u00f9 disponibili. <strong>Noi sembriamo degli &#8220;scansafatiche&#8221;<\/strong> ma la verit\u00e0 \u00e8 che veniamo da una generazione a cui hanno insegnato<strong> il rispetto sul lavoro, i sindacati, i diritti.<\/strong> Noi siamo stati esclusi, &#8216;schiacciati&#8217; tra due generazioni.<\/p>\n<figure id=\"post-336228 media-336228\" class=\"align-none\"><\/figure>\n<div class=\"titleimg\">\n<figure id=\"post-336227 media-336227\" class=\"align-none\"><img decoding=\"async\" src=\"https:\/\/www.intoscana.it\/wp-content\/uploads\/P1030677-scaled.jpeg\" alt=\"\" \/><\/figure>\n<div class=\"titleimg\"><em>Bimbo &#8211; \u00a9 Valentina Restivo<\/em><\/div>\n<\/div>\n<p>&nbsp;<\/p>\n<p>&nbsp;<\/p>\n<p>&nbsp;<\/p>\n<p>&nbsp;<\/p>\n<p>&nbsp;<\/p>\n","protected":false},"excerpt":{"rendered":"<p>Si intitola \u201cHobby costoso\u201d il nuovo album di Simone Soldani in arte &#8220;Bimbo&#8221;, uscito ad aprile per Blackcandy Produzioni su tutte le piattaforme di streaming<\/p>\n","protected":false},"author":518,"featured_media":336228,"comment_status":"open","ping_status":"open","sticky":false,"template":"","format":"standard","meta":{"_acf_changed":false,"footnotes":""},"categories":[14],"tags":[3138,167],"class_list":["post-336224","post","type-post","status-publish","format-standard","has-post-thumbnail","hentry","category-musica","tag-interviste-agli-artisti","tag-musica"],"acf":[],"yoast_head":"<!-- This site is optimized with the Yoast SEO Premium plugin v24.2 (Yoast SEO v25.6) - https:\/\/yoast.com\/wordpress\/plugins\/seo\/ -->\n<title>Il cantautore livornese Bimbo e la fine del mondo in un disco per esorcizzare l&#039;ansia generazionale - intoscana<\/title>\n<meta name=\"description\" content=\"S\u201cHobby costoso\u201d \u00e8 il nuovo album di Simone Soldani in arte &quot;Bimbo&quot;, uscito ad aprile su tutte le piattaforme di streaming\" \/>\n<meta name=\"robots\" content=\"index, follow, max-snippet:-1, max-image-preview:large, max-video-preview:-1\" \/>\n<link rel=\"canonical\" href=\"https:\/\/www.intoscana.it\/it\/bimbo-cantautore-livornese-hobby-costoso-intervista-2024\/\" \/>\n<meta property=\"og:locale\" content=\"it_IT\" \/>\n<meta property=\"og:type\" content=\"article\" \/>\n<meta property=\"og:title\" content=\"Il cantautore livornese Bimbo e la fine del mondo in un disco per esorcizzare l&#039;ansia generazionale\" \/>\n<meta property=\"og:description\" content=\"S\u201cHobby costoso\u201d \u00e8 il nuovo album di Simone Soldani in arte &quot;Bimbo&quot;, uscito ad aprile su tutte le piattaforme di streaming\" \/>\n<meta property=\"og:url\" content=\"https:\/\/www.intoscana.it\/it\/bimbo-cantautore-livornese-hobby-costoso-intervista-2024\/\" \/>\n<meta property=\"og:site_name\" content=\"intoscana\" \/>\n<meta property=\"article:publisher\" content=\"https:\/\/www.facebook.com\/intoscana.it\" \/>\n<meta property=\"article:published_time\" content=\"2024-04-16T12:07:27+00:00\" \/>\n<meta property=\"article:modified_time\" content=\"2024-04-16T14:15:36+00:00\" \/>\n<meta property=\"og:image\" content=\"https:\/\/www.intoscana.it\/wp-content\/uploads\/P1030659-scaled.jpeg\" \/>\n\t<meta property=\"og:image:width\" content=\"2048\" \/>\n\t<meta property=\"og:image:height\" content=\"1536\" \/>\n\t<meta property=\"og:image:type\" content=\"image\/jpeg\" \/>\n<meta name=\"author\" content=\"Costanza Baldini\" \/>\n<meta name=\"twitter:card\" content=\"summary_large_image\" \/>\n<meta name=\"twitter:creator\" content=\"@intoscana\" \/>\n<meta name=\"twitter:site\" content=\"@intoscana\" \/>\n<meta name=\"twitter:label1\" content=\"Written by\" \/>\n\t<meta name=\"twitter:data1\" content=\"Costanza Baldini\" \/>\n\t<meta name=\"twitter:label2\" content=\"Est. reading time\" \/>\n\t<meta name=\"twitter:data2\" content=\"6 minuti\" \/>\n<script type=\"application\/ld+json\" class=\"yoast-schema-graph\">{\"@context\":\"https:\/\/schema.org\",\"@graph\":[{\"@type\":\"WebPage\",\"@id\":\"https:\/\/www.intoscana.it\/it\/bimbo-cantautore-livornese-hobby-costoso-intervista-2024\/\",\"url\":\"https:\/\/www.intoscana.it\/it\/bimbo-cantautore-livornese-hobby-costoso-intervista-2024\/\",\"name\":\"Il cantautore livornese Bimbo e la fine del mondo in un disco per esorcizzare l'ansia generazionale - intoscana\",\"isPartOf\":{\"@id\":\"https:\/\/www.intoscana.it\/it\/#website\"},\"primaryImageOfPage\":{\"@id\":\"https:\/\/www.intoscana.it\/it\/bimbo-cantautore-livornese-hobby-costoso-intervista-2024\/#primaryimage\"},\"image\":{\"@id\":\"https:\/\/www.intoscana.it\/it\/bimbo-cantautore-livornese-hobby-costoso-intervista-2024\/#primaryimage\"},\"thumbnailUrl\":\"https:\/\/www.intoscana.it\/wp-content\/uploads\/P1030659-scaled.jpeg\",\"datePublished\":\"2024-04-16T12:07:27+00:00\",\"dateModified\":\"2024-04-16T14:15:36+00:00\",\"author\":{\"@id\":\"https:\/\/www.intoscana.it\/it\/#\/schema\/person\/d469f35f09739bdf00bf5dd3f0647a82\"},\"description\":\"S\u201cHobby costoso\u201d \u00e8 il nuovo album di Simone Soldani in arte \\\"Bimbo\\\", uscito ad aprile su tutte le piattaforme di streaming\",\"breadcrumb\":{\"@id\":\"https:\/\/www.intoscana.it\/it\/bimbo-cantautore-livornese-hobby-costoso-intervista-2024\/#breadcrumb\"},\"inLanguage\":\"it-IT\",\"potentialAction\":[{\"@type\":\"ReadAction\",\"target\":[\"https:\/\/www.intoscana.it\/it\/bimbo-cantautore-livornese-hobby-costoso-intervista-2024\/\"]}]},{\"@type\":\"ImageObject\",\"inLanguage\":\"it-IT\",\"@id\":\"https:\/\/www.intoscana.it\/it\/bimbo-cantautore-livornese-hobby-costoso-intervista-2024\/#primaryimage\",\"url\":\"https:\/\/www.intoscana.it\/wp-content\/uploads\/P1030659-scaled.jpeg\",\"contentUrl\":\"https:\/\/www.intoscana.it\/wp-content\/uploads\/P1030659-scaled.jpeg\",\"width\":2048,\"height\":1536,\"caption\":\"Bimbo\"},{\"@type\":\"BreadcrumbList\",\"@id\":\"https:\/\/www.intoscana.it\/it\/bimbo-cantautore-livornese-hobby-costoso-intervista-2024\/#breadcrumb\",\"itemListElement\":[{\"@type\":\"ListItem\",\"position\":1,\"name\":\"Home\",\"item\":\"https:\/\/www.intoscana.it\/it\/\"},{\"@type\":\"ListItem\",\"position\":2,\"name\":\"Il cantautore livornese Bimbo e la fine del mondo in un disco per esorcizzare l&#8217;ansia generazionale\"}]},{\"@type\":\"WebSite\",\"@id\":\"https:\/\/www.intoscana.it\/it\/#website\",\"url\":\"https:\/\/www.intoscana.it\/it\/\",\"name\":\"intoscana\",\"description\":\"\",\"potentialAction\":[{\"@type\":\"SearchAction\",\"target\":{\"@type\":\"EntryPoint\",\"urlTemplate\":\"https:\/\/www.intoscana.it\/it\/?s={search_term_string}\"},\"query-input\":{\"@type\":\"PropertyValueSpecification\",\"valueRequired\":true,\"valueName\":\"search_term_string\"}}],\"inLanguage\":\"it-IT\"},{\"@type\":\"Person\",\"@id\":\"https:\/\/www.intoscana.it\/it\/#\/schema\/person\/d469f35f09739bdf00bf5dd3f0647a82\",\"name\":\"Costanza Baldini\",\"url\":\"https:\/\/www.intoscana.it\/it\/author\/costanza-baldini\/\"}]}<\/script>\n<!-- \/ Yoast SEO Premium plugin. -->","yoast_head_json":{"title":"Il cantautore livornese Bimbo e la fine del mondo in un disco per esorcizzare l'ansia generazionale - intoscana","description":"S\u201cHobby costoso\u201d \u00e8 il nuovo album di Simone Soldani in arte \"Bimbo\", uscito ad aprile su tutte le piattaforme di streaming","robots":{"index":"index","follow":"follow","max-snippet":"max-snippet:-1","max-image-preview":"max-image-preview:large","max-video-preview":"max-video-preview:-1"},"canonical":"https:\/\/www.intoscana.it\/it\/bimbo-cantautore-livornese-hobby-costoso-intervista-2024\/","og_locale":"it_IT","og_type":"article","og_title":"Il cantautore livornese Bimbo e la fine del mondo in un disco per esorcizzare l'ansia generazionale","og_description":"S\u201cHobby costoso\u201d \u00e8 il nuovo album di Simone Soldani in arte \"Bimbo\", uscito ad aprile su tutte le piattaforme di streaming","og_url":"https:\/\/www.intoscana.it\/it\/bimbo-cantautore-livornese-hobby-costoso-intervista-2024\/","og_site_name":"intoscana","article_publisher":"https:\/\/www.facebook.com\/intoscana.it","article_published_time":"2024-04-16T12:07:27+00:00","article_modified_time":"2024-04-16T14:15:36+00:00","og_image":[{"width":2048,"height":1536,"url":"https:\/\/www.intoscana.it\/wp-content\/uploads\/P1030659-scaled.jpeg","type":"image\/jpeg"}],"author":"Costanza Baldini","twitter_card":"summary_large_image","twitter_creator":"@intoscana","twitter_site":"@intoscana","twitter_misc":{"Written by":"Costanza Baldini","Est. reading time":"6 minuti"},"schema":{"@context":"https:\/\/schema.org","@graph":[{"@type":"WebPage","@id":"https:\/\/www.intoscana.it\/it\/bimbo-cantautore-livornese-hobby-costoso-intervista-2024\/","url":"https:\/\/www.intoscana.it\/it\/bimbo-cantautore-livornese-hobby-costoso-intervista-2024\/","name":"Il cantautore livornese Bimbo e la fine del mondo in un disco per esorcizzare l'ansia generazionale - intoscana","isPartOf":{"@id":"https:\/\/www.intoscana.it\/it\/#website"},"primaryImageOfPage":{"@id":"https:\/\/www.intoscana.it\/it\/bimbo-cantautore-livornese-hobby-costoso-intervista-2024\/#primaryimage"},"image":{"@id":"https:\/\/www.intoscana.it\/it\/bimbo-cantautore-livornese-hobby-costoso-intervista-2024\/#primaryimage"},"thumbnailUrl":"https:\/\/www.intoscana.it\/wp-content\/uploads\/P1030659-scaled.jpeg","datePublished":"2024-04-16T12:07:27+00:00","dateModified":"2024-04-16T14:15:36+00:00","author":{"@id":"https:\/\/www.intoscana.it\/it\/#\/schema\/person\/d469f35f09739bdf00bf5dd3f0647a82"},"description":"S\u201cHobby costoso\u201d \u00e8 il nuovo album di Simone Soldani in arte \"Bimbo\", uscito ad aprile su tutte le piattaforme di streaming","breadcrumb":{"@id":"https:\/\/www.intoscana.it\/it\/bimbo-cantautore-livornese-hobby-costoso-intervista-2024\/#breadcrumb"},"inLanguage":"it-IT","potentialAction":[{"@type":"ReadAction","target":["https:\/\/www.intoscana.it\/it\/bimbo-cantautore-livornese-hobby-costoso-intervista-2024\/"]}]},{"@type":"ImageObject","inLanguage":"it-IT","@id":"https:\/\/www.intoscana.it\/it\/bimbo-cantautore-livornese-hobby-costoso-intervista-2024\/#primaryimage","url":"https:\/\/www.intoscana.it\/wp-content\/uploads\/P1030659-scaled.jpeg","contentUrl":"https:\/\/www.intoscana.it\/wp-content\/uploads\/P1030659-scaled.jpeg","width":2048,"height":1536,"caption":"Bimbo"},{"@type":"BreadcrumbList","@id":"https:\/\/www.intoscana.it\/it\/bimbo-cantautore-livornese-hobby-costoso-intervista-2024\/#breadcrumb","itemListElement":[{"@type":"ListItem","position":1,"name":"Home","item":"https:\/\/www.intoscana.it\/it\/"},{"@type":"ListItem","position":2,"name":"Il cantautore livornese Bimbo e la fine del mondo in un disco per esorcizzare l&#8217;ansia generazionale"}]},{"@type":"WebSite","@id":"https:\/\/www.intoscana.it\/it\/#website","url":"https:\/\/www.intoscana.it\/it\/","name":"intoscana","description":"","potentialAction":[{"@type":"SearchAction","target":{"@type":"EntryPoint","urlTemplate":"https:\/\/www.intoscana.it\/it\/?s={search_term_string}"},"query-input":{"@type":"PropertyValueSpecification","valueRequired":true,"valueName":"search_term_string"}}],"inLanguage":"it-IT"},{"@type":"Person","@id":"https:\/\/www.intoscana.it\/it\/#\/schema\/person\/d469f35f09739bdf00bf5dd3f0647a82","name":"Costanza Baldini","url":"https:\/\/www.intoscana.it\/it\/author\/costanza-baldini\/"}]}},"_links":{"self":[{"href":"https:\/\/www.intoscana.it\/it\/wp-json\/wp\/v2\/posts\/336224","targetHints":{"allow":["GET"]}}],"collection":[{"href":"https:\/\/www.intoscana.it\/it\/wp-json\/wp\/v2\/posts"}],"about":[{"href":"https:\/\/www.intoscana.it\/it\/wp-json\/wp\/v2\/types\/post"}],"author":[{"embeddable":true,"href":"https:\/\/www.intoscana.it\/it\/wp-json\/wp\/v2\/users\/518"}],"replies":[{"embeddable":true,"href":"https:\/\/www.intoscana.it\/it\/wp-json\/wp\/v2\/comments?post=336224"}],"version-history":[{"count":38,"href":"https:\/\/www.intoscana.it\/it\/wp-json\/wp\/v2\/posts\/336224\/revisions"}],"predecessor-version":[{"id":336344,"href":"https:\/\/www.intoscana.it\/it\/wp-json\/wp\/v2\/posts\/336224\/revisions\/336344"}],"wp:featuredmedia":[{"embeddable":true,"href":"https:\/\/www.intoscana.it\/it\/wp-json\/wp\/v2\/media\/336228"}],"wp:attachment":[{"href":"https:\/\/www.intoscana.it\/it\/wp-json\/wp\/v2\/media?parent=336224"}],"wp:term":[{"taxonomy":"category","embeddable":true,"href":"https:\/\/www.intoscana.it\/it\/wp-json\/wp\/v2\/categories?post=336224"},{"taxonomy":"post_tag","embeddable":true,"href":"https:\/\/www.intoscana.it\/it\/wp-json\/wp\/v2\/tags?post=336224"}],"curies":[{"name":"wp","href":"https:\/\/api.w.org\/{rel}","templated":true}]}}