{"id":336673,"date":"2024-04-18T12:34:47","date_gmt":"2024-04-18T10:34:47","guid":{"rendered":"https:\/\/www.intoscana.it\/it\/?p=336673"},"modified":"2024-04-18T14:30:18","modified_gmt":"2024-04-18T12:30:18","slug":"betori-in-pensione-e-gambelli-il-nuovo-arcivescovo-di-firenze","status":"publish","type":"post","link":"https:\/\/www.intoscana.it\/it\/betori-in-pensione-e-gambelli-il-nuovo-arcivescovo-di-firenze\/","title":{"rendered":"Betori in pensione: \u00e8 Gambelli il nuovo arcivescovo di Firenze"},"content":{"rendered":"<p>\u00c8 il reverendo <strong>Gherardo Gambelli <\/strong>il nuovo <strong>arcivescovo di Firenze<\/strong>. Papa Francesco ha accettato la rinuncia al governo pastorale dell&#8217;Arcidiocesi Metropolitana di Firenze presentata per raggiunti limiti di et\u00e0 dal cardinale Giuseppe Betori e ha quindi nominato arcivescovo metropolitano di Firenze il reverendo Gambelli, del clero della medesima Arcidiocesi, finora parroco della Madonna della Tosse in Firenze.<\/p>\n<h3>Missionario in Ciad, ex cappellanno a Sollicciano<\/h3>\n<p>L&#8217;annuncio \u00e8 stato dato oggi dall&#8217;arcivescovo uscente, il cardinale Giuseppe Betori, nella cattedrale di Santa Maria del Fiore a Firenze. L&#8217;ordinazione del nuovo vescovo avverr\u00e0 il <strong>24 giugno<\/strong> prossimo, secondo quanto annunciato da Betori.<\/p>\n<p><mark>Gambelli \u00e8 originario di Viareggio, dove \u00e8 nato nel 1969. Ha 55 anni, \u00e8 stato a lungo missionario in Ciad, dal 2011 al 2022,<\/mark> \u00e8 stato anche cappellano del carcere di Sollicciano e dallo scorso agosto \u00e8 parroco della chiesa della Madonna della Tosse a Firenze.<\/p>\n<p><em> &#8220;La scelta di un prete di Firenze \u00e8 un segno grande di fiducia del vescovo di Roma nei confronti della nostra diocesi<\/em> &#8211; ha detto don <strong>Gherardo Gambelli<\/strong> dopo l&#8217;annuncio della sua nomina &#8211; <em>ho<\/em><br \/>\n<em>percepito una chiamata di Dio a rendermi ancora pi\u00f9 disponibile per sdebitarmi del dono immenso del Vangelo&#8221;<\/em>. Gambelli ha ringraziato l&#8217;arcivescovo uscente, il cardinale Giuseppe Betori, per il suo contributo alla vita della chiesa fiorentina negli ultimi 15 anni, sottolineando che <em>&#8220;la sua decisione di restare a Firenze come vescovo emerito ci riempie di gioia&#8221;.<\/em><\/p>\n","protected":false},"excerpt":{"rendered":"<p>Il Papa ha annunciato la rinuncia del cardinale Betori per raggiunti limiti di et\u00e0 e nominato il reverendo Gherardo Gambelli, parroco della Madonna della Tosse a Firenze<\/p>\n","protected":false},"author":525,"featured_media":336676,"comment_status":"open","ping_status":"open","sticky":false,"template":"","format":"standard","meta":{"_acf_changed":false,"footnotes":""},"categories":[494],"tags":[4448,202],"class_list":["post-336673","post","type-post","status-publish","format-standard","has-post-thumbnail","hentry","category-attualita","tag-chiesa","tag-firenze"],"acf":[],"yoast_head":"<!-- This site is optimized with the Yoast SEO Premium plugin v24.2 (Yoast SEO v25.6) - https:\/\/yoast.com\/wordpress\/plugins\/seo\/ -->\n<title>Betori in pensione: \u00e8 Gambelli il nuovo arcivescovo di Firenze - intoscana<\/title>\n<meta name=\"robots\" content=\"index, follow, max-snippet:-1, max-image-preview:large, max-video-preview:-1\" \/>\n<link rel=\"canonical\" href=\"https:\/\/www.intoscana.it\/it\/betori-in-pensione-e-gambelli-il-nuovo-arcivescovo-di-firenze\/\" \/>\n<meta property=\"og:locale\" content=\"it_IT\" \/>\n<meta property=\"og:type\" content=\"article\" \/>\n<meta property=\"og:title\" content=\"Betori in pensione: \u00e8 Gambelli il nuovo arcivescovo di Firenze\" \/>\n<meta property=\"og:description\" content=\"Il Papa ha annunciato la rinuncia del cardinale Betori per raggiunti limiti di et\u00e0 e nominato il reverendo Gherardo Gambelli, parroco della Madonna della Tosse a Firenze\" \/>\n<meta property=\"og:url\" content=\"https:\/\/www.intoscana.it\/it\/betori-in-pensione-e-gambelli-il-nuovo-arcivescovo-di-firenze\/\" \/>\n<meta property=\"og:site_name\" content=\"intoscana\" \/>\n<meta property=\"article:publisher\" content=\"https:\/\/www.facebook.com\/intoscana.it\" \/>\n<meta property=\"article:published_time\" content=\"2024-04-18T10:34:47+00:00\" \/>\n<meta property=\"article:modified_time\" content=\"2024-04-18T12:30:18+00:00\" \/>\n<meta property=\"og:image\" content=\"https:\/\/www.intoscana.it\/wp-content\/uploads\/Schermata-2024-04-18-alle-12.22.01-e1713435901110.png\" \/>\n\t<meta property=\"og:image:width\" content=\"1041\" \/>\n\t<meta property=\"og:image:height\" content=\"654\" \/>\n\t<meta property=\"og:image:type\" content=\"image\/png\" \/>\n<meta name=\"author\" content=\"Redazione\" \/>\n<meta name=\"twitter:card\" content=\"summary_large_image\" \/>\n<meta name=\"twitter:creator\" content=\"@intoscana\" \/>\n<meta name=\"twitter:site\" content=\"@intoscana\" \/>\n<meta name=\"twitter:label1\" content=\"Written by\" \/>\n\t<meta name=\"twitter:data1\" content=\"Redazione\" \/>\n\t<meta name=\"twitter:label2\" content=\"Est. reading time\" \/>\n\t<meta name=\"twitter:data2\" content=\"2 minuti\" \/>\n<script type=\"application\/ld+json\" class=\"yoast-schema-graph\">{\"@context\":\"https:\/\/schema.org\",\"@graph\":[{\"@type\":\"WebPage\",\"@id\":\"https:\/\/www.intoscana.it\/it\/betori-in-pensione-e-gambelli-il-nuovo-arcivescovo-di-firenze\/\",\"url\":\"https:\/\/www.intoscana.it\/it\/betori-in-pensione-e-gambelli-il-nuovo-arcivescovo-di-firenze\/\",\"name\":\"Betori in pensione: \u00e8 Gambelli il nuovo arcivescovo di Firenze - intoscana\",\"isPartOf\":{\"@id\":\"https:\/\/www.intoscana.it\/it\/#website\"},\"primaryImageOfPage\":{\"@id\":\"https:\/\/www.intoscana.it\/it\/betori-in-pensione-e-gambelli-il-nuovo-arcivescovo-di-firenze\/#primaryimage\"},\"image\":{\"@id\":\"https:\/\/www.intoscana.it\/it\/betori-in-pensione-e-gambelli-il-nuovo-arcivescovo-di-firenze\/#primaryimage\"},\"thumbnailUrl\":\"https:\/\/www.intoscana.it\/wp-content\/uploads\/Schermata-2024-04-18-alle-12.22.01-e1713435901110.png\",\"datePublished\":\"2024-04-18T10:34:47+00:00\",\"dateModified\":\"2024-04-18T12:30:18+00:00\",\"author\":{\"@id\":\"https:\/\/www.intoscana.it\/it\/#\/schema\/person\/9223810753230f20bd670fdd322661f8\"},\"breadcrumb\":{\"@id\":\"https:\/\/www.intoscana.it\/it\/betori-in-pensione-e-gambelli-il-nuovo-arcivescovo-di-firenze\/#breadcrumb\"},\"inLanguage\":\"it-IT\",\"potentialAction\":[{\"@type\":\"ReadAction\",\"target\":[\"https:\/\/www.intoscana.it\/it\/betori-in-pensione-e-gambelli-il-nuovo-arcivescovo-di-firenze\/\"]}]},{\"@type\":\"ImageObject\",\"inLanguage\":\"it-IT\",\"@id\":\"https:\/\/www.intoscana.it\/it\/betori-in-pensione-e-gambelli-il-nuovo-arcivescovo-di-firenze\/#primaryimage\",\"url\":\"https:\/\/www.intoscana.it\/wp-content\/uploads\/Schermata-2024-04-18-alle-12.22.01-e1713435901110.png\",\"contentUrl\":\"https:\/\/www.intoscana.it\/wp-content\/uploads\/Schermata-2024-04-18-alle-12.22.01-e1713435901110.png\",\"width\":1041,\"height\":654},{\"@type\":\"BreadcrumbList\",\"@id\":\"https:\/\/www.intoscana.it\/it\/betori-in-pensione-e-gambelli-il-nuovo-arcivescovo-di-firenze\/#breadcrumb\",\"itemListElement\":[{\"@type\":\"ListItem\",\"position\":1,\"name\":\"Home\",\"item\":\"https:\/\/www.intoscana.it\/it\/\"},{\"@type\":\"ListItem\",\"position\":2,\"name\":\"Betori in pensione: \u00e8 Gambelli il nuovo arcivescovo di Firenze\"}]},{\"@type\":\"WebSite\",\"@id\":\"https:\/\/www.intoscana.it\/it\/#website\",\"url\":\"https:\/\/www.intoscana.it\/it\/\",\"name\":\"intoscana\",\"description\":\"\",\"potentialAction\":[{\"@type\":\"SearchAction\",\"target\":{\"@type\":\"EntryPoint\",\"urlTemplate\":\"https:\/\/www.intoscana.it\/it\/?s={search_term_string}\"},\"query-input\":{\"@type\":\"PropertyValueSpecification\",\"valueRequired\":true,\"valueName\":\"search_term_string\"}}],\"inLanguage\":\"it-IT\"},{\"@type\":\"Person\",\"@id\":\"https:\/\/www.intoscana.it\/it\/#\/schema\/person\/9223810753230f20bd670fdd322661f8\",\"name\":\"Redazione\",\"url\":\"https:\/\/www.intoscana.it\/it\/author\/redazione\/\"}]}<\/script>\n<!-- \/ Yoast SEO Premium plugin. -->","yoast_head_json":{"title":"Betori in pensione: \u00e8 Gambelli il nuovo arcivescovo di Firenze - intoscana","robots":{"index":"index","follow":"follow","max-snippet":"max-snippet:-1","max-image-preview":"max-image-preview:large","max-video-preview":"max-video-preview:-1"},"canonical":"https:\/\/www.intoscana.it\/it\/betori-in-pensione-e-gambelli-il-nuovo-arcivescovo-di-firenze\/","og_locale":"it_IT","og_type":"article","og_title":"Betori in pensione: \u00e8 Gambelli il nuovo arcivescovo di Firenze","og_description":"Il Papa ha annunciato la rinuncia del cardinale Betori per raggiunti limiti di et\u00e0 e nominato il reverendo Gherardo Gambelli, parroco della Madonna della Tosse a Firenze","og_url":"https:\/\/www.intoscana.it\/it\/betori-in-pensione-e-gambelli-il-nuovo-arcivescovo-di-firenze\/","og_site_name":"intoscana","article_publisher":"https:\/\/www.facebook.com\/intoscana.it","article_published_time":"2024-04-18T10:34:47+00:00","article_modified_time":"2024-04-18T12:30:18+00:00","og_image":[{"width":1041,"height":654,"url":"https:\/\/www.intoscana.it\/wp-content\/uploads\/Schermata-2024-04-18-alle-12.22.01-e1713435901110.png","type":"image\/png"}],"author":"Redazione","twitter_card":"summary_large_image","twitter_creator":"@intoscana","twitter_site":"@intoscana","twitter_misc":{"Written by":"Redazione","Est. reading time":"2 minuti"},"schema":{"@context":"https:\/\/schema.org","@graph":[{"@type":"WebPage","@id":"https:\/\/www.intoscana.it\/it\/betori-in-pensione-e-gambelli-il-nuovo-arcivescovo-di-firenze\/","url":"https:\/\/www.intoscana.it\/it\/betori-in-pensione-e-gambelli-il-nuovo-arcivescovo-di-firenze\/","name":"Betori in pensione: \u00e8 Gambelli il nuovo arcivescovo di Firenze - intoscana","isPartOf":{"@id":"https:\/\/www.intoscana.it\/it\/#website"},"primaryImageOfPage":{"@id":"https:\/\/www.intoscana.it\/it\/betori-in-pensione-e-gambelli-il-nuovo-arcivescovo-di-firenze\/#primaryimage"},"image":{"@id":"https:\/\/www.intoscana.it\/it\/betori-in-pensione-e-gambelli-il-nuovo-arcivescovo-di-firenze\/#primaryimage"},"thumbnailUrl":"https:\/\/www.intoscana.it\/wp-content\/uploads\/Schermata-2024-04-18-alle-12.22.01-e1713435901110.png","datePublished":"2024-04-18T10:34:47+00:00","dateModified":"2024-04-18T12:30:18+00:00","author":{"@id":"https:\/\/www.intoscana.it\/it\/#\/schema\/person\/9223810753230f20bd670fdd322661f8"},"breadcrumb":{"@id":"https:\/\/www.intoscana.it\/it\/betori-in-pensione-e-gambelli-il-nuovo-arcivescovo-di-firenze\/#breadcrumb"},"inLanguage":"it-IT","potentialAction":[{"@type":"ReadAction","target":["https:\/\/www.intoscana.it\/it\/betori-in-pensione-e-gambelli-il-nuovo-arcivescovo-di-firenze\/"]}]},{"@type":"ImageObject","inLanguage":"it-IT","@id":"https:\/\/www.intoscana.it\/it\/betori-in-pensione-e-gambelli-il-nuovo-arcivescovo-di-firenze\/#primaryimage","url":"https:\/\/www.intoscana.it\/wp-content\/uploads\/Schermata-2024-04-18-alle-12.22.01-e1713435901110.png","contentUrl":"https:\/\/www.intoscana.it\/wp-content\/uploads\/Schermata-2024-04-18-alle-12.22.01-e1713435901110.png","width":1041,"height":654},{"@type":"BreadcrumbList","@id":"https:\/\/www.intoscana.it\/it\/betori-in-pensione-e-gambelli-il-nuovo-arcivescovo-di-firenze\/#breadcrumb","itemListElement":[{"@type":"ListItem","position":1,"name":"Home","item":"https:\/\/www.intoscana.it\/it\/"},{"@type":"ListItem","position":2,"name":"Betori in pensione: \u00e8 Gambelli il nuovo arcivescovo di Firenze"}]},{"@type":"WebSite","@id":"https:\/\/www.intoscana.it\/it\/#website","url":"https:\/\/www.intoscana.it\/it\/","name":"intoscana","description":"","potentialAction":[{"@type":"SearchAction","target":{"@type":"EntryPoint","urlTemplate":"https:\/\/www.intoscana.it\/it\/?s={search_term_string}"},"query-input":{"@type":"PropertyValueSpecification","valueRequired":true,"valueName":"search_term_string"}}],"inLanguage":"it-IT"},{"@type":"Person","@id":"https:\/\/www.intoscana.it\/it\/#\/schema\/person\/9223810753230f20bd670fdd322661f8","name":"Redazione","url":"https:\/\/www.intoscana.it\/it\/author\/redazione\/"}]}},"_links":{"self":[{"href":"https:\/\/www.intoscana.it\/it\/wp-json\/wp\/v2\/posts\/336673","targetHints":{"allow":["GET"]}}],"collection":[{"href":"https:\/\/www.intoscana.it\/it\/wp-json\/wp\/v2\/posts"}],"about":[{"href":"https:\/\/www.intoscana.it\/it\/wp-json\/wp\/v2\/types\/post"}],"author":[{"embeddable":true,"href":"https:\/\/www.intoscana.it\/it\/wp-json\/wp\/v2\/users\/525"}],"replies":[{"embeddable":true,"href":"https:\/\/www.intoscana.it\/it\/wp-json\/wp\/v2\/comments?post=336673"}],"version-history":[{"count":9,"href":"https:\/\/www.intoscana.it\/it\/wp-json\/wp\/v2\/posts\/336673\/revisions"}],"predecessor-version":[{"id":336707,"href":"https:\/\/www.intoscana.it\/it\/wp-json\/wp\/v2\/posts\/336673\/revisions\/336707"}],"wp:featuredmedia":[{"embeddable":true,"href":"https:\/\/www.intoscana.it\/it\/wp-json\/wp\/v2\/media\/336676"}],"wp:attachment":[{"href":"https:\/\/www.intoscana.it\/it\/wp-json\/wp\/v2\/media?parent=336673"}],"wp:term":[{"taxonomy":"category","embeddable":true,"href":"https:\/\/www.intoscana.it\/it\/wp-json\/wp\/v2\/categories?post=336673"},{"taxonomy":"post_tag","embeddable":true,"href":"https:\/\/www.intoscana.it\/it\/wp-json\/wp\/v2\/tags?post=336673"}],"curies":[{"name":"wp","href":"https:\/\/api.w.org\/{rel}","templated":true}]}}