{"id":336829,"date":"2024-04-22T14:00:26","date_gmt":"2024-04-22T12:00:26","guid":{"rendered":"https:\/\/www.intoscana.it\/it\/?p=336829"},"modified":"2024-05-03T16:29:40","modified_gmt":"2024-05-03T14:29:40","slug":"psicologo-di-base-inizia-sperimentazione","status":"publish","type":"post","link":"https:\/\/www.intoscana.it\/it\/psicologo-di-base-inizia-sperimentazione\/","title":{"rendered":"Psicologo di base: inizia la sperimentazione del nuovo servizio in Toscana"},"content":{"rendered":"<p>Entra nel vivo la <strong>sperimentazione in Toscana<\/strong> dello psicologo di base, il primo servizio di assistenza psicologica pubblica di primo livello in Italia, <a href=\"https:\/\/www.intoscana.it\/it\/disagio-psicologico-aumento-psicologo-di-base\/\" target=\"_blank\" rel=\"noopener\">lanciato lo scorso novembre dal Consiglio regionale<\/a> con una legge che istituiva questa nuova figura, poi resa operativa da due delibere a febbraio.<\/p>\n<h3>Al via le graduatorie per le Asl toscane<\/h3>\n<p>\u00c8 stato pubblicato l&#8217;avviso pubblico per la formazione delle <strong>graduatorie per le tre Asl toscane <\/strong>dei professionisti che assisteranno la popolazione in difficolt\u00e0 nella rete delle Case della Salute. La sperimentazione durer\u00e0 18 mesi.<\/p>\n<p><em>&#8220;\u00c8 un traguardo importante per tutti i cittadini, che si vedono riconosciuto il diritto ad avere un&#8217;assistenza primaria psicologica gratuita &#8211;<\/em> ha commentato la <strong>presidente dell&#8217;Ordine degli Psicologi della Toscana Maria Antonietta Gulino<\/strong> &#8211; <em>come Ordine ci siamo impegnati in favore dell\u2019istituzione di questa figura dal 2021, sostenendo una mozione sull\u2019assistenza psicologica primaria territoriale che \u00e8 diventata legge regionale nel 2022. Adesso il servizio si concretizza.&#8221;<\/em><\/p>\n<h3><em>Le candidature<\/em><\/h3>\n<p>Per far partire il servizio sperimentale si cercano otto professionisti con cui attivare incarichi libero professionali di lavoro autonomo. <strong>Estar<\/strong>, ente tecnico di supporto alla sanit\u00e0 regionale, ha pubblicato <a href=\"https:\/\/www.estar.toscana.it\/wp-content\/uploads\/2024\/04\/bando-psicologi-scadenza-7-maggio.pdf\" target=\"_blank\" rel=\"noopener\">l\u2019avviso della procedura che permetter\u00e0 la formazione di tre distinte graduatorie di merito<\/a>: una per l\u2019Asl Toscana Centro (dove saranno attivati tre incarichi), una per l\u2019Asl Toscana Nord Ovest ( due incarichi) ed \u00a0una per l\u2019Asl Toscana Sud Est (tre incarichi). \u00a0Per presentare domanda c\u2019\u00e8 tempo fino alle ore 12 del 7 maggio 2024.<\/p>\n<p>Per candidarsi occorre disporre di una laurea magistrale in psicologia, essere <strong>iscritti all\u2019albo<\/strong> ed avere tre anni di esperienza professionale e lavorativa alle spalle come psicologo. I professionisti che si candidino potranno scegliere di essere inseriti in una sola graduatoria.<\/p>\n<p>Nell\u2019Asl Toscana Centro lo psicologo operer\u00e0 nele case di comunit\u00e0 \u201cLe Piagge\u201d e \u201cMorgagni\u201d e al presidio \u201cDalla Piccola\u201d, nella Toscana Nord Ovest il servizio sar\u00e0 attivato \u00a0nella casa delle salute della Versilia a Querceta in provincia di Lucca e nell\u2019Asl Toscana Sud Est nella casa della salute di San Giovanni Valdarno, nella casa della salute Arca di Fontebecci a Siena e nella casa della salute ad Orbetello in provincia di Grosseto. \u00a0Per gli psicologi \u00e8 prevista una tariffa di 30 euro l\u2019ora.<\/p>\n<h3>Il disagio psicologico \u00e8 in aumento: +73% le richieste di aiuto<\/h3>\n<p>Un servizio ancora pi\u00f9 importante alla luce dei dati sul disagio psicologico, che \u00e8 in crescita anche in Toscana. Secondo l&#8217;ultima ricerca fatta dall&#8217;Ordine tra i propri iscritti \u00e8 emerso che il 73% delle psicologhe e degli psicologi ha registrato<strong> un incremento delle richieste di aiuto<\/strong>. <mark>Tra le problematiche pi\u00f9 frequenti ci sono la sintomatologia ansiosa (50%), seguita da problemi relazionali (20%) e da sintomatologia depressiva (11%) e riguardano prevalentemente i giovani.<\/mark><\/p>\n<div class=\"focuson\"><a href=\"https:\/\/www.intoscana.it\/it\/studenti-allarme-psicologi-stress-bullismo\/\"><img decoding=\"async\" class=\"lazy\" src=\"https:\/\/www.intoscana.it\/wp-content\/uploads\/AdobeStock_294162727.jpeg\" style=\"\">\n                <div class=\"cat\">Studenti in difficolt\u00e0: l\u2019allarme<\/div>\n                <h4>Il 56% \u00e8 stressato<\/h4><\/a>\n              <\/div>\n<p><em>&#8220;Questo nuovo servizio di prossimit\u00e0, permetter\u00e0 di <strong>fare prevenzione<\/strong> intercettando prima possibile i bisogni psicologici e di prevenire cronicit\u00e0 e acuzie intervenendo a sostegno dei servizi pubblici e del pronto soccorso &#8211;<\/em> ha aggiunto Gulino <em>&#8211; per garantire l&#8217;intervento psicologico nei territori non ci devono essere ostacoli economici n\u00e9 pregiudizi sociali, il benessere delle persone comprende il rapporto corpo-mente-ambiente di vita e deve essere accessibile a tutti. Monitoreremo gli esiti di questa nuova sperimentazione&#8221;.<\/em><\/p>\n","protected":false},"excerpt":{"rendered":"<p>E&#8217; stato pubblicato l&#8217;avviso per formare la graduatoria di professionisti per le tre Asl toscane. Per presentare domanda c\u2019\u00e8 tempo fino al 7 maggio. La presidente dell&#8217;Ordine Gulino: &#8220;Sono aumentate del 73% le richieste di sostegno&#8221;<\/p>\n","protected":false},"author":502,"featured_media":99980,"comment_status":"open","ping_status":"open","sticky":false,"template":"","format":"standard","meta":{"_acf_changed":false,"footnotes":""},"categories":[18],"tags":[221,5691,6690],"class_list":["post-336829","post","type-post","status-publish","format-standard","has-post-thumbnail","hentry","category-salute","tag-giovani","tag-psicologia","tag-salute-mentale"],"acf":[],"yoast_head":"<!-- This site is optimized with the Yoast SEO Premium plugin v24.2 (Yoast SEO v25.6) - https:\/\/yoast.com\/wordpress\/plugins\/seo\/ -->\n<title>Psicologo di base: inizia la sperimentazione del servizio in Toscana<\/title>\n<meta name=\"description\" content=\"Entra nel vivo la sperimentazione dello psicologo di base in Toscana: pubblicato l&#039;avviso per le graduatorie di professionisti nelle Asl.\" \/>\n<meta name=\"robots\" content=\"index, follow, max-snippet:-1, max-image-preview:large, max-video-preview:-1\" \/>\n<link rel=\"canonical\" href=\"https:\/\/www.intoscana.it\/it\/psicologo-di-base-inizia-sperimentazione\/\" \/>\n<meta property=\"og:locale\" content=\"it_IT\" \/>\n<meta property=\"og:type\" content=\"article\" \/>\n<meta property=\"og:title\" content=\"Psicologo di base: inizia la sperimentazione del nuovo servizio in Toscana\" \/>\n<meta property=\"og:description\" content=\"Entra nel vivo la sperimentazione dello psicologo di base in Toscana: pubblicato l&#039;avviso per le graduatorie di professionisti nelle Asl.\" \/>\n<meta property=\"og:url\" content=\"https:\/\/www.intoscana.it\/it\/psicologo-di-base-inizia-sperimentazione\/\" \/>\n<meta property=\"og:site_name\" content=\"intoscana\" \/>\n<meta property=\"article:publisher\" content=\"https:\/\/www.facebook.com\/intoscana.it\" \/>\n<meta property=\"article:published_time\" content=\"2024-04-22T12:00:26+00:00\" \/>\n<meta property=\"article:modified_time\" content=\"2024-05-03T14:29:40+00:00\" \/>\n<meta property=\"og:image\" content=\"https:\/\/www.intoscana.it\/wp-content\/uploads\/83293e8f00b368f9aee81c8fe8f1a25f-2.jpg\" \/>\n\t<meta property=\"og:image:width\" content=\"640\" \/>\n\t<meta property=\"og:image:height\" content=\"480\" \/>\n\t<meta property=\"og:image:type\" content=\"image\/jpeg\" \/>\n<meta name=\"author\" content=\"Ilaria Giannini\" \/>\n<meta name=\"twitter:card\" content=\"summary_large_image\" \/>\n<meta name=\"twitter:creator\" content=\"@i.giannini@fst.it\" \/>\n<meta name=\"twitter:site\" content=\"@intoscana\" \/>\n<meta name=\"twitter:label1\" content=\"Written by\" \/>\n\t<meta name=\"twitter:data1\" content=\"Ilaria Giannini\" \/>\n\t<meta name=\"twitter:label2\" content=\"Est. reading time\" \/>\n\t<meta name=\"twitter:data2\" content=\"3 minuti\" \/>\n<script type=\"application\/ld+json\" class=\"yoast-schema-graph\">{\"@context\":\"https:\/\/schema.org\",\"@graph\":[{\"@type\":\"WebPage\",\"@id\":\"https:\/\/www.intoscana.it\/it\/psicologo-di-base-inizia-sperimentazione\/\",\"url\":\"https:\/\/www.intoscana.it\/it\/psicologo-di-base-inizia-sperimentazione\/\",\"name\":\"Psicologo di base: inizia la sperimentazione del servizio in Toscana\",\"isPartOf\":{\"@id\":\"https:\/\/www.intoscana.it\/it\/#website\"},\"primaryImageOfPage\":{\"@id\":\"https:\/\/www.intoscana.it\/it\/psicologo-di-base-inizia-sperimentazione\/#primaryimage\"},\"image\":{\"@id\":\"https:\/\/www.intoscana.it\/it\/psicologo-di-base-inizia-sperimentazione\/#primaryimage\"},\"thumbnailUrl\":\"https:\/\/www.intoscana.it\/wp-content\/uploads\/83293e8f00b368f9aee81c8fe8f1a25f-2.jpg\",\"datePublished\":\"2024-04-22T12:00:26+00:00\",\"dateModified\":\"2024-05-03T14:29:40+00:00\",\"author\":{\"@id\":\"https:\/\/www.intoscana.it\/it\/#\/schema\/person\/de95e1ed2c1c8c30a6922bbba3a90185\"},\"description\":\"Entra nel vivo la sperimentazione dello psicologo di base in Toscana: pubblicato l'avviso per le graduatorie di professionisti nelle Asl.\",\"breadcrumb\":{\"@id\":\"https:\/\/www.intoscana.it\/it\/psicologo-di-base-inizia-sperimentazione\/#breadcrumb\"},\"inLanguage\":\"it-IT\",\"potentialAction\":[{\"@type\":\"ReadAction\",\"target\":[\"https:\/\/www.intoscana.it\/it\/psicologo-di-base-inizia-sperimentazione\/\"]}]},{\"@type\":\"ImageObject\",\"inLanguage\":\"it-IT\",\"@id\":\"https:\/\/www.intoscana.it\/it\/psicologo-di-base-inizia-sperimentazione\/#primaryimage\",\"url\":\"https:\/\/www.intoscana.it\/wp-content\/uploads\/83293e8f00b368f9aee81c8fe8f1a25f-2.jpg\",\"contentUrl\":\"https:\/\/www.intoscana.it\/wp-content\/uploads\/83293e8f00b368f9aee81c8fe8f1a25f-2.jpg\",\"width\":640,\"height\":480},{\"@type\":\"BreadcrumbList\",\"@id\":\"https:\/\/www.intoscana.it\/it\/psicologo-di-base-inizia-sperimentazione\/#breadcrumb\",\"itemListElement\":[{\"@type\":\"ListItem\",\"position\":1,\"name\":\"Home\",\"item\":\"https:\/\/www.intoscana.it\/it\/\"},{\"@type\":\"ListItem\",\"position\":2,\"name\":\"Psicologo di base: inizia la sperimentazione del nuovo servizio in Toscana\"}]},{\"@type\":\"WebSite\",\"@id\":\"https:\/\/www.intoscana.it\/it\/#website\",\"url\":\"https:\/\/www.intoscana.it\/it\/\",\"name\":\"intoscana\",\"description\":\"\",\"potentialAction\":[{\"@type\":\"SearchAction\",\"target\":{\"@type\":\"EntryPoint\",\"urlTemplate\":\"https:\/\/www.intoscana.it\/it\/?s={search_term_string}\"},\"query-input\":{\"@type\":\"PropertyValueSpecification\",\"valueRequired\":true,\"valueName\":\"search_term_string\"}}],\"inLanguage\":\"it-IT\"},{\"@type\":\"Person\",\"@id\":\"https:\/\/www.intoscana.it\/it\/#\/schema\/person\/de95e1ed2c1c8c30a6922bbba3a90185\",\"name\":\"Ilaria Giannini\",\"sameAs\":[\"https:\/\/x.com\/i.giannini@fst.it\"],\"url\":\"https:\/\/www.intoscana.it\/it\/author\/ilaria-giannini\/\"}]}<\/script>\n<!-- \/ Yoast SEO Premium plugin. -->","yoast_head_json":{"title":"Psicologo di base: inizia la sperimentazione del servizio in Toscana","description":"Entra nel vivo la sperimentazione dello psicologo di base in Toscana: pubblicato l'avviso per le graduatorie di professionisti nelle Asl.","robots":{"index":"index","follow":"follow","max-snippet":"max-snippet:-1","max-image-preview":"max-image-preview:large","max-video-preview":"max-video-preview:-1"},"canonical":"https:\/\/www.intoscana.it\/it\/psicologo-di-base-inizia-sperimentazione\/","og_locale":"it_IT","og_type":"article","og_title":"Psicologo di base: inizia la sperimentazione del nuovo servizio in Toscana","og_description":"Entra nel vivo la sperimentazione dello psicologo di base in Toscana: pubblicato l'avviso per le graduatorie di professionisti nelle Asl.","og_url":"https:\/\/www.intoscana.it\/it\/psicologo-di-base-inizia-sperimentazione\/","og_site_name":"intoscana","article_publisher":"https:\/\/www.facebook.com\/intoscana.it","article_published_time":"2024-04-22T12:00:26+00:00","article_modified_time":"2024-05-03T14:29:40+00:00","og_image":[{"width":640,"height":480,"url":"https:\/\/www.intoscana.it\/wp-content\/uploads\/83293e8f00b368f9aee81c8fe8f1a25f-2.jpg","type":"image\/jpeg"}],"author":"Ilaria Giannini","twitter_card":"summary_large_image","twitter_creator":"@i.giannini@fst.it","twitter_site":"@intoscana","twitter_misc":{"Written by":"Ilaria Giannini","Est. reading time":"3 minuti"},"schema":{"@context":"https:\/\/schema.org","@graph":[{"@type":"WebPage","@id":"https:\/\/www.intoscana.it\/it\/psicologo-di-base-inizia-sperimentazione\/","url":"https:\/\/www.intoscana.it\/it\/psicologo-di-base-inizia-sperimentazione\/","name":"Psicologo di base: inizia la sperimentazione del servizio in Toscana","isPartOf":{"@id":"https:\/\/www.intoscana.it\/it\/#website"},"primaryImageOfPage":{"@id":"https:\/\/www.intoscana.it\/it\/psicologo-di-base-inizia-sperimentazione\/#primaryimage"},"image":{"@id":"https:\/\/www.intoscana.it\/it\/psicologo-di-base-inizia-sperimentazione\/#primaryimage"},"thumbnailUrl":"https:\/\/www.intoscana.it\/wp-content\/uploads\/83293e8f00b368f9aee81c8fe8f1a25f-2.jpg","datePublished":"2024-04-22T12:00:26+00:00","dateModified":"2024-05-03T14:29:40+00:00","author":{"@id":"https:\/\/www.intoscana.it\/it\/#\/schema\/person\/de95e1ed2c1c8c30a6922bbba3a90185"},"description":"Entra nel vivo la sperimentazione dello psicologo di base in Toscana: pubblicato l'avviso per le graduatorie di professionisti nelle Asl.","breadcrumb":{"@id":"https:\/\/www.intoscana.it\/it\/psicologo-di-base-inizia-sperimentazione\/#breadcrumb"},"inLanguage":"it-IT","potentialAction":[{"@type":"ReadAction","target":["https:\/\/www.intoscana.it\/it\/psicologo-di-base-inizia-sperimentazione\/"]}]},{"@type":"ImageObject","inLanguage":"it-IT","@id":"https:\/\/www.intoscana.it\/it\/psicologo-di-base-inizia-sperimentazione\/#primaryimage","url":"https:\/\/www.intoscana.it\/wp-content\/uploads\/83293e8f00b368f9aee81c8fe8f1a25f-2.jpg","contentUrl":"https:\/\/www.intoscana.it\/wp-content\/uploads\/83293e8f00b368f9aee81c8fe8f1a25f-2.jpg","width":640,"height":480},{"@type":"BreadcrumbList","@id":"https:\/\/www.intoscana.it\/it\/psicologo-di-base-inizia-sperimentazione\/#breadcrumb","itemListElement":[{"@type":"ListItem","position":1,"name":"Home","item":"https:\/\/www.intoscana.it\/it\/"},{"@type":"ListItem","position":2,"name":"Psicologo di base: inizia la sperimentazione del nuovo servizio in Toscana"}]},{"@type":"WebSite","@id":"https:\/\/www.intoscana.it\/it\/#website","url":"https:\/\/www.intoscana.it\/it\/","name":"intoscana","description":"","potentialAction":[{"@type":"SearchAction","target":{"@type":"EntryPoint","urlTemplate":"https:\/\/www.intoscana.it\/it\/?s={search_term_string}"},"query-input":{"@type":"PropertyValueSpecification","valueRequired":true,"valueName":"search_term_string"}}],"inLanguage":"it-IT"},{"@type":"Person","@id":"https:\/\/www.intoscana.it\/it\/#\/schema\/person\/de95e1ed2c1c8c30a6922bbba3a90185","name":"Ilaria Giannini","sameAs":["https:\/\/x.com\/i.giannini@fst.it"],"url":"https:\/\/www.intoscana.it\/it\/author\/ilaria-giannini\/"}]}},"_links":{"self":[{"href":"https:\/\/www.intoscana.it\/it\/wp-json\/wp\/v2\/posts\/336829","targetHints":{"allow":["GET"]}}],"collection":[{"href":"https:\/\/www.intoscana.it\/it\/wp-json\/wp\/v2\/posts"}],"about":[{"href":"https:\/\/www.intoscana.it\/it\/wp-json\/wp\/v2\/types\/post"}],"author":[{"embeddable":true,"href":"https:\/\/www.intoscana.it\/it\/wp-json\/wp\/v2\/users\/502"}],"replies":[{"embeddable":true,"href":"https:\/\/www.intoscana.it\/it\/wp-json\/wp\/v2\/comments?post=336829"}],"version-history":[{"count":6,"href":"https:\/\/www.intoscana.it\/it\/wp-json\/wp\/v2\/posts\/336829\/revisions"}],"predecessor-version":[{"id":337122,"href":"https:\/\/www.intoscana.it\/it\/wp-json\/wp\/v2\/posts\/336829\/revisions\/337122"}],"wp:featuredmedia":[{"embeddable":true,"href":"https:\/\/www.intoscana.it\/it\/wp-json\/wp\/v2\/media\/99980"}],"wp:attachment":[{"href":"https:\/\/www.intoscana.it\/it\/wp-json\/wp\/v2\/media?parent=336829"}],"wp:term":[{"taxonomy":"category","embeddable":true,"href":"https:\/\/www.intoscana.it\/it\/wp-json\/wp\/v2\/categories?post=336829"},{"taxonomy":"post_tag","embeddable":true,"href":"https:\/\/www.intoscana.it\/it\/wp-json\/wp\/v2\/tags?post=336829"}],"curies":[{"name":"wp","href":"https:\/\/api.w.org\/{rel}","templated":true}]}}