{"id":336852,"date":"2024-04-19T16:43:33","date_gmt":"2024-04-19T14:43:33","guid":{"rendered":"https:\/\/www.intoscana.it\/it\/?p=336852"},"modified":"2024-04-19T16:44:49","modified_gmt":"2024-04-19T14:44:49","slug":"il-viaggio-a-colori-di-manuele-fior-in-mostra-a-pisa-a-palazzo-blu","status":"publish","type":"post","link":"https:\/\/www.intoscana.it\/it\/il-viaggio-a-colori-di-manuele-fior-in-mostra-a-pisa-a-palazzo-blu\/","title":{"rendered":"Il viaggio a colori di Manuele Fior in mostra a Pisa a Palazzo Blu"},"content":{"rendered":"<p>Le tavole originali realizzate per alcune delle opere pi\u00f9 conosciute di <strong>Manuele Fior,<\/strong> illustratore oggi tra i maggiormente apprezzati sulla scena internazionale, sono il cuore della <strong>mostra &#8220;Manuele Fior. Viaggio a colori&#8221;,<\/strong> a cura di Giorgio Bacci, che si tiene dal 20 aprile al 1\u00b0 settembre a Palazzo Blu a Pisa.<\/p>\n<p><strong>Manuele Fior, nato a Cesena nel 1975,<\/strong> dotato di una fine sensibilit\u00e0 grafica e di una potenza coloristica che lo rendono immediatamente riconoscibile, lavora per importanti editori italiani e internazionali e le sue illustrazioni compaiono su periodici e quotidiani italiani ed esteri, da Vanity Fair a The New Yorker.<\/p>\n<h3>Il viaggio e la malinconia di Fior<\/h3>\n<p>Come ricorda Fior stesso la<strong> passione per il disegno<\/strong> lo ha accompagnato fin da bambino, quando ha iniziato<em> &#8220;copiando i personaggi dei cartoni animati dalla televisione&#8221;<\/em>, per poi continuare<em> &#8220;sui diari dei compagni di scuola, sui banchi, sulle maglie, per il giornale della parrocchia, per chiunque me l\u2019abbia chiesto&#8221;.<\/em><\/p>\n<p><strong>Un talento innato,<\/strong> coltivato con cura negli anni dall\u2019artista che ha anche lavorato per qualche tempo come architetto e ha percorso in lungo e in largo l\u2019Europa (Oslo, Berlino, Parigi), prima di tornare a Venezia, dove attualmente risiede. <mark>La dimensione del viaggio, unita a quella di una malinconica nostalgia sfuggente, \u00e8 dunque costitutiva delle opere dell\u2019autore che ha vissuto appieno il boom della \u201cgenerazione Erasmus\u201d <\/mark>, un tema che infatti riaffiora nelle sue narrazioni.<\/p>\n<h3>Un viaggio tra citt\u00e0 reali e immaginarie<\/h3>\n<p>Lo strepitoso <strong>\u201cviaggio a colori\u201d per luoghi, citt\u00e0, spazi reali e sognati,<\/strong> che il visitatore avr\u00e0 modo di condurre nelle sale di Palazzo Blu, secondo un percorso circolare che, partendo da Cinquemila chilometri al secondo, arriver\u00e0 a Hypericon dopo L\u2019intervista e Celestia, \u00e8 un viaggio che lo spettatore affronter\u00e0 avendo la possibilit\u00e0 di ammirare le tavole originali, contraddistinte da una notevole variet\u00e0 tecnica.<\/p>\n<p><em>\u201cLa mostra, attraverso oltre cento tavole originali, permette di entrare nell\u2019<strong>universo creativo di Manuele Fior<\/strong><\/em> \u2013 spiega il curatore Giorgio Bacci &#8211; <em>un meraviglioso laboratorio in cui nascono galassie fantastiche e colorate, finemente ritmate come spartiti musicali che parlano a tutti, affrontando temi universali: i sogni e le ingenuit\u00e0, le aspettative e la fiducia nel futuro dei pi\u00f9 giovani, la faticosa ricerca di un\u2019identit\u00e0 personale, le disilluse realt\u00e0 dell\u2019et\u00e0 adulta\u201d.<\/em><\/p>\n","protected":false},"excerpt":{"rendered":"<p>L&#8217;esposizione, dal 20 aprile al 1\u00b0 settembre, raccoglie le tavole originale di alcune delle opere dell&#8217;illustratore italiano che \u00e8 tra i pi\u00f9 apprezzati al mondo<\/p>\n","protected":false},"author":525,"featured_media":336856,"comment_status":"open","ping_status":"open","sticky":false,"template":"","format":"standard","meta":{"_acf_changed":false,"footnotes":""},"categories":[493],"tags":[174,222,203],"class_list":["post-336852","post","type-post","status-publish","format-standard","has-post-thumbnail","hentry","category-cultura","tag-arte","tag-mostre","tag-pisa"],"acf":[],"yoast_head":"<!-- This site is optimized with the Yoast SEO Premium plugin v24.2 (Yoast SEO v25.6) - https:\/\/yoast.com\/wordpress\/plugins\/seo\/ -->\n<title>Il viaggio a colori di Manuele Fior in mostra a Pisa a Palazzo Blu - intoscana<\/title>\n<meta name=\"robots\" content=\"index, follow, max-snippet:-1, max-image-preview:large, max-video-preview:-1\" \/>\n<link rel=\"canonical\" href=\"https:\/\/www.intoscana.it\/it\/il-viaggio-a-colori-di-manuele-fior-in-mostra-a-pisa-a-palazzo-blu\/\" \/>\n<meta property=\"og:locale\" content=\"it_IT\" \/>\n<meta property=\"og:type\" content=\"article\" \/>\n<meta property=\"og:title\" content=\"Il viaggio a colori di Manuele Fior in mostra a Pisa a Palazzo Blu\" \/>\n<meta property=\"og:description\" content=\"L&#039;esposizione, dal 20 aprile al 1\u00b0 settembre, raccoglie le tavole originale di alcune delle opere dell&#039;illustratore italiano che \u00e8 tra i pi\u00f9 apprezzati al mondo\" \/>\n<meta property=\"og:url\" content=\"https:\/\/www.intoscana.it\/it\/il-viaggio-a-colori-di-manuele-fior-in-mostra-a-pisa-a-palazzo-blu\/\" \/>\n<meta property=\"og:site_name\" content=\"intoscana\" \/>\n<meta property=\"article:publisher\" content=\"https:\/\/www.facebook.com\/intoscana.it\" \/>\n<meta property=\"article:published_time\" content=\"2024-04-19T14:43:33+00:00\" \/>\n<meta property=\"article:modified_time\" content=\"2024-04-19T14:44:49+00:00\" \/>\n<meta property=\"og:image\" content=\"https:\/\/www.intoscana.it\/wp-content\/uploads\/02-Emanuele-Fior-Celestia.jpg\" \/>\n\t<meta property=\"og:image:width\" content=\"1134\" \/>\n\t<meta property=\"og:image:height\" content=\"720\" \/>\n\t<meta property=\"og:image:type\" content=\"image\/jpeg\" \/>\n<meta name=\"author\" content=\"Redazione\" \/>\n<meta name=\"twitter:card\" content=\"summary_large_image\" \/>\n<meta name=\"twitter:creator\" content=\"@intoscana\" \/>\n<meta name=\"twitter:site\" content=\"@intoscana\" \/>\n<meta name=\"twitter:label1\" content=\"Written by\" \/>\n\t<meta name=\"twitter:data1\" content=\"Redazione\" \/>\n\t<meta name=\"twitter:label2\" content=\"Est. reading time\" \/>\n\t<meta name=\"twitter:data2\" content=\"3 minuti\" \/>\n<script type=\"application\/ld+json\" class=\"yoast-schema-graph\">{\"@context\":\"https:\/\/schema.org\",\"@graph\":[{\"@type\":\"WebPage\",\"@id\":\"https:\/\/www.intoscana.it\/it\/il-viaggio-a-colori-di-manuele-fior-in-mostra-a-pisa-a-palazzo-blu\/\",\"url\":\"https:\/\/www.intoscana.it\/it\/il-viaggio-a-colori-di-manuele-fior-in-mostra-a-pisa-a-palazzo-blu\/\",\"name\":\"Il viaggio a colori di Manuele Fior in mostra a Pisa a Palazzo Blu - intoscana\",\"isPartOf\":{\"@id\":\"https:\/\/www.intoscana.it\/it\/#website\"},\"primaryImageOfPage\":{\"@id\":\"https:\/\/www.intoscana.it\/it\/il-viaggio-a-colori-di-manuele-fior-in-mostra-a-pisa-a-palazzo-blu\/#primaryimage\"},\"image\":{\"@id\":\"https:\/\/www.intoscana.it\/it\/il-viaggio-a-colori-di-manuele-fior-in-mostra-a-pisa-a-palazzo-blu\/#primaryimage\"},\"thumbnailUrl\":\"https:\/\/www.intoscana.it\/wp-content\/uploads\/02-Emanuele-Fior-Celestia.jpg\",\"datePublished\":\"2024-04-19T14:43:33+00:00\",\"dateModified\":\"2024-04-19T14:44:49+00:00\",\"author\":{\"@id\":\"https:\/\/www.intoscana.it\/it\/#\/schema\/person\/9223810753230f20bd670fdd322661f8\"},\"breadcrumb\":{\"@id\":\"https:\/\/www.intoscana.it\/it\/il-viaggio-a-colori-di-manuele-fior-in-mostra-a-pisa-a-palazzo-blu\/#breadcrumb\"},\"inLanguage\":\"it-IT\",\"potentialAction\":[{\"@type\":\"ReadAction\",\"target\":[\"https:\/\/www.intoscana.it\/it\/il-viaggio-a-colori-di-manuele-fior-in-mostra-a-pisa-a-palazzo-blu\/\"]}]},{\"@type\":\"ImageObject\",\"inLanguage\":\"it-IT\",\"@id\":\"https:\/\/www.intoscana.it\/it\/il-viaggio-a-colori-di-manuele-fior-in-mostra-a-pisa-a-palazzo-blu\/#primaryimage\",\"url\":\"https:\/\/www.intoscana.it\/wp-content\/uploads\/02-Emanuele-Fior-Celestia.jpg\",\"contentUrl\":\"https:\/\/www.intoscana.it\/wp-content\/uploads\/02-Emanuele-Fior-Celestia.jpg\",\"width\":1134,\"height\":720},{\"@type\":\"BreadcrumbList\",\"@id\":\"https:\/\/www.intoscana.it\/it\/il-viaggio-a-colori-di-manuele-fior-in-mostra-a-pisa-a-palazzo-blu\/#breadcrumb\",\"itemListElement\":[{\"@type\":\"ListItem\",\"position\":1,\"name\":\"Home\",\"item\":\"https:\/\/www.intoscana.it\/it\/\"},{\"@type\":\"ListItem\",\"position\":2,\"name\":\"Il viaggio a colori di Manuele Fior in mostra a Pisa a Palazzo Blu\"}]},{\"@type\":\"WebSite\",\"@id\":\"https:\/\/www.intoscana.it\/it\/#website\",\"url\":\"https:\/\/www.intoscana.it\/it\/\",\"name\":\"intoscana\",\"description\":\"\",\"potentialAction\":[{\"@type\":\"SearchAction\",\"target\":{\"@type\":\"EntryPoint\",\"urlTemplate\":\"https:\/\/www.intoscana.it\/it\/?s={search_term_string}\"},\"query-input\":{\"@type\":\"PropertyValueSpecification\",\"valueRequired\":true,\"valueName\":\"search_term_string\"}}],\"inLanguage\":\"it-IT\"},{\"@type\":\"Person\",\"@id\":\"https:\/\/www.intoscana.it\/it\/#\/schema\/person\/9223810753230f20bd670fdd322661f8\",\"name\":\"Redazione\",\"url\":\"https:\/\/www.intoscana.it\/it\/author\/redazione\/\"}]}<\/script>\n<!-- \/ Yoast SEO Premium plugin. -->","yoast_head_json":{"title":"Il viaggio a colori di Manuele Fior in mostra a Pisa a Palazzo Blu - intoscana","robots":{"index":"index","follow":"follow","max-snippet":"max-snippet:-1","max-image-preview":"max-image-preview:large","max-video-preview":"max-video-preview:-1"},"canonical":"https:\/\/www.intoscana.it\/it\/il-viaggio-a-colori-di-manuele-fior-in-mostra-a-pisa-a-palazzo-blu\/","og_locale":"it_IT","og_type":"article","og_title":"Il viaggio a colori di Manuele Fior in mostra a Pisa a Palazzo Blu","og_description":"L'esposizione, dal 20 aprile al 1\u00b0 settembre, raccoglie le tavole originale di alcune delle opere dell'illustratore italiano che \u00e8 tra i pi\u00f9 apprezzati al mondo","og_url":"https:\/\/www.intoscana.it\/it\/il-viaggio-a-colori-di-manuele-fior-in-mostra-a-pisa-a-palazzo-blu\/","og_site_name":"intoscana","article_publisher":"https:\/\/www.facebook.com\/intoscana.it","article_published_time":"2024-04-19T14:43:33+00:00","article_modified_time":"2024-04-19T14:44:49+00:00","og_image":[{"width":1134,"height":720,"url":"https:\/\/www.intoscana.it\/wp-content\/uploads\/02-Emanuele-Fior-Celestia.jpg","type":"image\/jpeg"}],"author":"Redazione","twitter_card":"summary_large_image","twitter_creator":"@intoscana","twitter_site":"@intoscana","twitter_misc":{"Written by":"Redazione","Est. reading time":"3 minuti"},"schema":{"@context":"https:\/\/schema.org","@graph":[{"@type":"WebPage","@id":"https:\/\/www.intoscana.it\/it\/il-viaggio-a-colori-di-manuele-fior-in-mostra-a-pisa-a-palazzo-blu\/","url":"https:\/\/www.intoscana.it\/it\/il-viaggio-a-colori-di-manuele-fior-in-mostra-a-pisa-a-palazzo-blu\/","name":"Il viaggio a colori di Manuele Fior in mostra a Pisa a Palazzo Blu - intoscana","isPartOf":{"@id":"https:\/\/www.intoscana.it\/it\/#website"},"primaryImageOfPage":{"@id":"https:\/\/www.intoscana.it\/it\/il-viaggio-a-colori-di-manuele-fior-in-mostra-a-pisa-a-palazzo-blu\/#primaryimage"},"image":{"@id":"https:\/\/www.intoscana.it\/it\/il-viaggio-a-colori-di-manuele-fior-in-mostra-a-pisa-a-palazzo-blu\/#primaryimage"},"thumbnailUrl":"https:\/\/www.intoscana.it\/wp-content\/uploads\/02-Emanuele-Fior-Celestia.jpg","datePublished":"2024-04-19T14:43:33+00:00","dateModified":"2024-04-19T14:44:49+00:00","author":{"@id":"https:\/\/www.intoscana.it\/it\/#\/schema\/person\/9223810753230f20bd670fdd322661f8"},"breadcrumb":{"@id":"https:\/\/www.intoscana.it\/it\/il-viaggio-a-colori-di-manuele-fior-in-mostra-a-pisa-a-palazzo-blu\/#breadcrumb"},"inLanguage":"it-IT","potentialAction":[{"@type":"ReadAction","target":["https:\/\/www.intoscana.it\/it\/il-viaggio-a-colori-di-manuele-fior-in-mostra-a-pisa-a-palazzo-blu\/"]}]},{"@type":"ImageObject","inLanguage":"it-IT","@id":"https:\/\/www.intoscana.it\/it\/il-viaggio-a-colori-di-manuele-fior-in-mostra-a-pisa-a-palazzo-blu\/#primaryimage","url":"https:\/\/www.intoscana.it\/wp-content\/uploads\/02-Emanuele-Fior-Celestia.jpg","contentUrl":"https:\/\/www.intoscana.it\/wp-content\/uploads\/02-Emanuele-Fior-Celestia.jpg","width":1134,"height":720},{"@type":"BreadcrumbList","@id":"https:\/\/www.intoscana.it\/it\/il-viaggio-a-colori-di-manuele-fior-in-mostra-a-pisa-a-palazzo-blu\/#breadcrumb","itemListElement":[{"@type":"ListItem","position":1,"name":"Home","item":"https:\/\/www.intoscana.it\/it\/"},{"@type":"ListItem","position":2,"name":"Il viaggio a colori di Manuele Fior in mostra a Pisa a Palazzo Blu"}]},{"@type":"WebSite","@id":"https:\/\/www.intoscana.it\/it\/#website","url":"https:\/\/www.intoscana.it\/it\/","name":"intoscana","description":"","potentialAction":[{"@type":"SearchAction","target":{"@type":"EntryPoint","urlTemplate":"https:\/\/www.intoscana.it\/it\/?s={search_term_string}"},"query-input":{"@type":"PropertyValueSpecification","valueRequired":true,"valueName":"search_term_string"}}],"inLanguage":"it-IT"},{"@type":"Person","@id":"https:\/\/www.intoscana.it\/it\/#\/schema\/person\/9223810753230f20bd670fdd322661f8","name":"Redazione","url":"https:\/\/www.intoscana.it\/it\/author\/redazione\/"}]}},"_links":{"self":[{"href":"https:\/\/www.intoscana.it\/it\/wp-json\/wp\/v2\/posts\/336852","targetHints":{"allow":["GET"]}}],"collection":[{"href":"https:\/\/www.intoscana.it\/it\/wp-json\/wp\/v2\/posts"}],"about":[{"href":"https:\/\/www.intoscana.it\/it\/wp-json\/wp\/v2\/types\/post"}],"author":[{"embeddable":true,"href":"https:\/\/www.intoscana.it\/it\/wp-json\/wp\/v2\/users\/525"}],"replies":[{"embeddable":true,"href":"https:\/\/www.intoscana.it\/it\/wp-json\/wp\/v2\/comments?post=336852"}],"version-history":[{"count":5,"href":"https:\/\/www.intoscana.it\/it\/wp-json\/wp\/v2\/posts\/336852\/revisions"}],"predecessor-version":[{"id":336867,"href":"https:\/\/www.intoscana.it\/it\/wp-json\/wp\/v2\/posts\/336852\/revisions\/336867"}],"wp:featuredmedia":[{"embeddable":true,"href":"https:\/\/www.intoscana.it\/it\/wp-json\/wp\/v2\/media\/336856"}],"wp:attachment":[{"href":"https:\/\/www.intoscana.it\/it\/wp-json\/wp\/v2\/media?parent=336852"}],"wp:term":[{"taxonomy":"category","embeddable":true,"href":"https:\/\/www.intoscana.it\/it\/wp-json\/wp\/v2\/categories?post=336852"},{"taxonomy":"post_tag","embeddable":true,"href":"https:\/\/www.intoscana.it\/it\/wp-json\/wp\/v2\/tags?post=336852"}],"curies":[{"name":"wp","href":"https:\/\/api.w.org\/{rel}","templated":true}]}}