{"id":337424,"date":"2024-04-24T12:39:33","date_gmt":"2024-04-24T10:39:33","guid":{"rendered":"https:\/\/www.intoscana.it\/it\/?p=337424"},"modified":"2024-04-24T16:54:44","modified_gmt":"2024-04-24T14:54:44","slug":"pistoia-per-tre-giorni-capitale-del-tifo-giallorosso-a-giugno-il-raduno-mondiale","status":"publish","type":"post","link":"https:\/\/www.intoscana.it\/it\/pistoia-per-tre-giorni-capitale-del-tifo-giallorosso-a-giugno-il-raduno-mondiale\/","title":{"rendered":"Pistoia per tre giorni capitale del tifo giallorosso, a giugno il raduno mondiale"},"content":{"rendered":"<p>I giorni da segnare in rosso, o meglio in giallorosso, sul calendario sono quelli dal <strong>14 al 16 giugno<\/strong> quando <strong>Pistoia<\/strong> si trasformer\u00e0 per 72 nella succursale della capitale e ospiter\u00e0 il <strong>raduno mondiale dei Roma Club affiliati A.i.r.c 1971<\/strong> (Associazione Italiana Roma Club). Nella citt\u00e0 di San Jacopo arriveranno i rappresentanti di numerosi club italiani, dal <strong>nord al sud<\/strong>, ma anche internazionali come <strong>Parigi<\/strong>, Citt\u00e0 del Messico e non solo. Tre giorni da dedicare all&#8217;amicizia, alla passione per il calcio (sponda naturalmente romana) e per scoprire insieme le bellezze della citt\u00e0 di <strong>Pistoia<\/strong>, le sue attrazioni ma anche la buona <strong>cucina toscana<\/strong>.<\/p>\n<p>L&#8217;iniziativa \u00e8 promossa dal Roma Club Citt\u00e0 di Pistoia, nato da solo due anni per iniziativa di un gruppo di amici accomunati dall&#8217;amore per la Lupa, in una citt\u00e0, Pistoia, dove il tifo per la Pistoiese, la Fiorentina, la Juventus, l\u2019Inter ed il Milan sicuramente prevale. In questo periodo, <strong>grazie all&#8217;impegno e alle iniziative sul territorio<\/strong>, il club \u00e8 cresciuto sia per numero di soci ma anche con la collaborazione con associazioni sul territorio per progetti sociali e l&#8217;organizzazione di raccolte fondi per il terremoto in Turchia o l&#8217;alluvione che ha colpito la Toscana. Ed \u00e8 proprio grazie a questo impegno e passione che lo scorso 23 marzo alla riunione dei club affiliati all\u2019Associazione Italiana Roma Club 1971, il club \u00e8 stato scelto per organizzare il raduno mondiale.<\/p>\n<figure id=\"post-337483 media-337483\" class=\"align-none\"><img decoding=\"async\" src=\"https:\/\/www.intoscana.it\/wp-content\/uploads\/pistoia-roma-club.jpeg\" alt=\"\" \/><\/figure>\n<p>Saranno circa <strong>500 i tifosi<\/strong> che arriveranno a Pistoia per questa occasione e che visiteranno la citt\u00e0, le sue attrazioni per tre giorni.\u00a0&#8220;<em>Il nostro club<\/em> &#8211; ha spiegato <strong>Luca Parra<\/strong>, presidente del Roma Club Citt\u00e0 di Pistoia &#8211; <em>\u00e8 stato scelto per il raduno grazie al grande lavoro svolto, alla passione, all\u2019amore verso i colori giallorossi e alle tante iniziative di solidariet\u00e0 svolte nel territorio toscano. Sar\u00e0 una grande occasione per promuovere l\u2019amicizia tra i club affiliati e condividere la cultura romanista, ma soprattutto per far conoscere, ai numerosi partecipanti, le bellezze della citt\u00e0 di Pistoia&#8221;<\/em>.<\/p>\n","protected":false},"excerpt":{"rendered":"<p>L&#8217;evento \u00e8 promosso dal Roma Club Citt\u00e0 di Pistoia, nato da soli due anni. Circa 500 i tifosi in arrivo in citt\u00e0<\/p>\n","protected":false},"author":507,"featured_media":337431,"comment_status":"open","ping_status":"open","sticky":false,"template":"","format":"standard","meta":{"_acf_changed":false,"footnotes":""},"categories":[494],"tags":[290,215,6724,159],"class_list":["post-337424","post","type-post","status-publish","format-standard","has-post-thumbnail","hentry","category-attualita","tag-calcio","tag-pistoia","tag-roma","tag-sport"],"acf":[],"yoast_head":"<!-- This site is optimized with the Yoast SEO Premium plugin v24.2 (Yoast SEO v25.6) - https:\/\/yoast.com\/wordpress\/plugins\/seo\/ -->\n<title>Pistoia per tre giorni capitale del tifo giallorosso, a giugno il raduno mondiale - intoscana<\/title>\n<meta name=\"robots\" content=\"index, follow, max-snippet:-1, max-image-preview:large, max-video-preview:-1\" \/>\n<link rel=\"canonical\" href=\"https:\/\/www.intoscana.it\/it\/pistoia-per-tre-giorni-capitale-del-tifo-giallorosso-a-giugno-il-raduno-mondiale\/\" \/>\n<meta property=\"og:locale\" content=\"it_IT\" \/>\n<meta property=\"og:type\" content=\"article\" \/>\n<meta property=\"og:title\" content=\"Pistoia per tre giorni capitale del tifo giallorosso, a giugno il raduno mondiale\" \/>\n<meta property=\"og:description\" content=\"L&#039;evento \u00e8 promosso dal Roma Club Citt\u00e0 di Pistoia, nato da soli due anni. Circa 500 i tifosi in arrivo in citt\u00e0\" \/>\n<meta property=\"og:url\" content=\"https:\/\/www.intoscana.it\/it\/pistoia-per-tre-giorni-capitale-del-tifo-giallorosso-a-giugno-il-raduno-mondiale\/\" \/>\n<meta property=\"og:site_name\" content=\"intoscana\" \/>\n<meta property=\"article:publisher\" content=\"https:\/\/www.facebook.com\/intoscana.it\" \/>\n<meta property=\"article:published_time\" content=\"2024-04-24T10:39:33+00:00\" \/>\n<meta property=\"article:modified_time\" content=\"2024-04-24T14:54:44+00:00\" \/>\n<meta property=\"og:image\" content=\"https:\/\/www.intoscana.it\/wp-content\/uploads\/danilo-obradovic-NE1ePoe3gSI-unsplash-dimensioni-grandi.jpeg\" \/>\n\t<meta property=\"og:image:width\" content=\"1280\" \/>\n\t<meta property=\"og:image:height\" content=\"838\" \/>\n\t<meta property=\"og:image:type\" content=\"image\/jpeg\" \/>\n<meta name=\"author\" content=\"Chiara Bianchini\" \/>\n<meta name=\"twitter:card\" content=\"summary_large_image\" \/>\n<meta name=\"twitter:creator\" content=\"@intoscana\" \/>\n<meta name=\"twitter:site\" content=\"@intoscana\" \/>\n<meta name=\"twitter:label1\" content=\"Written by\" \/>\n\t<meta name=\"twitter:data1\" content=\"Chiara Bianchini\" \/>\n\t<meta name=\"twitter:label2\" content=\"Est. reading time\" \/>\n\t<meta name=\"twitter:data2\" content=\"3 minuti\" \/>\n<script type=\"application\/ld+json\" class=\"yoast-schema-graph\">{\"@context\":\"https:\/\/schema.org\",\"@graph\":[{\"@type\":\"WebPage\",\"@id\":\"https:\/\/www.intoscana.it\/it\/pistoia-per-tre-giorni-capitale-del-tifo-giallorosso-a-giugno-il-raduno-mondiale\/\",\"url\":\"https:\/\/www.intoscana.it\/it\/pistoia-per-tre-giorni-capitale-del-tifo-giallorosso-a-giugno-il-raduno-mondiale\/\",\"name\":\"Pistoia per tre giorni capitale del tifo giallorosso, a giugno il raduno mondiale - intoscana\",\"isPartOf\":{\"@id\":\"https:\/\/www.intoscana.it\/it\/#website\"},\"primaryImageOfPage\":{\"@id\":\"https:\/\/www.intoscana.it\/it\/pistoia-per-tre-giorni-capitale-del-tifo-giallorosso-a-giugno-il-raduno-mondiale\/#primaryimage\"},\"image\":{\"@id\":\"https:\/\/www.intoscana.it\/it\/pistoia-per-tre-giorni-capitale-del-tifo-giallorosso-a-giugno-il-raduno-mondiale\/#primaryimage\"},\"thumbnailUrl\":\"https:\/\/www.intoscana.it\/wp-content\/uploads\/danilo-obradovic-NE1ePoe3gSI-unsplash-dimensioni-grandi.jpeg\",\"datePublished\":\"2024-04-24T10:39:33+00:00\",\"dateModified\":\"2024-04-24T14:54:44+00:00\",\"author\":{\"@id\":\"https:\/\/www.intoscana.it\/it\/#\/schema\/person\/010af92117f50561886339ad5b873a41\"},\"breadcrumb\":{\"@id\":\"https:\/\/www.intoscana.it\/it\/pistoia-per-tre-giorni-capitale-del-tifo-giallorosso-a-giugno-il-raduno-mondiale\/#breadcrumb\"},\"inLanguage\":\"it-IT\",\"potentialAction\":[{\"@type\":\"ReadAction\",\"target\":[\"https:\/\/www.intoscana.it\/it\/pistoia-per-tre-giorni-capitale-del-tifo-giallorosso-a-giugno-il-raduno-mondiale\/\"]}]},{\"@type\":\"ImageObject\",\"inLanguage\":\"it-IT\",\"@id\":\"https:\/\/www.intoscana.it\/it\/pistoia-per-tre-giorni-capitale-del-tifo-giallorosso-a-giugno-il-raduno-mondiale\/#primaryimage\",\"url\":\"https:\/\/www.intoscana.it\/wp-content\/uploads\/danilo-obradovic-NE1ePoe3gSI-unsplash-dimensioni-grandi.jpeg\",\"contentUrl\":\"https:\/\/www.intoscana.it\/wp-content\/uploads\/danilo-obradovic-NE1ePoe3gSI-unsplash-dimensioni-grandi.jpeg\",\"width\":1280,\"height\":838},{\"@type\":\"BreadcrumbList\",\"@id\":\"https:\/\/www.intoscana.it\/it\/pistoia-per-tre-giorni-capitale-del-tifo-giallorosso-a-giugno-il-raduno-mondiale\/#breadcrumb\",\"itemListElement\":[{\"@type\":\"ListItem\",\"position\":1,\"name\":\"Home\",\"item\":\"https:\/\/www.intoscana.it\/it\/\"},{\"@type\":\"ListItem\",\"position\":2,\"name\":\"Pistoia per tre giorni capitale del tifo giallorosso, a giugno il raduno mondiale\"}]},{\"@type\":\"WebSite\",\"@id\":\"https:\/\/www.intoscana.it\/it\/#website\",\"url\":\"https:\/\/www.intoscana.it\/it\/\",\"name\":\"intoscana\",\"description\":\"\",\"potentialAction\":[{\"@type\":\"SearchAction\",\"target\":{\"@type\":\"EntryPoint\",\"urlTemplate\":\"https:\/\/www.intoscana.it\/it\/?s={search_term_string}\"},\"query-input\":{\"@type\":\"PropertyValueSpecification\",\"valueRequired\":true,\"valueName\":\"search_term_string\"}}],\"inLanguage\":\"it-IT\"},{\"@type\":\"Person\",\"@id\":\"https:\/\/www.intoscana.it\/it\/#\/schema\/person\/010af92117f50561886339ad5b873a41\",\"name\":\"Chiara Bianchini\",\"sameAs\":[\"c.bianchini@fst.it\"],\"url\":\"https:\/\/www.intoscana.it\/it\/author\/chiara-bianchini\/\"}]}<\/script>\n<!-- \/ Yoast SEO Premium plugin. -->","yoast_head_json":{"title":"Pistoia per tre giorni capitale del tifo giallorosso, a giugno il raduno mondiale - intoscana","robots":{"index":"index","follow":"follow","max-snippet":"max-snippet:-1","max-image-preview":"max-image-preview:large","max-video-preview":"max-video-preview:-1"},"canonical":"https:\/\/www.intoscana.it\/it\/pistoia-per-tre-giorni-capitale-del-tifo-giallorosso-a-giugno-il-raduno-mondiale\/","og_locale":"it_IT","og_type":"article","og_title":"Pistoia per tre giorni capitale del tifo giallorosso, a giugno il raduno mondiale","og_description":"L'evento \u00e8 promosso dal Roma Club Citt\u00e0 di Pistoia, nato da soli due anni. Circa 500 i tifosi in arrivo in citt\u00e0","og_url":"https:\/\/www.intoscana.it\/it\/pistoia-per-tre-giorni-capitale-del-tifo-giallorosso-a-giugno-il-raduno-mondiale\/","og_site_name":"intoscana","article_publisher":"https:\/\/www.facebook.com\/intoscana.it","article_published_time":"2024-04-24T10:39:33+00:00","article_modified_time":"2024-04-24T14:54:44+00:00","og_image":[{"width":1280,"height":838,"url":"https:\/\/www.intoscana.it\/wp-content\/uploads\/danilo-obradovic-NE1ePoe3gSI-unsplash-dimensioni-grandi.jpeg","type":"image\/jpeg"}],"author":"Chiara Bianchini","twitter_card":"summary_large_image","twitter_creator":"@intoscana","twitter_site":"@intoscana","twitter_misc":{"Written by":"Chiara Bianchini","Est. reading time":"3 minuti"},"schema":{"@context":"https:\/\/schema.org","@graph":[{"@type":"WebPage","@id":"https:\/\/www.intoscana.it\/it\/pistoia-per-tre-giorni-capitale-del-tifo-giallorosso-a-giugno-il-raduno-mondiale\/","url":"https:\/\/www.intoscana.it\/it\/pistoia-per-tre-giorni-capitale-del-tifo-giallorosso-a-giugno-il-raduno-mondiale\/","name":"Pistoia per tre giorni capitale del tifo giallorosso, a giugno il raduno mondiale - intoscana","isPartOf":{"@id":"https:\/\/www.intoscana.it\/it\/#website"},"primaryImageOfPage":{"@id":"https:\/\/www.intoscana.it\/it\/pistoia-per-tre-giorni-capitale-del-tifo-giallorosso-a-giugno-il-raduno-mondiale\/#primaryimage"},"image":{"@id":"https:\/\/www.intoscana.it\/it\/pistoia-per-tre-giorni-capitale-del-tifo-giallorosso-a-giugno-il-raduno-mondiale\/#primaryimage"},"thumbnailUrl":"https:\/\/www.intoscana.it\/wp-content\/uploads\/danilo-obradovic-NE1ePoe3gSI-unsplash-dimensioni-grandi.jpeg","datePublished":"2024-04-24T10:39:33+00:00","dateModified":"2024-04-24T14:54:44+00:00","author":{"@id":"https:\/\/www.intoscana.it\/it\/#\/schema\/person\/010af92117f50561886339ad5b873a41"},"breadcrumb":{"@id":"https:\/\/www.intoscana.it\/it\/pistoia-per-tre-giorni-capitale-del-tifo-giallorosso-a-giugno-il-raduno-mondiale\/#breadcrumb"},"inLanguage":"it-IT","potentialAction":[{"@type":"ReadAction","target":["https:\/\/www.intoscana.it\/it\/pistoia-per-tre-giorni-capitale-del-tifo-giallorosso-a-giugno-il-raduno-mondiale\/"]}]},{"@type":"ImageObject","inLanguage":"it-IT","@id":"https:\/\/www.intoscana.it\/it\/pistoia-per-tre-giorni-capitale-del-tifo-giallorosso-a-giugno-il-raduno-mondiale\/#primaryimage","url":"https:\/\/www.intoscana.it\/wp-content\/uploads\/danilo-obradovic-NE1ePoe3gSI-unsplash-dimensioni-grandi.jpeg","contentUrl":"https:\/\/www.intoscana.it\/wp-content\/uploads\/danilo-obradovic-NE1ePoe3gSI-unsplash-dimensioni-grandi.jpeg","width":1280,"height":838},{"@type":"BreadcrumbList","@id":"https:\/\/www.intoscana.it\/it\/pistoia-per-tre-giorni-capitale-del-tifo-giallorosso-a-giugno-il-raduno-mondiale\/#breadcrumb","itemListElement":[{"@type":"ListItem","position":1,"name":"Home","item":"https:\/\/www.intoscana.it\/it\/"},{"@type":"ListItem","position":2,"name":"Pistoia per tre giorni capitale del tifo giallorosso, a giugno il raduno mondiale"}]},{"@type":"WebSite","@id":"https:\/\/www.intoscana.it\/it\/#website","url":"https:\/\/www.intoscana.it\/it\/","name":"intoscana","description":"","potentialAction":[{"@type":"SearchAction","target":{"@type":"EntryPoint","urlTemplate":"https:\/\/www.intoscana.it\/it\/?s={search_term_string}"},"query-input":{"@type":"PropertyValueSpecification","valueRequired":true,"valueName":"search_term_string"}}],"inLanguage":"it-IT"},{"@type":"Person","@id":"https:\/\/www.intoscana.it\/it\/#\/schema\/person\/010af92117f50561886339ad5b873a41","name":"Chiara Bianchini","sameAs":["c.bianchini@fst.it"],"url":"https:\/\/www.intoscana.it\/it\/author\/chiara-bianchini\/"}]}},"_links":{"self":[{"href":"https:\/\/www.intoscana.it\/it\/wp-json\/wp\/v2\/posts\/337424","targetHints":{"allow":["GET"]}}],"collection":[{"href":"https:\/\/www.intoscana.it\/it\/wp-json\/wp\/v2\/posts"}],"about":[{"href":"https:\/\/www.intoscana.it\/it\/wp-json\/wp\/v2\/types\/post"}],"author":[{"embeddable":true,"href":"https:\/\/www.intoscana.it\/it\/wp-json\/wp\/v2\/users\/507"}],"replies":[{"embeddable":true,"href":"https:\/\/www.intoscana.it\/it\/wp-json\/wp\/v2\/comments?post=337424"}],"version-history":[{"count":4,"href":"https:\/\/www.intoscana.it\/it\/wp-json\/wp\/v2\/posts\/337424\/revisions"}],"predecessor-version":[{"id":337615,"href":"https:\/\/www.intoscana.it\/it\/wp-json\/wp\/v2\/posts\/337424\/revisions\/337615"}],"wp:featuredmedia":[{"embeddable":true,"href":"https:\/\/www.intoscana.it\/it\/wp-json\/wp\/v2\/media\/337431"}],"wp:attachment":[{"href":"https:\/\/www.intoscana.it\/it\/wp-json\/wp\/v2\/media?parent=337424"}],"wp:term":[{"taxonomy":"category","embeddable":true,"href":"https:\/\/www.intoscana.it\/it\/wp-json\/wp\/v2\/categories?post=337424"},{"taxonomy":"post_tag","embeddable":true,"href":"https:\/\/www.intoscana.it\/it\/wp-json\/wp\/v2\/tags?post=337424"}],"curies":[{"name":"wp","href":"https:\/\/api.w.org\/{rel}","templated":true}]}}