{"id":337730,"date":"2024-04-26T14:07:27","date_gmt":"2024-04-26T12:07:27","guid":{"rendered":"https:\/\/www.intoscana.it\/it\/?p=337730"},"modified":"2024-04-26T14:23:18","modified_gmt":"2024-04-26T12:23:18","slug":"torna-bibbona-folk-con-rondelli-i-matti-delle-giuncaie-finaz-e-i-radio-lausberg","status":"publish","type":"post","link":"https:\/\/www.intoscana.it\/it\/torna-bibbona-folk-con-rondelli-i-matti-delle-giuncaie-finaz-e-i-radio-lausberg\/","title":{"rendered":"Torna Bibbona Folk con Rondelli, i Matti delle Giuncaie, Finaz e i Radio Lausberg"},"content":{"rendered":"<p>Torna domenica 28 aprile dopo una fortunata prima edizione <strong>\u201cBibbona Folk\u201d<\/strong>: <mark>una giornata di musica tutta a ingresso gratuito, organizzata dall\u2019Associazione culturale La Chute in collaborazione con il Comune di Bibbona.<\/mark><\/p>\n<p>In piazza del Forte a Marina di Bibbona si esibiranno alle 18 i <strong>Radio Lausberg<\/strong>, alle 19.30 <strong>Finaz<\/strong> e i <strong>Matti delle Giuncaie<\/strong>. Chiude la serata alle 21 <strong>Bobo Rondelli<\/strong>.<\/p>\n<p>Il festival \u00e8 nato nel 2023 da un\u2019idea del direttore artistico <strong>Benedetto Ferrara<\/strong> giornalista, scrittore e conduttore radiofonico fiorentino che qualche anno fa ha visitato Marina di Bibbona e si \u00e8 letteralmente innamorato di questo borgo toscano dove il tempo si \u00e8 fermato.<\/p>\n<p>\u201cIl colpo di fulmine \u00e8 scattato durante la pandemia &#8211; ci ha raccontato Ferrara &#8211; <mark>ero in giro per la Toscana con la mia collega Simona Bellocci per girare le puntate del format \u2018E via andare\u2019 quando una mia amica ci ha invitati a Bibbona. Quando siamo arrivati ho scoperto un borgo che se togli i cestini della spazzatura potrebbe essere l\u2019ambientazione di un film sul Medioevo.<\/mark> Mi sono innamorato perch\u00e9 a me stare qui piace, c\u2019\u00e8 silenzio, la macchia mediterranea, il mare, le persone sono speciali, per non dire che si mangia bene e si beve meglio.\u00a0 Quindi il mio desiderio con il festival \u00e8 quello di valorizzare questo borgo che \u00e8 a cinque chilometri da <strong>Bolgheri<\/strong>, a sette dal mare ma \u00e8 ancora poco conosciuto.\u201d<\/p>\n<h3><em>Il programma musicale di Bibbona Folk<\/em><\/h3>\n<p>\u201cL\u2019anno scorso il festival si \u00e8 tenuto nel borgo, quest\u2019anno invece sar\u00e0 a Marina. &#8211; ha proseguito Benedetto Ferrara &#8211; <mark>La prima edizione con Hugo Race, i Mundial e Ginevra di Marco \u00e8 andata molto bene, era un esperimento, ma \u00e8 stato un successo di pubblico.<\/mark> La scelta dei gruppi quest\u2019anno \u00e8 stata dettata anche dalla volont\u00e0 di fare un omaggio a <strong>Erriquez<\/strong>. I Radio Lausberg sono un gruppo prodotto da Erriquez, hanno inciso dei pezzi insieme. Poi si esibir\u00e0 Finaz con i Matti delle Giuncaie e la serata si chiuder\u00e0 con una grande jam session tutti insieme con Bobo Rondelli, sar\u00e0 una cosa nuova\u201d.<\/p>\n<h3><em>La mostra del fotografo Oliviero Toscani<\/em><\/h3>\n<p>Fino al 31 ottobre al Forte dei Cavalleggeri di Marina di Bibbona \u00e8 anche possibile visitare la mostra \u201cOliviero Toscani. Professione fotografo\u201d.<\/p>\n<p>Sono esposti <mark>oltre 100 scatti che raccontano oltre 60 di attivit\u00e0 del celebre fotografo che ha rivoluzionato il modo di comunicare e di parlare di tematiche sociali in Italia.<\/mark> Le sue fotografie a volte ironiche e divertenti, altre crude e sconvolgenti hanno cambiato il modo di vedere il mondo.<\/p>\n","protected":false},"excerpt":{"rendered":"<div dir=\"auto\">Domenica 28 aprile dalle ore 18, in piazza del Forte a Marina di Bibbona una serata di musica a ingresso libero<\/div>\n","protected":false},"author":518,"featured_media":275404,"comment_status":"open","ping_status":"open","sticky":false,"template":"","format":"standard","meta":{"_acf_changed":false,"footnotes":""},"categories":[14],"tags":[5217,216,4474],"class_list":["post-337730","post","type-post","status-publish","format-standard","has-post-thumbnail","hentry","category-musica","tag-bibbona","tag-concerti","tag-eventi"],"acf":[],"yoast_head":"<!-- This site is optimized with the Yoast SEO Premium plugin v24.2 (Yoast SEO v25.6) - https:\/\/yoast.com\/wordpress\/plugins\/seo\/ -->\n<title>Torna Bibbona Folk con Rondelli, i Matti delle Giuncaie, Finaz e i Radio Lausberg - intoscana<\/title>\n<meta name=\"description\" content=\"Domenica 28 aprile dalle ore 18, in piazza del Forte a Marina di Bibbona una serata di musica a ingresso libero\" \/>\n<meta name=\"robots\" content=\"index, follow, max-snippet:-1, max-image-preview:large, max-video-preview:-1\" \/>\n<link rel=\"canonical\" href=\"https:\/\/www.intoscana.it\/it\/torna-bibbona-folk-con-rondelli-i-matti-delle-giuncaie-finaz-e-i-radio-lausberg\/\" \/>\n<meta property=\"og:locale\" content=\"it_IT\" \/>\n<meta property=\"og:type\" content=\"article\" \/>\n<meta property=\"og:title\" content=\"Torna Bibbona Folk con Rondelli, i Matti delle Giuncaie, Finaz e i Radio Lausberg\" \/>\n<meta property=\"og:description\" content=\"Domenica 28 aprile dalle ore 18, in piazza del Forte a Marina di Bibbona una serata di musica a ingresso libero\" \/>\n<meta property=\"og:url\" content=\"https:\/\/www.intoscana.it\/it\/torna-bibbona-folk-con-rondelli-i-matti-delle-giuncaie-finaz-e-i-radio-lausberg\/\" \/>\n<meta property=\"og:site_name\" content=\"intoscana\" \/>\n<meta property=\"article:publisher\" content=\"https:\/\/www.facebook.com\/intoscana.it\" \/>\n<meta property=\"article:published_time\" content=\"2024-04-26T12:07:27+00:00\" \/>\n<meta property=\"article:modified_time\" content=\"2024-04-26T12:23:18+00:00\" \/>\n<meta property=\"og:image\" content=\"https:\/\/www.intoscana.it\/wp-content\/uploads\/Bobo-Rondelli_.jpg\" \/>\n\t<meta property=\"og:image:width\" content=\"2025\" \/>\n\t<meta property=\"og:image:height\" content=\"1350\" \/>\n\t<meta property=\"og:image:type\" content=\"image\/jpeg\" \/>\n<meta name=\"author\" content=\"Costanza Baldini\" \/>\n<meta name=\"twitter:card\" content=\"summary_large_image\" \/>\n<meta name=\"twitter:creator\" content=\"@intoscana\" \/>\n<meta name=\"twitter:site\" content=\"@intoscana\" \/>\n<meta name=\"twitter:label1\" content=\"Written by\" \/>\n\t<meta name=\"twitter:data1\" content=\"Costanza Baldini\" \/>\n\t<meta name=\"twitter:label2\" content=\"Est. reading time\" \/>\n\t<meta name=\"twitter:data2\" content=\"3 minuti\" \/>\n<script type=\"application\/ld+json\" class=\"yoast-schema-graph\">{\"@context\":\"https:\/\/schema.org\",\"@graph\":[{\"@type\":\"WebPage\",\"@id\":\"https:\/\/www.intoscana.it\/it\/torna-bibbona-folk-con-rondelli-i-matti-delle-giuncaie-finaz-e-i-radio-lausberg\/\",\"url\":\"https:\/\/www.intoscana.it\/it\/torna-bibbona-folk-con-rondelli-i-matti-delle-giuncaie-finaz-e-i-radio-lausberg\/\",\"name\":\"Torna Bibbona Folk con Rondelli, i Matti delle Giuncaie, Finaz e i Radio Lausberg - intoscana\",\"isPartOf\":{\"@id\":\"https:\/\/www.intoscana.it\/it\/#website\"},\"primaryImageOfPage\":{\"@id\":\"https:\/\/www.intoscana.it\/it\/torna-bibbona-folk-con-rondelli-i-matti-delle-giuncaie-finaz-e-i-radio-lausberg\/#primaryimage\"},\"image\":{\"@id\":\"https:\/\/www.intoscana.it\/it\/torna-bibbona-folk-con-rondelli-i-matti-delle-giuncaie-finaz-e-i-radio-lausberg\/#primaryimage\"},\"thumbnailUrl\":\"https:\/\/www.intoscana.it\/wp-content\/uploads\/Bobo-Rondelli_.jpg\",\"datePublished\":\"2024-04-26T12:07:27+00:00\",\"dateModified\":\"2024-04-26T12:23:18+00:00\",\"author\":{\"@id\":\"https:\/\/www.intoscana.it\/it\/#\/schema\/person\/d469f35f09739bdf00bf5dd3f0647a82\"},\"description\":\"Domenica 28 aprile dalle ore 18, in piazza del Forte a Marina di Bibbona una serata di musica a ingresso libero\",\"breadcrumb\":{\"@id\":\"https:\/\/www.intoscana.it\/it\/torna-bibbona-folk-con-rondelli-i-matti-delle-giuncaie-finaz-e-i-radio-lausberg\/#breadcrumb\"},\"inLanguage\":\"it-IT\",\"potentialAction\":[{\"@type\":\"ReadAction\",\"target\":[\"https:\/\/www.intoscana.it\/it\/torna-bibbona-folk-con-rondelli-i-matti-delle-giuncaie-finaz-e-i-radio-lausberg\/\"]}]},{\"@type\":\"ImageObject\",\"inLanguage\":\"it-IT\",\"@id\":\"https:\/\/www.intoscana.it\/it\/torna-bibbona-folk-con-rondelli-i-matti-delle-giuncaie-finaz-e-i-radio-lausberg\/#primaryimage\",\"url\":\"https:\/\/www.intoscana.it\/wp-content\/uploads\/Bobo-Rondelli_.jpg\",\"contentUrl\":\"https:\/\/www.intoscana.it\/wp-content\/uploads\/Bobo-Rondelli_.jpg\",\"width\":2025,\"height\":1350,\"caption\":\"Bobo Rondelli\"},{\"@type\":\"BreadcrumbList\",\"@id\":\"https:\/\/www.intoscana.it\/it\/torna-bibbona-folk-con-rondelli-i-matti-delle-giuncaie-finaz-e-i-radio-lausberg\/#breadcrumb\",\"itemListElement\":[{\"@type\":\"ListItem\",\"position\":1,\"name\":\"Home\",\"item\":\"https:\/\/www.intoscana.it\/it\/\"},{\"@type\":\"ListItem\",\"position\":2,\"name\":\"Torna Bibbona Folk con Rondelli, i Matti delle Giuncaie, Finaz e i Radio Lausberg\"}]},{\"@type\":\"WebSite\",\"@id\":\"https:\/\/www.intoscana.it\/it\/#website\",\"url\":\"https:\/\/www.intoscana.it\/it\/\",\"name\":\"intoscana\",\"description\":\"\",\"potentialAction\":[{\"@type\":\"SearchAction\",\"target\":{\"@type\":\"EntryPoint\",\"urlTemplate\":\"https:\/\/www.intoscana.it\/it\/?s={search_term_string}\"},\"query-input\":{\"@type\":\"PropertyValueSpecification\",\"valueRequired\":true,\"valueName\":\"search_term_string\"}}],\"inLanguage\":\"it-IT\"},{\"@type\":\"Person\",\"@id\":\"https:\/\/www.intoscana.it\/it\/#\/schema\/person\/d469f35f09739bdf00bf5dd3f0647a82\",\"name\":\"Costanza Baldini\",\"url\":\"https:\/\/www.intoscana.it\/it\/author\/costanza-baldini\/\"}]}<\/script>\n<!-- \/ Yoast SEO Premium plugin. -->","yoast_head_json":{"title":"Torna Bibbona Folk con Rondelli, i Matti delle Giuncaie, Finaz e i Radio Lausberg - intoscana","description":"Domenica 28 aprile dalle ore 18, in piazza del Forte a Marina di Bibbona una serata di musica a ingresso libero","robots":{"index":"index","follow":"follow","max-snippet":"max-snippet:-1","max-image-preview":"max-image-preview:large","max-video-preview":"max-video-preview:-1"},"canonical":"https:\/\/www.intoscana.it\/it\/torna-bibbona-folk-con-rondelli-i-matti-delle-giuncaie-finaz-e-i-radio-lausberg\/","og_locale":"it_IT","og_type":"article","og_title":"Torna Bibbona Folk con Rondelli, i Matti delle Giuncaie, Finaz e i Radio Lausberg","og_description":"Domenica 28 aprile dalle ore 18, in piazza del Forte a Marina di Bibbona una serata di musica a ingresso libero","og_url":"https:\/\/www.intoscana.it\/it\/torna-bibbona-folk-con-rondelli-i-matti-delle-giuncaie-finaz-e-i-radio-lausberg\/","og_site_name":"intoscana","article_publisher":"https:\/\/www.facebook.com\/intoscana.it","article_published_time":"2024-04-26T12:07:27+00:00","article_modified_time":"2024-04-26T12:23:18+00:00","og_image":[{"width":2025,"height":1350,"url":"https:\/\/www.intoscana.it\/wp-content\/uploads\/Bobo-Rondelli_.jpg","type":"image\/jpeg"}],"author":"Costanza Baldini","twitter_card":"summary_large_image","twitter_creator":"@intoscana","twitter_site":"@intoscana","twitter_misc":{"Written by":"Costanza Baldini","Est. reading time":"3 minuti"},"schema":{"@context":"https:\/\/schema.org","@graph":[{"@type":"WebPage","@id":"https:\/\/www.intoscana.it\/it\/torna-bibbona-folk-con-rondelli-i-matti-delle-giuncaie-finaz-e-i-radio-lausberg\/","url":"https:\/\/www.intoscana.it\/it\/torna-bibbona-folk-con-rondelli-i-matti-delle-giuncaie-finaz-e-i-radio-lausberg\/","name":"Torna Bibbona Folk con Rondelli, i Matti delle Giuncaie, Finaz e i Radio Lausberg - intoscana","isPartOf":{"@id":"https:\/\/www.intoscana.it\/it\/#website"},"primaryImageOfPage":{"@id":"https:\/\/www.intoscana.it\/it\/torna-bibbona-folk-con-rondelli-i-matti-delle-giuncaie-finaz-e-i-radio-lausberg\/#primaryimage"},"image":{"@id":"https:\/\/www.intoscana.it\/it\/torna-bibbona-folk-con-rondelli-i-matti-delle-giuncaie-finaz-e-i-radio-lausberg\/#primaryimage"},"thumbnailUrl":"https:\/\/www.intoscana.it\/wp-content\/uploads\/Bobo-Rondelli_.jpg","datePublished":"2024-04-26T12:07:27+00:00","dateModified":"2024-04-26T12:23:18+00:00","author":{"@id":"https:\/\/www.intoscana.it\/it\/#\/schema\/person\/d469f35f09739bdf00bf5dd3f0647a82"},"description":"Domenica 28 aprile dalle ore 18, in piazza del Forte a Marina di Bibbona una serata di musica a ingresso libero","breadcrumb":{"@id":"https:\/\/www.intoscana.it\/it\/torna-bibbona-folk-con-rondelli-i-matti-delle-giuncaie-finaz-e-i-radio-lausberg\/#breadcrumb"},"inLanguage":"it-IT","potentialAction":[{"@type":"ReadAction","target":["https:\/\/www.intoscana.it\/it\/torna-bibbona-folk-con-rondelli-i-matti-delle-giuncaie-finaz-e-i-radio-lausberg\/"]}]},{"@type":"ImageObject","inLanguage":"it-IT","@id":"https:\/\/www.intoscana.it\/it\/torna-bibbona-folk-con-rondelli-i-matti-delle-giuncaie-finaz-e-i-radio-lausberg\/#primaryimage","url":"https:\/\/www.intoscana.it\/wp-content\/uploads\/Bobo-Rondelli_.jpg","contentUrl":"https:\/\/www.intoscana.it\/wp-content\/uploads\/Bobo-Rondelli_.jpg","width":2025,"height":1350,"caption":"Bobo Rondelli"},{"@type":"BreadcrumbList","@id":"https:\/\/www.intoscana.it\/it\/torna-bibbona-folk-con-rondelli-i-matti-delle-giuncaie-finaz-e-i-radio-lausberg\/#breadcrumb","itemListElement":[{"@type":"ListItem","position":1,"name":"Home","item":"https:\/\/www.intoscana.it\/it\/"},{"@type":"ListItem","position":2,"name":"Torna Bibbona Folk con Rondelli, i Matti delle Giuncaie, Finaz e i Radio Lausberg"}]},{"@type":"WebSite","@id":"https:\/\/www.intoscana.it\/it\/#website","url":"https:\/\/www.intoscana.it\/it\/","name":"intoscana","description":"","potentialAction":[{"@type":"SearchAction","target":{"@type":"EntryPoint","urlTemplate":"https:\/\/www.intoscana.it\/it\/?s={search_term_string}"},"query-input":{"@type":"PropertyValueSpecification","valueRequired":true,"valueName":"search_term_string"}}],"inLanguage":"it-IT"},{"@type":"Person","@id":"https:\/\/www.intoscana.it\/it\/#\/schema\/person\/d469f35f09739bdf00bf5dd3f0647a82","name":"Costanza Baldini","url":"https:\/\/www.intoscana.it\/it\/author\/costanza-baldini\/"}]}},"_links":{"self":[{"href":"https:\/\/www.intoscana.it\/it\/wp-json\/wp\/v2\/posts\/337730","targetHints":{"allow":["GET"]}}],"collection":[{"href":"https:\/\/www.intoscana.it\/it\/wp-json\/wp\/v2\/posts"}],"about":[{"href":"https:\/\/www.intoscana.it\/it\/wp-json\/wp\/v2\/types\/post"}],"author":[{"embeddable":true,"href":"https:\/\/www.intoscana.it\/it\/wp-json\/wp\/v2\/users\/518"}],"replies":[{"embeddable":true,"href":"https:\/\/www.intoscana.it\/it\/wp-json\/wp\/v2\/comments?post=337730"}],"version-history":[{"count":5,"href":"https:\/\/www.intoscana.it\/it\/wp-json\/wp\/v2\/posts\/337730\/revisions"}],"predecessor-version":[{"id":337735,"href":"https:\/\/www.intoscana.it\/it\/wp-json\/wp\/v2\/posts\/337730\/revisions\/337735"}],"wp:featuredmedia":[{"embeddable":true,"href":"https:\/\/www.intoscana.it\/it\/wp-json\/wp\/v2\/media\/275404"}],"wp:attachment":[{"href":"https:\/\/www.intoscana.it\/it\/wp-json\/wp\/v2\/media?parent=337730"}],"wp:term":[{"taxonomy":"category","embeddable":true,"href":"https:\/\/www.intoscana.it\/it\/wp-json\/wp\/v2\/categories?post=337730"},{"taxonomy":"post_tag","embeddable":true,"href":"https:\/\/www.intoscana.it\/it\/wp-json\/wp\/v2\/tags?post=337730"}],"curies":[{"name":"wp","href":"https:\/\/api.w.org\/{rel}","templated":true}]}}