{"id":338057,"date":"2024-05-03T16:04:45","date_gmt":"2024-05-03T14:04:45","guid":{"rendered":"https:\/\/www.intoscana.it\/it\/?p=338057"},"modified":"2024-05-03T16:04:45","modified_gmt":"2024-05-03T14:04:45","slug":"il-terroir-nel-piatto-pasta-tirrena-alla-conquista-dei-mercati","status":"publish","type":"post","link":"https:\/\/www.intoscana.it\/it\/il-terroir-nel-piatto-pasta-tirrena-alla-conquista-dei-mercati\/","title":{"rendered":"Il terroir nel piatto, pasta Tirrena alla conquista dei mercati"},"content":{"rendered":"<p>Una serata per celebrare la <strong>pasta Made in Tuscany<\/strong>. Tirrena, nuova sfida imprenditoriale della <strong>famiglia Frescobaldi<\/strong>, ha conquistato la scena nella cena evento organizzata al <strong>Teatro del Sale<\/strong>. Dal lancio avvenuto due anni fa in occasione di Taste il prodotto di casa Frescobaldi ha puntato sul mercato italiano e in particolare su circa <mark>300 tra gastronomie, botteghe e negozi gourmet<\/mark>.<\/p>\n<p>La pasta sta investendo inoltre sulla ristorazione e la serata evento al <strong>Teatro del Sale<\/strong> ha dimostrato qualit\u00e0 e versatilit\u00e0 del prodotto declinato dall&#8217;antipasto al dolce. <strong>Giulio Picchi<\/strong>, con l\u2019executive chef del Gruppo Cibr\u00e8o <strong>Oscar Severini<\/strong>, il resident chef del Teatro del Sale \u00e8 <strong>Vasileios Altalikis<\/strong> e lo staff di cucina hanno proposto un menu declinato sui diversi formati di questa pasta che sa esprimere al meglio il rapporto col territorio.<\/p>\n<figure id=\"post-338785 media-338785\" class=\"align-none\"><img decoding=\"async\" src=\"https:\/\/www.intoscana.it\/wp-content\/uploads\/Eleonora-Riso-e-Giulio-Picchi-al-Teatro-del-Sale-scaled.jpg\" alt=\"\" \/><\/figure>\n<div class=\"titleimg\">Eleonora Riso e Giulio Picchi al Teatro del Sale &#8211; \u00a9 Raffaella Galamini<\/div>\n<p>Al finestrone del locale, cos\u00ec caro a <strong>Fabio Picchi<\/strong>, si \u00e8 affacciata anche <strong>Eleonora Riso<\/strong>, vincitrice dell&#8217;ultima edizione di <strong>MasterChef<\/strong>. La giovane livornese ha lavorato per molti anni nello staff del Cibr\u00e8o e nei locali del gruppo si sente davvero a casa.<\/p>\n<p>Molti dei piatti proposti nella serata appartenevano al <strong>ricettario di Fabio Picchi<\/strong>, altri sono grandi classici: dai tortiglioni alla genovese alle casarecce al forno, solo per citarne alcuni. A fare da contraltare i vini di casa Frescobaldi. Insomma un matrimonio in tavola che funziona e fa ben sperare per il futuro del brand.<\/p>\n<figure id=\"post-338786 media-338786\" class=\"align-none\"><img decoding=\"async\" src=\"https:\/\/www.intoscana.it\/wp-content\/uploads\/La-serata-di-pasta-Tirrena-al-Teatro-del-Sale-scaled.jpg\" alt=\"\" \/><\/figure>\n<div class=\"titleimg\">La serata di pasta Tirrena al Teatro del Sale &#8211; \u00a9 Raffaella Galamini<\/div>\n<h3>Il progetto Tirrena e tenuta Castiglioni<\/h3>\n<p>Ma come nasce l&#8217;idea di <strong>pasta Tirrena<\/strong> e perch\u00e9 il &#8220;<em>terroir<\/em>&#8221; cos\u00ec spesso protagonista nel bicchiere, conta pure nel piatto? I valori in cui si riconosce la <strong>produzione vinicola<\/strong> della celebre casata fiorentina oggi appartengono pure al mondo della pasta.<\/p>\n<p>Tirrena nasce nella <strong>tenuta Castiglioni<\/strong>, la pi\u00f9 antica e storica delle propriet\u00e0 di Frescobaldi. Non importa il formato, il territorio si esprime attraverso i grani antichi di variet\u00e0 Cappelli, Khorasan ed Evoldur.<\/p>\n<p><em>\u201cAbbiamo sempre coltivato grano nella Tenuta Castiglioni. Montespertoli fin dall&#8217;antichit\u00e0 \u00e8 sempre stato conosciuto come il granaio di Firenze. Dopo l&#8217;esperienza dell&#8217;olio Laudemio abbiamo deciso di dedicarci alla produzione di pasta di alta qualit\u00e0 anche alla luce della grande espansione che il settore dell\u2019alta gastronomia ha avuto&#8221; <\/em>spiega <strong>Matteo Frescobaldi<\/strong>, brand manager di Laudemio e marketing manager di Tirrena.<\/p>\n<figure id=\"post-338787 media-338787\" class=\"align-none\"><img decoding=\"async\" src=\"https:\/\/www.intoscana.it\/wp-content\/uploads\/Matteo-Frescobaldi-e-Giulio-Picchi-scaled-e1714744951903.jpg\" alt=\"\" \/><\/figure>\n<div class=\"titleimg\">Matteo Frescobaldi e Giulio Picchi<\/div>\n<h3>Una pasta Made in Tuscany al 100%<\/h3>\n<p>La scelta di produrre pasta di alta qualit\u00e0 con il grano della<strong> Tenuta Castiglioni<\/strong> nella realt\u00e0 agricola della Val di Pesa \u00e8 al centro del nuovo progetto. &#8220;<em>Il grano viene raccolto e poi inviato al mulino Borgioli a Calenzano e dopo la molitura passa al pastificio artigiano Fabbri a Strada in Chianti. Siamo di fronte a una filiera davvero molto corta, sono 20 pi\u00f9 o meno i chilometri di distanza, ma si punta soprattutto a valorizzare le eccellenze locali&#8221;<\/em> sottolinea Matteo Frescobaldi.<\/p>\n<p>Un prodotto, espressione del territorio, che sempre pi\u00f9 \u00e8 destinato a conquistare i gourmet di tutto il mondo. Tra gli appuntamenti, a livello internazionale, il pi\u00f9 atteso \u00e8 il <strong>Summer Fancy Food Show<\/strong> il prossimo mese a New York: vero e proprio trampolino di lancio per la conquista dei mercati esteri.<\/p>\n","protected":false},"excerpt":{"rendered":"<p>Le specialit\u00e0 semi-integrali di casa Frescobaldi presentate al Teatro del Sale nell&#8217;attesa del Summer Fancy Food Show in programma a New York<\/p>\n","protected":false},"author":554,"featured_media":338765,"comment_status":"open","ping_status":"open","sticky":false,"template":"","format":"standard","meta":{"_acf_changed":false,"footnotes":""},"categories":[8],"tags":[2699,5022],"class_list":["post-338057","post","type-post","status-publish","format-standard","has-post-thumbnail","hentry","category-enogastronomia","tag-pasta","tag-ristoranti"],"acf":[],"yoast_head":"<!-- This site is optimized with the Yoast SEO Premium plugin v24.2 (Yoast SEO v25.6) - https:\/\/yoast.com\/wordpress\/plugins\/seo\/ -->\n<title>Il terroir nel piatto, pasta Tirrena alla conquista dei mercati - intoscana<\/title>\n<meta name=\"description\" content=\"Le specialit\u00e0 semi-integrali di casa Frescobaldi presentate al Teatro del Sale nell&#039;attesa della fiera di riferimento a New York\" \/>\n<meta name=\"robots\" content=\"index, follow, max-snippet:-1, max-image-preview:large, max-video-preview:-1\" \/>\n<link rel=\"canonical\" href=\"https:\/\/www.intoscana.it\/it\/il-terroir-nel-piatto-pasta-tirrena-alla-conquista-dei-mercati\/\" \/>\n<meta property=\"og:locale\" content=\"it_IT\" \/>\n<meta property=\"og:type\" content=\"article\" \/>\n<meta property=\"og:title\" content=\"Il terroir nel piatto, pasta Tirrena alla conquista dei mercati\" \/>\n<meta property=\"og:description\" content=\"Le specialit\u00e0 semi-integrali di casa Frescobaldi presentate al Teatro del Sale nell&#039;attesa della fiera di riferimento a New York\" \/>\n<meta property=\"og:url\" content=\"https:\/\/www.intoscana.it\/it\/il-terroir-nel-piatto-pasta-tirrena-alla-conquista-dei-mercati\/\" \/>\n<meta property=\"og:site_name\" content=\"intoscana\" \/>\n<meta property=\"article:publisher\" content=\"https:\/\/www.facebook.com\/intoscana.it\" \/>\n<meta property=\"article:published_time\" content=\"2024-05-03T14:04:45+00:00\" \/>\n<meta property=\"og:image\" content=\"https:\/\/www.intoscana.it\/wp-content\/uploads\/tirrena_packmisti-scaled.jpg\" \/>\n\t<meta property=\"og:image:width\" content=\"1991\" \/>\n\t<meta property=\"og:image:height\" content=\"2048\" \/>\n\t<meta property=\"og:image:type\" content=\"image\/jpeg\" \/>\n<meta name=\"author\" content=\"Raffaella Galamini\" \/>\n<meta name=\"twitter:card\" content=\"summary_large_image\" \/>\n<meta name=\"twitter:creator\" content=\"@orio\" \/>\n<meta name=\"twitter:site\" content=\"@intoscana\" \/>\n<meta name=\"twitter:label1\" content=\"Written by\" \/>\n\t<meta name=\"twitter:data1\" content=\"Raffaella Galamini\" \/>\n\t<meta name=\"twitter:label2\" content=\"Est. reading time\" \/>\n\t<meta name=\"twitter:data2\" content=\"4 minuti\" \/>\n<script type=\"application\/ld+json\" class=\"yoast-schema-graph\">{\"@context\":\"https:\/\/schema.org\",\"@graph\":[{\"@type\":\"WebPage\",\"@id\":\"https:\/\/www.intoscana.it\/it\/il-terroir-nel-piatto-pasta-tirrena-alla-conquista-dei-mercati\/\",\"url\":\"https:\/\/www.intoscana.it\/it\/il-terroir-nel-piatto-pasta-tirrena-alla-conquista-dei-mercati\/\",\"name\":\"Il terroir nel piatto, pasta Tirrena alla conquista dei mercati - intoscana\",\"isPartOf\":{\"@id\":\"https:\/\/www.intoscana.it\/it\/#website\"},\"primaryImageOfPage\":{\"@id\":\"https:\/\/www.intoscana.it\/it\/il-terroir-nel-piatto-pasta-tirrena-alla-conquista-dei-mercati\/#primaryimage\"},\"image\":{\"@id\":\"https:\/\/www.intoscana.it\/it\/il-terroir-nel-piatto-pasta-tirrena-alla-conquista-dei-mercati\/#primaryimage\"},\"thumbnailUrl\":\"https:\/\/www.intoscana.it\/wp-content\/uploads\/tirrena_packmisti-scaled.jpg\",\"datePublished\":\"2024-05-03T14:04:45+00:00\",\"author\":{\"@id\":\"https:\/\/www.intoscana.it\/it\/#\/schema\/person\/9eb9daa846a49fe51af39a73d9d1986b\"},\"description\":\"Le specialit\u00e0 semi-integrali di casa Frescobaldi presentate al Teatro del Sale nell'attesa della fiera di riferimento a New York\",\"breadcrumb\":{\"@id\":\"https:\/\/www.intoscana.it\/it\/il-terroir-nel-piatto-pasta-tirrena-alla-conquista-dei-mercati\/#breadcrumb\"},\"inLanguage\":\"it-IT\",\"potentialAction\":[{\"@type\":\"ReadAction\",\"target\":[\"https:\/\/www.intoscana.it\/it\/il-terroir-nel-piatto-pasta-tirrena-alla-conquista-dei-mercati\/\"]}]},{\"@type\":\"ImageObject\",\"inLanguage\":\"it-IT\",\"@id\":\"https:\/\/www.intoscana.it\/it\/il-terroir-nel-piatto-pasta-tirrena-alla-conquista-dei-mercati\/#primaryimage\",\"url\":\"https:\/\/www.intoscana.it\/wp-content\/uploads\/tirrena_packmisti-scaled.jpg\",\"contentUrl\":\"https:\/\/www.intoscana.it\/wp-content\/uploads\/tirrena_packmisti-scaled.jpg\",\"width\":1991,\"height\":2048},{\"@type\":\"BreadcrumbList\",\"@id\":\"https:\/\/www.intoscana.it\/it\/il-terroir-nel-piatto-pasta-tirrena-alla-conquista-dei-mercati\/#breadcrumb\",\"itemListElement\":[{\"@type\":\"ListItem\",\"position\":1,\"name\":\"Home\",\"item\":\"https:\/\/www.intoscana.it\/it\/\"},{\"@type\":\"ListItem\",\"position\":2,\"name\":\"Il terroir nel piatto, pasta Tirrena alla conquista dei mercati\"}]},{\"@type\":\"WebSite\",\"@id\":\"https:\/\/www.intoscana.it\/it\/#website\",\"url\":\"https:\/\/www.intoscana.it\/it\/\",\"name\":\"intoscana\",\"description\":\"\",\"potentialAction\":[{\"@type\":\"SearchAction\",\"target\":{\"@type\":\"EntryPoint\",\"urlTemplate\":\"https:\/\/www.intoscana.it\/it\/?s={search_term_string}\"},\"query-input\":{\"@type\":\"PropertyValueSpecification\",\"valueRequired\":true,\"valueName\":\"search_term_string\"}}],\"inLanguage\":\"it-IT\"},{\"@type\":\"Person\",\"@id\":\"https:\/\/www.intoscana.it\/it\/#\/schema\/person\/9eb9daa846a49fe51af39a73d9d1986b\",\"name\":\"Raffaella Galamini\",\"sameAs\":[\"https:\/\/x.com\/orio\"],\"url\":\"https:\/\/www.intoscana.it\/it\/author\/r-galamini\/\"}]}<\/script>\n<!-- \/ Yoast SEO Premium plugin. -->","yoast_head_json":{"title":"Il terroir nel piatto, pasta Tirrena alla conquista dei mercati - intoscana","description":"Le specialit\u00e0 semi-integrali di casa Frescobaldi presentate al Teatro del Sale nell'attesa della fiera di riferimento a New York","robots":{"index":"index","follow":"follow","max-snippet":"max-snippet:-1","max-image-preview":"max-image-preview:large","max-video-preview":"max-video-preview:-1"},"canonical":"https:\/\/www.intoscana.it\/it\/il-terroir-nel-piatto-pasta-tirrena-alla-conquista-dei-mercati\/","og_locale":"it_IT","og_type":"article","og_title":"Il terroir nel piatto, pasta Tirrena alla conquista dei mercati","og_description":"Le specialit\u00e0 semi-integrali di casa Frescobaldi presentate al Teatro del Sale nell'attesa della fiera di riferimento a New York","og_url":"https:\/\/www.intoscana.it\/it\/il-terroir-nel-piatto-pasta-tirrena-alla-conquista-dei-mercati\/","og_site_name":"intoscana","article_publisher":"https:\/\/www.facebook.com\/intoscana.it","article_published_time":"2024-05-03T14:04:45+00:00","og_image":[{"width":1991,"height":2048,"url":"https:\/\/www.intoscana.it\/wp-content\/uploads\/tirrena_packmisti-scaled.jpg","type":"image\/jpeg"}],"author":"Raffaella Galamini","twitter_card":"summary_large_image","twitter_creator":"@orio","twitter_site":"@intoscana","twitter_misc":{"Written by":"Raffaella Galamini","Est. reading time":"4 minuti"},"schema":{"@context":"https:\/\/schema.org","@graph":[{"@type":"WebPage","@id":"https:\/\/www.intoscana.it\/it\/il-terroir-nel-piatto-pasta-tirrena-alla-conquista-dei-mercati\/","url":"https:\/\/www.intoscana.it\/it\/il-terroir-nel-piatto-pasta-tirrena-alla-conquista-dei-mercati\/","name":"Il terroir nel piatto, pasta Tirrena alla conquista dei mercati - intoscana","isPartOf":{"@id":"https:\/\/www.intoscana.it\/it\/#website"},"primaryImageOfPage":{"@id":"https:\/\/www.intoscana.it\/it\/il-terroir-nel-piatto-pasta-tirrena-alla-conquista-dei-mercati\/#primaryimage"},"image":{"@id":"https:\/\/www.intoscana.it\/it\/il-terroir-nel-piatto-pasta-tirrena-alla-conquista-dei-mercati\/#primaryimage"},"thumbnailUrl":"https:\/\/www.intoscana.it\/wp-content\/uploads\/tirrena_packmisti-scaled.jpg","datePublished":"2024-05-03T14:04:45+00:00","author":{"@id":"https:\/\/www.intoscana.it\/it\/#\/schema\/person\/9eb9daa846a49fe51af39a73d9d1986b"},"description":"Le specialit\u00e0 semi-integrali di casa Frescobaldi presentate al Teatro del Sale nell'attesa della fiera di riferimento a New York","breadcrumb":{"@id":"https:\/\/www.intoscana.it\/it\/il-terroir-nel-piatto-pasta-tirrena-alla-conquista-dei-mercati\/#breadcrumb"},"inLanguage":"it-IT","potentialAction":[{"@type":"ReadAction","target":["https:\/\/www.intoscana.it\/it\/il-terroir-nel-piatto-pasta-tirrena-alla-conquista-dei-mercati\/"]}]},{"@type":"ImageObject","inLanguage":"it-IT","@id":"https:\/\/www.intoscana.it\/it\/il-terroir-nel-piatto-pasta-tirrena-alla-conquista-dei-mercati\/#primaryimage","url":"https:\/\/www.intoscana.it\/wp-content\/uploads\/tirrena_packmisti-scaled.jpg","contentUrl":"https:\/\/www.intoscana.it\/wp-content\/uploads\/tirrena_packmisti-scaled.jpg","width":1991,"height":2048},{"@type":"BreadcrumbList","@id":"https:\/\/www.intoscana.it\/it\/il-terroir-nel-piatto-pasta-tirrena-alla-conquista-dei-mercati\/#breadcrumb","itemListElement":[{"@type":"ListItem","position":1,"name":"Home","item":"https:\/\/www.intoscana.it\/it\/"},{"@type":"ListItem","position":2,"name":"Il terroir nel piatto, pasta Tirrena alla conquista dei mercati"}]},{"@type":"WebSite","@id":"https:\/\/www.intoscana.it\/it\/#website","url":"https:\/\/www.intoscana.it\/it\/","name":"intoscana","description":"","potentialAction":[{"@type":"SearchAction","target":{"@type":"EntryPoint","urlTemplate":"https:\/\/www.intoscana.it\/it\/?s={search_term_string}"},"query-input":{"@type":"PropertyValueSpecification","valueRequired":true,"valueName":"search_term_string"}}],"inLanguage":"it-IT"},{"@type":"Person","@id":"https:\/\/www.intoscana.it\/it\/#\/schema\/person\/9eb9daa846a49fe51af39a73d9d1986b","name":"Raffaella Galamini","sameAs":["https:\/\/x.com\/orio"],"url":"https:\/\/www.intoscana.it\/it\/author\/r-galamini\/"}]}},"_links":{"self":[{"href":"https:\/\/www.intoscana.it\/it\/wp-json\/wp\/v2\/posts\/338057","targetHints":{"allow":["GET"]}}],"collection":[{"href":"https:\/\/www.intoscana.it\/it\/wp-json\/wp\/v2\/posts"}],"about":[{"href":"https:\/\/www.intoscana.it\/it\/wp-json\/wp\/v2\/types\/post"}],"author":[{"embeddable":true,"href":"https:\/\/www.intoscana.it\/it\/wp-json\/wp\/v2\/users\/554"}],"replies":[{"embeddable":true,"href":"https:\/\/www.intoscana.it\/it\/wp-json\/wp\/v2\/comments?post=338057"}],"version-history":[{"count":9,"href":"https:\/\/www.intoscana.it\/it\/wp-json\/wp\/v2\/posts\/338057\/revisions"}],"predecessor-version":[{"id":338788,"href":"https:\/\/www.intoscana.it\/it\/wp-json\/wp\/v2\/posts\/338057\/revisions\/338788"}],"wp:featuredmedia":[{"embeddable":true,"href":"https:\/\/www.intoscana.it\/it\/wp-json\/wp\/v2\/media\/338765"}],"wp:attachment":[{"href":"https:\/\/www.intoscana.it\/it\/wp-json\/wp\/v2\/media?parent=338057"}],"wp:term":[{"taxonomy":"category","embeddable":true,"href":"https:\/\/www.intoscana.it\/it\/wp-json\/wp\/v2\/categories?post=338057"},{"taxonomy":"post_tag","embeddable":true,"href":"https:\/\/www.intoscana.it\/it\/wp-json\/wp\/v2\/tags?post=338057"}],"curies":[{"name":"wp","href":"https:\/\/api.w.org\/{rel}","templated":true}]}}