{"id":338101,"date":"2024-04-30T10:22:39","date_gmt":"2024-04-30T08:22:39","guid":{"rendered":"https:\/\/www.intoscana.it\/it\/?p=338101"},"modified":"2024-04-30T17:51:51","modified_gmt":"2024-04-30T15:51:51","slug":"stefano-nazzi-true-crime-intervista-firenze-tour","status":"publish","type":"post","link":"https:\/\/www.intoscana.it\/it\/stefano-nazzi-true-crime-intervista-firenze-tour\/","title":{"rendered":"Stefano Nazzi il &#8220;Re&#8221; del true crime a Firenze: &#8220;Racconto la cronaca nera senza forzare le emozioni&#8221;"},"content":{"rendered":"<p><strong>Ogni primo giorno del mese<\/strong> milioni di italiani e italiane si alzano con un solo pensiero in testa: <strong>mettersi gli auricolari,<\/strong> cercare il <a href=\"https:\/\/open.spotify.com\/show\/4I2H2YHJQnGO4Aynrw1ToZ?si=4accf37d76bb43fd\" target=\"_blank\" rel=\"noopener\"><strong>podcast<\/strong> &#8220;<strong>Indagini<\/strong>&#8220;<\/a> e premere<strong> &#8220;PLAY&#8221;.<\/strong><\/p>\n<p><strong>L&#8217;autore \u00e8 <\/strong>il giornalista e scrittore <strong>Stefano Nazzi <\/strong>che si \u00e8 sempre occupato di <strong>cronaca nera e cronaca giudiziaria<\/strong>, seguendo i casi pi\u00f9 conosciuti e di maggiore risonanza, ma anche vicende meno note.<\/p>\n<p>Per Mondadori ha pubblicato <strong><em>Il volto del male<\/em><\/strong> (2023) e il 7 maggio uscir\u00e0 con il nuovo libro <strong><em>Canti di Guerra. Conflitti, vendette, amori nella Milano degli anni Settanta.<\/em><\/strong><\/p>\n<p>Adesso il<strong> podcast &#8220;Indagini&#8221;, <\/strong>uno dei pi\u00f9 amati e seguiti in Italia,\u00a0\u00e8 diventato uno <strong>spettacolo teatrale,<\/strong> per cui sono stati gi\u00e0 venduti <strong>oltre 28mia biglietti,<\/strong> in cui Nazzi racconta uno dei casi di cronaca nera che pi\u00f9 ha segnato il nostro paese: il <a href=\"https:\/\/it.wikipedia.org\/wiki\/Massacro_del_Circeo\" target=\"_blank\" rel=\"noopener\"><strong>massacro del Circeo<\/strong><\/a>, consumatosi tra <strong>il 29 e il 30 settembre 1975,<\/strong> e sar\u00e0<strong> a Firenze venerd\u00ec 3 maggio al teatro Verdi<\/strong> per una serata purtroppo<strong> gi\u00e0 sold-out.<\/strong><\/p>\n<h3>Ecco la nostra intervista a Stefano Nazzi<\/h3>\n<p><strong>Che emozione sentire la voce di Stefano Nazzi! Il podcast <em>&#8220;Indagini&#8221;<\/em> \u00e8 un grandissimo successo, io credo che dipenda non solo dalla cura con cui vengono esposti i fatti, ma soprattutto dalla scelta di non cercare mai il facile sensazionalismo, il facile scandalo, il &#8216;clic&#8217;, omettere descrizioni cruente, rispettare la privacy. Si potrebbe dire che andare contro-tendenza, rispetto a un certo tipo di giornalismo, per una volta paga<\/strong><\/p>\n<p>Si, ovviamente non sono il solo a fare podcast di questo genere. Ma quello che volevamo fare era appunto<strong> raccontare la cronaca spogliandola di tutti i sensazionalismi,<\/strong> la spettacolarizzazione, le cose che non c&#8217;entrano nulla, <strong>le derive pi\u00f9 morbose.<\/strong> Abbiamo cercato di riportare tutto all&#8217;essenza dei fatti.<p><span class=\"citazione\">Dire dove ed esattamente in che epoca \u00e8 avvenuto un fatto \u00e8 fondamentale, ti toglie dalla corsa alla titolazione che cerca sempre il <strong><em>&#8220;mostro&#8221;,<\/em><\/strong> che usa frasi fatte, luoghi comuni<\/span><\/p><\/p>\n<p><strong>Anche la scelta di intitolare ogni puntata con una data e un luogo, \u00e8 geniale<\/strong><\/p>\n<p>Non so se \u00e8 geniale per\u00f2 secondo me il contesto \u00e8 sempre importante.<strong> Dire dove ed esattamente in che epoca \u00e8 avvenuto un fatto \u00e8 fondamentale, ti toglie dalla corsa alla titolazione<\/strong> che cerca sempre il &#8220;Mostro&#8221;, che usa frasi fatte, luoghi comuni e riporta all&#8217;essenza delle cose come se fosse una sorta di <strong>&#8220;verbale di polizia&#8221;.<\/strong><\/p>\n<p><strong>Come ti documenti, quali sono le tue fonti principali quando lavori a una puntata del podcast?<\/strong><\/p>\n<p>Le fonti primarie sono sempre gli atti processuali.<strong> Io cerco di partire sempre, quando \u00e8 possibile, dalle motivazioni di una sentenza,<\/strong> cio\u00e8 dalla spiegazione che viene data dalla Corte e dai giudici del perch\u00e9 sono arrivati a una determinata decisione e qual \u00e8 stato il percorso che ha portato fino a l\u00ec.<\/p>\n<p><strong>Sei sempre super obiettivo nel raccontare quello che \u00e8 accaduto, ma devo dire che a volte, tra le righe, si capisce cosa ne pensi, emerge la tua opinione\u00a0<\/strong><\/p>\n<p>(Ride) Le mie opinioni le ho anch&#8217;io.<strong> Io cerco di raccontare le cose senza mai forzare nulla<\/strong>, facendo in modo che ognuno si faccia la sua idea su quella storia<strong> senza forzare le emozioni,<\/strong> cosa che invece spesso viene fatta, senza che ce ne sia bisogno. Certo \u00e8 che <strong>ci sono aspetti di alcune vicende in cui l&#8217;emozione viene fuori anche se si cerca di non farla trasparire.\u00a0<\/strong><\/p>\n<figure id=\"post-338102 media-338102\" class=\"align-none\"><img decoding=\"async\" src=\"https:\/\/www.intoscana.it\/wp-content\/uploads\/NAZZI_TAM_70x100cm_Tour.jpg\" alt=\"\" \/><\/figure>\n<p><em>Stefano Nazzi<\/em><\/p>\n<p><strong>Come mai i casi di cronaca nera attirano cos\u00ec tanto il pubblico? \u00c8 pi\u00f9 il desiderio di pensare &#8220;io non sono cos\u00ec, questa cosa non mi riguarda&#8221;, oppure incuriosisce di pi\u00f9 provare a capire come nasce il male?<\/strong><\/p>\n<p>Sono tanti motivi, un po&#8217; \u00e8 il pensare &#8220;questa cosa avviene vicino a me, ma \u00e8 lontana da me, a me non pu\u00f2 succedere&#8221;, vivere queste cose come una &#8220;<strong>paura controllata&#8221;<\/strong>, <strong>nel tentativo di razionalizzarle<\/strong>. Sicuramente anche<strong> cercare di capire come alcune persone arrivano a fare certe cose. <\/strong><p><span class=\"citazione\">nel 1990 in Italia ci sono stati 1900 omicidi, l&#8217;anno scorso sono stati 314, \u00e8 un calo costante negli anni<\/span><\/p><\/p>\n<p><strong>Ascoltando il podcast mi sono resa conto che gli anni &#8217;70 e &#8217;80 in Italia ci sono stati moltissimi casi di cronaca nera, episodi davvero cruenti ed efferati. Oggi mi sembra che non sia pi\u00f9 cos\u00ec<\/strong><\/p>\n<p>Lo dicono i dati, se <strong>nel 1990 in Italia ci sono stati 1900 omicidi<\/strong>, <strong>l&#8217;anno scorso sono stati 314 ed \u00e8 un calo costante negli anni<\/strong>. Questo per tantissimi motivi, primo tra tutti perch\u00e9<strong> la criminalit\u00e0 organizzata uccide molto meno<\/strong>, c&#8217;\u00e8 molta pi\u00f9 prevenzione. Inoltre <strong>i criminali vengono scoperti molto pi\u00f9 facilmente grazie alle nuove tecnologie e questo fa da deterrente<\/strong>. Per cui sicuramente per i crimini maggiori c&#8217;\u00e8 stato un calo notevole in questi ultimi anni.<\/p>\n<p><strong>Nel tuo podcast hai parlato di tantissimi casi, uno di quelli che mi ha sconvolta di pi\u00f9 \u00e8 la storia di <a href=\"https:\/\/it.wikipedia.org\/wiki\/Caso_Carretta\" target=\"_blank\" rel=\"noopener\">Ferdinando Carretta<\/a> che ha sterminato tutta la famiglia ed \u00e8 scappato all&#8217;estero, dove \u00e8 stato latitante per anni\u00a0<\/strong><\/p>\n<p>Quello \u00e8 stato un caso sconvolgente perch\u00e9 <strong>fu una sorta di &#8220;illusione collettiva&#8221;<\/strong>, per cui si dava per scontato che tutta la famiglia fosse partita. In realt\u00e0 erano stati uccisi tutti. <strong>\u00c8<\/strong> <strong>un caso che rimane impresso per come fu vissuto dai media e dall&#8217;opinione pubblica.<\/strong> Poi ci sono altri casi che mi hanno colpito, ti posso citare il delitto di Leno, <a href=\"https:\/\/www.ilpost.it\/2024\/02\/01\/le-indagini-sullomicidio-di-desiree-piovanelli\/\" target=\"_blank\" rel=\"noopener\"><strong>l&#8217;omicidio di Desir\u00e9e Piovanelli<\/strong><\/a>. Fu uccisa da tre coetanei, tre ragazzini di 16 anni, ma <strong>al delitto partecip\u00f2 anche un adulto di 35 anni.<\/strong> Questa \u00e8 una cosa che non riesco a capire, perch\u00e9 un adulto invece di fare da guida, fermare queste persone, li spinse a commettere l&#8217;omicidio. Sono tutte storie sconvolgenti, ma <strong>ce ne sono alcune che sono pi\u00f9 difficili da accettare.<\/strong><\/p>\n<p><strong>A volte si cerca di &#8220;giustificare&#8221; alcuni killer perch\u00e9 sono persone che hanno subito degli abusi nell&#8217;infanzia, hanno dei traumi profondi, in altri casi \u00e8 pi\u00f9 difficile capire, esiste il male puro?<\/strong><\/p>\n<p>Come mi dice spesso una<strong> bravissima criminologa e docente Isabella Merzagora<\/strong>: <strong>&#8220;non sono tutti matti, ci sono anche quelli cattivi, cattivi e basta&#8221;. <\/strong>E&#8217; una cosa di cui dobbiamo tenere conto.<\/p>\n<p><strong>Ancora non hai affrontato il Mostro di Firenze, \u00e8 un caso molto complicato, ma possiamo sperare di sentirlo su Indagini?<\/strong><\/p>\n<p>Lo far\u00f2,<strong> \u00e8 complicato da sintetizzare, ma \u00e8 una storia da raccontare.<\/strong> Anche perch\u00e9 se<strong> a livello processuale ha avuto una fine<\/strong>, in realt\u00e0 questa fine non c&#8217;\u00e8 e<strong> lascia ancora tantissimi dubbi.<\/strong><\/p>\n<p><strong>Tempo fa parlavo del Mostro con un giornalista e lui mi ha detto &#8220;tutte le parole che sono state scritte non sono servite a nulla&#8221;, perch\u00e9 non si \u00e8 mai scoperto chi fosse davvero e forse mai si scoprir\u00e0 la verit\u00e0<\/strong><\/p>\n<p>Anch&#8217;io penso che la verit\u00e0 non verr\u00e0 mai fuori, forse in parte. \u00c8 una di quelle storie in cui <strong>ci sono state mille interpretazioni, mille ipotesi. Alla fine di concreto cosa resta? Poco.\u00a0<\/strong><\/p>\n<h3>Tutte le date del tour di INDAGINI di Stefano Nazzi<\/h3>\n<p><strong>3 maggio FIRENZE Teatro Verdi SOLD OUT<\/strong><br \/>\n14 maggio TRIESTE Politeama Rossetti ultimi biglietti disponibili<br \/>\n15 maggio PADOVA Gran Teatro Geox ultimi biglietti disponibili<br \/>\n17 maggio TORINO Teatro Colosseo SOLD OUT<br \/>\n18 maggio TORINO Teatro Colosseo SOLD OUT<br \/>\n20 maggio GENOVA Politeama Genovese SOLD OUT<br \/>\n23 maggio BOLOGNA Teatro Manzoni SOLD OUT<br \/>\n24 maggio BOLOGNA Teatro Manzoni SOLD OUT<br \/>\n2 ottobre ROMA Teatro Olimpico ultimi biglietti disponibili<br \/>\n4 ottobre MILANO TAM &#8211; Teatro Arcimboldi Milano SOLD OUT<br \/>\n5 ottobre MILANO TAM &#8211; Teatro Arcimboldi Milano ultimi biglietti disponibili<br \/>\n14 ottobre NAPOLI Teatro Augusteo biglietti disponibili<\/p>\n<figure id=\"post-338119 media-338119\" class=\"align-none\"><img decoding=\"async\" src=\"https:\/\/www.intoscana.it\/wp-content\/uploads\/Stefano-Nazzi_Ph-Jan-P.-Soltan-2-scaled.jpeg\" alt=\"\" \/><\/figure>\n<p>Stefano Nazzi &#8211; \u00a9 Jan P. Soltan<\/p>\n","protected":false},"excerpt":{"rendered":"<p>Il giornalista e scrittore, autore del podcast di successo &#8220;Indagini&#8221; sar\u00e0 a Firenze venerd\u00ec 3 maggio al Teatro Verdi per una serata, purtroppo gi\u00e0 sold-out, in cui racconter\u00e0 il massacro del Circeo<\/p>\n","protected":false},"author":518,"featured_media":338103,"comment_status":"open","ping_status":"open","sticky":false,"template":"","format":"standard","meta":{"_acf_changed":false,"footnotes":""},"categories":[493],"tags":[4474,202,5158,236],"class_list":["post-338101","post","type-post","status-publish","format-standard","has-post-thumbnail","hentry","category-cultura","tag-eventi","tag-firenze","tag-podcast","tag-teatro"],"acf":[],"yoast_head":"<!-- This site is optimized with the Yoast SEO Premium plugin v24.2 (Yoast SEO v25.6) - https:\/\/yoast.com\/wordpress\/plugins\/seo\/ -->\n<title>Stefano Nazzi il &quot;Re&quot; del true crime a Firenze: &quot;Racconto la cronaca nera senza forzare le emozioni&quot; - intoscana<\/title>\n<meta name=\"description\" content=\"Il giornalista e scrittore autore del podcast di successo &quot;INDAGINI&quot; sar\u00e0 a Firenze venerd\u00ec 3 maggio al Teatro Verdi per raccontare il Circeo\" \/>\n<meta name=\"robots\" content=\"index, follow, max-snippet:-1, max-image-preview:large, max-video-preview:-1\" \/>\n<link rel=\"canonical\" href=\"https:\/\/www.intoscana.it\/it\/stefano-nazzi-true-crime-intervista-firenze-tour\/\" \/>\n<meta property=\"og:locale\" content=\"it_IT\" \/>\n<meta property=\"og:type\" content=\"article\" \/>\n<meta property=\"og:title\" content=\"Stefano Nazzi il &quot;Re&quot; del true crime a Firenze: &quot;Racconto la cronaca nera senza forzare le emozioni&quot;\" \/>\n<meta property=\"og:description\" content=\"Il giornalista e scrittore autore del podcast di successo &quot;INDAGINI&quot; sar\u00e0 a Firenze venerd\u00ec 3 maggio al Teatro Verdi per raccontare il Circeo\" \/>\n<meta property=\"og:url\" content=\"https:\/\/www.intoscana.it\/it\/stefano-nazzi-true-crime-intervista-firenze-tour\/\" \/>\n<meta property=\"og:site_name\" content=\"intoscana\" \/>\n<meta property=\"article:publisher\" content=\"https:\/\/www.facebook.com\/intoscana.it\" \/>\n<meta property=\"article:published_time\" content=\"2024-04-30T08:22:39+00:00\" \/>\n<meta property=\"article:modified_time\" content=\"2024-04-30T15:51:51+00:00\" \/>\n<meta property=\"og:image\" content=\"https:\/\/www.intoscana.it\/wp-content\/uploads\/Stefano-Nazzi_Ph-Jan-P.-Soltan-1-scaled-e1714465425481.jpg\" \/>\n\t<meta property=\"og:image:width\" content=\"1873\" \/>\n\t<meta property=\"og:image:height\" content=\"1184\" \/>\n\t<meta property=\"og:image:type\" content=\"image\/jpeg\" \/>\n<meta name=\"author\" content=\"Costanza Baldini\" \/>\n<meta name=\"twitter:card\" content=\"summary_large_image\" \/>\n<meta name=\"twitter:creator\" content=\"@intoscana\" \/>\n<meta name=\"twitter:site\" content=\"@intoscana\" \/>\n<meta name=\"twitter:label1\" content=\"Written by\" \/>\n\t<meta name=\"twitter:data1\" content=\"Costanza Baldini\" \/>\n\t<meta name=\"twitter:label2\" content=\"Est. reading time\" \/>\n\t<meta name=\"twitter:data2\" content=\"8 minuti\" \/>\n<script type=\"application\/ld+json\" class=\"yoast-schema-graph\">{\"@context\":\"https:\/\/schema.org\",\"@graph\":[{\"@type\":\"WebPage\",\"@id\":\"https:\/\/www.intoscana.it\/it\/stefano-nazzi-true-crime-intervista-firenze-tour\/\",\"url\":\"https:\/\/www.intoscana.it\/it\/stefano-nazzi-true-crime-intervista-firenze-tour\/\",\"name\":\"Stefano Nazzi il \\\"Re\\\" del true crime a Firenze: \\\"Racconto la cronaca nera senza forzare le emozioni\\\" - intoscana\",\"isPartOf\":{\"@id\":\"https:\/\/www.intoscana.it\/it\/#website\"},\"primaryImageOfPage\":{\"@id\":\"https:\/\/www.intoscana.it\/it\/stefano-nazzi-true-crime-intervista-firenze-tour\/#primaryimage\"},\"image\":{\"@id\":\"https:\/\/www.intoscana.it\/it\/stefano-nazzi-true-crime-intervista-firenze-tour\/#primaryimage\"},\"thumbnailUrl\":\"https:\/\/www.intoscana.it\/wp-content\/uploads\/Stefano-Nazzi_Ph-Jan-P.-Soltan-1-scaled-e1714465425481.jpg\",\"datePublished\":\"2024-04-30T08:22:39+00:00\",\"dateModified\":\"2024-04-30T15:51:51+00:00\",\"author\":{\"@id\":\"https:\/\/www.intoscana.it\/it\/#\/schema\/person\/d469f35f09739bdf00bf5dd3f0647a82\"},\"description\":\"Il giornalista e scrittore autore del podcast di successo \\\"INDAGINI\\\" sar\u00e0 a Firenze venerd\u00ec 3 maggio al Teatro Verdi per raccontare il Circeo\",\"breadcrumb\":{\"@id\":\"https:\/\/www.intoscana.it\/it\/stefano-nazzi-true-crime-intervista-firenze-tour\/#breadcrumb\"},\"inLanguage\":\"it-IT\",\"potentialAction\":[{\"@type\":\"ReadAction\",\"target\":[\"https:\/\/www.intoscana.it\/it\/stefano-nazzi-true-crime-intervista-firenze-tour\/\"]}]},{\"@type\":\"ImageObject\",\"inLanguage\":\"it-IT\",\"@id\":\"https:\/\/www.intoscana.it\/it\/stefano-nazzi-true-crime-intervista-firenze-tour\/#primaryimage\",\"url\":\"https:\/\/www.intoscana.it\/wp-content\/uploads\/Stefano-Nazzi_Ph-Jan-P.-Soltan-1-scaled-e1714465425481.jpg\",\"contentUrl\":\"https:\/\/www.intoscana.it\/wp-content\/uploads\/Stefano-Nazzi_Ph-Jan-P.-Soltan-1-scaled-e1714465425481.jpg\",\"width\":1873,\"height\":1184,\"caption\":\"Stefano Nazzi\"},{\"@type\":\"BreadcrumbList\",\"@id\":\"https:\/\/www.intoscana.it\/it\/stefano-nazzi-true-crime-intervista-firenze-tour\/#breadcrumb\",\"itemListElement\":[{\"@type\":\"ListItem\",\"position\":1,\"name\":\"Home\",\"item\":\"https:\/\/www.intoscana.it\/it\/\"},{\"@type\":\"ListItem\",\"position\":2,\"name\":\"Stefano Nazzi il &#8220;Re&#8221; del true crime a Firenze: &#8220;Racconto la cronaca nera senza forzare le emozioni&#8221;\"}]},{\"@type\":\"WebSite\",\"@id\":\"https:\/\/www.intoscana.it\/it\/#website\",\"url\":\"https:\/\/www.intoscana.it\/it\/\",\"name\":\"intoscana\",\"description\":\"\",\"potentialAction\":[{\"@type\":\"SearchAction\",\"target\":{\"@type\":\"EntryPoint\",\"urlTemplate\":\"https:\/\/www.intoscana.it\/it\/?s={search_term_string}\"},\"query-input\":{\"@type\":\"PropertyValueSpecification\",\"valueRequired\":true,\"valueName\":\"search_term_string\"}}],\"inLanguage\":\"it-IT\"},{\"@type\":\"Person\",\"@id\":\"https:\/\/www.intoscana.it\/it\/#\/schema\/person\/d469f35f09739bdf00bf5dd3f0647a82\",\"name\":\"Costanza Baldini\",\"url\":\"https:\/\/www.intoscana.it\/it\/author\/costanza-baldini\/\"}]}<\/script>\n<!-- \/ Yoast SEO Premium plugin. -->","yoast_head_json":{"title":"Stefano Nazzi il \"Re\" del true crime a Firenze: \"Racconto la cronaca nera senza forzare le emozioni\" - intoscana","description":"Il giornalista e scrittore autore del podcast di successo \"INDAGINI\" sar\u00e0 a Firenze venerd\u00ec 3 maggio al Teatro Verdi per raccontare il Circeo","robots":{"index":"index","follow":"follow","max-snippet":"max-snippet:-1","max-image-preview":"max-image-preview:large","max-video-preview":"max-video-preview:-1"},"canonical":"https:\/\/www.intoscana.it\/it\/stefano-nazzi-true-crime-intervista-firenze-tour\/","og_locale":"it_IT","og_type":"article","og_title":"Stefano Nazzi il \"Re\" del true crime a Firenze: \"Racconto la cronaca nera senza forzare le emozioni\"","og_description":"Il giornalista e scrittore autore del podcast di successo \"INDAGINI\" sar\u00e0 a Firenze venerd\u00ec 3 maggio al Teatro Verdi per raccontare il Circeo","og_url":"https:\/\/www.intoscana.it\/it\/stefano-nazzi-true-crime-intervista-firenze-tour\/","og_site_name":"intoscana","article_publisher":"https:\/\/www.facebook.com\/intoscana.it","article_published_time":"2024-04-30T08:22:39+00:00","article_modified_time":"2024-04-30T15:51:51+00:00","og_image":[{"width":1873,"height":1184,"url":"https:\/\/www.intoscana.it\/wp-content\/uploads\/Stefano-Nazzi_Ph-Jan-P.-Soltan-1-scaled-e1714465425481.jpg","type":"image\/jpeg"}],"author":"Costanza Baldini","twitter_card":"summary_large_image","twitter_creator":"@intoscana","twitter_site":"@intoscana","twitter_misc":{"Written by":"Costanza Baldini","Est. reading time":"8 minuti"},"schema":{"@context":"https:\/\/schema.org","@graph":[{"@type":"WebPage","@id":"https:\/\/www.intoscana.it\/it\/stefano-nazzi-true-crime-intervista-firenze-tour\/","url":"https:\/\/www.intoscana.it\/it\/stefano-nazzi-true-crime-intervista-firenze-tour\/","name":"Stefano Nazzi il \"Re\" del true crime a Firenze: \"Racconto la cronaca nera senza forzare le emozioni\" - intoscana","isPartOf":{"@id":"https:\/\/www.intoscana.it\/it\/#website"},"primaryImageOfPage":{"@id":"https:\/\/www.intoscana.it\/it\/stefano-nazzi-true-crime-intervista-firenze-tour\/#primaryimage"},"image":{"@id":"https:\/\/www.intoscana.it\/it\/stefano-nazzi-true-crime-intervista-firenze-tour\/#primaryimage"},"thumbnailUrl":"https:\/\/www.intoscana.it\/wp-content\/uploads\/Stefano-Nazzi_Ph-Jan-P.-Soltan-1-scaled-e1714465425481.jpg","datePublished":"2024-04-30T08:22:39+00:00","dateModified":"2024-04-30T15:51:51+00:00","author":{"@id":"https:\/\/www.intoscana.it\/it\/#\/schema\/person\/d469f35f09739bdf00bf5dd3f0647a82"},"description":"Il giornalista e scrittore autore del podcast di successo \"INDAGINI\" sar\u00e0 a Firenze venerd\u00ec 3 maggio al Teatro Verdi per raccontare il Circeo","breadcrumb":{"@id":"https:\/\/www.intoscana.it\/it\/stefano-nazzi-true-crime-intervista-firenze-tour\/#breadcrumb"},"inLanguage":"it-IT","potentialAction":[{"@type":"ReadAction","target":["https:\/\/www.intoscana.it\/it\/stefano-nazzi-true-crime-intervista-firenze-tour\/"]}]},{"@type":"ImageObject","inLanguage":"it-IT","@id":"https:\/\/www.intoscana.it\/it\/stefano-nazzi-true-crime-intervista-firenze-tour\/#primaryimage","url":"https:\/\/www.intoscana.it\/wp-content\/uploads\/Stefano-Nazzi_Ph-Jan-P.-Soltan-1-scaled-e1714465425481.jpg","contentUrl":"https:\/\/www.intoscana.it\/wp-content\/uploads\/Stefano-Nazzi_Ph-Jan-P.-Soltan-1-scaled-e1714465425481.jpg","width":1873,"height":1184,"caption":"Stefano Nazzi"},{"@type":"BreadcrumbList","@id":"https:\/\/www.intoscana.it\/it\/stefano-nazzi-true-crime-intervista-firenze-tour\/#breadcrumb","itemListElement":[{"@type":"ListItem","position":1,"name":"Home","item":"https:\/\/www.intoscana.it\/it\/"},{"@type":"ListItem","position":2,"name":"Stefano Nazzi il &#8220;Re&#8221; del true crime a Firenze: &#8220;Racconto la cronaca nera senza forzare le emozioni&#8221;"}]},{"@type":"WebSite","@id":"https:\/\/www.intoscana.it\/it\/#website","url":"https:\/\/www.intoscana.it\/it\/","name":"intoscana","description":"","potentialAction":[{"@type":"SearchAction","target":{"@type":"EntryPoint","urlTemplate":"https:\/\/www.intoscana.it\/it\/?s={search_term_string}"},"query-input":{"@type":"PropertyValueSpecification","valueRequired":true,"valueName":"search_term_string"}}],"inLanguage":"it-IT"},{"@type":"Person","@id":"https:\/\/www.intoscana.it\/it\/#\/schema\/person\/d469f35f09739bdf00bf5dd3f0647a82","name":"Costanza Baldini","url":"https:\/\/www.intoscana.it\/it\/author\/costanza-baldini\/"}]}},"_links":{"self":[{"href":"https:\/\/www.intoscana.it\/it\/wp-json\/wp\/v2\/posts\/338101","targetHints":{"allow":["GET"]}}],"collection":[{"href":"https:\/\/www.intoscana.it\/it\/wp-json\/wp\/v2\/posts"}],"about":[{"href":"https:\/\/www.intoscana.it\/it\/wp-json\/wp\/v2\/types\/post"}],"author":[{"embeddable":true,"href":"https:\/\/www.intoscana.it\/it\/wp-json\/wp\/v2\/users\/518"}],"replies":[{"embeddable":true,"href":"https:\/\/www.intoscana.it\/it\/wp-json\/wp\/v2\/comments?post=338101"}],"version-history":[{"count":36,"href":"https:\/\/www.intoscana.it\/it\/wp-json\/wp\/v2\/posts\/338101\/revisions"}],"predecessor-version":[{"id":338365,"href":"https:\/\/www.intoscana.it\/it\/wp-json\/wp\/v2\/posts\/338101\/revisions\/338365"}],"wp:featuredmedia":[{"embeddable":true,"href":"https:\/\/www.intoscana.it\/it\/wp-json\/wp\/v2\/media\/338103"}],"wp:attachment":[{"href":"https:\/\/www.intoscana.it\/it\/wp-json\/wp\/v2\/media?parent=338101"}],"wp:term":[{"taxonomy":"category","embeddable":true,"href":"https:\/\/www.intoscana.it\/it\/wp-json\/wp\/v2\/categories?post=338101"},{"taxonomy":"post_tag","embeddable":true,"href":"https:\/\/www.intoscana.it\/it\/wp-json\/wp\/v2\/tags?post=338101"}],"curies":[{"name":"wp","href":"https:\/\/api.w.org\/{rel}","templated":true}]}}