{"id":338149,"date":"2024-04-30T13:57:36","date_gmt":"2024-04-30T11:57:36","guid":{"rendered":"https:\/\/www.intoscana.it\/it\/?p=338149"},"modified":"2024-04-30T13:57:36","modified_gmt":"2024-04-30T11:57:36","slug":"in-vino-veritas-tutto-pronto-per-la-66esima-mostra-del-chianti-di-montespertoli","status":"publish","type":"post","link":"https:\/\/www.intoscana.it\/it\/in-vino-veritas-tutto-pronto-per-la-66esima-mostra-del-chianti-di-montespertoli\/","title":{"rendered":"&#8220;In Vino Veritas&#8221;: tutto pronto per la 66esima Mostra del Chianti di Montespertoli"},"content":{"rendered":"<p><strong>Dal 25 maggio al 2 giugno 2024 a Montespertoli<\/strong> torna la <strong>Mostra del Chianti,<\/strong> giunta alla sessantaseiesima edizione, per celebrare <strong>il vino Chianti, simbolo dell&#8217;eccellenza enologica toscana<\/strong>. Una vera e propria<strong> festa del vino,<\/strong> che ogni anno mette al centro la cultura e le tradizioni locali.<\/p>\n<p><strong>Piazza del Popolo,<\/strong> come ogni anno, ospiter\u00e0 le<strong> Aziende Agricole,<\/strong> che presenteranno tutti i giorni le proprie produzioni negli stand allestiti per l&#8217;occasione dove sar\u00e0 possibile <strong>degustare il vino e acquistarlo direttamente dai produttori.<\/strong><\/p>\n<p><strong><em>&#8220;In Vino Veritas&#8230;&#8221;<\/em> <\/strong>\u00e8 il claim scelto quest\u2019anno e vuole rappresentare l\u2019autenticit\u00e0 vitivinicola del territorio di Montespertoli. Un luogo dove fare vino \u00e8 l\u2019attivit\u00e0 predominante da sempre e un luogo nel quale da sempre si \u00e8 cercato di innovare e di dare al vino un segno contemporaneo mettendo in ogni bottiglia<strong> l\u2019autenticit\u00e0 di chi vive questo territorio.<\/strong><\/p>\n<p>Durante la mostra non mancheranno iniziative ormai tradizionali come<strong> la sfilata del Gruppo 900, il raduno di auto, trattori e moto d&#8217;Epoca<\/strong>, i numerosi eventi musicali e le iniziative pensate per i bambini.<\/p>\n<p>Saranno per\u00f2 gli <strong>eventi legati alla promozione e valorizzazione vitivinicola e culturale del territorio<\/strong> a essere protagonisti con <strong>degustazioni guidate, convegni e dibattiti<\/strong> che offriranno la possibilit\u00e0 di scoprire a pieno il mondo del vino montespertolese.<\/p>\n<p>Ha dichiarato il sindaco: <em>\u201cMontespertoli \u00e8 da anni il comune pi\u00f9 vitato della Toscana ed \u00e8 il maggior produttore di vino Chianti e questo \u00e8 frutto di una collaborazione coesa e solidale tra cittadinanza e mondo rurale. Chi viene a Montespertoli e gira per le nostre campagne incontra tutto questo, scopre aziende agricole secolari e giovanissime, incontra vitigni e vini diversi perch\u00e9 qui la biodiversit\u00e0 \u00e8 cosa quotidiana e soprattutto scopre un luogo vero e autentico che per una settimana vuole mettersi ancora di pi\u00f9 in mostra&#8221;.<\/em><\/p>\n<p>La <strong>Mostra del Chianti<\/strong> \u00e8 frutto di una collaborazione con l\u2019Associazione Nazionale Citt\u00e0 del vino, il Consorzio Chianti, il Consorzio Chianti Colli Fiorentini, l\u2019Associazione Viticoltori di Montespertoli, l\u2019Associazione Assoenologi, Fisar \u2013 Sez. Empoli e Slow food \u2013 Condotta Empolese Valdelsa.<\/p>\n","protected":false},"excerpt":{"rendered":"<p>Dal 25 maggio al 2 giugno 2024 Montespertoli torna ad ospitare uno degli eventi vitivinicoli pi\u00f9 importanti della Toscana con la 66\u00aa edizione della mostra dedicata al vino Chianti. Un programma ricco di degustazioni, eventi enogastronomici, folkloristici, spettacoli, intrattenimento musicale e tanto altro<\/p>\n","protected":false},"author":525,"featured_media":338155,"comment_status":"open","ping_status":"open","sticky":false,"template":"","format":"standard","meta":{"_acf_changed":false,"footnotes":""},"categories":[8],"tags":[366,224],"class_list":["post-338149","post","type-post","status-publish","format-standard","has-post-thumbnail","hentry","category-enogastronomia","tag-chianti","tag-vino"],"acf":[],"yoast_head":"<!-- This site is optimized with the Yoast SEO Premium plugin v24.2 (Yoast SEO v25.6) - https:\/\/yoast.com\/wordpress\/plugins\/seo\/ -->\n<title>&quot;In Vino Veritas&quot;: tutto pronto per la 66esima Mostra del Chianti di Montespertoli - intoscana<\/title>\n<meta name=\"description\" content=\"Dal 25 maggio al 2 giugno 2024 Montespertoli torna ad ospitare la 66\u00aa edizione della mostra dedicata al vino Chianti\" \/>\n<meta name=\"robots\" content=\"index, follow, max-snippet:-1, max-image-preview:large, max-video-preview:-1\" \/>\n<link rel=\"canonical\" href=\"https:\/\/www.intoscana.it\/it\/in-vino-veritas-tutto-pronto-per-la-66esima-mostra-del-chianti-di-montespertoli\/\" \/>\n<meta property=\"og:locale\" content=\"it_IT\" \/>\n<meta property=\"og:type\" content=\"article\" \/>\n<meta property=\"og:title\" content=\"&quot;In Vino Veritas&quot;: tutto pronto per la 66esima Mostra del Chianti di Montespertoli\" \/>\n<meta property=\"og:description\" content=\"Dal 25 maggio al 2 giugno 2024 Montespertoli torna ad ospitare la 66\u00aa edizione della mostra dedicata al vino Chianti\" \/>\n<meta property=\"og:url\" content=\"https:\/\/www.intoscana.it\/it\/in-vino-veritas-tutto-pronto-per-la-66esima-mostra-del-chianti-di-montespertoli\/\" \/>\n<meta property=\"og:site_name\" content=\"intoscana\" \/>\n<meta property=\"article:publisher\" content=\"https:\/\/www.facebook.com\/intoscana.it\" \/>\n<meta property=\"article:published_time\" content=\"2024-04-30T11:57:36+00:00\" \/>\n<meta property=\"og:image\" content=\"https:\/\/www.intoscana.it\/wp-content\/uploads\/Mostra-del-chianti-2024_reference.jpg\" \/>\n\t<meta property=\"og:image:width\" content=\"1600\" \/>\n\t<meta property=\"og:image:height\" content=\"1551\" \/>\n\t<meta property=\"og:image:type\" content=\"image\/jpeg\" \/>\n<meta name=\"author\" content=\"Redazione\" \/>\n<meta name=\"twitter:card\" content=\"summary_large_image\" \/>\n<meta name=\"twitter:creator\" content=\"@intoscana\" \/>\n<meta name=\"twitter:site\" content=\"@intoscana\" \/>\n<meta name=\"twitter:label1\" content=\"Written by\" \/>\n\t<meta name=\"twitter:data1\" content=\"Redazione\" \/>\n\t<meta name=\"twitter:label2\" content=\"Est. reading time\" \/>\n\t<meta name=\"twitter:data2\" content=\"2 minuti\" \/>\n<script type=\"application\/ld+json\" class=\"yoast-schema-graph\">{\"@context\":\"https:\/\/schema.org\",\"@graph\":[{\"@type\":\"WebPage\",\"@id\":\"https:\/\/www.intoscana.it\/it\/in-vino-veritas-tutto-pronto-per-la-66esima-mostra-del-chianti-di-montespertoli\/\",\"url\":\"https:\/\/www.intoscana.it\/it\/in-vino-veritas-tutto-pronto-per-la-66esima-mostra-del-chianti-di-montespertoli\/\",\"name\":\"\\\"In Vino Veritas\\\": tutto pronto per la 66esima Mostra del Chianti di Montespertoli - intoscana\",\"isPartOf\":{\"@id\":\"https:\/\/www.intoscana.it\/it\/#website\"},\"primaryImageOfPage\":{\"@id\":\"https:\/\/www.intoscana.it\/it\/in-vino-veritas-tutto-pronto-per-la-66esima-mostra-del-chianti-di-montespertoli\/#primaryimage\"},\"image\":{\"@id\":\"https:\/\/www.intoscana.it\/it\/in-vino-veritas-tutto-pronto-per-la-66esima-mostra-del-chianti-di-montespertoli\/#primaryimage\"},\"thumbnailUrl\":\"https:\/\/www.intoscana.it\/wp-content\/uploads\/Mostra-del-chianti-2024_reference.jpg\",\"datePublished\":\"2024-04-30T11:57:36+00:00\",\"author\":{\"@id\":\"https:\/\/www.intoscana.it\/it\/#\/schema\/person\/9223810753230f20bd670fdd322661f8\"},\"description\":\"Dal 25 maggio al 2 giugno 2024 Montespertoli torna ad ospitare la 66\u00aa edizione della mostra dedicata al vino Chianti\",\"breadcrumb\":{\"@id\":\"https:\/\/www.intoscana.it\/it\/in-vino-veritas-tutto-pronto-per-la-66esima-mostra-del-chianti-di-montespertoli\/#breadcrumb\"},\"inLanguage\":\"it-IT\",\"potentialAction\":[{\"@type\":\"ReadAction\",\"target\":[\"https:\/\/www.intoscana.it\/it\/in-vino-veritas-tutto-pronto-per-la-66esima-mostra-del-chianti-di-montespertoli\/\"]}]},{\"@type\":\"ImageObject\",\"inLanguage\":\"it-IT\",\"@id\":\"https:\/\/www.intoscana.it\/it\/in-vino-veritas-tutto-pronto-per-la-66esima-mostra-del-chianti-di-montespertoli\/#primaryimage\",\"url\":\"https:\/\/www.intoscana.it\/wp-content\/uploads\/Mostra-del-chianti-2024_reference.jpg\",\"contentUrl\":\"https:\/\/www.intoscana.it\/wp-content\/uploads\/Mostra-del-chianti-2024_reference.jpg\",\"width\":1600,\"height\":1551},{\"@type\":\"BreadcrumbList\",\"@id\":\"https:\/\/www.intoscana.it\/it\/in-vino-veritas-tutto-pronto-per-la-66esima-mostra-del-chianti-di-montespertoli\/#breadcrumb\",\"itemListElement\":[{\"@type\":\"ListItem\",\"position\":1,\"name\":\"Home\",\"item\":\"https:\/\/www.intoscana.it\/it\/\"},{\"@type\":\"ListItem\",\"position\":2,\"name\":\"&#8220;In Vino Veritas&#8221;: tutto pronto per la 66esima Mostra del Chianti di Montespertoli\"}]},{\"@type\":\"WebSite\",\"@id\":\"https:\/\/www.intoscana.it\/it\/#website\",\"url\":\"https:\/\/www.intoscana.it\/it\/\",\"name\":\"intoscana\",\"description\":\"\",\"potentialAction\":[{\"@type\":\"SearchAction\",\"target\":{\"@type\":\"EntryPoint\",\"urlTemplate\":\"https:\/\/www.intoscana.it\/it\/?s={search_term_string}\"},\"query-input\":{\"@type\":\"PropertyValueSpecification\",\"valueRequired\":true,\"valueName\":\"search_term_string\"}}],\"inLanguage\":\"it-IT\"},{\"@type\":\"Person\",\"@id\":\"https:\/\/www.intoscana.it\/it\/#\/schema\/person\/9223810753230f20bd670fdd322661f8\",\"name\":\"Redazione\",\"url\":\"https:\/\/www.intoscana.it\/it\/author\/redazione\/\"}]}<\/script>\n<!-- \/ Yoast SEO Premium plugin. -->","yoast_head_json":{"title":"\"In Vino Veritas\": tutto pronto per la 66esima Mostra del Chianti di Montespertoli - intoscana","description":"Dal 25 maggio al 2 giugno 2024 Montespertoli torna ad ospitare la 66\u00aa edizione della mostra dedicata al vino Chianti","robots":{"index":"index","follow":"follow","max-snippet":"max-snippet:-1","max-image-preview":"max-image-preview:large","max-video-preview":"max-video-preview:-1"},"canonical":"https:\/\/www.intoscana.it\/it\/in-vino-veritas-tutto-pronto-per-la-66esima-mostra-del-chianti-di-montespertoli\/","og_locale":"it_IT","og_type":"article","og_title":"\"In Vino Veritas\": tutto pronto per la 66esima Mostra del Chianti di Montespertoli","og_description":"Dal 25 maggio al 2 giugno 2024 Montespertoli torna ad ospitare la 66\u00aa edizione della mostra dedicata al vino Chianti","og_url":"https:\/\/www.intoscana.it\/it\/in-vino-veritas-tutto-pronto-per-la-66esima-mostra-del-chianti-di-montespertoli\/","og_site_name":"intoscana","article_publisher":"https:\/\/www.facebook.com\/intoscana.it","article_published_time":"2024-04-30T11:57:36+00:00","og_image":[{"width":1600,"height":1551,"url":"https:\/\/www.intoscana.it\/wp-content\/uploads\/Mostra-del-chianti-2024_reference.jpg","type":"image\/jpeg"}],"author":"Redazione","twitter_card":"summary_large_image","twitter_creator":"@intoscana","twitter_site":"@intoscana","twitter_misc":{"Written by":"Redazione","Est. reading time":"2 minuti"},"schema":{"@context":"https:\/\/schema.org","@graph":[{"@type":"WebPage","@id":"https:\/\/www.intoscana.it\/it\/in-vino-veritas-tutto-pronto-per-la-66esima-mostra-del-chianti-di-montespertoli\/","url":"https:\/\/www.intoscana.it\/it\/in-vino-veritas-tutto-pronto-per-la-66esima-mostra-del-chianti-di-montespertoli\/","name":"\"In Vino Veritas\": tutto pronto per la 66esima Mostra del Chianti di Montespertoli - intoscana","isPartOf":{"@id":"https:\/\/www.intoscana.it\/it\/#website"},"primaryImageOfPage":{"@id":"https:\/\/www.intoscana.it\/it\/in-vino-veritas-tutto-pronto-per-la-66esima-mostra-del-chianti-di-montespertoli\/#primaryimage"},"image":{"@id":"https:\/\/www.intoscana.it\/it\/in-vino-veritas-tutto-pronto-per-la-66esima-mostra-del-chianti-di-montespertoli\/#primaryimage"},"thumbnailUrl":"https:\/\/www.intoscana.it\/wp-content\/uploads\/Mostra-del-chianti-2024_reference.jpg","datePublished":"2024-04-30T11:57:36+00:00","author":{"@id":"https:\/\/www.intoscana.it\/it\/#\/schema\/person\/9223810753230f20bd670fdd322661f8"},"description":"Dal 25 maggio al 2 giugno 2024 Montespertoli torna ad ospitare la 66\u00aa edizione della mostra dedicata al vino Chianti","breadcrumb":{"@id":"https:\/\/www.intoscana.it\/it\/in-vino-veritas-tutto-pronto-per-la-66esima-mostra-del-chianti-di-montespertoli\/#breadcrumb"},"inLanguage":"it-IT","potentialAction":[{"@type":"ReadAction","target":["https:\/\/www.intoscana.it\/it\/in-vino-veritas-tutto-pronto-per-la-66esima-mostra-del-chianti-di-montespertoli\/"]}]},{"@type":"ImageObject","inLanguage":"it-IT","@id":"https:\/\/www.intoscana.it\/it\/in-vino-veritas-tutto-pronto-per-la-66esima-mostra-del-chianti-di-montespertoli\/#primaryimage","url":"https:\/\/www.intoscana.it\/wp-content\/uploads\/Mostra-del-chianti-2024_reference.jpg","contentUrl":"https:\/\/www.intoscana.it\/wp-content\/uploads\/Mostra-del-chianti-2024_reference.jpg","width":1600,"height":1551},{"@type":"BreadcrumbList","@id":"https:\/\/www.intoscana.it\/it\/in-vino-veritas-tutto-pronto-per-la-66esima-mostra-del-chianti-di-montespertoli\/#breadcrumb","itemListElement":[{"@type":"ListItem","position":1,"name":"Home","item":"https:\/\/www.intoscana.it\/it\/"},{"@type":"ListItem","position":2,"name":"&#8220;In Vino Veritas&#8221;: tutto pronto per la 66esima Mostra del Chianti di Montespertoli"}]},{"@type":"WebSite","@id":"https:\/\/www.intoscana.it\/it\/#website","url":"https:\/\/www.intoscana.it\/it\/","name":"intoscana","description":"","potentialAction":[{"@type":"SearchAction","target":{"@type":"EntryPoint","urlTemplate":"https:\/\/www.intoscana.it\/it\/?s={search_term_string}"},"query-input":{"@type":"PropertyValueSpecification","valueRequired":true,"valueName":"search_term_string"}}],"inLanguage":"it-IT"},{"@type":"Person","@id":"https:\/\/www.intoscana.it\/it\/#\/schema\/person\/9223810753230f20bd670fdd322661f8","name":"Redazione","url":"https:\/\/www.intoscana.it\/it\/author\/redazione\/"}]}},"_links":{"self":[{"href":"https:\/\/www.intoscana.it\/it\/wp-json\/wp\/v2\/posts\/338149","targetHints":{"allow":["GET"]}}],"collection":[{"href":"https:\/\/www.intoscana.it\/it\/wp-json\/wp\/v2\/posts"}],"about":[{"href":"https:\/\/www.intoscana.it\/it\/wp-json\/wp\/v2\/types\/post"}],"author":[{"embeddable":true,"href":"https:\/\/www.intoscana.it\/it\/wp-json\/wp\/v2\/users\/525"}],"replies":[{"embeddable":true,"href":"https:\/\/www.intoscana.it\/it\/wp-json\/wp\/v2\/comments?post=338149"}],"version-history":[{"count":4,"href":"https:\/\/www.intoscana.it\/it\/wp-json\/wp\/v2\/posts\/338149\/revisions"}],"predecessor-version":[{"id":338246,"href":"https:\/\/www.intoscana.it\/it\/wp-json\/wp\/v2\/posts\/338149\/revisions\/338246"}],"wp:featuredmedia":[{"embeddable":true,"href":"https:\/\/www.intoscana.it\/it\/wp-json\/wp\/v2\/media\/338155"}],"wp:attachment":[{"href":"https:\/\/www.intoscana.it\/it\/wp-json\/wp\/v2\/media?parent=338149"}],"wp:term":[{"taxonomy":"category","embeddable":true,"href":"https:\/\/www.intoscana.it\/it\/wp-json\/wp\/v2\/categories?post=338149"},{"taxonomy":"post_tag","embeddable":true,"href":"https:\/\/www.intoscana.it\/it\/wp-json\/wp\/v2\/tags?post=338149"}],"curies":[{"name":"wp","href":"https:\/\/api.w.org\/{rel}","templated":true}]}}