{"id":338210,"date":"2024-04-30T15:09:42","date_gmt":"2024-04-30T13:09:42","guid":{"rendered":"https:\/\/www.intoscana.it\/it\/?p=338210"},"modified":"2024-04-30T15:22:05","modified_gmt":"2024-04-30T13:22:05","slug":"bassa-fedelta-un-ciclo-di-concerti-analogici-dedicati-al-nastro-magnetico-come-simbolo-di-ribellione","status":"publish","type":"post","link":"https:\/\/www.intoscana.it\/it\/bassa-fedelta-un-ciclo-di-concerti-analogici-dedicati-al-nastro-magnetico-come-simbolo-di-ribellione\/","title":{"rendered":"&#8220;Bassa Fedelt\u00e0&#8221; un ciclo di concerti analogici dedicati al nastro magnetico come simbolo di ribellione"},"content":{"rendered":"<p><strong><em>&#8220;BASSA FEDELT\u00c0 An Analog Manifesto&#8221;<\/em> <\/strong>\u00e8 un ciclo di appuntamenti a cura di <a href=\"https:\/\/www.facebook.com\/diodrone\" target=\"_blank\" rel=\"noopener\"><strong>Dio Drone<\/strong><\/a>, dedicati al fare musica con<strong> cassette, bobine, registratori a nastro, walkman<\/strong> e tutti gli apparecchi dedicati al <strong>supporto sonoro\u00a0<\/strong><b>analogico.<\/b><\/p>\n<p>Il primo concerto si terr\u00e0<strong> domenica 5 maggio alle 18, nella splendida cornice dello spazio GADA di Firenze in via de&#8217; Macci, 11.<\/strong><\/p>\n<p>Performeranno tre musicisti:<strong> Gabriele Gasparotti, Randagio e Naresh Ran,<\/strong> sotto il segno di un vero &#8220;<strong>manifesto&#8221;<\/strong> che mette al centro il<strong> nastro magnetico come fonte primaria di ogni suono.<\/strong><\/p>\n<p><strong>Il musicista e organizzatore dell&#8217;evento Naresh Ran<\/strong> \u00e8 <strong>un Virgilio contemporaneo che ci guida in questo viaggio<\/strong> e che ci ha racontato: &#8220;<strong>Bassa Fedelt\u00e0 \u00e8 un\u2019espressione che mi porto dietro da diverso tempo,<\/strong> e nasce prima dell\u2019idea stessa di questa serie di appuntamenti. <strong>Era un gioco di parole per prendermi in giro<\/strong>, quando giravo come un invasato per mercatini<strong> in cerca di vecchi walkman e dittafoni<\/strong> da usare per registrazioni estremamente low fi (\u2019..la mia fedelt\u00e0 \u00e8 bassissima..\u2019 ). E come spesso mi succede, <strong>uno scherzo col tempo inizia a prendere altri significati<\/strong> e alla fine si concretizza in qualcosa di pi\u00f9 serio, per cos\u00ec dire. <strong>I nastri hanno per me un valore profondo.<\/strong> Ho quasi 45 anni, e <strong>credo che la mia sia l\u2019ultima generazione ad essere cresciuta con le compilation in cassetta<\/strong>, mezzo attraverso il quale ho condiviso e scoperto la maggior parte della musica con cui sono cresciuto. Nella mia adolescenza<strong> realizzare un mixtape poteva avere diversi significati<\/strong>. C\u2019era <strong>il mix per una festa, la compilation per un periodo triste, quella romantica per la persona che ti piaceva,<\/strong> quella con pezzi registrati in radio, <strong>quella cattiva, quella psichedelica, quella da viaggio,<\/strong> e quella per un amico a cui volevi far conoscere qualcosa di nuovo. Ne ho conservate tantissime di quegli anni, arricchite da dediche di chi le aveva realizzate e dalle copertine fatte con ritagli presi da riviste musicali, e tuttora mi trasmettono qualcosa di magico che va molto oltre la nostalgia del ricordo.&#8221;<p><span class=\"citazione\">Scegliere l\u2019analogico, in questo caso la pi\u00f9 bassa fedelt\u00e0 sonora possibile tra i mezzi di oggi, \u00e8 il rifiuto verso l\u2019appartenenza a un mondo che ci istiga alla perfezione<\/span><\/p><\/p>\n<p><strong>&#8220;Ho iniziato a collezionare registratori alcuni anni fa<\/strong>, affascinato dai lavori di musicisti che stimavo (<strong>Eno, Tim Hecker, Basinski,<\/strong> ma anche i nostrani <strong>Valerio Tricoli e Giovanni Lami<\/strong>) e ossessionato da quella <strong>timbrica imperfetta e satura del nastro magnetico.<\/strong> E pi\u00f9 mi trovavo a parlare con altri musicisti drasticamente contrari all\u2019utilizzo di questi vecchi macchinari pi\u00f9 mi fissavo nel costruirmi cassette loop in casa e provare a <strong>realizzare improbabili istallazioni sonore dal fruscio dominante.<\/strong> Avete mai provato a mettere semplicemente in play una cassetta vuota e ascoltare a lungo e con pazienza quel <strong>debole rumore bianco apparentemente senza senso, ma dal suono cos\u00ec ipnotico<\/strong> e spesso che<strong> quasi ti sembra di poterlo toccare?<\/strong> Ecco, il punto per me \u00e8 esattamente questo, cercare di rendere il suono fisico e tattile, cos\u00ec da trasformarlo in un elemento reale e non qualcosa di astratto e monosensoriale. Tutti questi pensieri sono stati motivo di chiacchierate infinite con un paio di amici, <strong>Marco \u2018Randagio\u2019 e Daniele \u2018Shivaiswoman\u2019,<\/strong> ed \u00e8 da questi scambi che \u00e8 nata l\u2019idea di ritrovarci &#8211; nella nostra citt\u00e0 e non solo &#8211; per condividere questa attitudine con altri musicisti dalle medesime inclinazioni. Ma anche<strong> sfidando i non avvezzi a mettersi alla prova con questi mezzi<\/strong>, e provare a fare concerti esclusivamente attraverso<strong> l\u2019utilizzo di registratori di ogni tipo<\/strong>, a patto che fossero analogici, dandoci alcune regole infrangibili. Cos\u00ec come qualcuno dett\u00f2 il <strong>Dogma 95<\/strong> per il cinema, <strong>Dio Drone<\/strong> ha proposto un proprio manifesto con <strong>Bassa Fedelt\u00e0.&#8221;<\/strong><\/p>\n<figure id=\"post-338290 media-338290\" class=\"align-none\"><img decoding=\"async\" src=\"https:\/\/www.intoscana.it\/wp-content\/uploads\/Unknown-2.jpeg\" alt=\"\" \/><\/figure>\n<p><strong>Cosa ti affascina cos\u00ec tanto del supporto analogico rispetto al digitale, tecnicamente parlando?<\/strong><\/p>\n<p><strong>Sono cresciuto suonando in gruppi punk<\/strong>, con <strong>un adolescenziale rifiuto per tutto ci\u00f2 che fosse elettronico<\/strong>. Alla fine un amico mi ha fatto cambiare idea, facendomi capire che <strong>il mondo digitale \u00e8 semplicemente un altro linguaggio<\/strong> per dire le stesse cose di una chitarra in un amplificatore, ed \u00e8 sempre utile conoscere pi\u00f9 lingue possibili per comunicare in maniera pi\u00f9 accurata. Nonostante questo, continuo ad avere un maggiore feeling con strumenti hardware che con i plugins di un computer, con il dovuto rispetto. <strong>Non mi sento di criticare alcun mezzo tecnologico utile a fare musica,<\/strong> men che mai chi vi sta dietro, semplicemente sento pi\u00f9 vicino questo tipo di macchine, probabilmente perch\u00e9 <strong>mi ricordano me stesso. Sono imperfette, si guastano facilmente<\/strong>, e non possono fingersi altro se non ci\u00f2 che sono.<p><span class=\"citazione\">Le macchine analogiche mi ricordano me stesso. Sono imperfette, si guastano facilmente e non possono fingersi altro se non ci\u00f2 che sono<\/span><\/p><\/p>\n<p><strong>Secondo te qual \u00e8 la differenza pi\u00f9 grande tra analogico e digitale?<\/strong><\/p>\n<p>Al di l\u00e0 del punto di vista tecnico,<strong> nella mia testa la differenza \u00e8 pi\u00f9 filosofica.<\/strong> Scegliere l\u2019analogico, in questo caso la pi\u00f9 bassa fedelt\u00e0 sonora possibile tra i mezzi di oggi, \u00e8 <strong>il rifiuto verso l\u2019appartenenza a un mondo che ci istiga alla perfezione,<\/strong> perch\u00e9 credo che solo nelle imperfezioni si manifesti la vera autenticit\u00e0 dell\u2019essere, e nel nostro caso dei suoni. Parafrasando gli Uochi Toki, il nostro \u00e8 un \u2018credo\u2019 che perde pezzi e diventa \u2018creo\u2019.<\/p>\n<p><strong>Ultimamente noto un ritorno all\u2019uso dell\u2019analogico, semplice moda o c\u2019\u00e8 qualcosa di pi\u00f9?<\/strong><\/p>\n<p>Se \u00e8 colpa dei <strong>presunti hipsters, chiunque essi siano,<\/strong> allora li ringrazio. In generale, in parallelo alla continua chiusura di spazi per concerti e all\u2019avvento della <strong>massiccia diffusione musicale in forma digitale<\/strong> &#8211; un calderone immenso in cui \u00e8 davvero difficile orientarsi &#8211; si \u00e8 stretta <strong>una solida nicchia di affezionati al supporto fisico e alle situazioni live.<\/strong> Quelli che criticano aspramente chi ancora stampa vinili e cassette spesso sono gli stessi convinti che dei concerti non importi pi\u00f9 niente a nessuno, ma credo che realt\u00e0 sia un p\u00f2 diversa. Ho avuto la fortuna di collaborare con<strong> collettivi di giovanissimi che si impegnano duramente per mantenere nelle proprie citt\u00e0 una scena culturale,<\/strong> senza guadagnarci nulla se non la soddisfazione di aver reso possibile un evento, e questo a mio avviso rende l\u2019idea del <strong>bisogno che molti hanno ancora oggi di questo tipo di cose.<\/strong> Per i supporti analogici \u00e8 lo stesso. <strong>Per molti la musica \u00e8 ancora un fatto \u2018fisico\u2019, con un supporto tangibile<\/strong> che completa artisticamente quello pi\u00f9 etereo inciso nei suoi solchi. E forse questo ritorno \u00e8 <strong>uno specchio di quanto in molti ci sentiamo persi.<\/strong><\/p>\n<h3>I musicisti che si esibiranno al GADA<\/h3>\n<p><strong>Gabriele Gasparotti<\/strong> \u00e8 un artista dalle molteplici sfaccettature. Musicista dal raro gusto, cineasta premiato al Festival di Venezia, e portatore di una magia sciamanica che trova la via pi\u00f9 efficace e immediata nei suoni dei suoi strumenti iconici e retr\u00f2.<\/p>\n<p><strong>Randagio<\/strong> nasce con l&#8217;intento di esplorare paesaggi sonori senza limiti prefissati. Come un viaggiatore solitario abbraccia il randagismo come filosofia di libert\u00e0 sonora, un concetto che rappresenta una libert\u00e0 musicale totale, priva di vincoli imposti da genere o stili. Si avventura nell&#8217;universo con una predisposizione alla sperimentazione all&#8217;innovazione, mischiando suoni elettronici, acustici e field recordings per creare un&#8217;espressione musicale senza confini.<\/p>\n<p><strong>Naresh Ran<\/strong> nasce 44 anni fa grazie a un fortunato giro di tarocchi. Da adolescente scopre il punk e il rumore diventa parte integrante della sua vita. Dal 2013 gestisce<strong> la label Dio Drone,<\/strong> solido punto di riferimento per la musica estrema e sperimentale nostrana. Ha una particolare predilezione per vecchi registratori e strumenti portatili, che porta sempre in borsa come un eccentrico ghostbuster sonoro.<\/p>\n","protected":false},"excerpt":{"rendered":"<p>Il primo appuntamento si terr\u00e0 domenica 5 maggio alle 18, nella cornice dello spazio GADA di Firenze in via de&#8217; Macci. Saranno tre i performer: Gabriele Gasparotti, Randagio e Naresh Ran<\/p>\n","protected":false},"author":518,"featured_media":338007,"comment_status":"open","ping_status":"open","sticky":false,"template":"","format":"standard","meta":{"_acf_changed":false,"footnotes":""},"categories":[14],"tags":[216,4474,202],"class_list":["post-338210","post","type-post","status-publish","format-standard","has-post-thumbnail","hentry","category-musica","tag-concerti","tag-eventi","tag-firenze"],"acf":[],"yoast_head":"<!-- This site is optimized with the Yoast SEO Premium plugin v24.2 (Yoast SEO v25.6) - https:\/\/yoast.com\/wordpress\/plugins\/seo\/ -->\n<title>&quot;Bassa Fedelt\u00e0&quot; un ciclo di concerti analogici dedicati al nastro magnetico come simbolo di ribellione - intoscana<\/title>\n<meta name=\"description\" content=\"&quot;Bassa Fedelt\u00e0&quot; un ciclo di concerti analogici dedicati al nastro magnetico come simbolo di ribellione al via domenica 5 maggio a Firenze\" \/>\n<meta name=\"robots\" content=\"index, follow, max-snippet:-1, max-image-preview:large, max-video-preview:-1\" \/>\n<link rel=\"canonical\" href=\"https:\/\/www.intoscana.it\/it\/bassa-fedelta-un-ciclo-di-concerti-analogici-dedicati-al-nastro-magnetico-come-simbolo-di-ribellione\/\" \/>\n<meta property=\"og:locale\" content=\"it_IT\" \/>\n<meta property=\"og:type\" content=\"article\" \/>\n<meta property=\"og:title\" content=\"&quot;Bassa Fedelt\u00e0&quot; un ciclo di concerti analogici dedicati al nastro magnetico come simbolo di ribellione\" \/>\n<meta property=\"og:description\" content=\"&quot;Bassa Fedelt\u00e0&quot; un ciclo di concerti analogici dedicati al nastro magnetico come simbolo di ribellione al via domenica 5 maggio a Firenze\" \/>\n<meta property=\"og:url\" content=\"https:\/\/www.intoscana.it\/it\/bassa-fedelta-un-ciclo-di-concerti-analogici-dedicati-al-nastro-magnetico-come-simbolo-di-ribellione\/\" \/>\n<meta property=\"og:site_name\" content=\"intoscana\" \/>\n<meta property=\"article:publisher\" content=\"https:\/\/www.facebook.com\/intoscana.it\" \/>\n<meta property=\"article:published_time\" content=\"2024-04-30T13:09:42+00:00\" \/>\n<meta property=\"article:modified_time\" content=\"2024-04-30T13:22:05+00:00\" \/>\n<meta property=\"og:image\" content=\"https:\/\/www.intoscana.it\/wp-content\/uploads\/IMG_1200-e1714482578941.jpg\" \/>\n\t<meta property=\"og:image:width\" content=\"1101\" \/>\n\t<meta property=\"og:image:height\" content=\"774\" \/>\n\t<meta property=\"og:image:type\" content=\"image\/jpeg\" \/>\n<meta name=\"author\" content=\"Costanza Baldini\" \/>\n<meta name=\"twitter:card\" content=\"summary_large_image\" \/>\n<meta name=\"twitter:creator\" content=\"@intoscana\" \/>\n<meta name=\"twitter:site\" content=\"@intoscana\" \/>\n<meta name=\"twitter:label1\" content=\"Written by\" \/>\n\t<meta name=\"twitter:data1\" content=\"Costanza Baldini\" \/>\n\t<meta name=\"twitter:label2\" content=\"Est. reading time\" \/>\n\t<meta name=\"twitter:data2\" content=\"7 minuti\" \/>\n<script type=\"application\/ld+json\" class=\"yoast-schema-graph\">{\"@context\":\"https:\/\/schema.org\",\"@graph\":[{\"@type\":\"WebPage\",\"@id\":\"https:\/\/www.intoscana.it\/it\/bassa-fedelta-un-ciclo-di-concerti-analogici-dedicati-al-nastro-magnetico-come-simbolo-di-ribellione\/\",\"url\":\"https:\/\/www.intoscana.it\/it\/bassa-fedelta-un-ciclo-di-concerti-analogici-dedicati-al-nastro-magnetico-come-simbolo-di-ribellione\/\",\"name\":\"\\\"Bassa Fedelt\u00e0\\\" un ciclo di concerti analogici dedicati al nastro magnetico come simbolo di ribellione - intoscana\",\"isPartOf\":{\"@id\":\"https:\/\/www.intoscana.it\/it\/#website\"},\"primaryImageOfPage\":{\"@id\":\"https:\/\/www.intoscana.it\/it\/bassa-fedelta-un-ciclo-di-concerti-analogici-dedicati-al-nastro-magnetico-come-simbolo-di-ribellione\/#primaryimage\"},\"image\":{\"@id\":\"https:\/\/www.intoscana.it\/it\/bassa-fedelta-un-ciclo-di-concerti-analogici-dedicati-al-nastro-magnetico-come-simbolo-di-ribellione\/#primaryimage\"},\"thumbnailUrl\":\"https:\/\/www.intoscana.it\/wp-content\/uploads\/IMG_1200-e1714482578941.jpg\",\"datePublished\":\"2024-04-30T13:09:42+00:00\",\"dateModified\":\"2024-04-30T13:22:05+00:00\",\"author\":{\"@id\":\"https:\/\/www.intoscana.it\/it\/#\/schema\/person\/d469f35f09739bdf00bf5dd3f0647a82\"},\"description\":\"\\\"Bassa Fedelt\u00e0\\\" un ciclo di concerti analogici dedicati al nastro magnetico come simbolo di ribellione al via domenica 5 maggio a Firenze\",\"breadcrumb\":{\"@id\":\"https:\/\/www.intoscana.it\/it\/bassa-fedelta-un-ciclo-di-concerti-analogici-dedicati-al-nastro-magnetico-come-simbolo-di-ribellione\/#breadcrumb\"},\"inLanguage\":\"it-IT\",\"potentialAction\":[{\"@type\":\"ReadAction\",\"target\":[\"https:\/\/www.intoscana.it\/it\/bassa-fedelta-un-ciclo-di-concerti-analogici-dedicati-al-nastro-magnetico-come-simbolo-di-ribellione\/\"]}]},{\"@type\":\"ImageObject\",\"inLanguage\":\"it-IT\",\"@id\":\"https:\/\/www.intoscana.it\/it\/bassa-fedelta-un-ciclo-di-concerti-analogici-dedicati-al-nastro-magnetico-come-simbolo-di-ribellione\/#primaryimage\",\"url\":\"https:\/\/www.intoscana.it\/wp-content\/uploads\/IMG_1200-e1714482578941.jpg\",\"contentUrl\":\"https:\/\/www.intoscana.it\/wp-content\/uploads\/IMG_1200-e1714482578941.jpg\",\"width\":1101,\"height\":774,\"caption\":\"Bassa Fedelt\u00e0 2024\"},{\"@type\":\"BreadcrumbList\",\"@id\":\"https:\/\/www.intoscana.it\/it\/bassa-fedelta-un-ciclo-di-concerti-analogici-dedicati-al-nastro-magnetico-come-simbolo-di-ribellione\/#breadcrumb\",\"itemListElement\":[{\"@type\":\"ListItem\",\"position\":1,\"name\":\"Home\",\"item\":\"https:\/\/www.intoscana.it\/it\/\"},{\"@type\":\"ListItem\",\"position\":2,\"name\":\"&#8220;Bassa Fedelt\u00e0&#8221; un ciclo di concerti analogici dedicati al nastro magnetico come simbolo di ribellione\"}]},{\"@type\":\"WebSite\",\"@id\":\"https:\/\/www.intoscana.it\/it\/#website\",\"url\":\"https:\/\/www.intoscana.it\/it\/\",\"name\":\"intoscana\",\"description\":\"\",\"potentialAction\":[{\"@type\":\"SearchAction\",\"target\":{\"@type\":\"EntryPoint\",\"urlTemplate\":\"https:\/\/www.intoscana.it\/it\/?s={search_term_string}\"},\"query-input\":{\"@type\":\"PropertyValueSpecification\",\"valueRequired\":true,\"valueName\":\"search_term_string\"}}],\"inLanguage\":\"it-IT\"},{\"@type\":\"Person\",\"@id\":\"https:\/\/www.intoscana.it\/it\/#\/schema\/person\/d469f35f09739bdf00bf5dd3f0647a82\",\"name\":\"Costanza Baldini\",\"url\":\"https:\/\/www.intoscana.it\/it\/author\/costanza-baldini\/\"}]}<\/script>\n<!-- \/ Yoast SEO Premium plugin. -->","yoast_head_json":{"title":"\"Bassa Fedelt\u00e0\" un ciclo di concerti analogici dedicati al nastro magnetico come simbolo di ribellione - intoscana","description":"\"Bassa Fedelt\u00e0\" un ciclo di concerti analogici dedicati al nastro magnetico come simbolo di ribellione al via domenica 5 maggio a Firenze","robots":{"index":"index","follow":"follow","max-snippet":"max-snippet:-1","max-image-preview":"max-image-preview:large","max-video-preview":"max-video-preview:-1"},"canonical":"https:\/\/www.intoscana.it\/it\/bassa-fedelta-un-ciclo-di-concerti-analogici-dedicati-al-nastro-magnetico-come-simbolo-di-ribellione\/","og_locale":"it_IT","og_type":"article","og_title":"\"Bassa Fedelt\u00e0\" un ciclo di concerti analogici dedicati al nastro magnetico come simbolo di ribellione","og_description":"\"Bassa Fedelt\u00e0\" un ciclo di concerti analogici dedicati al nastro magnetico come simbolo di ribellione al via domenica 5 maggio a Firenze","og_url":"https:\/\/www.intoscana.it\/it\/bassa-fedelta-un-ciclo-di-concerti-analogici-dedicati-al-nastro-magnetico-come-simbolo-di-ribellione\/","og_site_name":"intoscana","article_publisher":"https:\/\/www.facebook.com\/intoscana.it","article_published_time":"2024-04-30T13:09:42+00:00","article_modified_time":"2024-04-30T13:22:05+00:00","og_image":[{"width":1101,"height":774,"url":"https:\/\/www.intoscana.it\/wp-content\/uploads\/IMG_1200-e1714482578941.jpg","type":"image\/jpeg"}],"author":"Costanza Baldini","twitter_card":"summary_large_image","twitter_creator":"@intoscana","twitter_site":"@intoscana","twitter_misc":{"Written by":"Costanza Baldini","Est. reading time":"7 minuti"},"schema":{"@context":"https:\/\/schema.org","@graph":[{"@type":"WebPage","@id":"https:\/\/www.intoscana.it\/it\/bassa-fedelta-un-ciclo-di-concerti-analogici-dedicati-al-nastro-magnetico-come-simbolo-di-ribellione\/","url":"https:\/\/www.intoscana.it\/it\/bassa-fedelta-un-ciclo-di-concerti-analogici-dedicati-al-nastro-magnetico-come-simbolo-di-ribellione\/","name":"\"Bassa Fedelt\u00e0\" un ciclo di concerti analogici dedicati al nastro magnetico come simbolo di ribellione - intoscana","isPartOf":{"@id":"https:\/\/www.intoscana.it\/it\/#website"},"primaryImageOfPage":{"@id":"https:\/\/www.intoscana.it\/it\/bassa-fedelta-un-ciclo-di-concerti-analogici-dedicati-al-nastro-magnetico-come-simbolo-di-ribellione\/#primaryimage"},"image":{"@id":"https:\/\/www.intoscana.it\/it\/bassa-fedelta-un-ciclo-di-concerti-analogici-dedicati-al-nastro-magnetico-come-simbolo-di-ribellione\/#primaryimage"},"thumbnailUrl":"https:\/\/www.intoscana.it\/wp-content\/uploads\/IMG_1200-e1714482578941.jpg","datePublished":"2024-04-30T13:09:42+00:00","dateModified":"2024-04-30T13:22:05+00:00","author":{"@id":"https:\/\/www.intoscana.it\/it\/#\/schema\/person\/d469f35f09739bdf00bf5dd3f0647a82"},"description":"\"Bassa Fedelt\u00e0\" un ciclo di concerti analogici dedicati al nastro magnetico come simbolo di ribellione al via domenica 5 maggio a Firenze","breadcrumb":{"@id":"https:\/\/www.intoscana.it\/it\/bassa-fedelta-un-ciclo-di-concerti-analogici-dedicati-al-nastro-magnetico-come-simbolo-di-ribellione\/#breadcrumb"},"inLanguage":"it-IT","potentialAction":[{"@type":"ReadAction","target":["https:\/\/www.intoscana.it\/it\/bassa-fedelta-un-ciclo-di-concerti-analogici-dedicati-al-nastro-magnetico-come-simbolo-di-ribellione\/"]}]},{"@type":"ImageObject","inLanguage":"it-IT","@id":"https:\/\/www.intoscana.it\/it\/bassa-fedelta-un-ciclo-di-concerti-analogici-dedicati-al-nastro-magnetico-come-simbolo-di-ribellione\/#primaryimage","url":"https:\/\/www.intoscana.it\/wp-content\/uploads\/IMG_1200-e1714482578941.jpg","contentUrl":"https:\/\/www.intoscana.it\/wp-content\/uploads\/IMG_1200-e1714482578941.jpg","width":1101,"height":774,"caption":"Bassa Fedelt\u00e0 2024"},{"@type":"BreadcrumbList","@id":"https:\/\/www.intoscana.it\/it\/bassa-fedelta-un-ciclo-di-concerti-analogici-dedicati-al-nastro-magnetico-come-simbolo-di-ribellione\/#breadcrumb","itemListElement":[{"@type":"ListItem","position":1,"name":"Home","item":"https:\/\/www.intoscana.it\/it\/"},{"@type":"ListItem","position":2,"name":"&#8220;Bassa Fedelt\u00e0&#8221; un ciclo di concerti analogici dedicati al nastro magnetico come simbolo di ribellione"}]},{"@type":"WebSite","@id":"https:\/\/www.intoscana.it\/it\/#website","url":"https:\/\/www.intoscana.it\/it\/","name":"intoscana","description":"","potentialAction":[{"@type":"SearchAction","target":{"@type":"EntryPoint","urlTemplate":"https:\/\/www.intoscana.it\/it\/?s={search_term_string}"},"query-input":{"@type":"PropertyValueSpecification","valueRequired":true,"valueName":"search_term_string"}}],"inLanguage":"it-IT"},{"@type":"Person","@id":"https:\/\/www.intoscana.it\/it\/#\/schema\/person\/d469f35f09739bdf00bf5dd3f0647a82","name":"Costanza Baldini","url":"https:\/\/www.intoscana.it\/it\/author\/costanza-baldini\/"}]}},"_links":{"self":[{"href":"https:\/\/www.intoscana.it\/it\/wp-json\/wp\/v2\/posts\/338210","targetHints":{"allow":["GET"]}}],"collection":[{"href":"https:\/\/www.intoscana.it\/it\/wp-json\/wp\/v2\/posts"}],"about":[{"href":"https:\/\/www.intoscana.it\/it\/wp-json\/wp\/v2\/types\/post"}],"author":[{"embeddable":true,"href":"https:\/\/www.intoscana.it\/it\/wp-json\/wp\/v2\/users\/518"}],"replies":[{"embeddable":true,"href":"https:\/\/www.intoscana.it\/it\/wp-json\/wp\/v2\/comments?post=338210"}],"version-history":[{"count":15,"href":"https:\/\/www.intoscana.it\/it\/wp-json\/wp\/v2\/posts\/338210\/revisions"}],"predecessor-version":[{"id":338315,"href":"https:\/\/www.intoscana.it\/it\/wp-json\/wp\/v2\/posts\/338210\/revisions\/338315"}],"wp:featuredmedia":[{"embeddable":true,"href":"https:\/\/www.intoscana.it\/it\/wp-json\/wp\/v2\/media\/338007"}],"wp:attachment":[{"href":"https:\/\/www.intoscana.it\/it\/wp-json\/wp\/v2\/media?parent=338210"}],"wp:term":[{"taxonomy":"category","embeddable":true,"href":"https:\/\/www.intoscana.it\/it\/wp-json\/wp\/v2\/categories?post=338210"},{"taxonomy":"post_tag","embeddable":true,"href":"https:\/\/www.intoscana.it\/it\/wp-json\/wp\/v2\/tags?post=338210"}],"curies":[{"name":"wp","href":"https:\/\/api.w.org\/{rel}","templated":true}]}}