{"id":338523,"date":"2024-05-02T13:02:56","date_gmt":"2024-05-02T11:02:56","guid":{"rendered":"https:\/\/www.intoscana.it\/it\/?p=338523"},"modified":"2024-05-02T13:02:56","modified_gmt":"2024-05-02T11:02:56","slug":"i-vignaioli-di-riparbella-si-presentano-allevento-pisani-piu-schietti","status":"publish","type":"post","link":"https:\/\/www.intoscana.it\/it\/i-vignaioli-di-riparbella-si-presentano-allevento-pisani-piu-schietti\/","title":{"rendered":"I Vignaioli di Riparbella si presentano all&#8217;evento &#8220;Pisani pi\u00f9 schietti&#8221;"},"content":{"rendered":"<p>Domenica 5 maggio, agli <strong>Arsenali Repubblicani di Pisa<\/strong>, l\u2019Associazione <strong>Vignaioli delle Colline di Riparbella<\/strong>, il gruppo di aziende dell\u2019alta Maremma unito per promuovere un territorio unico a livello vitivinicolo sar\u00e0 protagonista di \u201c<em>Pisani pi\u00f9 Schietti<\/em>\u201d.<\/p>\n<p>La manifestazione enogastronomica promossa da <strong>Fisar<\/strong> \u00e8 giunta alla<strong> XXIV edizione<\/strong>. La neonata associazione porter\u00e0 le <strong>otto aziende di Riparbella<\/strong> e i relativi vini alla ribalta \u201cin casa\u201d con un <strong>banco d\u2019assaggio<\/strong> dal quale partir\u00e0 anche il messaggio di questo gruppo di viticoltori appassionati del loro territorio.<\/p>\n<p>\u201c<em>L\u2019obiettivo dell&#8217;associazione \u00e8 mettere in atto un\u2019azione collettiva efficace di promozione e comunicazione del territorio e delle produzioni di qualit\u00e0 delle aziende vitivinicole delle colline del Comune di Riparbella e zone limitrofe e per valorizzare in maniera collettiva l\u2019immagine e la rappresentativit\u00e0 del terroir vitivinicolo nel suo complesso, per la prima volta dalla nostra nascita lo faremo nella citt\u00e0 pi\u00f9 vicina alla nostra realt\u00e0<\/em>\u201d, spiega il presidente, l\u2019avvocato <strong>Flavio Nuti<\/strong>, amministratore del <strong>Podere la Regola<\/strong>.<\/p>\n<h3>I &#8220;Pisani pi\u00f9 Schietti&#8221; in mostra<\/h3>\n<p>I &#8220;<em>Pisani pi\u00f9 Schietti<\/em>&#8221; \u00e8 un evento che riesce a riunire <strong>produttori<\/strong> locali, <strong>ristoratori, sommelier<\/strong> e <strong>appassionati<\/strong> del buon vino del territorio. Durante la manifestazione, i partecipanti possono gustare una variet\u00e0 di vini pregiati provenienti dalle cantine della provincia, con l\u2019opportunit\u00e0 di esplorare la cultura e la storia di Pisa attraverso i sapori locali.<\/p>\n<p>L\u2019evento si svolger\u00e0 negli<strong> Arsenali Repubblicani<\/strong> di Pisa, domenica 5 maggio dalle 12 alle 20. Con circa <strong>40 cantine<\/strong> quest&#8217;anno in degustazione, oltre ai consorzi e ad aziende che vendono prodotti alimentari. &#8220;<em>I Pisani pi\u00f9 schietti<\/em>&#8221; \u00e8 molto pi\u00f9 di un semplice evento enogastronomico: \u00e8 un\u2019occasione per immergersi nella cultura locale, incontrare appassionati e produttori e scoprire il fascino di Pisa attraverso il cibo e il vino.<\/p>\n<h3>I Vignaioli delle colline di Riparbella<\/h3>\n<p>L\u2019Associazione <strong>Vignaioli delle Colline di Riparbella<\/strong> \u00e8 nata grazie all\u2019intento di <strong>otto aziende<\/strong>: <mark>Podere La Regola, Duemani, Tenuta Pakravan Papi, Colline Albelle, Tenuta Prima Pietra, Urlari, Caiarossa e La Cava<\/mark>.<\/p>\n<p>Tutte realt\u00e0 che insieme rappresentano <strong>oltre 150 ettari di vigneti<\/strong>, con <strong>una produzione<\/strong> complessiva di vini di eccellenza riconosciuta a livello nazionale e internazionale che sfiora le <strong>500mila bottiglie<\/strong>. Le imprese si trovano all\u2019interno dei confini del territorio comunale di Riparbella e zone limitrofe.<\/p>\n<p>Tra gli obiettivi dell&#8217;associazione promuovere la <strong>forte specificit\u00e0 e identit\u00e0<\/strong> del \u201cterroir \u201ddella zona, in cui tutte le realt\u00e0 aderenti si riconoscono, attraverso un\u2019azione collettiva efficace di promozione e comunicazione condivisa.<\/p>\n","protected":false},"excerpt":{"rendered":"<p>Per l&#8217;associazione che riunisce otto cantine l&#8217;occasione di far conoscere domenica 5 maggio agli Arsenali Repubblicani la cultura enoica del territorio<\/p>\n","protected":false},"author":525,"featured_media":338526,"comment_status":"open","ping_status":"open","sticky":false,"template":"","format":"standard","meta":{"_acf_changed":false,"footnotes":""},"categories":[8],"tags":[3557,5604],"class_list":["post-338523","post","type-post","status-publish","format-standard","has-post-thumbnail","hentry","category-enogastronomia","tag-aziende-vinicole","tag-vini-toscani"],"acf":[],"yoast_head":"<!-- This site is optimized with the Yoast SEO Premium plugin v24.2 (Yoast SEO v25.6) - https:\/\/yoast.com\/wordpress\/plugins\/seo\/ -->\n<title>I Vignaioli di Riparbella si presentano all&#039;evento &quot;Pisani pi\u00f9 schietti&quot; - intoscana<\/title>\n<meta name=\"description\" content=\"Per l&#039;associazione che riunisce otto cantine l&#039;occasione di far conoscere domenica 5 maggio agli Arsenali Repubblicani la cultura enoica\" \/>\n<meta name=\"robots\" content=\"index, follow, max-snippet:-1, max-image-preview:large, max-video-preview:-1\" \/>\n<link rel=\"canonical\" href=\"https:\/\/www.intoscana.it\/it\/i-vignaioli-di-riparbella-si-presentano-allevento-pisani-piu-schietti\/\" \/>\n<meta property=\"og:locale\" content=\"it_IT\" \/>\n<meta property=\"og:type\" content=\"article\" \/>\n<meta property=\"og:title\" content=\"I Vignaioli di Riparbella si presentano all&#039;evento &quot;Pisani pi\u00f9 schietti&quot;\" \/>\n<meta property=\"og:description\" content=\"Per l&#039;associazione che riunisce otto cantine l&#039;occasione di far conoscere domenica 5 maggio agli Arsenali Repubblicani la cultura enoica\" \/>\n<meta property=\"og:url\" content=\"https:\/\/www.intoscana.it\/it\/i-vignaioli-di-riparbella-si-presentano-allevento-pisani-piu-schietti\/\" \/>\n<meta property=\"og:site_name\" content=\"intoscana\" \/>\n<meta property=\"article:publisher\" content=\"https:\/\/www.facebook.com\/intoscana.it\" \/>\n<meta property=\"article:published_time\" content=\"2024-05-02T11:02:56+00:00\" \/>\n<meta property=\"og:image\" content=\"https:\/\/www.intoscana.it\/wp-content\/uploads\/Lassociazione-Vignaioli-delle-colline-di-Riparbella.jpeg\" \/>\n\t<meta property=\"og:image:width\" content=\"2048\" \/>\n\t<meta property=\"og:image:height\" content=\"1365\" \/>\n\t<meta property=\"og:image:type\" content=\"image\/jpeg\" \/>\n<meta name=\"author\" content=\"Redazione\" \/>\n<meta name=\"twitter:card\" content=\"summary_large_image\" \/>\n<meta name=\"twitter:creator\" content=\"@intoscana\" \/>\n<meta name=\"twitter:site\" content=\"@intoscana\" \/>\n<meta name=\"twitter:label1\" content=\"Written by\" \/>\n\t<meta name=\"twitter:data1\" content=\"Redazione\" \/>\n\t<meta name=\"twitter:label2\" content=\"Est. reading time\" \/>\n\t<meta name=\"twitter:data2\" content=\"3 minuti\" \/>\n<script type=\"application\/ld+json\" class=\"yoast-schema-graph\">{\"@context\":\"https:\/\/schema.org\",\"@graph\":[{\"@type\":\"WebPage\",\"@id\":\"https:\/\/www.intoscana.it\/it\/i-vignaioli-di-riparbella-si-presentano-allevento-pisani-piu-schietti\/\",\"url\":\"https:\/\/www.intoscana.it\/it\/i-vignaioli-di-riparbella-si-presentano-allevento-pisani-piu-schietti\/\",\"name\":\"I Vignaioli di Riparbella si presentano all'evento \\\"Pisani pi\u00f9 schietti\\\" - intoscana\",\"isPartOf\":{\"@id\":\"https:\/\/www.intoscana.it\/it\/#website\"},\"primaryImageOfPage\":{\"@id\":\"https:\/\/www.intoscana.it\/it\/i-vignaioli-di-riparbella-si-presentano-allevento-pisani-piu-schietti\/#primaryimage\"},\"image\":{\"@id\":\"https:\/\/www.intoscana.it\/it\/i-vignaioli-di-riparbella-si-presentano-allevento-pisani-piu-schietti\/#primaryimage\"},\"thumbnailUrl\":\"https:\/\/www.intoscana.it\/wp-content\/uploads\/Lassociazione-Vignaioli-delle-colline-di-Riparbella.jpeg\",\"datePublished\":\"2024-05-02T11:02:56+00:00\",\"author\":{\"@id\":\"https:\/\/www.intoscana.it\/it\/#\/schema\/person\/9223810753230f20bd670fdd322661f8\"},\"description\":\"Per l'associazione che riunisce otto cantine l'occasione di far conoscere domenica 5 maggio agli Arsenali Repubblicani la cultura enoica\",\"breadcrumb\":{\"@id\":\"https:\/\/www.intoscana.it\/it\/i-vignaioli-di-riparbella-si-presentano-allevento-pisani-piu-schietti\/#breadcrumb\"},\"inLanguage\":\"it-IT\",\"potentialAction\":[{\"@type\":\"ReadAction\",\"target\":[\"https:\/\/www.intoscana.it\/it\/i-vignaioli-di-riparbella-si-presentano-allevento-pisani-piu-schietti\/\"]}]},{\"@type\":\"ImageObject\",\"inLanguage\":\"it-IT\",\"@id\":\"https:\/\/www.intoscana.it\/it\/i-vignaioli-di-riparbella-si-presentano-allevento-pisani-piu-schietti\/#primaryimage\",\"url\":\"https:\/\/www.intoscana.it\/wp-content\/uploads\/Lassociazione-Vignaioli-delle-colline-di-Riparbella.jpeg\",\"contentUrl\":\"https:\/\/www.intoscana.it\/wp-content\/uploads\/Lassociazione-Vignaioli-delle-colline-di-Riparbella.jpeg\",\"width\":2048,\"height\":1365},{\"@type\":\"BreadcrumbList\",\"@id\":\"https:\/\/www.intoscana.it\/it\/i-vignaioli-di-riparbella-si-presentano-allevento-pisani-piu-schietti\/#breadcrumb\",\"itemListElement\":[{\"@type\":\"ListItem\",\"position\":1,\"name\":\"Home\",\"item\":\"https:\/\/www.intoscana.it\/it\/\"},{\"@type\":\"ListItem\",\"position\":2,\"name\":\"I Vignaioli di Riparbella si presentano all&#8217;evento &#8220;Pisani pi\u00f9 schietti&#8221;\"}]},{\"@type\":\"WebSite\",\"@id\":\"https:\/\/www.intoscana.it\/it\/#website\",\"url\":\"https:\/\/www.intoscana.it\/it\/\",\"name\":\"intoscana\",\"description\":\"\",\"potentialAction\":[{\"@type\":\"SearchAction\",\"target\":{\"@type\":\"EntryPoint\",\"urlTemplate\":\"https:\/\/www.intoscana.it\/it\/?s={search_term_string}\"},\"query-input\":{\"@type\":\"PropertyValueSpecification\",\"valueRequired\":true,\"valueName\":\"search_term_string\"}}],\"inLanguage\":\"it-IT\"},{\"@type\":\"Person\",\"@id\":\"https:\/\/www.intoscana.it\/it\/#\/schema\/person\/9223810753230f20bd670fdd322661f8\",\"name\":\"Redazione\",\"url\":\"https:\/\/www.intoscana.it\/it\/author\/redazione\/\"}]}<\/script>\n<!-- \/ Yoast SEO Premium plugin. -->","yoast_head_json":{"title":"I Vignaioli di Riparbella si presentano all'evento \"Pisani pi\u00f9 schietti\" - intoscana","description":"Per l'associazione che riunisce otto cantine l'occasione di far conoscere domenica 5 maggio agli Arsenali Repubblicani la cultura enoica","robots":{"index":"index","follow":"follow","max-snippet":"max-snippet:-1","max-image-preview":"max-image-preview:large","max-video-preview":"max-video-preview:-1"},"canonical":"https:\/\/www.intoscana.it\/it\/i-vignaioli-di-riparbella-si-presentano-allevento-pisani-piu-schietti\/","og_locale":"it_IT","og_type":"article","og_title":"I Vignaioli di Riparbella si presentano all'evento \"Pisani pi\u00f9 schietti\"","og_description":"Per l'associazione che riunisce otto cantine l'occasione di far conoscere domenica 5 maggio agli Arsenali Repubblicani la cultura enoica","og_url":"https:\/\/www.intoscana.it\/it\/i-vignaioli-di-riparbella-si-presentano-allevento-pisani-piu-schietti\/","og_site_name":"intoscana","article_publisher":"https:\/\/www.facebook.com\/intoscana.it","article_published_time":"2024-05-02T11:02:56+00:00","og_image":[{"width":2048,"height":1365,"url":"https:\/\/www.intoscana.it\/wp-content\/uploads\/Lassociazione-Vignaioli-delle-colline-di-Riparbella.jpeg","type":"image\/jpeg"}],"author":"Redazione","twitter_card":"summary_large_image","twitter_creator":"@intoscana","twitter_site":"@intoscana","twitter_misc":{"Written by":"Redazione","Est. reading time":"3 minuti"},"schema":{"@context":"https:\/\/schema.org","@graph":[{"@type":"WebPage","@id":"https:\/\/www.intoscana.it\/it\/i-vignaioli-di-riparbella-si-presentano-allevento-pisani-piu-schietti\/","url":"https:\/\/www.intoscana.it\/it\/i-vignaioli-di-riparbella-si-presentano-allevento-pisani-piu-schietti\/","name":"I Vignaioli di Riparbella si presentano all'evento \"Pisani pi\u00f9 schietti\" - intoscana","isPartOf":{"@id":"https:\/\/www.intoscana.it\/it\/#website"},"primaryImageOfPage":{"@id":"https:\/\/www.intoscana.it\/it\/i-vignaioli-di-riparbella-si-presentano-allevento-pisani-piu-schietti\/#primaryimage"},"image":{"@id":"https:\/\/www.intoscana.it\/it\/i-vignaioli-di-riparbella-si-presentano-allevento-pisani-piu-schietti\/#primaryimage"},"thumbnailUrl":"https:\/\/www.intoscana.it\/wp-content\/uploads\/Lassociazione-Vignaioli-delle-colline-di-Riparbella.jpeg","datePublished":"2024-05-02T11:02:56+00:00","author":{"@id":"https:\/\/www.intoscana.it\/it\/#\/schema\/person\/9223810753230f20bd670fdd322661f8"},"description":"Per l'associazione che riunisce otto cantine l'occasione di far conoscere domenica 5 maggio agli Arsenali Repubblicani la cultura enoica","breadcrumb":{"@id":"https:\/\/www.intoscana.it\/it\/i-vignaioli-di-riparbella-si-presentano-allevento-pisani-piu-schietti\/#breadcrumb"},"inLanguage":"it-IT","potentialAction":[{"@type":"ReadAction","target":["https:\/\/www.intoscana.it\/it\/i-vignaioli-di-riparbella-si-presentano-allevento-pisani-piu-schietti\/"]}]},{"@type":"ImageObject","inLanguage":"it-IT","@id":"https:\/\/www.intoscana.it\/it\/i-vignaioli-di-riparbella-si-presentano-allevento-pisani-piu-schietti\/#primaryimage","url":"https:\/\/www.intoscana.it\/wp-content\/uploads\/Lassociazione-Vignaioli-delle-colline-di-Riparbella.jpeg","contentUrl":"https:\/\/www.intoscana.it\/wp-content\/uploads\/Lassociazione-Vignaioli-delle-colline-di-Riparbella.jpeg","width":2048,"height":1365},{"@type":"BreadcrumbList","@id":"https:\/\/www.intoscana.it\/it\/i-vignaioli-di-riparbella-si-presentano-allevento-pisani-piu-schietti\/#breadcrumb","itemListElement":[{"@type":"ListItem","position":1,"name":"Home","item":"https:\/\/www.intoscana.it\/it\/"},{"@type":"ListItem","position":2,"name":"I Vignaioli di Riparbella si presentano all&#8217;evento &#8220;Pisani pi\u00f9 schietti&#8221;"}]},{"@type":"WebSite","@id":"https:\/\/www.intoscana.it\/it\/#website","url":"https:\/\/www.intoscana.it\/it\/","name":"intoscana","description":"","potentialAction":[{"@type":"SearchAction","target":{"@type":"EntryPoint","urlTemplate":"https:\/\/www.intoscana.it\/it\/?s={search_term_string}"},"query-input":{"@type":"PropertyValueSpecification","valueRequired":true,"valueName":"search_term_string"}}],"inLanguage":"it-IT"},{"@type":"Person","@id":"https:\/\/www.intoscana.it\/it\/#\/schema\/person\/9223810753230f20bd670fdd322661f8","name":"Redazione","url":"https:\/\/www.intoscana.it\/it\/author\/redazione\/"}]}},"_links":{"self":[{"href":"https:\/\/www.intoscana.it\/it\/wp-json\/wp\/v2\/posts\/338523","targetHints":{"allow":["GET"]}}],"collection":[{"href":"https:\/\/www.intoscana.it\/it\/wp-json\/wp\/v2\/posts"}],"about":[{"href":"https:\/\/www.intoscana.it\/it\/wp-json\/wp\/v2\/types\/post"}],"author":[{"embeddable":true,"href":"https:\/\/www.intoscana.it\/it\/wp-json\/wp\/v2\/users\/525"}],"replies":[{"embeddable":true,"href":"https:\/\/www.intoscana.it\/it\/wp-json\/wp\/v2\/comments?post=338523"}],"version-history":[{"count":6,"href":"https:\/\/www.intoscana.it\/it\/wp-json\/wp\/v2\/posts\/338523\/revisions"}],"predecessor-version":[{"id":338532,"href":"https:\/\/www.intoscana.it\/it\/wp-json\/wp\/v2\/posts\/338523\/revisions\/338532"}],"wp:featuredmedia":[{"embeddable":true,"href":"https:\/\/www.intoscana.it\/it\/wp-json\/wp\/v2\/media\/338526"}],"wp:attachment":[{"href":"https:\/\/www.intoscana.it\/it\/wp-json\/wp\/v2\/media?parent=338523"}],"wp:term":[{"taxonomy":"category","embeddable":true,"href":"https:\/\/www.intoscana.it\/it\/wp-json\/wp\/v2\/categories?post=338523"},{"taxonomy":"post_tag","embeddable":true,"href":"https:\/\/www.intoscana.it\/it\/wp-json\/wp\/v2\/tags?post=338523"}],"curies":[{"name":"wp","href":"https:\/\/api.w.org\/{rel}","templated":true}]}}