{"id":338797,"date":"2024-05-03T18:40:00","date_gmt":"2024-05-03T16:40:00","guid":{"rendered":"https:\/\/www.intoscana.it\/it\/?p=338797"},"modified":"2024-05-03T18:40:00","modified_gmt":"2024-05-03T16:40:00","slug":"giro-ditalia-a-lucca-i-grandi-del-ciclismo-in-mostra-nelle-opere-di-karl-kopinski","status":"publish","type":"post","link":"https:\/\/www.intoscana.it\/it\/giro-ditalia-a-lucca-i-grandi-del-ciclismo-in-mostra-nelle-opere-di-karl-kopinski\/","title":{"rendered":"Giro d&#8217;Italia a Lucca, i grandi del ciclismo in mostra nelle opere di Karl Kopinski"},"content":{"rendered":"<p>Dopo 39 anni, il <strong>Giro d&#8217;Italia<\/strong> torner\u00e0 a Lucca: <mark>la quinta tappa \u00e8 attesa l&#8217;8 maggio e per celebrare questo avvenimento si \u00e8 messa in moto la macchina di Lucca Crea con Lucca Comics &amp; Games, in collaborazione con il Comune.<\/mark> Tra gli avvenimenti pi\u00f9 attesi, la mostra inaugurata venerd\u00ec 3 maggio di <strong>Karl Kopinski<\/strong>, &#8220;Wearing the Pink\u201d, dedicata ai grandi eroi del ciclismo.<\/p>\n<p>Nelle opere dell&#8217;artista inglese di fama internazionale &#8211; nominato anche al BP Portrait Award e ideatore del poster 2015 di Lucca Comics &amp; Games &#8211; ci sono <mark>Gino Bartali, Fausto Coppi, Francesco Moser, Marco Pantani, Eddy Merckx e campioni contemporanei come Mark Cavendish, Bob Jungels, Bradley Wiggins e Tadej Poga\u010dar.<\/mark><\/p>\n<p>&nbsp;<\/p>\n<figure id=\"post-338803 media-338803\" class=\"align-none\"><img decoding=\"async\" src=\"https:\/\/www.intoscana.it\/wp-content\/uploads\/WhatsApp-Image-2024-05-03-at-17.35.33.jpeg\" alt=\"\" \/><\/figure>\n<div class=\"titleimg\">Karl Kopinski<\/div>\n<p>Per l&#8217;occasione, <strong>Ubaldo Pantani<\/strong>, attore, comico e imitatore,\u00a0 con la cantante Felicity Lucchesi hanno presentato in anteprima nazionale un breve estratto dello spettacolo \u201cBartali\u201d che debutter\u00e0 a Firenze il 27 giugno in occasione della partenza del <strong>Tour de France<\/strong> dal capoluogo toscano.<\/p>\n<h3><em>Il firmacopie di Kopinski e le grandi biglie nelle piazze<\/em><\/h3>\n<p>La mostra, ospitata nella chiesa di San Franceschetto, sar\u00e0 visitabile a ingresso gratuito fino al\u00a0 12 maggio (orari: da luned\u00ec a venerd\u00ec 16-19, sabato e domenica 10-13, 16-19; orari speciali dedicati alle scuole); mentre sabato 4 e domenica 5 maggio, dalle 18 alle 19, <mark>Karl Kopinski sar\u00e0 a disposizione per firmare copie del catalogo edito da Cmon, le stampe del poster della mostra, quelle del poster di Lucca Comics &amp; Games 2015, e quelle dedicate al Grog (la mascotte di Lucca Games 30).<\/mark><\/p>\n<figure id=\"post-338801 media-338801\" class=\"align-none\"><img decoding=\"async\" src=\"https:\/\/www.intoscana.it\/wp-content\/uploads\/unnamed-10-13-scaled.jpg\" alt=\"\" \/><\/figure>\n<div class=\"titleimg\">KARL KOPINSKI: WEARING THE PINK<\/div>\n<p>In piazza San Michele, piazzale Verdi, piazza San Francesco e davanti al Caff\u00e8 delle Mura si potranno ammirare le dodici grandi installazioni che riproducono alcune delle opere in mostra: enormi <strong>biglie<\/strong> trasparenti e colorate, alte fino a sei metri, per celebrare lo sport alla maniera di Lucca Comics &amp; Games, richiamando alla memoria i giochi che molti facevano e fanno ancora sulla spiaggia.<\/p>\n<p>&nbsp;<\/p>\n","protected":false},"excerpt":{"rendered":"<p>Dopo 39 anni, la quinta tappa arriver\u00e0 nella citt\u00e0 toscana l&#8217;8 maggio. Un evento eccezionale che verr\u00e0 celebrato alla maniera di Lucca Comics&amp;Game: illustrazioni dei campioni e grandi biglie colorate nelle piazze<\/p>\n","protected":false},"author":525,"featured_media":338804,"comment_status":"open","ping_status":"open","sticky":false,"template":"","format":"standard","meta":{"_acf_changed":false,"footnotes":""},"categories":[493],"tags":[391,5622,170,4539,222,159],"class_list":["post-338797","post","type-post","status-publish","format-standard","has-post-thumbnail","hentry","category-cultura","tag-ciclismo","tag-giro-ditalia","tag-lucca","tag-lucca-comics","tag-mostre","tag-sport"],"acf":[],"yoast_head":"<!-- This site is optimized with the Yoast SEO Premium plugin v24.2 (Yoast SEO v25.6) - https:\/\/yoast.com\/wordpress\/plugins\/seo\/ -->\n<title>Giro d&#039;Italia a Lucca, i grandi del ciclismo in mostra nelle opere di Karl Kopinski - intoscana<\/title>\n<meta name=\"description\" content=\"Dopo 39 anni, la quinta tappa arriver\u00e0 nella citt\u00e0 toscana l&#039;8 maggio. Un evento eccezionale che verr\u00e0 celebrato alla maniera di Lucca Comics&amp;Game: illustrazioni dei campioni e grandi biglie colorate nelle piazze\" \/>\n<meta name=\"robots\" content=\"index, follow, max-snippet:-1, max-image-preview:large, max-video-preview:-1\" \/>\n<link rel=\"canonical\" href=\"https:\/\/www.intoscana.it\/it\/giro-ditalia-a-lucca-i-grandi-del-ciclismo-in-mostra-nelle-opere-di-karl-kopinski\/\" \/>\n<meta property=\"og:locale\" content=\"it_IT\" \/>\n<meta property=\"og:type\" content=\"article\" \/>\n<meta property=\"og:title\" content=\"Giro d&#039;Italia a Lucca, i grandi del ciclismo in mostra nelle opere di Karl Kopinski\" \/>\n<meta property=\"og:description\" content=\"Dopo 39 anni, la quinta tappa arriver\u00e0 nella citt\u00e0 toscana l&#039;8 maggio. Un evento eccezionale che verr\u00e0 celebrato alla maniera di Lucca Comics&amp;Game: illustrazioni dei campioni e grandi biglie colorate nelle piazze\" \/>\n<meta property=\"og:url\" content=\"https:\/\/www.intoscana.it\/it\/giro-ditalia-a-lucca-i-grandi-del-ciclismo-in-mostra-nelle-opere-di-karl-kopinski\/\" \/>\n<meta property=\"og:site_name\" content=\"intoscana\" \/>\n<meta property=\"article:publisher\" content=\"https:\/\/www.facebook.com\/intoscana.it\" \/>\n<meta property=\"article:published_time\" content=\"2024-05-03T16:40:00+00:00\" \/>\n<meta property=\"og:image\" content=\"https:\/\/www.intoscana.it\/wp-content\/uploads\/WhatsApp-Image-2024-05-03-at-17.35.34-1.jpeg\" \/>\n\t<meta property=\"og:image:width\" content=\"1600\" \/>\n\t<meta property=\"og:image:height\" content=\"1138\" \/>\n\t<meta property=\"og:image:type\" content=\"image\/jpeg\" \/>\n<meta name=\"author\" content=\"Redazione\" \/>\n<meta name=\"twitter:card\" content=\"summary_large_image\" \/>\n<meta name=\"twitter:creator\" content=\"@intoscana\" \/>\n<meta name=\"twitter:site\" content=\"@intoscana\" \/>\n<meta name=\"twitter:label1\" content=\"Written by\" \/>\n\t<meta name=\"twitter:data1\" content=\"Redazione\" \/>\n\t<meta name=\"twitter:label2\" content=\"Est. reading time\" \/>\n\t<meta name=\"twitter:data2\" content=\"3 minuti\" \/>\n<script type=\"application\/ld+json\" class=\"yoast-schema-graph\">{\"@context\":\"https:\/\/schema.org\",\"@graph\":[{\"@type\":\"WebPage\",\"@id\":\"https:\/\/www.intoscana.it\/it\/giro-ditalia-a-lucca-i-grandi-del-ciclismo-in-mostra-nelle-opere-di-karl-kopinski\/\",\"url\":\"https:\/\/www.intoscana.it\/it\/giro-ditalia-a-lucca-i-grandi-del-ciclismo-in-mostra-nelle-opere-di-karl-kopinski\/\",\"name\":\"Giro d'Italia a Lucca, i grandi del ciclismo in mostra nelle opere di Karl Kopinski - intoscana\",\"isPartOf\":{\"@id\":\"https:\/\/www.intoscana.it\/it\/#website\"},\"primaryImageOfPage\":{\"@id\":\"https:\/\/www.intoscana.it\/it\/giro-ditalia-a-lucca-i-grandi-del-ciclismo-in-mostra-nelle-opere-di-karl-kopinski\/#primaryimage\"},\"image\":{\"@id\":\"https:\/\/www.intoscana.it\/it\/giro-ditalia-a-lucca-i-grandi-del-ciclismo-in-mostra-nelle-opere-di-karl-kopinski\/#primaryimage\"},\"thumbnailUrl\":\"https:\/\/www.intoscana.it\/wp-content\/uploads\/WhatsApp-Image-2024-05-03-at-17.35.34-1.jpeg\",\"datePublished\":\"2024-05-03T16:40:00+00:00\",\"author\":{\"@id\":\"https:\/\/www.intoscana.it\/it\/#\/schema\/person\/9223810753230f20bd670fdd322661f8\"},\"description\":\"Dopo 39 anni, la quinta tappa arriver\u00e0 nella citt\u00e0 toscana l'8 maggio. Un evento eccezionale che verr\u00e0 celebrato alla maniera di Lucca Comics&Game: illustrazioni dei campioni e grandi biglie colorate nelle piazze\",\"breadcrumb\":{\"@id\":\"https:\/\/www.intoscana.it\/it\/giro-ditalia-a-lucca-i-grandi-del-ciclismo-in-mostra-nelle-opere-di-karl-kopinski\/#breadcrumb\"},\"inLanguage\":\"it-IT\",\"potentialAction\":[{\"@type\":\"ReadAction\",\"target\":[\"https:\/\/www.intoscana.it\/it\/giro-ditalia-a-lucca-i-grandi-del-ciclismo-in-mostra-nelle-opere-di-karl-kopinski\/\"]}]},{\"@type\":\"ImageObject\",\"inLanguage\":\"it-IT\",\"@id\":\"https:\/\/www.intoscana.it\/it\/giro-ditalia-a-lucca-i-grandi-del-ciclismo-in-mostra-nelle-opere-di-karl-kopinski\/#primaryimage\",\"url\":\"https:\/\/www.intoscana.it\/wp-content\/uploads\/WhatsApp-Image-2024-05-03-at-17.35.34-1.jpeg\",\"contentUrl\":\"https:\/\/www.intoscana.it\/wp-content\/uploads\/WhatsApp-Image-2024-05-03-at-17.35.34-1.jpeg\",\"width\":1600,\"height\":1138},{\"@type\":\"BreadcrumbList\",\"@id\":\"https:\/\/www.intoscana.it\/it\/giro-ditalia-a-lucca-i-grandi-del-ciclismo-in-mostra-nelle-opere-di-karl-kopinski\/#breadcrumb\",\"itemListElement\":[{\"@type\":\"ListItem\",\"position\":1,\"name\":\"Home\",\"item\":\"https:\/\/www.intoscana.it\/it\/\"},{\"@type\":\"ListItem\",\"position\":2,\"name\":\"Giro d&#8217;Italia a Lucca, i grandi del ciclismo in mostra nelle opere di Karl Kopinski\"}]},{\"@type\":\"WebSite\",\"@id\":\"https:\/\/www.intoscana.it\/it\/#website\",\"url\":\"https:\/\/www.intoscana.it\/it\/\",\"name\":\"intoscana\",\"description\":\"\",\"potentialAction\":[{\"@type\":\"SearchAction\",\"target\":{\"@type\":\"EntryPoint\",\"urlTemplate\":\"https:\/\/www.intoscana.it\/it\/?s={search_term_string}\"},\"query-input\":{\"@type\":\"PropertyValueSpecification\",\"valueRequired\":true,\"valueName\":\"search_term_string\"}}],\"inLanguage\":\"it-IT\"},{\"@type\":\"Person\",\"@id\":\"https:\/\/www.intoscana.it\/it\/#\/schema\/person\/9223810753230f20bd670fdd322661f8\",\"name\":\"Redazione\",\"url\":\"https:\/\/www.intoscana.it\/it\/author\/redazione\/\"}]}<\/script>\n<!-- \/ Yoast SEO Premium plugin. -->","yoast_head_json":{"title":"Giro d'Italia a Lucca, i grandi del ciclismo in mostra nelle opere di Karl Kopinski - intoscana","description":"Dopo 39 anni, la quinta tappa arriver\u00e0 nella citt\u00e0 toscana l'8 maggio. Un evento eccezionale che verr\u00e0 celebrato alla maniera di Lucca Comics&Game: illustrazioni dei campioni e grandi biglie colorate nelle piazze","robots":{"index":"index","follow":"follow","max-snippet":"max-snippet:-1","max-image-preview":"max-image-preview:large","max-video-preview":"max-video-preview:-1"},"canonical":"https:\/\/www.intoscana.it\/it\/giro-ditalia-a-lucca-i-grandi-del-ciclismo-in-mostra-nelle-opere-di-karl-kopinski\/","og_locale":"it_IT","og_type":"article","og_title":"Giro d'Italia a Lucca, i grandi del ciclismo in mostra nelle opere di Karl Kopinski","og_description":"Dopo 39 anni, la quinta tappa arriver\u00e0 nella citt\u00e0 toscana l'8 maggio. Un evento eccezionale che verr\u00e0 celebrato alla maniera di Lucca Comics&Game: illustrazioni dei campioni e grandi biglie colorate nelle piazze","og_url":"https:\/\/www.intoscana.it\/it\/giro-ditalia-a-lucca-i-grandi-del-ciclismo-in-mostra-nelle-opere-di-karl-kopinski\/","og_site_name":"intoscana","article_publisher":"https:\/\/www.facebook.com\/intoscana.it","article_published_time":"2024-05-03T16:40:00+00:00","og_image":[{"width":1600,"height":1138,"url":"https:\/\/www.intoscana.it\/wp-content\/uploads\/WhatsApp-Image-2024-05-03-at-17.35.34-1.jpeg","type":"image\/jpeg"}],"author":"Redazione","twitter_card":"summary_large_image","twitter_creator":"@intoscana","twitter_site":"@intoscana","twitter_misc":{"Written by":"Redazione","Est. reading time":"3 minuti"},"schema":{"@context":"https:\/\/schema.org","@graph":[{"@type":"WebPage","@id":"https:\/\/www.intoscana.it\/it\/giro-ditalia-a-lucca-i-grandi-del-ciclismo-in-mostra-nelle-opere-di-karl-kopinski\/","url":"https:\/\/www.intoscana.it\/it\/giro-ditalia-a-lucca-i-grandi-del-ciclismo-in-mostra-nelle-opere-di-karl-kopinski\/","name":"Giro d'Italia a Lucca, i grandi del ciclismo in mostra nelle opere di Karl Kopinski - intoscana","isPartOf":{"@id":"https:\/\/www.intoscana.it\/it\/#website"},"primaryImageOfPage":{"@id":"https:\/\/www.intoscana.it\/it\/giro-ditalia-a-lucca-i-grandi-del-ciclismo-in-mostra-nelle-opere-di-karl-kopinski\/#primaryimage"},"image":{"@id":"https:\/\/www.intoscana.it\/it\/giro-ditalia-a-lucca-i-grandi-del-ciclismo-in-mostra-nelle-opere-di-karl-kopinski\/#primaryimage"},"thumbnailUrl":"https:\/\/www.intoscana.it\/wp-content\/uploads\/WhatsApp-Image-2024-05-03-at-17.35.34-1.jpeg","datePublished":"2024-05-03T16:40:00+00:00","author":{"@id":"https:\/\/www.intoscana.it\/it\/#\/schema\/person\/9223810753230f20bd670fdd322661f8"},"description":"Dopo 39 anni, la quinta tappa arriver\u00e0 nella citt\u00e0 toscana l'8 maggio. Un evento eccezionale che verr\u00e0 celebrato alla maniera di Lucca Comics&Game: illustrazioni dei campioni e grandi biglie colorate nelle piazze","breadcrumb":{"@id":"https:\/\/www.intoscana.it\/it\/giro-ditalia-a-lucca-i-grandi-del-ciclismo-in-mostra-nelle-opere-di-karl-kopinski\/#breadcrumb"},"inLanguage":"it-IT","potentialAction":[{"@type":"ReadAction","target":["https:\/\/www.intoscana.it\/it\/giro-ditalia-a-lucca-i-grandi-del-ciclismo-in-mostra-nelle-opere-di-karl-kopinski\/"]}]},{"@type":"ImageObject","inLanguage":"it-IT","@id":"https:\/\/www.intoscana.it\/it\/giro-ditalia-a-lucca-i-grandi-del-ciclismo-in-mostra-nelle-opere-di-karl-kopinski\/#primaryimage","url":"https:\/\/www.intoscana.it\/wp-content\/uploads\/WhatsApp-Image-2024-05-03-at-17.35.34-1.jpeg","contentUrl":"https:\/\/www.intoscana.it\/wp-content\/uploads\/WhatsApp-Image-2024-05-03-at-17.35.34-1.jpeg","width":1600,"height":1138},{"@type":"BreadcrumbList","@id":"https:\/\/www.intoscana.it\/it\/giro-ditalia-a-lucca-i-grandi-del-ciclismo-in-mostra-nelle-opere-di-karl-kopinski\/#breadcrumb","itemListElement":[{"@type":"ListItem","position":1,"name":"Home","item":"https:\/\/www.intoscana.it\/it\/"},{"@type":"ListItem","position":2,"name":"Giro d&#8217;Italia a Lucca, i grandi del ciclismo in mostra nelle opere di Karl Kopinski"}]},{"@type":"WebSite","@id":"https:\/\/www.intoscana.it\/it\/#website","url":"https:\/\/www.intoscana.it\/it\/","name":"intoscana","description":"","potentialAction":[{"@type":"SearchAction","target":{"@type":"EntryPoint","urlTemplate":"https:\/\/www.intoscana.it\/it\/?s={search_term_string}"},"query-input":{"@type":"PropertyValueSpecification","valueRequired":true,"valueName":"search_term_string"}}],"inLanguage":"it-IT"},{"@type":"Person","@id":"https:\/\/www.intoscana.it\/it\/#\/schema\/person\/9223810753230f20bd670fdd322661f8","name":"Redazione","url":"https:\/\/www.intoscana.it\/it\/author\/redazione\/"}]}},"_links":{"self":[{"href":"https:\/\/www.intoscana.it\/it\/wp-json\/wp\/v2\/posts\/338797","targetHints":{"allow":["GET"]}}],"collection":[{"href":"https:\/\/www.intoscana.it\/it\/wp-json\/wp\/v2\/posts"}],"about":[{"href":"https:\/\/www.intoscana.it\/it\/wp-json\/wp\/v2\/types\/post"}],"author":[{"embeddable":true,"href":"https:\/\/www.intoscana.it\/it\/wp-json\/wp\/v2\/users\/525"}],"replies":[{"embeddable":true,"href":"https:\/\/www.intoscana.it\/it\/wp-json\/wp\/v2\/comments?post=338797"}],"version-history":[{"count":6,"href":"https:\/\/www.intoscana.it\/it\/wp-json\/wp\/v2\/posts\/338797\/revisions"}],"predecessor-version":[{"id":338819,"href":"https:\/\/www.intoscana.it\/it\/wp-json\/wp\/v2\/posts\/338797\/revisions\/338819"}],"wp:featuredmedia":[{"embeddable":true,"href":"https:\/\/www.intoscana.it\/it\/wp-json\/wp\/v2\/media\/338804"}],"wp:attachment":[{"href":"https:\/\/www.intoscana.it\/it\/wp-json\/wp\/v2\/media?parent=338797"}],"wp:term":[{"taxonomy":"category","embeddable":true,"href":"https:\/\/www.intoscana.it\/it\/wp-json\/wp\/v2\/categories?post=338797"},{"taxonomy":"post_tag","embeddable":true,"href":"https:\/\/www.intoscana.it\/it\/wp-json\/wp\/v2\/tags?post=338797"}],"curies":[{"name":"wp","href":"https:\/\/api.w.org\/{rel}","templated":true}]}}