{"id":339172,"date":"2024-05-06T18:39:20","date_gmt":"2024-05-06T16:39:20","guid":{"rendered":"https:\/\/www.intoscana.it\/it\/?p=339172"},"modified":"2024-05-06T18:39:20","modified_gmt":"2024-05-06T16:39:20","slug":"economia-le-prospettive-future-del-calcio-tra-crisi-e-rilancio","status":"publish","type":"post","link":"https:\/\/www.intoscana.it\/it\/economia-le-prospettive-future-del-calcio-tra-crisi-e-rilancio\/","title":{"rendered":"Economia, le prospettive future del calcio tra crisi e rilancio"},"content":{"rendered":"<p>&#8220;<em>Non ha molto senso parlare di riforma dei format dei campionati se prima non ci si rende conto chi ha veramente capacit\u00e0 di fare calcio professionistico in futuro<\/em>&#8220;, nel momento attuale in cui &#8220;<em>il sistema interno \u00e8 molto fragile dal punto di vista economico-finanziario<\/em>&#8220;. Lo ha affermato <strong>Umberto Calcagno<\/strong>, presidente dell&#8217;Associazione italiana calciatori, in un videomessaggio inviato al convegno &#8216;<em>Tra crisi e rilancio: la situazione economica del calcio italiano<\/em>&#8216; a Firenze.<\/p>\n<p>&#8220;<em>Il sistema calcistico sta vivendo un&#8217;epoca di grande cambiamenti<\/em> &#8211; ha detto &#8211; <em>e le decisioni che verranno prese in questa fase condizioneranno intere generazioni del calcio, e ci\u00f2 riguarda giocatori, allenatori, societ\u00e0 e piazze. Per tali cambiamenti servir\u00e0 unit\u00e0 di intenti in tutte le componenti federali&#8221;<\/em>. <strong>Calcagno<\/strong> ha ricordato che <em>&#8220;nel corso dell&#8217;ultimo Consiglio federale \u00e8 stato approvato il documento programmatico presentatoci dal presidente Gravina che va nella giusta direzione, un documento che ci far\u00e0 capire chi potr\u00e0 davvero fare calcio in futuro&#8221;.<\/em><\/p>\n<p>Calcagno ha poi aggiunto che &#8220;<em>le sfide che ci attendono sono di natura economico-finanziaria ma anche tecnico-sportiva, e fra queste la sfida di valorizzare tutta la filiera giovanile con i vivai italiani che stanno patendo una crisi come mai hanno attraversato&#8221;<\/em>.<\/p>\n<p>Il presidente della Figc, <strong>Gabriele Gravina<\/strong>, sulla proposta di costituire un&#8217;agenzia governativa per la vigilanza economica e finanziaria delle societ\u00e0 sportive professionistiche ha sottolineato: &#8220;<em>Ci si accorge improvvisamente che da oggi la Covisoc non \u00e8 pi\u00f9 indipendente<\/em> <em>quando la Covisoc storicamente, lo dice la storia e lo dico anche io, ha una funzione assegnata per legge, quella di assicurare che una societ\u00e0 parta e arrivi alla fine del campionato. La Covisoc non ha l&#8217;impegno di incidere sul bilancio per farti migliorare o peggiorare, quella \u00e8 una tua scelta: la Covisoc deve garantire al nostro sistema che tu parta ed arrivi perch\u00e9 non deve alterare il valore dell&#8217;equa competizione&#8221;<\/em>.<\/p>\n<p>Dunque, ha aggiunto Gravina, &#8220;<em>capisco che ci sono modalit\u00e0 diverse per interessarsi anche ad un settore che io ritengo gi\u00e0 oggi per me assolutamente indipendente, formato da professionisti importanti, per\u00f2 ecco, dobbiamo concentrarci insieme su quelle che sono le reali esigenze, quella che \u00e8 la tutela dei reali diritti del mondo del calcio<\/em>&#8220;. Ad esempio, ha concluso, &#8220;<em>\u00e8 assurdo che ci siano delle risoluzioni a livello di Commissione europea che riguardano la tutela del diritto di autore derivanti da scommesse sugli eventi, e non ci sia<\/em>&#8221; in Italia.<\/p>\n<p>&#8220;<em>Il governo e la politica mantengono il calcio? No, il calcio italiano mantiene lo sport italiano&#8221; <\/em>ha ricordato Gabriele Gravina. &#8220;<em>Quando questo mondo tanto bistrattato<\/em> &#8211; ha sottolineato &#8211; <em>paga e versa allo Stato 1,4 miliardi di euro all&#8217;anno, 9,6 miliardi in dieci anni, e riceve 978 milioni di contributi dallo Stato, vuol dire che per ogni euro che il calcio riceve dallo Stato ne restituisce 19,7<\/em>&#8220;. &#8220;<em>L&#8217;ho detto in maniera molto chiara ai miei amici della Federazione e delle leghe -,<\/em> ha aggiunto &#8211; <em>io non andr\u00f2 mai alle autorit\u00e0 di governo per il calcio a fondo perduto, non \u00e8 giusto perch\u00e9 noi siamo un settore industriale che deve sapersi gestire: ma \u00e8 giusto e questo lo far\u00f2 anche difendendo a denti stretti, evidenziando sempre di pi\u00f9 il mio carattere piuttosto tenace, pretendere pari dignit\u00e0 rispetto ad altri settori dell&#8217;economia del nostro Paese&#8221;<\/em>.<\/p>\n<p>Secondo Gravina &#8220;<em>\u00e8 troppo facile fare tutti i convegni enunciando molto spesso il binomio sport e cultura. Lo sport \u00e8 cultura, non \u00e8 una congiunzione, ma un predicato verbale: e non capisco perch\u00e9 all&#8217;interno di alcuni meccanismi di tax credit, che \u00e8 un sacrosanto vanto da parte di un settore importante della cultura come \u00e8 il cinema che conta su un miliardo, un miliardo e mezzo, due, di tax credit, un settore legato anche alla cultura che coinvolge dodici settori merceologici del nostro Paese, che \u00e8 impegnato all&#8217;interno di produzioni di oltre cinque miliardi di euro, perch\u00e9 impatta sull&#8217;economia, sulla salute e sulla parte sociale, non capisco perch\u00e9 di questo non si tenga conto&#8221;.<\/em><\/p>\n<p>&#8220;<em>Molto spesso sento parlare dell&#8217;espressione crescita: &#8216;il mondo del calcio deve crescere&#8217;. Il concetto di crescita applicato al mondo del calcio \u00e8 un concetto completamente sballato<\/em>&#8221; ha aggiunto Gabriele Gravina, presidente della Figc, intervenendo al convegno &#8216;<em>Tra crisi e rilancio: la situazione economica del calcio italiano<\/em>&#8216; a Firenze.<\/p>\n<p>&#8220;<em>Lo dico non perch\u00e9 non dobbiamo aumentare le risorse, ci mancherebbe<\/em> &#8211; ha proseguito <em>-, ma il concetto di crescita \u00e8 un concetto di valore assoluto, mentre noi abbiamo bisogno di un concetto che richieda una valutazione di valore. Pensare che tutto il tema ed il problema delle difficolt\u00e0 finanziarie del nostro mondo, si risolvano con la crescita \u00e8 un errore madornale. Noi dobbiamo ragionare sul concetto dello sviluppo sostenibile&#8221;.<\/em> Dunque, ha concluso Gravina<em>, &#8220;dobbiamo lavorare affinch\u00e9 ci sia nell&#8217;ambito del mondo del calcio uno sviluppo che tenga conto di una crescita che sia sistemica. Se cresce il sistema noi portiamo a casa i migliori risultati possibili. Bisogna ragionare con la logica della filiera, come \u00e8 avvenuto in un modello di cui sento parlare poco che \u00e8 il modello tedesco&#8221;.<\/em><\/p>\n","protected":false},"excerpt":{"rendered":"<p>Per Umberto Calcagno, presidente dell&#8217;Associazione italiana calciatori fondamentale comprendere le fragilit\u00e0 finanziarie del comparto<\/p>\n","protected":false},"author":554,"featured_media":104343,"comment_status":"open","ping_status":"open","sticky":false,"template":"","format":"standard","meta":{"_acf_changed":false,"footnotes":""},"categories":[494],"tags":[290,159],"class_list":["post-339172","post","type-post","status-publish","format-standard","has-post-thumbnail","hentry","category-attualita","tag-calcio","tag-sport"],"acf":[],"yoast_head":"<!-- This site is optimized with the Yoast SEO Premium plugin v24.2 (Yoast SEO v25.6) - https:\/\/yoast.com\/wordpress\/plugins\/seo\/ -->\n<title>Economia, le prospettive future del calcio tra crisi e rilancio - intoscana<\/title>\n<meta name=\"description\" content=\"Per Umberto Calcagno, presidente dell&#039;Associazione italiana calciatori fondamentale comprendere le fragilit\u00e0 finanziarie del comparto\" \/>\n<meta name=\"robots\" content=\"index, follow, max-snippet:-1, max-image-preview:large, max-video-preview:-1\" \/>\n<link rel=\"canonical\" href=\"https:\/\/www.intoscana.it\/it\/economia-le-prospettive-future-del-calcio-tra-crisi-e-rilancio\/\" \/>\n<meta property=\"og:locale\" content=\"it_IT\" \/>\n<meta property=\"og:type\" content=\"article\" \/>\n<meta property=\"og:title\" content=\"Economia, le prospettive future del calcio tra crisi e rilancio\" \/>\n<meta property=\"og:description\" content=\"Per Umberto Calcagno, presidente dell&#039;Associazione italiana calciatori fondamentale comprendere le fragilit\u00e0 finanziarie del comparto\" \/>\n<meta property=\"og:url\" content=\"https:\/\/www.intoscana.it\/it\/economia-le-prospettive-future-del-calcio-tra-crisi-e-rilancio\/\" \/>\n<meta property=\"og:site_name\" content=\"intoscana\" \/>\n<meta property=\"article:publisher\" content=\"https:\/\/www.facebook.com\/intoscana.it\" \/>\n<meta property=\"article:published_time\" content=\"2024-05-06T16:39:20+00:00\" \/>\n<meta property=\"og:image\" content=\"https:\/\/www.intoscana.it\/wp-content\/uploads\/calcio-pallone-1.jpg\" \/>\n\t<meta property=\"og:image:width\" content=\"1200\" \/>\n\t<meta property=\"og:image:height\" content=\"800\" \/>\n\t<meta property=\"og:image:type\" content=\"image\/jpeg\" \/>\n<meta name=\"author\" content=\"Raffaella Galamini\" \/>\n<meta name=\"twitter:card\" content=\"summary_large_image\" \/>\n<meta name=\"twitter:creator\" content=\"@orio\" \/>\n<meta name=\"twitter:site\" content=\"@intoscana\" \/>\n<meta name=\"twitter:label1\" content=\"Written by\" \/>\n\t<meta name=\"twitter:data1\" content=\"Raffaella Galamini\" \/>\n\t<meta name=\"twitter:label2\" content=\"Est. reading time\" \/>\n\t<meta name=\"twitter:data2\" content=\"5 minuti\" \/>\n<script type=\"application\/ld+json\" class=\"yoast-schema-graph\">{\"@context\":\"https:\/\/schema.org\",\"@graph\":[{\"@type\":\"WebPage\",\"@id\":\"https:\/\/www.intoscana.it\/it\/economia-le-prospettive-future-del-calcio-tra-crisi-e-rilancio\/\",\"url\":\"https:\/\/www.intoscana.it\/it\/economia-le-prospettive-future-del-calcio-tra-crisi-e-rilancio\/\",\"name\":\"Economia, le prospettive future del calcio tra crisi e rilancio - intoscana\",\"isPartOf\":{\"@id\":\"https:\/\/www.intoscana.it\/it\/#website\"},\"primaryImageOfPage\":{\"@id\":\"https:\/\/www.intoscana.it\/it\/economia-le-prospettive-future-del-calcio-tra-crisi-e-rilancio\/#primaryimage\"},\"image\":{\"@id\":\"https:\/\/www.intoscana.it\/it\/economia-le-prospettive-future-del-calcio-tra-crisi-e-rilancio\/#primaryimage\"},\"thumbnailUrl\":\"https:\/\/www.intoscana.it\/wp-content\/uploads\/calcio-pallone-1.jpg\",\"datePublished\":\"2024-05-06T16:39:20+00:00\",\"author\":{\"@id\":\"https:\/\/www.intoscana.it\/it\/#\/schema\/person\/9eb9daa846a49fe51af39a73d9d1986b\"},\"description\":\"Per Umberto Calcagno, presidente dell'Associazione italiana calciatori fondamentale comprendere le fragilit\u00e0 finanziarie del comparto\",\"breadcrumb\":{\"@id\":\"https:\/\/www.intoscana.it\/it\/economia-le-prospettive-future-del-calcio-tra-crisi-e-rilancio\/#breadcrumb\"},\"inLanguage\":\"it-IT\",\"potentialAction\":[{\"@type\":\"ReadAction\",\"target\":[\"https:\/\/www.intoscana.it\/it\/economia-le-prospettive-future-del-calcio-tra-crisi-e-rilancio\/\"]}]},{\"@type\":\"ImageObject\",\"inLanguage\":\"it-IT\",\"@id\":\"https:\/\/www.intoscana.it\/it\/economia-le-prospettive-future-del-calcio-tra-crisi-e-rilancio\/#primaryimage\",\"url\":\"https:\/\/www.intoscana.it\/wp-content\/uploads\/calcio-pallone-1.jpg\",\"contentUrl\":\"https:\/\/www.intoscana.it\/wp-content\/uploads\/calcio-pallone-1.jpg\",\"width\":1200,\"height\":800,\"caption\":\"Partita di calcio\"},{\"@type\":\"BreadcrumbList\",\"@id\":\"https:\/\/www.intoscana.it\/it\/economia-le-prospettive-future-del-calcio-tra-crisi-e-rilancio\/#breadcrumb\",\"itemListElement\":[{\"@type\":\"ListItem\",\"position\":1,\"name\":\"Home\",\"item\":\"https:\/\/www.intoscana.it\/it\/\"},{\"@type\":\"ListItem\",\"position\":2,\"name\":\"Economia, le prospettive future del calcio tra crisi e rilancio\"}]},{\"@type\":\"WebSite\",\"@id\":\"https:\/\/www.intoscana.it\/it\/#website\",\"url\":\"https:\/\/www.intoscana.it\/it\/\",\"name\":\"intoscana\",\"description\":\"\",\"potentialAction\":[{\"@type\":\"SearchAction\",\"target\":{\"@type\":\"EntryPoint\",\"urlTemplate\":\"https:\/\/www.intoscana.it\/it\/?s={search_term_string}\"},\"query-input\":{\"@type\":\"PropertyValueSpecification\",\"valueRequired\":true,\"valueName\":\"search_term_string\"}}],\"inLanguage\":\"it-IT\"},{\"@type\":\"Person\",\"@id\":\"https:\/\/www.intoscana.it\/it\/#\/schema\/person\/9eb9daa846a49fe51af39a73d9d1986b\",\"name\":\"Raffaella Galamini\",\"sameAs\":[\"https:\/\/x.com\/orio\"],\"url\":\"https:\/\/www.intoscana.it\/it\/author\/r-galamini\/\"}]}<\/script>\n<!-- \/ Yoast SEO Premium plugin. -->","yoast_head_json":{"title":"Economia, le prospettive future del calcio tra crisi e rilancio - intoscana","description":"Per Umberto Calcagno, presidente dell'Associazione italiana calciatori fondamentale comprendere le fragilit\u00e0 finanziarie del comparto","robots":{"index":"index","follow":"follow","max-snippet":"max-snippet:-1","max-image-preview":"max-image-preview:large","max-video-preview":"max-video-preview:-1"},"canonical":"https:\/\/www.intoscana.it\/it\/economia-le-prospettive-future-del-calcio-tra-crisi-e-rilancio\/","og_locale":"it_IT","og_type":"article","og_title":"Economia, le prospettive future del calcio tra crisi e rilancio","og_description":"Per Umberto Calcagno, presidente dell'Associazione italiana calciatori fondamentale comprendere le fragilit\u00e0 finanziarie del comparto","og_url":"https:\/\/www.intoscana.it\/it\/economia-le-prospettive-future-del-calcio-tra-crisi-e-rilancio\/","og_site_name":"intoscana","article_publisher":"https:\/\/www.facebook.com\/intoscana.it","article_published_time":"2024-05-06T16:39:20+00:00","og_image":[{"width":1200,"height":800,"url":"https:\/\/www.intoscana.it\/wp-content\/uploads\/calcio-pallone-1.jpg","type":"image\/jpeg"}],"author":"Raffaella Galamini","twitter_card":"summary_large_image","twitter_creator":"@orio","twitter_site":"@intoscana","twitter_misc":{"Written by":"Raffaella Galamini","Est. reading time":"5 minuti"},"schema":{"@context":"https:\/\/schema.org","@graph":[{"@type":"WebPage","@id":"https:\/\/www.intoscana.it\/it\/economia-le-prospettive-future-del-calcio-tra-crisi-e-rilancio\/","url":"https:\/\/www.intoscana.it\/it\/economia-le-prospettive-future-del-calcio-tra-crisi-e-rilancio\/","name":"Economia, le prospettive future del calcio tra crisi e rilancio - intoscana","isPartOf":{"@id":"https:\/\/www.intoscana.it\/it\/#website"},"primaryImageOfPage":{"@id":"https:\/\/www.intoscana.it\/it\/economia-le-prospettive-future-del-calcio-tra-crisi-e-rilancio\/#primaryimage"},"image":{"@id":"https:\/\/www.intoscana.it\/it\/economia-le-prospettive-future-del-calcio-tra-crisi-e-rilancio\/#primaryimage"},"thumbnailUrl":"https:\/\/www.intoscana.it\/wp-content\/uploads\/calcio-pallone-1.jpg","datePublished":"2024-05-06T16:39:20+00:00","author":{"@id":"https:\/\/www.intoscana.it\/it\/#\/schema\/person\/9eb9daa846a49fe51af39a73d9d1986b"},"description":"Per Umberto Calcagno, presidente dell'Associazione italiana calciatori fondamentale comprendere le fragilit\u00e0 finanziarie del comparto","breadcrumb":{"@id":"https:\/\/www.intoscana.it\/it\/economia-le-prospettive-future-del-calcio-tra-crisi-e-rilancio\/#breadcrumb"},"inLanguage":"it-IT","potentialAction":[{"@type":"ReadAction","target":["https:\/\/www.intoscana.it\/it\/economia-le-prospettive-future-del-calcio-tra-crisi-e-rilancio\/"]}]},{"@type":"ImageObject","inLanguage":"it-IT","@id":"https:\/\/www.intoscana.it\/it\/economia-le-prospettive-future-del-calcio-tra-crisi-e-rilancio\/#primaryimage","url":"https:\/\/www.intoscana.it\/wp-content\/uploads\/calcio-pallone-1.jpg","contentUrl":"https:\/\/www.intoscana.it\/wp-content\/uploads\/calcio-pallone-1.jpg","width":1200,"height":800,"caption":"Partita di calcio"},{"@type":"BreadcrumbList","@id":"https:\/\/www.intoscana.it\/it\/economia-le-prospettive-future-del-calcio-tra-crisi-e-rilancio\/#breadcrumb","itemListElement":[{"@type":"ListItem","position":1,"name":"Home","item":"https:\/\/www.intoscana.it\/it\/"},{"@type":"ListItem","position":2,"name":"Economia, le prospettive future del calcio tra crisi e rilancio"}]},{"@type":"WebSite","@id":"https:\/\/www.intoscana.it\/it\/#website","url":"https:\/\/www.intoscana.it\/it\/","name":"intoscana","description":"","potentialAction":[{"@type":"SearchAction","target":{"@type":"EntryPoint","urlTemplate":"https:\/\/www.intoscana.it\/it\/?s={search_term_string}"},"query-input":{"@type":"PropertyValueSpecification","valueRequired":true,"valueName":"search_term_string"}}],"inLanguage":"it-IT"},{"@type":"Person","@id":"https:\/\/www.intoscana.it\/it\/#\/schema\/person\/9eb9daa846a49fe51af39a73d9d1986b","name":"Raffaella Galamini","sameAs":["https:\/\/x.com\/orio"],"url":"https:\/\/www.intoscana.it\/it\/author\/r-galamini\/"}]}},"_links":{"self":[{"href":"https:\/\/www.intoscana.it\/it\/wp-json\/wp\/v2\/posts\/339172","targetHints":{"allow":["GET"]}}],"collection":[{"href":"https:\/\/www.intoscana.it\/it\/wp-json\/wp\/v2\/posts"}],"about":[{"href":"https:\/\/www.intoscana.it\/it\/wp-json\/wp\/v2\/types\/post"}],"author":[{"embeddable":true,"href":"https:\/\/www.intoscana.it\/it\/wp-json\/wp\/v2\/users\/554"}],"replies":[{"embeddable":true,"href":"https:\/\/www.intoscana.it\/it\/wp-json\/wp\/v2\/comments?post=339172"}],"version-history":[{"count":6,"href":"https:\/\/www.intoscana.it\/it\/wp-json\/wp\/v2\/posts\/339172\/revisions"}],"predecessor-version":[{"id":339178,"href":"https:\/\/www.intoscana.it\/it\/wp-json\/wp\/v2\/posts\/339172\/revisions\/339178"}],"wp:featuredmedia":[{"embeddable":true,"href":"https:\/\/www.intoscana.it\/it\/wp-json\/wp\/v2\/media\/104343"}],"wp:attachment":[{"href":"https:\/\/www.intoscana.it\/it\/wp-json\/wp\/v2\/media?parent=339172"}],"wp:term":[{"taxonomy":"category","embeddable":true,"href":"https:\/\/www.intoscana.it\/it\/wp-json\/wp\/v2\/categories?post=339172"},{"taxonomy":"post_tag","embeddable":true,"href":"https:\/\/www.intoscana.it\/it\/wp-json\/wp\/v2\/tags?post=339172"}],"curies":[{"name":"wp","href":"https:\/\/api.w.org\/{rel}","templated":true}]}}