{"id":339636,"date":"2024-05-09T14:38:09","date_gmt":"2024-05-09T12:38:09","guid":{"rendered":"https:\/\/www.intoscana.it\/it\/?p=339636"},"modified":"2024-05-10T11:07:48","modified_gmt":"2024-05-10T09:07:48","slug":"il-sito-giovanisi-it-e-tutto-nuovo-punto-di-riferimento-per-la-generazione-z","status":"publish","type":"post","link":"https:\/\/www.intoscana.it\/it\/il-sito-giovanisi-it-e-tutto-nuovo-punto-di-riferimento-per-la-generazione-z\/","title":{"rendered":"Il sito giovanisi.it \u00e8 tutto nuovo: punto di riferimento digitale per la Generazione Z"},"content":{"rendered":"<p>\u00c8 online <a href=\"https:\/\/giovanisi.it\" target=\"_blank\" rel=\"noopener\"><strong>il nuovo sito web di Giovanis\u00ec, <\/strong><\/a>per andare incontro alle <strong>nuove logiche di navigazione nella rete<\/strong> e di esperienza utenti (user experience) del proprio target di riferimento, ovvero <strong>ragazze e ragazzi della Generazione Z.<\/strong><\/p>\n<p>A 13 anni dalla messa online della prima versione e a 5 dall\u2019ultimo restyling, <strong>il sito web si \u00e8 aggiornato<\/strong> per rispondere alle<strong> attuali esigenze di comunicazione<\/strong> del progetto, ma soprattutto alle abitudini di fruizione dei utenti, giovani che <strong>navigano in rete principalmente attraverso il loro smartphone.<\/strong><\/p>\n<p><strong>Maggiore visibilit\u00e0 \u00e8 assicurata ai canali social<\/strong> che seguono l&#8217;utente durante tutta la navigazione e aumenta in home page anche lo spazio dedicato ai video. Resta ferma la tutela dell\u2019accessibilit\u00e0 complessiva, come richiesto dai parametri fissati per i siti delle Pa.<\/p>\n<p>Il siste<strong>ma di comunicazione \u00e8 pi\u00f9 semplice e pi\u00f9 immediato<\/strong>, ha osservato il presidente della Regione Toscana, che saluta le novit\u00e0 della presenza in rete del progetto come un passaggio utile ad aumentare la capacit\u00e0 di raggiungere sempre pi\u00f9 e meglio i giovani cittadini toscani. Il presidente inoltre coglie l\u2019occasione del lancio on line anche per sottolineare come il nuovo sito, rispecchiando il modo di operare dell\u2019ufficio <strong>Giovanis\u00ec,<\/strong> sia il risultato di <strong>un lavoro di squadra fatto da numerose occasioni di dialogo e scambio con ragazze e ragazzi<\/strong> incontrati sia attraverso gli strumenti di informazione online sia attraverso eventi e iniziative sul territorio.<\/p>\n<figure id=\"post-99646 media-99646\" class=\"align-none\"><img decoding=\"async\" src=\"https:\/\/www.intoscana.it\/wp-content\/uploads\/iphone_app_sst.jpg\" alt=\"\" \/><\/figure>\n<h3>Tutte le novit\u00e0 di giovanis\u00ec.it<\/h3>\n<p><strong>Tre i cambiamenti chiave<\/strong>. Le voci di accesso alle opportunit\u00e0 offerte con Giovanis\u00ec si riducono da sette a <strong>quattro aree tematiche: Studio e mi formo, Lavoro, Faccio impresa e Partecipo,<\/strong> dove \u00e8 possibile trovare<strong> tutti i bandi e le iniziative. <\/strong><\/p>\n<p>Una nuova soluzione che facilita l\u2019orientamento degli utenti e consente di porre l\u2019accento su alcuni degli argomenti che in questi ultimi anni sono stati particolarmente <strong>al centro delle politiche regionali.<\/strong> Sar\u00e0 ancora pi\u00f9 facile per gli utenti individuare le varie opportunit\u00e0 di interesse, anche grazie alla possibilit\u00e0 di <strong>filtrare i bandi per fascia d&#8217;et\u00e0.<\/strong><\/p>\n<p>La home riserva uno spazio dedicato ad <a href=\"https:\/\/arti.toscana.it\" target=\"_blank\" rel=\"noopener\"><strong>Arti, l\u2019agenzia regionale toscana per l\u2019impiego<\/strong><\/a>, che valorizzer\u00e0 la collaborazione con progetto regionale divenuta sempre pi\u00f9 stretta negli ultimi anni con l&#8217;obiettivo di <strong>promuovere le opportunit\u00e0 per i giovani<\/strong> che si rivolgono ai <strong><a href=\"https:\/\/www.intoscana.it\/it\/centri-impiego-intesa-regione\/\" target=\"_blank\" rel=\"noopener\">Centri per l&#8217;impiego<\/a> della Toscana.<\/strong><\/p>\n<p>Inoltre, funzioner\u00e0 in primo piano il calendario per tenere traccia e partecipare alle <strong>numerose iniziative che Giovanis\u00ec<\/strong> sviluppa sui territori della Toscana.<\/p>\n<p>&nbsp;<\/p>\n","protected":false},"excerpt":{"rendered":"<p>On line il nuovo sito web del progetto regionale. Oltre ad andare incontro alle nuove logiche di navigazione, tre cambiamenti chiave: maggiore semplicit\u00e0 per scoprire bandi e opportunit\u00e0, il calendario in home page per avere a portata di mano gli eventi<\/p>\n","protected":false},"author":525,"featured_media":339638,"comment_status":"open","ping_status":"open","sticky":false,"template":"","format":"standard","meta":{"_acf_changed":false,"footnotes":""},"categories":[494],"tags":[244,151],"class_list":["post-339636","post","type-post","status-publish","format-standard","has-post-thumbnail","hentry","category-attualita","tag-giovanisi","tag-regione-toscana"],"acf":[],"yoast_head":"<!-- This site is optimized with the Yoast SEO Premium plugin v24.2 (Yoast SEO v25.6) - https:\/\/yoast.com\/wordpress\/plugins\/seo\/ -->\n<title>Il sito giovanisi.it \u00e8 tutto nuovo: punto di riferimento digitale per la Generazione Z - intoscana<\/title>\n<meta name=\"robots\" content=\"index, follow, max-snippet:-1, max-image-preview:large, max-video-preview:-1\" \/>\n<link rel=\"canonical\" href=\"https:\/\/www.intoscana.it\/it\/il-sito-giovanisi-it-e-tutto-nuovo-punto-di-riferimento-per-la-generazione-z\/\" \/>\n<meta property=\"og:locale\" content=\"it_IT\" \/>\n<meta property=\"og:type\" content=\"article\" \/>\n<meta property=\"og:title\" content=\"Il sito giovanisi.it \u00e8 tutto nuovo: punto di riferimento digitale per la Generazione Z\" \/>\n<meta property=\"og:description\" content=\"On line il nuovo sito web del progetto regionale. Oltre ad andare incontro alle nuove logiche di navigazione, tre cambiamenti chiave: maggiore semplicit\u00e0 per scoprire bandi e opportunit\u00e0, il calendario in home page per avere a portata di mano gli eventi\" \/>\n<meta property=\"og:url\" content=\"https:\/\/www.intoscana.it\/it\/il-sito-giovanisi-it-e-tutto-nuovo-punto-di-riferimento-per-la-generazione-z\/\" \/>\n<meta property=\"og:site_name\" content=\"intoscana\" \/>\n<meta property=\"article:publisher\" content=\"https:\/\/www.facebook.com\/intoscana.it\" \/>\n<meta property=\"article:published_time\" content=\"2024-05-09T12:38:09+00:00\" \/>\n<meta property=\"article:modified_time\" content=\"2024-05-10T09:07:48+00:00\" \/>\n<meta property=\"og:image\" content=\"https:\/\/www.intoscana.it\/wp-content\/uploads\/Screenshot-2024-05-09-alle-12.22.25.jpeg\" \/>\n\t<meta property=\"og:image:width\" content=\"1147\" \/>\n\t<meta property=\"og:image:height\" content=\"685\" \/>\n\t<meta property=\"og:image:type\" content=\"image\/jpeg\" \/>\n<meta name=\"author\" content=\"Redazione\" \/>\n<meta name=\"twitter:card\" content=\"summary_large_image\" \/>\n<meta name=\"twitter:creator\" content=\"@intoscana\" \/>\n<meta name=\"twitter:site\" content=\"@intoscana\" \/>\n<meta name=\"twitter:label1\" content=\"Written by\" \/>\n\t<meta name=\"twitter:data1\" content=\"Redazione\" \/>\n\t<meta name=\"twitter:label2\" content=\"Est. reading time\" \/>\n\t<meta name=\"twitter:data2\" content=\"3 minuti\" \/>\n<script type=\"application\/ld+json\" class=\"yoast-schema-graph\">{\"@context\":\"https:\/\/schema.org\",\"@graph\":[{\"@type\":\"WebPage\",\"@id\":\"https:\/\/www.intoscana.it\/it\/il-sito-giovanisi-it-e-tutto-nuovo-punto-di-riferimento-per-la-generazione-z\/\",\"url\":\"https:\/\/www.intoscana.it\/it\/il-sito-giovanisi-it-e-tutto-nuovo-punto-di-riferimento-per-la-generazione-z\/\",\"name\":\"Il sito giovanisi.it \u00e8 tutto nuovo: punto di riferimento digitale per la Generazione Z - intoscana\",\"isPartOf\":{\"@id\":\"https:\/\/www.intoscana.it\/it\/#website\"},\"primaryImageOfPage\":{\"@id\":\"https:\/\/www.intoscana.it\/it\/il-sito-giovanisi-it-e-tutto-nuovo-punto-di-riferimento-per-la-generazione-z\/#primaryimage\"},\"image\":{\"@id\":\"https:\/\/www.intoscana.it\/it\/il-sito-giovanisi-it-e-tutto-nuovo-punto-di-riferimento-per-la-generazione-z\/#primaryimage\"},\"thumbnailUrl\":\"https:\/\/www.intoscana.it\/wp-content\/uploads\/Screenshot-2024-05-09-alle-12.22.25.jpeg\",\"datePublished\":\"2024-05-09T12:38:09+00:00\",\"dateModified\":\"2024-05-10T09:07:48+00:00\",\"author\":{\"@id\":\"https:\/\/www.intoscana.it\/it\/#\/schema\/person\/9223810753230f20bd670fdd322661f8\"},\"breadcrumb\":{\"@id\":\"https:\/\/www.intoscana.it\/it\/il-sito-giovanisi-it-e-tutto-nuovo-punto-di-riferimento-per-la-generazione-z\/#breadcrumb\"},\"inLanguage\":\"it-IT\",\"potentialAction\":[{\"@type\":\"ReadAction\",\"target\":[\"https:\/\/www.intoscana.it\/it\/il-sito-giovanisi-it-e-tutto-nuovo-punto-di-riferimento-per-la-generazione-z\/\"]}]},{\"@type\":\"ImageObject\",\"inLanguage\":\"it-IT\",\"@id\":\"https:\/\/www.intoscana.it\/it\/il-sito-giovanisi-it-e-tutto-nuovo-punto-di-riferimento-per-la-generazione-z\/#primaryimage\",\"url\":\"https:\/\/www.intoscana.it\/wp-content\/uploads\/Screenshot-2024-05-09-alle-12.22.25.jpeg\",\"contentUrl\":\"https:\/\/www.intoscana.it\/wp-content\/uploads\/Screenshot-2024-05-09-alle-12.22.25.jpeg\",\"width\":1147,\"height\":685,\"caption\":\"Giovanis\u00ec\"},{\"@type\":\"BreadcrumbList\",\"@id\":\"https:\/\/www.intoscana.it\/it\/il-sito-giovanisi-it-e-tutto-nuovo-punto-di-riferimento-per-la-generazione-z\/#breadcrumb\",\"itemListElement\":[{\"@type\":\"ListItem\",\"position\":1,\"name\":\"Home\",\"item\":\"https:\/\/www.intoscana.it\/it\/\"},{\"@type\":\"ListItem\",\"position\":2,\"name\":\"Il sito giovanisi.it \u00e8 tutto nuovo: punto di riferimento digitale per la Generazione Z\"}]},{\"@type\":\"WebSite\",\"@id\":\"https:\/\/www.intoscana.it\/it\/#website\",\"url\":\"https:\/\/www.intoscana.it\/it\/\",\"name\":\"intoscana\",\"description\":\"\",\"potentialAction\":[{\"@type\":\"SearchAction\",\"target\":{\"@type\":\"EntryPoint\",\"urlTemplate\":\"https:\/\/www.intoscana.it\/it\/?s={search_term_string}\"},\"query-input\":{\"@type\":\"PropertyValueSpecification\",\"valueRequired\":true,\"valueName\":\"search_term_string\"}}],\"inLanguage\":\"it-IT\"},{\"@type\":\"Person\",\"@id\":\"https:\/\/www.intoscana.it\/it\/#\/schema\/person\/9223810753230f20bd670fdd322661f8\",\"name\":\"Redazione\",\"url\":\"https:\/\/www.intoscana.it\/it\/author\/redazione\/\"}]}<\/script>\n<!-- \/ Yoast SEO Premium plugin. -->","yoast_head_json":{"title":"Il sito giovanisi.it \u00e8 tutto nuovo: punto di riferimento digitale per la Generazione Z - intoscana","robots":{"index":"index","follow":"follow","max-snippet":"max-snippet:-1","max-image-preview":"max-image-preview:large","max-video-preview":"max-video-preview:-1"},"canonical":"https:\/\/www.intoscana.it\/it\/il-sito-giovanisi-it-e-tutto-nuovo-punto-di-riferimento-per-la-generazione-z\/","og_locale":"it_IT","og_type":"article","og_title":"Il sito giovanisi.it \u00e8 tutto nuovo: punto di riferimento digitale per la Generazione Z","og_description":"On line il nuovo sito web del progetto regionale. Oltre ad andare incontro alle nuove logiche di navigazione, tre cambiamenti chiave: maggiore semplicit\u00e0 per scoprire bandi e opportunit\u00e0, il calendario in home page per avere a portata di mano gli eventi","og_url":"https:\/\/www.intoscana.it\/it\/il-sito-giovanisi-it-e-tutto-nuovo-punto-di-riferimento-per-la-generazione-z\/","og_site_name":"intoscana","article_publisher":"https:\/\/www.facebook.com\/intoscana.it","article_published_time":"2024-05-09T12:38:09+00:00","article_modified_time":"2024-05-10T09:07:48+00:00","og_image":[{"width":1147,"height":685,"url":"https:\/\/www.intoscana.it\/wp-content\/uploads\/Screenshot-2024-05-09-alle-12.22.25.jpeg","type":"image\/jpeg"}],"author":"Redazione","twitter_card":"summary_large_image","twitter_creator":"@intoscana","twitter_site":"@intoscana","twitter_misc":{"Written by":"Redazione","Est. reading time":"3 minuti"},"schema":{"@context":"https:\/\/schema.org","@graph":[{"@type":"WebPage","@id":"https:\/\/www.intoscana.it\/it\/il-sito-giovanisi-it-e-tutto-nuovo-punto-di-riferimento-per-la-generazione-z\/","url":"https:\/\/www.intoscana.it\/it\/il-sito-giovanisi-it-e-tutto-nuovo-punto-di-riferimento-per-la-generazione-z\/","name":"Il sito giovanisi.it \u00e8 tutto nuovo: punto di riferimento digitale per la Generazione Z - intoscana","isPartOf":{"@id":"https:\/\/www.intoscana.it\/it\/#website"},"primaryImageOfPage":{"@id":"https:\/\/www.intoscana.it\/it\/il-sito-giovanisi-it-e-tutto-nuovo-punto-di-riferimento-per-la-generazione-z\/#primaryimage"},"image":{"@id":"https:\/\/www.intoscana.it\/it\/il-sito-giovanisi-it-e-tutto-nuovo-punto-di-riferimento-per-la-generazione-z\/#primaryimage"},"thumbnailUrl":"https:\/\/www.intoscana.it\/wp-content\/uploads\/Screenshot-2024-05-09-alle-12.22.25.jpeg","datePublished":"2024-05-09T12:38:09+00:00","dateModified":"2024-05-10T09:07:48+00:00","author":{"@id":"https:\/\/www.intoscana.it\/it\/#\/schema\/person\/9223810753230f20bd670fdd322661f8"},"breadcrumb":{"@id":"https:\/\/www.intoscana.it\/it\/il-sito-giovanisi-it-e-tutto-nuovo-punto-di-riferimento-per-la-generazione-z\/#breadcrumb"},"inLanguage":"it-IT","potentialAction":[{"@type":"ReadAction","target":["https:\/\/www.intoscana.it\/it\/il-sito-giovanisi-it-e-tutto-nuovo-punto-di-riferimento-per-la-generazione-z\/"]}]},{"@type":"ImageObject","inLanguage":"it-IT","@id":"https:\/\/www.intoscana.it\/it\/il-sito-giovanisi-it-e-tutto-nuovo-punto-di-riferimento-per-la-generazione-z\/#primaryimage","url":"https:\/\/www.intoscana.it\/wp-content\/uploads\/Screenshot-2024-05-09-alle-12.22.25.jpeg","contentUrl":"https:\/\/www.intoscana.it\/wp-content\/uploads\/Screenshot-2024-05-09-alle-12.22.25.jpeg","width":1147,"height":685,"caption":"Giovanis\u00ec"},{"@type":"BreadcrumbList","@id":"https:\/\/www.intoscana.it\/it\/il-sito-giovanisi-it-e-tutto-nuovo-punto-di-riferimento-per-la-generazione-z\/#breadcrumb","itemListElement":[{"@type":"ListItem","position":1,"name":"Home","item":"https:\/\/www.intoscana.it\/it\/"},{"@type":"ListItem","position":2,"name":"Il sito giovanisi.it \u00e8 tutto nuovo: punto di riferimento digitale per la Generazione Z"}]},{"@type":"WebSite","@id":"https:\/\/www.intoscana.it\/it\/#website","url":"https:\/\/www.intoscana.it\/it\/","name":"intoscana","description":"","potentialAction":[{"@type":"SearchAction","target":{"@type":"EntryPoint","urlTemplate":"https:\/\/www.intoscana.it\/it\/?s={search_term_string}"},"query-input":{"@type":"PropertyValueSpecification","valueRequired":true,"valueName":"search_term_string"}}],"inLanguage":"it-IT"},{"@type":"Person","@id":"https:\/\/www.intoscana.it\/it\/#\/schema\/person\/9223810753230f20bd670fdd322661f8","name":"Redazione","url":"https:\/\/www.intoscana.it\/it\/author\/redazione\/"}]}},"_links":{"self":[{"href":"https:\/\/www.intoscana.it\/it\/wp-json\/wp\/v2\/posts\/339636","targetHints":{"allow":["GET"]}}],"collection":[{"href":"https:\/\/www.intoscana.it\/it\/wp-json\/wp\/v2\/posts"}],"about":[{"href":"https:\/\/www.intoscana.it\/it\/wp-json\/wp\/v2\/types\/post"}],"author":[{"embeddable":true,"href":"https:\/\/www.intoscana.it\/it\/wp-json\/wp\/v2\/users\/525"}],"replies":[{"embeddable":true,"href":"https:\/\/www.intoscana.it\/it\/wp-json\/wp\/v2\/comments?post=339636"}],"version-history":[{"count":10,"href":"https:\/\/www.intoscana.it\/it\/wp-json\/wp\/v2\/posts\/339636\/revisions"}],"predecessor-version":[{"id":339770,"href":"https:\/\/www.intoscana.it\/it\/wp-json\/wp\/v2\/posts\/339636\/revisions\/339770"}],"wp:featuredmedia":[{"embeddable":true,"href":"https:\/\/www.intoscana.it\/it\/wp-json\/wp\/v2\/media\/339638"}],"wp:attachment":[{"href":"https:\/\/www.intoscana.it\/it\/wp-json\/wp\/v2\/media?parent=339636"}],"wp:term":[{"taxonomy":"category","embeddable":true,"href":"https:\/\/www.intoscana.it\/it\/wp-json\/wp\/v2\/categories?post=339636"},{"taxonomy":"post_tag","embeddable":true,"href":"https:\/\/www.intoscana.it\/it\/wp-json\/wp\/v2\/tags?post=339636"}],"curies":[{"name":"wp","href":"https:\/\/api.w.org\/{rel}","templated":true}]}}