{"id":340007,"date":"2024-05-13T09:40:49","date_gmt":"2024-05-13T07:40:49","guid":{"rendered":"https:\/\/www.intoscana.it\/it\/?p=340007"},"modified":"2024-05-13T12:45:53","modified_gmt":"2024-05-13T10:45:53","slug":"nella-selva-oscura-di-marta-del-grandi-dove-parole-e-musica-si-trasformano-in-fiori","status":"publish","type":"post","link":"https:\/\/www.intoscana.it\/it\/nella-selva-oscura-di-marta-del-grandi-dove-parole-e-musica-si-trasformano-in-fiori\/","title":{"rendered":"Nella selva oscura di Marta Del Grandi: dove parole e musica si trasformano in fiori"},"content":{"rendered":"<p>La cantautrice italiana <strong>Marta Del Grandi<\/strong> sar\u00e0 in concerto <strong>domenica 19 maggio 2024<\/strong>, alle ore 18, presso i <strong>vasconi di San Casciano dei Bagni (Siena),<\/strong> dove presenter\u00e0 il suo ultimo album <strong><em>&#8220;Selva&#8221;<\/em> <\/strong>che arriva dopo il fiammeggiante debutto con<a href=\"https:\/\/www.intoscana.it\/it\/podcast\/marta-del-grandi-musica-fossile-che-attraversa-i-continenti\/\" target=\"_blank\" rel=\"noopener\"><strong><em> &#8220;Until We Fossilize&#8221;.\u00a0<\/em><\/strong><\/a><\/p>\n<p>Artista cosmopolita: ha viaggiato moltissimo dalla<strong> Cina, al Nepal, da New York al Belgio<\/strong> dove ha studiato <strong>musica jazz<\/strong>. Le sue fonti di ispirazione sono artiste quali: <strong>Emiliana Torrini, St Vincent e My Brightest Diamond.<\/strong><\/p>\n<p>Ha uno stile eclettico e al tempo stesso <strong>personalissimo e originale<\/strong> che negli ultimi anni si \u00e8 concentrato sullo studio della <strong>voce come vero e proprio strumento\u00a0musicale.<\/strong><\/p>\n<p>Il live fa parte della prima edizione di<strong><em> &#8220;Suoni dal labirinto&#8221;<\/em><\/strong> la rassegna promossa dall&#8217;<strong><a href=\"https:\/\/www.unionecomuni.valdichiana.si.it\" target=\"_blank\" rel=\"noopener\">Unione dei Comuni della Valdichiana Senese<\/a>, Lars Rock Fest e GEC (Gruppo Effetti Collaterali)<\/strong> nata per avvicinare fasce giovani della popolazione alle espressioni artistiche e i linguaggi contemporanei e al tempo stesso valorizzare il patrimonio storico-artistico locale, come i siti archeologici presenti nel territorio, attraverso <strong>esibizioni musicali acustiche dal vivo e gratuite.<\/strong><\/p>\n<p>Il <a href=\"https:\/\/www.intoscana.it\/it\/lars-rock-fest-chiusi-concerti-2024\/\" target=\"_blank\" rel=\"noopener\"><strong>Lars Rock Fest <\/strong><\/a>proseguir\u00e0 le sua attivit\u00e0 con un&#8217;anteprima: il concerto degli scozzesi <strong>Arab Strap che gioved\u00ec 20 giugno<\/strong> che si esibiranno presso la <strong>Rocca Medievale di Castiglione del Lago<\/strong>. Il festival si terr\u00e0 <strong>dal 5 al 7 luglio ai Giardini pubblici di Chiusi Scalo <\/strong>con<strong> tre giorni di musica a ingresso gratuito<\/strong> con il meglio della scena indipendente americana. In concerto: <strong>Crocodile, Gilla Band, DITZ e Fantastic Negrito.<\/strong><\/p>\n<h3>Ecco la nostra intervista a Marta Del Grandi<\/h3>\n<p><strong>Marta qual \u00e8 il tuo primo ricordo legato alla musica?<\/strong><\/p>\n<p>Il mio primo ricordo musicale \u00e8 legato\u00a0al canto. Quando ero piccola <strong>facevo molto spesso lunghi viaggi in macchina con i miei genitori<\/strong> e mia sorella in cui cantavamo insieme. Da l\u00ec <strong>ho iniziato ad armonizzare seconde voci<\/strong> con mia sorella. Quello \u00e8 stato il mio primo approccio al fare attivamente musica. Mio padre aveva delle <strong>cassette anni &#8217;70, Beach Boys, Talking Heads,<\/strong> ma anche <strong>Lucio Battisti.<\/strong> Poi ho iniziato anche io a comprare cassette anni &#8217;90: girlband o boyband. Questo \u00e8 il mio background.<p><span class=\"citazione\">Femminismo per me \u00e8 la necessit\u00e0 di voler continuare a riaffermare l&#8217;importanza dell&#8217;uguaglianza di genere<\/span><\/p><\/p>\n<p><strong>Il tuo disco si intitola &#8220;Selva&#8221;, questa parola mi ha ricordato la &#8220;selva oscura&#8221; di Dante Alighieri, ma in realt\u00e0 ho scoperto che si ispira alla poesia di D&#8217;Annunzio, <em>&#8220;La pioggia nel pineto&#8221;<\/em>&#8230;una delle mie poesia preferite nonostante trovi D&#8217;Annunzio un personaggio abbastanza insopportabile<\/strong><\/p>\n<p>\u00c8 vero \u00e8 un personaggio abbastanza controverso, \u00e8 sempre stato abbastanza deplorevole, per\u00f2 le sue opere letterarie sono veramente dei capolavori secondo me, <strong><em>&#8220;Il piacere&#8221;<\/em> <\/strong>\u00e8 un libro bellissimo. A quella poesia sono particolarmente legata, ho dei bellissimi ricordi di quando l&#8217;ho studiata. <strong>Mi piace la metamorfosi che lui racconta nella poesia<\/strong>. C&#8217;\u00e8 un legame evocativo anche con <strong>Dante e la Divina Commedia<\/strong> ma \u00e8 meno diretto. Nel disco ci sono dei legami di tipo linguistico alla botanica, per me \u00e8 un&#8217;ispirazione.<\/p>\n<p><iframe loading=\"lazy\" title=\"YouTube video player\" src=\"https:\/\/www.youtube.com\/embed\/YLz-oX2D3ME?si=fo7n4halwaAZnrVC\" width=\"800\" height=\"450\" frameborder=\"0\" allowfullscreen=\"allowfullscreen\"><\/iframe><\/p>\n<p><strong>Due canzoni di &#8220;Selva&#8221; sono ispirate all&#8217;epopea\u00a0di Gilgamesh, cosa ti affascina di questo personaggio mitologico?<\/strong><\/p>\n<p>Sono molto\u00a0legata a <strong>Gilgamesh, \u00e8 un libro che mi ha regalato mia nonna quando ancora ero appena adolescente<\/strong>, avr\u00f2 avuto 13-14 anni. Ai tempi non l&#8217;ho assolutamente capito anche perch\u00e9 a livello di lettura non \u00e8 proprio semplicissimo. Poi qualche anno fa mi sono riavvicinata a quella storia grazie a una collaborazione con l&#8217;artista visiva <a href=\"https:\/\/www.ceciliavalagussa.com\" target=\"_blank\" rel=\"noopener\"><strong>Cecilia Valagussa<\/strong><\/a>. Abbiamo un progetto insieme che va avanti da ormai otto anni e che si chiama<a href=\"https:\/\/www.fossickproject.com\" target=\"_blank\" rel=\"noopener\"><strong> Fossick Project<\/strong><\/a> in cui facciamo delle <strong>produzioni audio-visive<\/strong>.\u00a0Abbiamo lavorato su una rielaborazione del <strong>mito di Gilgamesh<\/strong> in una chiave particolare. <strong>Cecilia ha immaginato che Gilgamesh fosse una donna, una regina.<\/strong> Ci siamo immaginate che la storia non sarebbe cambiata poi tanto. Questa storia mi piace molto perch\u00e9 <strong>mette in evidenza i limiti della natura umana,<\/strong> mi piace il fatto che nel suo lungo viaggio lui <strong>scopre come domare se stesso<\/strong>, questa \u00e8 una cosa molto interessante. Penso che sia un mito che dovrebbe essere insegnato a scuola perch\u00e8 \u00e8 molto attuale e universale. <div class=\"focuson\"><a href=\"https:\/\/www.intoscana.it\/it\/lars-rock-fest-chiusi-concerti-2024\/\"><img decoding=\"async\" class=\"lazy\" src=\"https:\/\/www.intoscana.it\/wp-content\/uploads\/Crocodiles.jpeg\" style=\"\">\n                <div class=\"cat\">Lars Rock Fest 2024<\/div>\n                <h4>Dal 5 al 7 luglio a Chiusi<\/h4><\/a>\n              <\/div><\/p>\n<p><strong>Poco dopo l&#8217;uscita del tuo disco &#8220;Selva&#8221;, hai accompagnato anche i <a href=\"https:\/\/www.intoscana.it\/it\/quando-i-figli-diventano-padri-la-maturita-secondo-alioscia-dei-casino-royale\/\" target=\"_blank\" rel=\"noopener\">Casino\u00a0Royale<\/a> nel loro tour, quindi quest&#8217;anno si sono sovrapposte queste due esperienze, come sei riuscita a gestire tutto?<\/strong><\/p>\n<p>In realt\u00e0 ho fatto qualche data con loro a dicembre, adesso ne far\u00f2 un&#8217;altra a Bologna, ma purtroppo non ho potuto partecipare a tutte le date del tour perch\u00e9 appunto sono in giro con <strong><em>&#8220;Selva&#8221;.<\/em> <\/strong>Sono stata molto felice di questa collaborazione, <strong>sono molto legata a loro come persone e ho scoperto il loro mondo musicale e poetico<\/strong> che \u00e8 stata una grande ispirazione per me.<\/p>\n<p><strong>Sei un&#8217;artista che non ha &#8220;paura&#8221; a dichiarare di essere femminista, \u00e8 una cosa che apprezzo molto perch\u00e9 sembra quasi che questa parola sia guardata ancora con sospetto. Cosa significa per te essere femminista?<\/strong><\/p>\n<p>Come sottintendeva la tua considerazione purtroppo viene strumentalizzato molto e frainteso. Per me semplicemente<strong> \u00e8 la necessit\u00e0 di voler continuare a riaffermare l&#8217;importanza dell&#8217;uguaglianza di genere<\/strong> perch\u00e9 il fatto che siano stati fatti dei progressi rispetto all&#8217;epoca delle nostre nonne non vuol dire che siamo arrivati alla parit\u00e0 totale. Nonostante possa essere considerato un discorso che a tanti pu\u00f2 avere annoiato, stancato, <strong>non siamo ancora arrivati alla meta, per niente.<\/strong><\/p>\n<figure id=\"post-339988 media-339988\" class=\"align-none\"><img decoding=\"async\" src=\"https:\/\/www.intoscana.it\/wp-content\/uploads\/Fossick-Project-2.jpeg\" alt=\"\" \/><\/figure>\n<div class=\"titleimg\">Fossick Project<\/div>\n","protected":false},"excerpt":{"rendered":"<p>Domenica 19 maggio 2024, alle ore 18, presso i vasconi di San Casciano dei Bagni un appuntamento della rassegna &#8220;Suoni dal Labirinto&#8221; organizzata da GEC Gruppo Effetti Collaterali e l&#8217;Unione dei Comuni della Valdichiana Senese<\/p>\n","protected":false},"author":518,"featured_media":337001,"comment_status":"open","ping_status":"open","sticky":false,"template":"","format":"standard","meta":{"_acf_changed":false,"footnotes":""},"categories":[14],"tags":[216,235,228],"class_list":["post-340007","post","type-post","status-publish","format-standard","has-post-thumbnail","hentry","category-musica","tag-concerti","tag-estate","tag-festival"],"acf":[],"yoast_head":"<!-- This site is optimized with the Yoast SEO Premium plugin v24.2 (Yoast SEO v25.6) - https:\/\/yoast.com\/wordpress\/plugins\/seo\/ -->\n<title>Nella selva oscura di Marta Del Grandi: dove parole e musica si trasformano in fiori - intoscana<\/title>\n<meta name=\"description\" content=\"La cantautrice italiana Marta Del Grandi sar\u00e0 in concerto domenica 19 maggio 2024, presso i Vasconi di San Casciano dei Bagni (Siena)\" \/>\n<meta name=\"robots\" content=\"index, follow, max-snippet:-1, max-image-preview:large, max-video-preview:-1\" \/>\n<link rel=\"canonical\" href=\"https:\/\/www.intoscana.it\/it\/nella-selva-oscura-di-marta-del-grandi-dove-parole-e-musica-si-trasformano-in-fiori\/\" \/>\n<meta property=\"og:locale\" content=\"it_IT\" \/>\n<meta property=\"og:type\" content=\"article\" \/>\n<meta property=\"og:title\" content=\"Nella selva oscura di Marta Del Grandi: dove parole e musica si trasformano in fiori\" \/>\n<meta property=\"og:description\" content=\"La cantautrice italiana Marta Del Grandi sar\u00e0 in concerto domenica 19 maggio 2024, presso i Vasconi di San Casciano dei Bagni (Siena)\" \/>\n<meta property=\"og:url\" content=\"https:\/\/www.intoscana.it\/it\/nella-selva-oscura-di-marta-del-grandi-dove-parole-e-musica-si-trasformano-in-fiori\/\" \/>\n<meta property=\"og:site_name\" content=\"intoscana\" \/>\n<meta property=\"article:publisher\" content=\"https:\/\/www.facebook.com\/intoscana.it\" \/>\n<meta property=\"article:published_time\" content=\"2024-05-13T07:40:49+00:00\" \/>\n<meta property=\"article:modified_time\" content=\"2024-05-13T10:45:53+00:00\" \/>\n<meta property=\"og:image\" content=\"https:\/\/www.intoscana.it\/wp-content\/uploads\/Marta-Del-Grandi-2023-credit-Cecilia-Fornari-3-scaled.jpg\" \/>\n\t<meta property=\"og:image:width\" content=\"2048\" \/>\n\t<meta property=\"og:image:height\" content=\"1481\" \/>\n\t<meta property=\"og:image:type\" content=\"image\/jpeg\" \/>\n<meta name=\"author\" content=\"Costanza Baldini\" \/>\n<meta name=\"twitter:card\" content=\"summary_large_image\" \/>\n<meta name=\"twitter:creator\" content=\"@intoscana\" \/>\n<meta name=\"twitter:site\" content=\"@intoscana\" \/>\n<meta name=\"twitter:label1\" content=\"Written by\" \/>\n\t<meta name=\"twitter:data1\" content=\"Costanza Baldini\" \/>\n\t<meta name=\"twitter:label2\" content=\"Est. reading time\" \/>\n\t<meta name=\"twitter:data2\" content=\"6 minuti\" \/>\n<script type=\"application\/ld+json\" class=\"yoast-schema-graph\">{\"@context\":\"https:\/\/schema.org\",\"@graph\":[{\"@type\":\"WebPage\",\"@id\":\"https:\/\/www.intoscana.it\/it\/nella-selva-oscura-di-marta-del-grandi-dove-parole-e-musica-si-trasformano-in-fiori\/\",\"url\":\"https:\/\/www.intoscana.it\/it\/nella-selva-oscura-di-marta-del-grandi-dove-parole-e-musica-si-trasformano-in-fiori\/\",\"name\":\"Nella selva oscura di Marta Del Grandi: dove parole e musica si trasformano in fiori - intoscana\",\"isPartOf\":{\"@id\":\"https:\/\/www.intoscana.it\/it\/#website\"},\"primaryImageOfPage\":{\"@id\":\"https:\/\/www.intoscana.it\/it\/nella-selva-oscura-di-marta-del-grandi-dove-parole-e-musica-si-trasformano-in-fiori\/#primaryimage\"},\"image\":{\"@id\":\"https:\/\/www.intoscana.it\/it\/nella-selva-oscura-di-marta-del-grandi-dove-parole-e-musica-si-trasformano-in-fiori\/#primaryimage\"},\"thumbnailUrl\":\"https:\/\/www.intoscana.it\/wp-content\/uploads\/Marta-Del-Grandi-2023-credit-Cecilia-Fornari-3-scaled.jpg\",\"datePublished\":\"2024-05-13T07:40:49+00:00\",\"dateModified\":\"2024-05-13T10:45:53+00:00\",\"author\":{\"@id\":\"https:\/\/www.intoscana.it\/it\/#\/schema\/person\/d469f35f09739bdf00bf5dd3f0647a82\"},\"description\":\"La cantautrice italiana Marta Del Grandi sar\u00e0 in concerto domenica 19 maggio 2024, presso i Vasconi di San Casciano dei Bagni (Siena)\",\"breadcrumb\":{\"@id\":\"https:\/\/www.intoscana.it\/it\/nella-selva-oscura-di-marta-del-grandi-dove-parole-e-musica-si-trasformano-in-fiori\/#breadcrumb\"},\"inLanguage\":\"it-IT\",\"potentialAction\":[{\"@type\":\"ReadAction\",\"target\":[\"https:\/\/www.intoscana.it\/it\/nella-selva-oscura-di-marta-del-grandi-dove-parole-e-musica-si-trasformano-in-fiori\/\"]}]},{\"@type\":\"ImageObject\",\"inLanguage\":\"it-IT\",\"@id\":\"https:\/\/www.intoscana.it\/it\/nella-selva-oscura-di-marta-del-grandi-dove-parole-e-musica-si-trasformano-in-fiori\/#primaryimage\",\"url\":\"https:\/\/www.intoscana.it\/wp-content\/uploads\/Marta-Del-Grandi-2023-credit-Cecilia-Fornari-3-scaled.jpg\",\"contentUrl\":\"https:\/\/www.intoscana.it\/wp-content\/uploads\/Marta-Del-Grandi-2023-credit-Cecilia-Fornari-3-scaled.jpg\",\"width\":2048,\"height\":1481,\"caption\":\"Marta Del Grandi\"},{\"@type\":\"BreadcrumbList\",\"@id\":\"https:\/\/www.intoscana.it\/it\/nella-selva-oscura-di-marta-del-grandi-dove-parole-e-musica-si-trasformano-in-fiori\/#breadcrumb\",\"itemListElement\":[{\"@type\":\"ListItem\",\"position\":1,\"name\":\"Home\",\"item\":\"https:\/\/www.intoscana.it\/it\/\"},{\"@type\":\"ListItem\",\"position\":2,\"name\":\"Nella selva oscura di Marta Del Grandi: dove parole e musica si trasformano in fiori\"}]},{\"@type\":\"WebSite\",\"@id\":\"https:\/\/www.intoscana.it\/it\/#website\",\"url\":\"https:\/\/www.intoscana.it\/it\/\",\"name\":\"intoscana\",\"description\":\"\",\"potentialAction\":[{\"@type\":\"SearchAction\",\"target\":{\"@type\":\"EntryPoint\",\"urlTemplate\":\"https:\/\/www.intoscana.it\/it\/?s={search_term_string}\"},\"query-input\":{\"@type\":\"PropertyValueSpecification\",\"valueRequired\":true,\"valueName\":\"search_term_string\"}}],\"inLanguage\":\"it-IT\"},{\"@type\":\"Person\",\"@id\":\"https:\/\/www.intoscana.it\/it\/#\/schema\/person\/d469f35f09739bdf00bf5dd3f0647a82\",\"name\":\"Costanza Baldini\",\"url\":\"https:\/\/www.intoscana.it\/it\/author\/costanza-baldini\/\"}]}<\/script>\n<!-- \/ Yoast SEO Premium plugin. -->","yoast_head_json":{"title":"Nella selva oscura di Marta Del Grandi: dove parole e musica si trasformano in fiori - intoscana","description":"La cantautrice italiana Marta Del Grandi sar\u00e0 in concerto domenica 19 maggio 2024, presso i Vasconi di San Casciano dei Bagni (Siena)","robots":{"index":"index","follow":"follow","max-snippet":"max-snippet:-1","max-image-preview":"max-image-preview:large","max-video-preview":"max-video-preview:-1"},"canonical":"https:\/\/www.intoscana.it\/it\/nella-selva-oscura-di-marta-del-grandi-dove-parole-e-musica-si-trasformano-in-fiori\/","og_locale":"it_IT","og_type":"article","og_title":"Nella selva oscura di Marta Del Grandi: dove parole e musica si trasformano in fiori","og_description":"La cantautrice italiana Marta Del Grandi sar\u00e0 in concerto domenica 19 maggio 2024, presso i Vasconi di San Casciano dei Bagni (Siena)","og_url":"https:\/\/www.intoscana.it\/it\/nella-selva-oscura-di-marta-del-grandi-dove-parole-e-musica-si-trasformano-in-fiori\/","og_site_name":"intoscana","article_publisher":"https:\/\/www.facebook.com\/intoscana.it","article_published_time":"2024-05-13T07:40:49+00:00","article_modified_time":"2024-05-13T10:45:53+00:00","og_image":[{"width":2048,"height":1481,"url":"https:\/\/www.intoscana.it\/wp-content\/uploads\/Marta-Del-Grandi-2023-credit-Cecilia-Fornari-3-scaled.jpg","type":"image\/jpeg"}],"author":"Costanza Baldini","twitter_card":"summary_large_image","twitter_creator":"@intoscana","twitter_site":"@intoscana","twitter_misc":{"Written by":"Costanza Baldini","Est. reading time":"6 minuti"},"schema":{"@context":"https:\/\/schema.org","@graph":[{"@type":"WebPage","@id":"https:\/\/www.intoscana.it\/it\/nella-selva-oscura-di-marta-del-grandi-dove-parole-e-musica-si-trasformano-in-fiori\/","url":"https:\/\/www.intoscana.it\/it\/nella-selva-oscura-di-marta-del-grandi-dove-parole-e-musica-si-trasformano-in-fiori\/","name":"Nella selva oscura di Marta Del Grandi: dove parole e musica si trasformano in fiori - intoscana","isPartOf":{"@id":"https:\/\/www.intoscana.it\/it\/#website"},"primaryImageOfPage":{"@id":"https:\/\/www.intoscana.it\/it\/nella-selva-oscura-di-marta-del-grandi-dove-parole-e-musica-si-trasformano-in-fiori\/#primaryimage"},"image":{"@id":"https:\/\/www.intoscana.it\/it\/nella-selva-oscura-di-marta-del-grandi-dove-parole-e-musica-si-trasformano-in-fiori\/#primaryimage"},"thumbnailUrl":"https:\/\/www.intoscana.it\/wp-content\/uploads\/Marta-Del-Grandi-2023-credit-Cecilia-Fornari-3-scaled.jpg","datePublished":"2024-05-13T07:40:49+00:00","dateModified":"2024-05-13T10:45:53+00:00","author":{"@id":"https:\/\/www.intoscana.it\/it\/#\/schema\/person\/d469f35f09739bdf00bf5dd3f0647a82"},"description":"La cantautrice italiana Marta Del Grandi sar\u00e0 in concerto domenica 19 maggio 2024, presso i Vasconi di San Casciano dei Bagni (Siena)","breadcrumb":{"@id":"https:\/\/www.intoscana.it\/it\/nella-selva-oscura-di-marta-del-grandi-dove-parole-e-musica-si-trasformano-in-fiori\/#breadcrumb"},"inLanguage":"it-IT","potentialAction":[{"@type":"ReadAction","target":["https:\/\/www.intoscana.it\/it\/nella-selva-oscura-di-marta-del-grandi-dove-parole-e-musica-si-trasformano-in-fiori\/"]}]},{"@type":"ImageObject","inLanguage":"it-IT","@id":"https:\/\/www.intoscana.it\/it\/nella-selva-oscura-di-marta-del-grandi-dove-parole-e-musica-si-trasformano-in-fiori\/#primaryimage","url":"https:\/\/www.intoscana.it\/wp-content\/uploads\/Marta-Del-Grandi-2023-credit-Cecilia-Fornari-3-scaled.jpg","contentUrl":"https:\/\/www.intoscana.it\/wp-content\/uploads\/Marta-Del-Grandi-2023-credit-Cecilia-Fornari-3-scaled.jpg","width":2048,"height":1481,"caption":"Marta Del Grandi"},{"@type":"BreadcrumbList","@id":"https:\/\/www.intoscana.it\/it\/nella-selva-oscura-di-marta-del-grandi-dove-parole-e-musica-si-trasformano-in-fiori\/#breadcrumb","itemListElement":[{"@type":"ListItem","position":1,"name":"Home","item":"https:\/\/www.intoscana.it\/it\/"},{"@type":"ListItem","position":2,"name":"Nella selva oscura di Marta Del Grandi: dove parole e musica si trasformano in fiori"}]},{"@type":"WebSite","@id":"https:\/\/www.intoscana.it\/it\/#website","url":"https:\/\/www.intoscana.it\/it\/","name":"intoscana","description":"","potentialAction":[{"@type":"SearchAction","target":{"@type":"EntryPoint","urlTemplate":"https:\/\/www.intoscana.it\/it\/?s={search_term_string}"},"query-input":{"@type":"PropertyValueSpecification","valueRequired":true,"valueName":"search_term_string"}}],"inLanguage":"it-IT"},{"@type":"Person","@id":"https:\/\/www.intoscana.it\/it\/#\/schema\/person\/d469f35f09739bdf00bf5dd3f0647a82","name":"Costanza Baldini","url":"https:\/\/www.intoscana.it\/it\/author\/costanza-baldini\/"}]}},"_links":{"self":[{"href":"https:\/\/www.intoscana.it\/it\/wp-json\/wp\/v2\/posts\/340007","targetHints":{"allow":["GET"]}}],"collection":[{"href":"https:\/\/www.intoscana.it\/it\/wp-json\/wp\/v2\/posts"}],"about":[{"href":"https:\/\/www.intoscana.it\/it\/wp-json\/wp\/v2\/types\/post"}],"author":[{"embeddable":true,"href":"https:\/\/www.intoscana.it\/it\/wp-json\/wp\/v2\/users\/518"}],"replies":[{"embeddable":true,"href":"https:\/\/www.intoscana.it\/it\/wp-json\/wp\/v2\/comments?post=340007"}],"version-history":[{"count":17,"href":"https:\/\/www.intoscana.it\/it\/wp-json\/wp\/v2\/posts\/340007\/revisions"}],"predecessor-version":[{"id":340119,"href":"https:\/\/www.intoscana.it\/it\/wp-json\/wp\/v2\/posts\/340007\/revisions\/340119"}],"wp:featuredmedia":[{"embeddable":true,"href":"https:\/\/www.intoscana.it\/it\/wp-json\/wp\/v2\/media\/337001"}],"wp:attachment":[{"href":"https:\/\/www.intoscana.it\/it\/wp-json\/wp\/v2\/media?parent=340007"}],"wp:term":[{"taxonomy":"category","embeddable":true,"href":"https:\/\/www.intoscana.it\/it\/wp-json\/wp\/v2\/categories?post=340007"},{"taxonomy":"post_tag","embeddable":true,"href":"https:\/\/www.intoscana.it\/it\/wp-json\/wp\/v2\/tags?post=340007"}],"curies":[{"name":"wp","href":"https:\/\/api.w.org\/{rel}","templated":true}]}}