{"id":340048,"date":"2024-05-13T11:44:06","date_gmt":"2024-05-13T09:44:06","guid":{"rendered":"https:\/\/www.intoscana.it\/it\/?p=340048"},"modified":"2024-05-13T16:10:40","modified_gmt":"2024-05-13T14:10:40","slug":"mary-shelley-nel-romanzo-di-silena-santoni-lenigma-della-ventenne-che-creo-frankenstein","status":"publish","type":"post","link":"https:\/\/www.intoscana.it\/it\/mary-shelley-nel-romanzo-di-silena-santoni-lenigma-della-ventenne-che-creo-frankenstein\/","title":{"rendered":"Mary Shelley: nel romanzo di Silena Santoni l&#8217;enigma della ventenne che cre\u00f2 Frankenstein"},"content":{"rendered":"<p><strong><em>&#8220;La mia creatura&#8221;<\/em> <\/strong>si intitola cos\u00ec il <strong>romanzo gotico <\/strong>della scrittrice<strong> toscana Silena Santoni, <\/strong>pubblicato da Giunti Editore, ispirato alla vita di <strong>Mary Shelley<\/strong> creatrice di <strong>Frankenstein<\/strong>, un libro che ha inaugurato la fantascienza.<\/p>\n<p>Il libro i<strong>ntreccia verit\u00e0 e finzione<\/strong> in un\u2019emozionante storia di <strong>rivalsa femminile<\/strong>, con protagonista<strong> un\u2019eroina tormentata, magnetica, indimenticabile.<\/strong><\/p>\n<p><strong>La vita di Mary non \u00e8 mai stata facile,<\/strong>\u00a0i lutti l&#8217;hanno perseguitata fin dalla nascita, a partire dalla <strong>madre che muore mettendola al mondo,<\/strong> dando vita a <strong>fantasmi che popolano i suoi pensieri,<\/strong> insieme ai <strong>sensi di colpa<\/strong> di cui non riesce a liberarsi.<\/p>\n<p><strong>L\u2019amore per il poeta Percy Shelley<\/strong> conosciuto quando lei era ancora un&#8217;adolescente e lui era gi\u00e0 sposato con figli, la tiene in vita. <strong>Un uomo anticonformista e geniale, romantico e crudele con cui scappa dalla casa paterna<\/strong> per viaggiare in tutta Europa e anche<strong> in Toscana<\/strong>, dove lui morir\u00e0 tragicamente in un naufragio.<\/p>\n<p>Ma oltre all\u2019amore c\u2019\u00e8 un&#8217;altra passione che anima la vita di Mary: \u00e8<strong> la scrittura.<\/strong> Sar\u00e0 il 1816,<strong><em> \u201cl\u2019anno senza estate\u201d<\/em> <\/strong>a cambiarle la vita. Sulle sponde del <strong>Lago Lemano a Ginevra,<\/strong> <strong>Mary e Percy<\/strong>, isolati in <strong>una notte di tempesta a Villa Diodati<\/strong> con la sorellastra<strong> Claire Clarmont, Lord Byron e John Polidori<\/strong>, evocheranno qualcosa di oscuro che porter\u00e0 Mary a concepire <strong>la sua creatura: Frankenstein.<\/strong> Un mostro che, nel metterla di fronte agli incubi pi\u00f9 cupi, le dar\u00e0 finalmente anche la forza di liberarsene, per <strong>diventare immortale.<\/strong><\/p>\n<p><strong>Silena Santoni<\/strong> nel romanzo <strong><em>&#8220;La mia creatura&#8221;<\/em><\/strong> attraverso <strong>il racconto in prima persona della protagonista<\/strong>, esplora<strong> la genesi del capolavoro di Mary Shelley<\/strong> ma soprattutto <strong>racconta la vita incredibile di una donna dalla forza straordinaria,<\/strong> capace di lottare contro terribili &#8220;mostri&#8221; e diventare <strong>un simbolo di emancipazione femminile o<\/strong>ggi pi\u00f9 attuale che mai.<\/p>\n<h3>Ecco la nostra intervista a Silena Santoni<\/h3>\n<p><strong>Mary Shelley \u00e8 un mistero, perch\u00e9 ancora oggi ci si domanda come sia possibile che questa giovanissima ragazza di neanche vent&#8217;anni abbia potuto scrivere uno dei libri pi\u00f9 importanti della letteratura mondiale. Quel Frankenstein che avrebbe poi dato vita al filone della fantascienza<\/strong><\/p>\n<p>In effetti stupisce molto, <strong>aveva 19 anni quando ha scritto Frankenstein. Com&#8217;\u00e8 possibile?<\/strong> Intanto bisogna pensare a dove nasce e cresce Mary Shelley. Lei <strong>\u00e8 figlia di due scrittori, filosofi e intellettuali: William Godwin il padre e Mary Wollstonecraft<\/strong> la madre che era una protofemminista e muore di parto proprio dando alla vita Mary. Sono due geni, quindi <strong>il padre si aspetta che Mary abbia ereditato da entrambi i genitori la genialit\u00e0<\/strong>. Tant&#8217;\u00e8 vero che per assurda convinzione dell&#8217;epoca quando nasce la bambina viene chiamato un frenologo per misurarle la circonferenza del cranio. Viene subito molto stimolata sia per le aspettative, perch\u00e9 Mary sa fin da piccola che dovr\u00e0 diventare una scrittrice, il che \u00e8 un fardello non indifferente per lei. A 4 anni sa gi\u00e0 leggere e scrivere, il padre la porta spesso sulla tomba della madre e indicandole lettere che sono incise sul marmo le insegna l&#8217;alfabeto. Sia perch\u00e9 la bambina gi\u00e0<strong> a 4-5 anni \u00e8 ammessa allo studio, il salotto del padre che era frequentato dagli intellettuali dell&#8217;epoca<\/strong>, poeti come <strong>Wordsworth, Coleridge<\/strong>, ma anche scienziati. <p><span class=\"citazione\">il mostro creato dal dottor Frankenstein altro non \u00e8 che la raffigurazione di tanti mostri che Mary si portava dentro<\/span><\/p><\/p>\n<p><strong>Lo stesso salotto in cui conosce Percy Bhysse Shelley tra l&#8217;altro&#8230;<\/strong><\/p>\n<p>A questo bisogna aggiungere che era un&#8217;altra epoca, oggi un 19enne \u00e8 un bambino,\u00a0<strong>lei a 19 anni aveva gi\u00e0 avuto due gravidanze,\u00a0era scappata di casa, aveva viaggiato per mezzo mondo<\/strong>, quindi era particolarmente precoce. Ultima cosa <strong>Mary porta dentro di se tanti\u00a0lutti,<\/strong> la madre muore 10 giorni dopo la sua nascita, lei si ritiene in qualche modo responsabile di questa morte. Inoltre la sua prima bambina muore a poche ore dalla nascita. <strong>La vita di Mary fin da giovanissima \u00e8 costellata da lutti, ansie, paure che avevano bisogno di uscire fuori, di essere codificate<\/strong> e lei da una forma a tutto questo nel suo romanzo. In fondo il mostro creato dal dottor Frankenstein altro non \u00e8 che la raffigurazione di <strong>tanti mostri che Mary si portava dentro.<\/strong><\/p>\n<p><strong>Si dice che Frankenstein sia un&#8217;opera sul parto, sul dare e togliere la vita, collegandolo proprio alla morte della madre e ai tanti aborti di Mary<\/strong><\/p>\n<p>Lei perde quattro figli, sicuramente <strong>il tema della genitorialit\u00e0 consapevole\u00a0\u00e8 fondamentale nella vita di Mary<\/strong>, un tema che lei riporta in <strong>Frankenstein<\/strong>. Perch\u00e9 in realt\u00e0 la figura della creatura \u00e8 stata modificata nelle opere teatrali, nei film, come malvagio. Invece nell&#8217;opera originale \u00e8 buono,<strong> \u00e8 semplicemente un diverso che si incattivisce a causa della malvagit\u00e0 e del pregiudizio delle persone.<\/strong> Il vero criminale \u00e8 lo scienziato, il dottor Frankenstein che tenta un esperimento folle, nel non rispettare le leggi della natura, nella ricerca dell&#8217;immortalit\u00e0. Quando si accorge di quello che ha fatto scappa e abbandona la creatura che \u00e8 come un bambino appena nato, al suo destino. <strong>La responsabilit\u00e0 nella procreazione \u00e8 un tema fortissimo in lei.<\/strong><\/p>\n<p><strong>Il suo romanzo si apre con uno degli eventi cardine della vita di Mary, ovvero la morte del marito Percy Bysshe Shelley durante un naufragio sulla costa toscana. Loro vivono una vita molto avventurosa, scappano insieme quando Percy era ancora sposato. Il loro viene definito un grande amore, ma mi pare di capire che tu sei invece molto critica nei confronti di Percy<\/strong><\/p>\n<p><strong>Percy Shelley \u00e8 l&#8217;esempio di genio e sregolatezza,<\/strong> una persona che vive al di l\u00e0 di qualunque regola sociale e etica.\u00a0\u00c8 contrario al matrimonio, \u00e8 favorevole all&#8217;amore libero, sono tutte sue teorie che lui mette in pratica anche nel rapporto con Mary e<strong> non si preoccupa pi\u00f9 di tanto di offendere la sensibilit\u00e0\u00a0di questa persona,<\/strong> lui va avanti per la sua strada. Mary all&#8217;inizio subisce una fascinazione enorme di quest&#8217;uomo, pensa di non poter vivere senza di lui,<strong> si sente sempre non all&#8217;altezza di questo marito bello, famoso, poeta che scrive versi bellissimi. <\/strong>Poi col passare del tempo lo ha un po&#8217; ridimensionato. Malgrado lei rimanga vedova giovanissima, a soli 24 anni, nella realt\u00e0 <strong>Mary non si risposa mai, torna in Inghilterra e lavora indefessamente alla revisione dell&#8217;opera del marito.<\/strong> Quindi in qualche modo continua a vivere nell&#8217;orbita di quest&#8217;uomo. Nel mio romanzo ho dato a Mary una sensibilit\u00e0 pi\u00f9 contemporanea e ho immaginato che alla fine questa donna <strong>si sia veramente stufata dei capricci, degli amori, delle umiliazioni e degli egoismi innegabili di Percy<\/strong>. A un certo punto capisce di non aver bisogno di lui, trova la propria dimensione, il proprio orgoglio e la propria libert\u00e0. <strong>Riesce cio\u00e8 a dare un senso alla propria vita a prescindere dal marito<\/strong>, proprio attraverso la scrittura, nell&#8217;orgoglio e la consapevolezza di aver scritto un capolavoro che durer\u00e0 negli anni.<p><span class=\"citazione\">Mary trova la propria dimensione, il proprio orgoglio e la propria libert\u00e0. Riesce a dare un senso alla propria vita a prescindere dal marito, proprio attraverso la scrittura<\/span><\/p><\/p>\n<p><strong>Una cosa innegabile \u00e8 che dopo la morte tragica del marito lei si riprende\u00a0in modo molto energico da questa tragedia. Pur essendo una donna sola con un bambino piccolo continua a lavorare e a scrivere, ha una vita piena, ricca. Per\u00f2 devo dire che Frankenstein esiste anche perch\u00e9 fu Percy che spinse la moglie a scrivere il romanzo e leggendo le poesie che lui le dedicava \u00e8 difficile restare indifferenti,\u00a0il loro sembra davvero un grande amore<\/strong><\/p>\n<p>Per lui era anche un costume, <strong>scrive poesie bellissime per tutte le donne che via via incontra<\/strong> e che elegge a proprie &#8220;Muse ispiratrici&#8221;. E&#8217; un grande poeta, scrive cose bellissime per Mary ma non solo per lei. Ed \u00e8 storicamente provato che specialmente nell&#8217;ultimo periodo che passano \u00a0a Pisa e in Liguria i rapporti si erano un po&#8217; raffreddati. D&#8217;altra parte <strong>Percy ha un rapporto continuo con la sorellastra di Mary: Claire Clairmont<\/strong>, il loro \u00e8 un rapporto a tre dall&#8217;inizio alla fine. Si dice che lui abbia anche concepito una figlia con Claire. Lei \u00e8 l&#8217;amante ufficiale di Percy, insomma non sono cose facilissime da digerire agli inizi dell&#8217;800 per una donna.<\/p>\n<p><strong>S\u00ec pu\u00f2 dire che alla fine Mary &#8220;ha vinto&#8221;, nel senso che \u00e8 la pi\u00f9 famosa, ancora oggi, almeno nella cultura pop, rispetto a quel gruppo di intellettuali, al marito e anche al padre che dopo la fuga l&#8217;aveva ripudiata?<\/strong><\/p>\n<p>Non so fino a che punto tutto questo sia meritato perch\u00e9 parliamo di Byron, di Shelley di grandi artisti, rimane il fatto che<strong> lei con la creazione di Frankenstein \u00e8 sicuramente la persona pi\u00f9 famosa.<\/strong> Non so se sia accaduto nella realt\u00e0, ma nel mio romanzo <strong>Mary si prende una rivincita, acquisisce coscienza\u00a0dell&#8217;importanza della sua opera<\/strong> che la render\u00e0 famosa nei secoli a venire. Lei ne era almeno in parte consapevole perch\u00e9 <strong>Frankenstein viene subito messo in scena a teatro poco dopo la morte di Shelley<\/strong>. Quando lei rientra in inghilterra gi\u00e0 assiste ad una trasposizione scenica del suo libro.<\/p>\n<figure id=\"post-340010 media-340010\" class=\"align-none\"><img decoding=\"async\" src=\"https:\/\/www.intoscana.it\/wp-content\/uploads\/8d13ac15a80540cf84cc60cc8eda72d4.jpg-scaled.webp\" alt=\"\" \/><\/figure>\n<div class=\"titleimg\">Silena Santoni, La mia creatura<\/div>\n","protected":false},"excerpt":{"rendered":"<p>Silena Santoni nel romanzo &#8220;La mia creatura&#8221;, pubblicato da Giunti Editore, racconta la genesi del capolavoro letterario di Mary Shelley, ma soprattutto la vita incredibile di una donna dalla forza straordinaria, simbolo di emancipazione femminile<\/p>\n","protected":false},"author":518,"featured_media":340008,"comment_status":"open","ping_status":"open","sticky":false,"template":"","format":"standard","meta":{"_acf_changed":false,"footnotes":""},"categories":[493],"tags":[3136,210],"class_list":["post-340048","post","type-post","status-publish","format-standard","has-post-thumbnail","hentry","category-cultura","tag-interviste","tag-libri"],"acf":[],"yoast_head":"<!-- This site is optimized with the Yoast SEO Premium plugin v24.2 (Yoast SEO v25.6) - https:\/\/yoast.com\/wordpress\/plugins\/seo\/ -->\n<title>Mary Shelley: nel romanzo di Silena Santoni l&#039;enigma della ventenne che cre\u00f2 Frankenstein - intoscana<\/title>\n<meta name=\"description\" content=\"Silena Santoni nel romanzo &quot;La mia creatura&quot; racconta la genesi del capolavoro di Mary Shelley &quot;Frankenstein&quot;\" \/>\n<meta name=\"robots\" content=\"index, follow, max-snippet:-1, max-image-preview:large, max-video-preview:-1\" \/>\n<link rel=\"canonical\" href=\"https:\/\/www.intoscana.it\/it\/mary-shelley-nel-romanzo-di-silena-santoni-lenigma-della-ventenne-che-creo-frankenstein\/\" \/>\n<meta property=\"og:locale\" content=\"it_IT\" \/>\n<meta property=\"og:type\" content=\"article\" \/>\n<meta property=\"og:title\" content=\"Mary Shelley: nel romanzo di Silena Santoni l&#039;enigma della ventenne che cre\u00f2 Frankenstein\" \/>\n<meta property=\"og:description\" content=\"Silena Santoni nel romanzo &quot;La mia creatura&quot; racconta la genesi del capolavoro di Mary Shelley &quot;Frankenstein&quot;\" \/>\n<meta property=\"og:url\" content=\"https:\/\/www.intoscana.it\/it\/mary-shelley-nel-romanzo-di-silena-santoni-lenigma-della-ventenne-che-creo-frankenstein\/\" \/>\n<meta property=\"og:site_name\" content=\"intoscana\" \/>\n<meta property=\"article:publisher\" content=\"https:\/\/www.facebook.com\/intoscana.it\" \/>\n<meta property=\"article:published_time\" content=\"2024-05-13T09:44:06+00:00\" \/>\n<meta property=\"article:modified_time\" content=\"2024-05-13T14:10:40+00:00\" \/>\n<meta property=\"og:image\" content=\"https:\/\/www.intoscana.it\/wp-content\/uploads\/mary-wollstonecraft-shelley-british-writer-best-known-for-news-photo-1655311534.jpeg\" \/>\n\t<meta property=\"og:image:width\" content=\"980\" \/>\n\t<meta property=\"og:image:height\" content=\"1218\" \/>\n\t<meta property=\"og:image:type\" content=\"image\/jpeg\" \/>\n<meta name=\"author\" content=\"Costanza Baldini\" \/>\n<meta name=\"twitter:card\" content=\"summary_large_image\" \/>\n<meta name=\"twitter:creator\" content=\"@intoscana\" \/>\n<meta name=\"twitter:site\" content=\"@intoscana\" \/>\n<meta name=\"twitter:label1\" content=\"Written by\" \/>\n\t<meta name=\"twitter:data1\" content=\"Costanza Baldini\" \/>\n\t<meta name=\"twitter:label2\" content=\"Est. reading time\" \/>\n\t<meta name=\"twitter:data2\" content=\"9 minuti\" \/>\n<script type=\"application\/ld+json\" class=\"yoast-schema-graph\">{\"@context\":\"https:\/\/schema.org\",\"@graph\":[{\"@type\":\"WebPage\",\"@id\":\"https:\/\/www.intoscana.it\/it\/mary-shelley-nel-romanzo-di-silena-santoni-lenigma-della-ventenne-che-creo-frankenstein\/\",\"url\":\"https:\/\/www.intoscana.it\/it\/mary-shelley-nel-romanzo-di-silena-santoni-lenigma-della-ventenne-che-creo-frankenstein\/\",\"name\":\"Mary Shelley: nel romanzo di Silena Santoni l'enigma della ventenne che cre\u00f2 Frankenstein - intoscana\",\"isPartOf\":{\"@id\":\"https:\/\/www.intoscana.it\/it\/#website\"},\"primaryImageOfPage\":{\"@id\":\"https:\/\/www.intoscana.it\/it\/mary-shelley-nel-romanzo-di-silena-santoni-lenigma-della-ventenne-che-creo-frankenstein\/#primaryimage\"},\"image\":{\"@id\":\"https:\/\/www.intoscana.it\/it\/mary-shelley-nel-romanzo-di-silena-santoni-lenigma-della-ventenne-che-creo-frankenstein\/#primaryimage\"},\"thumbnailUrl\":\"https:\/\/www.intoscana.it\/wp-content\/uploads\/mary-wollstonecraft-shelley-british-writer-best-known-for-news-photo-1655311534.jpeg\",\"datePublished\":\"2024-05-13T09:44:06+00:00\",\"dateModified\":\"2024-05-13T14:10:40+00:00\",\"author\":{\"@id\":\"https:\/\/www.intoscana.it\/it\/#\/schema\/person\/d469f35f09739bdf00bf5dd3f0647a82\"},\"description\":\"Silena Santoni nel romanzo \\\"La mia creatura\\\" racconta la genesi del capolavoro di Mary Shelley \\\"Frankenstein\\\"\",\"breadcrumb\":{\"@id\":\"https:\/\/www.intoscana.it\/it\/mary-shelley-nel-romanzo-di-silena-santoni-lenigma-della-ventenne-che-creo-frankenstein\/#breadcrumb\"},\"inLanguage\":\"it-IT\",\"potentialAction\":[{\"@type\":\"ReadAction\",\"target\":[\"https:\/\/www.intoscana.it\/it\/mary-shelley-nel-romanzo-di-silena-santoni-lenigma-della-ventenne-che-creo-frankenstein\/\"]}]},{\"@type\":\"ImageObject\",\"inLanguage\":\"it-IT\",\"@id\":\"https:\/\/www.intoscana.it\/it\/mary-shelley-nel-romanzo-di-silena-santoni-lenigma-della-ventenne-che-creo-frankenstein\/#primaryimage\",\"url\":\"https:\/\/www.intoscana.it\/wp-content\/uploads\/mary-wollstonecraft-shelley-british-writer-best-known-for-news-photo-1655311534.jpeg\",\"contentUrl\":\"https:\/\/www.intoscana.it\/wp-content\/uploads\/mary-wollstonecraft-shelley-british-writer-best-known-for-news-photo-1655311534.jpeg\",\"width\":980,\"height\":1218,\"caption\":\"Mary Shelley\"},{\"@type\":\"BreadcrumbList\",\"@id\":\"https:\/\/www.intoscana.it\/it\/mary-shelley-nel-romanzo-di-silena-santoni-lenigma-della-ventenne-che-creo-frankenstein\/#breadcrumb\",\"itemListElement\":[{\"@type\":\"ListItem\",\"position\":1,\"name\":\"Home\",\"item\":\"https:\/\/www.intoscana.it\/it\/\"},{\"@type\":\"ListItem\",\"position\":2,\"name\":\"Mary Shelley: nel romanzo di Silena Santoni l&#8217;enigma della ventenne che cre\u00f2 Frankenstein\"}]},{\"@type\":\"WebSite\",\"@id\":\"https:\/\/www.intoscana.it\/it\/#website\",\"url\":\"https:\/\/www.intoscana.it\/it\/\",\"name\":\"intoscana\",\"description\":\"\",\"potentialAction\":[{\"@type\":\"SearchAction\",\"target\":{\"@type\":\"EntryPoint\",\"urlTemplate\":\"https:\/\/www.intoscana.it\/it\/?s={search_term_string}\"},\"query-input\":{\"@type\":\"PropertyValueSpecification\",\"valueRequired\":true,\"valueName\":\"search_term_string\"}}],\"inLanguage\":\"it-IT\"},{\"@type\":\"Person\",\"@id\":\"https:\/\/www.intoscana.it\/it\/#\/schema\/person\/d469f35f09739bdf00bf5dd3f0647a82\",\"name\":\"Costanza Baldini\",\"url\":\"https:\/\/www.intoscana.it\/it\/author\/costanza-baldini\/\"}]}<\/script>\n<!-- \/ Yoast SEO Premium plugin. -->","yoast_head_json":{"title":"Mary Shelley: nel romanzo di Silena Santoni l'enigma della ventenne che cre\u00f2 Frankenstein - intoscana","description":"Silena Santoni nel romanzo \"La mia creatura\" racconta la genesi del capolavoro di Mary Shelley \"Frankenstein\"","robots":{"index":"index","follow":"follow","max-snippet":"max-snippet:-1","max-image-preview":"max-image-preview:large","max-video-preview":"max-video-preview:-1"},"canonical":"https:\/\/www.intoscana.it\/it\/mary-shelley-nel-romanzo-di-silena-santoni-lenigma-della-ventenne-che-creo-frankenstein\/","og_locale":"it_IT","og_type":"article","og_title":"Mary Shelley: nel romanzo di Silena Santoni l'enigma della ventenne che cre\u00f2 Frankenstein","og_description":"Silena Santoni nel romanzo \"La mia creatura\" racconta la genesi del capolavoro di Mary Shelley \"Frankenstein\"","og_url":"https:\/\/www.intoscana.it\/it\/mary-shelley-nel-romanzo-di-silena-santoni-lenigma-della-ventenne-che-creo-frankenstein\/","og_site_name":"intoscana","article_publisher":"https:\/\/www.facebook.com\/intoscana.it","article_published_time":"2024-05-13T09:44:06+00:00","article_modified_time":"2024-05-13T14:10:40+00:00","og_image":[{"width":980,"height":1218,"url":"https:\/\/www.intoscana.it\/wp-content\/uploads\/mary-wollstonecraft-shelley-british-writer-best-known-for-news-photo-1655311534.jpeg","type":"image\/jpeg"}],"author":"Costanza Baldini","twitter_card":"summary_large_image","twitter_creator":"@intoscana","twitter_site":"@intoscana","twitter_misc":{"Written by":"Costanza Baldini","Est. reading time":"9 minuti"},"schema":{"@context":"https:\/\/schema.org","@graph":[{"@type":"WebPage","@id":"https:\/\/www.intoscana.it\/it\/mary-shelley-nel-romanzo-di-silena-santoni-lenigma-della-ventenne-che-creo-frankenstein\/","url":"https:\/\/www.intoscana.it\/it\/mary-shelley-nel-romanzo-di-silena-santoni-lenigma-della-ventenne-che-creo-frankenstein\/","name":"Mary Shelley: nel romanzo di Silena Santoni l'enigma della ventenne che cre\u00f2 Frankenstein - intoscana","isPartOf":{"@id":"https:\/\/www.intoscana.it\/it\/#website"},"primaryImageOfPage":{"@id":"https:\/\/www.intoscana.it\/it\/mary-shelley-nel-romanzo-di-silena-santoni-lenigma-della-ventenne-che-creo-frankenstein\/#primaryimage"},"image":{"@id":"https:\/\/www.intoscana.it\/it\/mary-shelley-nel-romanzo-di-silena-santoni-lenigma-della-ventenne-che-creo-frankenstein\/#primaryimage"},"thumbnailUrl":"https:\/\/www.intoscana.it\/wp-content\/uploads\/mary-wollstonecraft-shelley-british-writer-best-known-for-news-photo-1655311534.jpeg","datePublished":"2024-05-13T09:44:06+00:00","dateModified":"2024-05-13T14:10:40+00:00","author":{"@id":"https:\/\/www.intoscana.it\/it\/#\/schema\/person\/d469f35f09739bdf00bf5dd3f0647a82"},"description":"Silena Santoni nel romanzo \"La mia creatura\" racconta la genesi del capolavoro di Mary Shelley \"Frankenstein\"","breadcrumb":{"@id":"https:\/\/www.intoscana.it\/it\/mary-shelley-nel-romanzo-di-silena-santoni-lenigma-della-ventenne-che-creo-frankenstein\/#breadcrumb"},"inLanguage":"it-IT","potentialAction":[{"@type":"ReadAction","target":["https:\/\/www.intoscana.it\/it\/mary-shelley-nel-romanzo-di-silena-santoni-lenigma-della-ventenne-che-creo-frankenstein\/"]}]},{"@type":"ImageObject","inLanguage":"it-IT","@id":"https:\/\/www.intoscana.it\/it\/mary-shelley-nel-romanzo-di-silena-santoni-lenigma-della-ventenne-che-creo-frankenstein\/#primaryimage","url":"https:\/\/www.intoscana.it\/wp-content\/uploads\/mary-wollstonecraft-shelley-british-writer-best-known-for-news-photo-1655311534.jpeg","contentUrl":"https:\/\/www.intoscana.it\/wp-content\/uploads\/mary-wollstonecraft-shelley-british-writer-best-known-for-news-photo-1655311534.jpeg","width":980,"height":1218,"caption":"Mary Shelley"},{"@type":"BreadcrumbList","@id":"https:\/\/www.intoscana.it\/it\/mary-shelley-nel-romanzo-di-silena-santoni-lenigma-della-ventenne-che-creo-frankenstein\/#breadcrumb","itemListElement":[{"@type":"ListItem","position":1,"name":"Home","item":"https:\/\/www.intoscana.it\/it\/"},{"@type":"ListItem","position":2,"name":"Mary Shelley: nel romanzo di Silena Santoni l&#8217;enigma della ventenne che cre\u00f2 Frankenstein"}]},{"@type":"WebSite","@id":"https:\/\/www.intoscana.it\/it\/#website","url":"https:\/\/www.intoscana.it\/it\/","name":"intoscana","description":"","potentialAction":[{"@type":"SearchAction","target":{"@type":"EntryPoint","urlTemplate":"https:\/\/www.intoscana.it\/it\/?s={search_term_string}"},"query-input":{"@type":"PropertyValueSpecification","valueRequired":true,"valueName":"search_term_string"}}],"inLanguage":"it-IT"},{"@type":"Person","@id":"https:\/\/www.intoscana.it\/it\/#\/schema\/person\/d469f35f09739bdf00bf5dd3f0647a82","name":"Costanza Baldini","url":"https:\/\/www.intoscana.it\/it\/author\/costanza-baldini\/"}]}},"_links":{"self":[{"href":"https:\/\/www.intoscana.it\/it\/wp-json\/wp\/v2\/posts\/340048","targetHints":{"allow":["GET"]}}],"collection":[{"href":"https:\/\/www.intoscana.it\/it\/wp-json\/wp\/v2\/posts"}],"about":[{"href":"https:\/\/www.intoscana.it\/it\/wp-json\/wp\/v2\/types\/post"}],"author":[{"embeddable":true,"href":"https:\/\/www.intoscana.it\/it\/wp-json\/wp\/v2\/users\/518"}],"replies":[{"embeddable":true,"href":"https:\/\/www.intoscana.it\/it\/wp-json\/wp\/v2\/comments?post=340048"}],"version-history":[{"count":10,"href":"https:\/\/www.intoscana.it\/it\/wp-json\/wp\/v2\/posts\/340048\/revisions"}],"predecessor-version":[{"id":340216,"href":"https:\/\/www.intoscana.it\/it\/wp-json\/wp\/v2\/posts\/340048\/revisions\/340216"}],"wp:featuredmedia":[{"embeddable":true,"href":"https:\/\/www.intoscana.it\/it\/wp-json\/wp\/v2\/media\/340008"}],"wp:attachment":[{"href":"https:\/\/www.intoscana.it\/it\/wp-json\/wp\/v2\/media?parent=340048"}],"wp:term":[{"taxonomy":"category","embeddable":true,"href":"https:\/\/www.intoscana.it\/it\/wp-json\/wp\/v2\/categories?post=340048"},{"taxonomy":"post_tag","embeddable":true,"href":"https:\/\/www.intoscana.it\/it\/wp-json\/wp\/v2\/tags?post=340048"}],"curies":[{"name":"wp","href":"https:\/\/api.w.org\/{rel}","templated":true}]}}