{"id":340362,"date":"2024-05-14T14:28:54","date_gmt":"2024-05-14T12:28:54","guid":{"rendered":"https:\/\/www.intoscana.it\/it\/?p=340362"},"modified":"2024-05-15T12:15:48","modified_gmt":"2024-05-15T10:15:48","slug":"un-secolo-di-gallo-nero-consorzio-chianti-classico-manifesto-sostenibilita","status":"publish","type":"post","link":"https:\/\/www.intoscana.it\/it\/un-secolo-di-gallo-nero-consorzio-chianti-classico-manifesto-sostenibilita\/","title":{"rendered":"Un secolo di Gallo Nero: il Consorzio Chianti Classico lancia il Manifesto di sostenibilit\u00e0"},"content":{"rendered":"<p>Era il 14 maggio del 1924 quando 33 lungimiranti viticoltori diedero vita al <strong>Consorzio del Chianti Classico<\/strong> con l\u2019obiettivo di tutelare e promuovere il vino del territorio. Nello stesso anno decisero anche il simbolo che avrebbe rappresentato il prodotto d\u2019eccellenza: il <strong>Gallo Nero<\/strong>. A distanza di un secolo, quel marchio continua a portare i valori di qualit\u00e0 e autenticit\u00e0 in giro per il mondo grazie al Consorzio che riunisce circa <strong>500 aziende<\/strong> e che proprio oggi festeggia i <strong>100 anni<\/strong> dalla sua fondazione.<\/p>\n<p>In occasione di questa importante ricorrenza, \u00e8 stato presentato presso l\u2019Accademia dei Georgofili a Firenze il \u201c<strong>Manifesto di sostenibilit\u00e0<\/strong>\u201d, un elenco di 57 regole di indirizzo e criteri chiamati ad ispirare l&#8217;azione dei viticoltori. Attenzione all\u2019ambiente e all\u2019ecosistema e identit\u00e0 territoriale sono solo alcuni concetti chiave che tracciano il futuro della denominazione e accompagnano i produttori nei processi di valorizzazione.<\/p>\n<p>&#8220;<em>Abbiamo pensato ad uno strumento dedicato alla nostra realt\u00e0 e al nostro territorio, un percorso cucito sul Chianti Classico<\/em> &#8211; ha spiegato la direttrice del Gallo Nero <strong>Carlotta Gori<\/strong> &#8211;<em>. Ogni azienda poi trover\u00e0 in queste regole il modo di costruirsi il proprio abito. Chiederemo, per accedere a questo percorso, di rispettare inizialmente almeno la met\u00e0 degli indirizzi<\/em>&#8220;, che spaziano dagli aspetti della biodiversit\u00e0 alla sostenibilit\u00e0 declinata in senso ambientale, sociale e culturale.<\/p>\n<p>&#8220;<em>Abbiamo atteso fino ad oggi ad affrontare, come Consorzio, il tema cos\u00ec attuale della sostenibilit\u00e0, per potergli dare una caratterizzazione<\/em> &#8211; ha sottolineato <strong>Giovanni Manetti<\/strong>, presidente del Consorzio &#8211;<em>, un&#8217;identit\u00e0 specifica che fosse in grado di evidenziare ed esaltare i caratteri distintivi della nostra denominazione e del suo territorio di produzione. <\/em><mark><em>Un manifesto che siamo certi i nostri viticoltori accoglieranno e renderanno vivo e attivo<\/em><\/mark>&#8220;.<\/p>\n<h3>Sulle tracce del Gallo Nero<\/h3>\n<figure id=\"post-340395 media-340395\" class=\"align-none\"><img decoding=\"async\" src=\"https:\/\/www.intoscana.it\/wp-content\/uploads\/tracce-gallo-nero.jpeg\" alt=\"\" \/><\/figure>\n<div class=\"titleimg\">Il libro \u201cSulle tracce del Gallo Nero\u201d &#8211; \u00a9 Consorzio Chianti Classico<\/div>\n<p>Le celebrazioni dei 100 anni di Consorzio Chianti Classico sono continuate poi con la presentazione del <strong>libro<\/strong> \u201cSulle tracce del Gallo Nero\u201d, a firma di Daniele Cernilli in collaborazione con Paolo De Cristofaro, di Giunti Editore. Il volume uscir\u00e0 nelle librerie il 22 maggio.<\/p>\n<p>Come si legge sul <a href=\"https:\/\/www.doctorwine.wine\/firmato-doctorwine\/editoriale\/lera-del-gallo-nero\/\" target=\"_blank\" rel=\"noopener\">blog dell&#8217;autore<\/a>, non si tratta del &#8220;<em>solito libro celebrativo. <\/em><mark><em>\u00c8 il tentativo di trasformare in un racconto, anche romanzato in alcuni punti, una storia che inizia addirittura con la battaglia di Montaperti del 1260 e prosegue fino a oggi<\/em><\/mark><em>. Cercando di spiegare come mai quel gallo \u00e8 proprio nero, poi cosa accadde in diversi periodi storici, prima che il Consorzio nascesse nel 1924<\/em>&#8220;.<\/p>\n<h3>Sostenibilit\u00e0 e identit\u00e0 territoriale<\/h3>\n<p><iframe loading=\"lazy\" title=\"YouTube video player\" src=\"https:\/\/www.youtube.com\/embed\/6FHvsnV5PfI?si=wcVVw-_xflxvhWlN\" width=\"800\" height=\"450\" frameborder=\"0\" allowfullscreen=\"allowfullscreen\"><span data-mce-type=\"bookmark\" style=\"display: inline-block; width: 0px; overflow: hidden; line-height: 0;\" class=\"mce_SELRES_start\">\ufeff<\/span><\/iframe><\/p>\n<p>Il 14 maggio 2024, presso il Salone de\u2019 Cinquecento di <strong>Palazzo Vecchio<\/strong>, a Firenze, si \u00e8 tenuto infine il <strong>convegno<\/strong> dal titolo \u201cBack to the future. Sostenibilit\u00e0 e identit\u00e0 territoriale: il futuro della viticoltura di qualit\u00e0\u201d alla presenza del ministro dell&#8217;Agricoltura, della sovranit\u00e0 alimentare e delle foreste e gli interventi di rappresentanti di alcune fra le pi\u00f9 illustri denominazioni e grandi vini del mondo: <strong>Champagne, Borgogna, Porto e Douro, Oregon e Barolo<\/strong>.<\/p>\n<p>&#8220;<em>Il Chianti Classico \u00e8 senza dubbio uno dei nostri prodotti pi\u00f9 pregiati <\/em>&#8211; ha dichiarato il ministro &#8211;<em> , e il consorzio \u00e8 stata un&#8217;intuizione fondamentale di chi \u00e8 riuscito a guardare con una prospettiva lunga: capacit\u00e0 di mettersi insieme, non fare concorrenza al tuo vicino ma cercare di collaborare con lui per accedere a pi\u00f9 mercati possibile e in maniera pi\u00f9 forte<\/em>&#8220;.<\/p>\n<p>&#8220;<em>Oggi sono tanti che hanno copiato l&#8217;esperienza del Chianti Classico, per fortuna<\/em> &#8211; ha concluso &#8211; <em>e<\/em> <mark><em>la nostra economia risente positivamente di questa relazione forte tra la capacit\u00e0 di produzione, la qualit\u00e0 e la capacit\u00e0 di promozione<\/em><\/mark>&#8220;.<\/p>\n","protected":false},"excerpt":{"rendered":"<p>Attenzione alla biodiversit\u00e0 e identit\u00e0 territoriale: sono alcune parole chiave alla base del progetto lanciato dal Consorzio pi\u00f9 antico d&#8217;Italia che festeggia i 100 anni dalla sua fondazione<\/p>\n","protected":false},"author":483,"featured_media":340443,"comment_status":"open","ping_status":"open","sticky":false,"template":"","format":"standard","meta":{"_acf_changed":false,"footnotes":""},"categories":[8],"tags":[282,6108,371,224],"class_list":["post-340362","post","type-post","status-publish","format-standard","has-post-thumbnail","hentry","category-enogastronomia","tag-agroalimentare","tag-chianti-classico","tag-sostenibilita","tag-vino"],"acf":[],"yoast_head":"<!-- This site is optimized with the Yoast SEO Premium plugin v24.2 (Yoast SEO v25.6) - https:\/\/yoast.com\/wordpress\/plugins\/seo\/ -->\n<title>Il Consorzio Chianti Classico lancia il Manifesto di sostenibilit\u00e0 - intoscana<\/title>\n<meta name=\"description\" content=\"Il Consorzio Chianti Classico lancia il &#039;Manifesto di sostenibilit\u00e0&#039; in occasione dei 100 anni di Gallo Nero.\" \/>\n<meta name=\"robots\" content=\"index, follow, max-snippet:-1, max-image-preview:large, max-video-preview:-1\" \/>\n<link rel=\"canonical\" href=\"https:\/\/www.intoscana.it\/it\/un-secolo-di-gallo-nero-consorzio-chianti-classico-manifesto-sostenibilita\/\" \/>\n<meta property=\"og:locale\" content=\"it_IT\" \/>\n<meta property=\"og:type\" content=\"article\" \/>\n<meta property=\"og:title\" content=\"Un secolo di Gallo Nero: il Consorzio Chianti Classico lancia il Manifesto di sostenibilit\u00e0\" \/>\n<meta property=\"og:description\" content=\"Il Consorzio Chianti Classico lancia il &#039;Manifesto di sostenibilit\u00e0&#039; in occasione dei 100 anni di Gallo Nero.\" \/>\n<meta property=\"og:url\" content=\"https:\/\/www.intoscana.it\/it\/un-secolo-di-gallo-nero-consorzio-chianti-classico-manifesto-sostenibilita\/\" \/>\n<meta property=\"og:site_name\" content=\"intoscana\" \/>\n<meta property=\"article:publisher\" content=\"https:\/\/www.facebook.com\/intoscana.it\" \/>\n<meta property=\"article:published_time\" content=\"2024-05-14T12:28:54+00:00\" \/>\n<meta property=\"article:modified_time\" content=\"2024-05-15T10:15:48+00:00\" \/>\n<meta property=\"og:image\" content=\"https:\/\/www.intoscana.it\/wp-content\/uploads\/I-100-anni-del-consorzio-Chianti-Classico-e1715696542902.jpeg\" \/>\n\t<meta property=\"og:image:width\" content=\"1437\" \/>\n\t<meta property=\"og:image:height\" content=\"930\" \/>\n\t<meta property=\"og:image:type\" content=\"image\/jpeg\" \/>\n<meta name=\"author\" content=\"Marta Mancini\" \/>\n<meta name=\"twitter:card\" content=\"summary_large_image\" \/>\n<meta name=\"twitter:creator\" content=\"@intoscana\" \/>\n<meta name=\"twitter:site\" content=\"@intoscana\" \/>\n<meta name=\"twitter:label1\" content=\"Written by\" \/>\n\t<meta name=\"twitter:data1\" content=\"Marta Mancini\" \/>\n\t<meta name=\"twitter:label2\" content=\"Est. reading time\" \/>\n\t<meta name=\"twitter:data2\" content=\"4 minuti\" \/>\n<script type=\"application\/ld+json\" class=\"yoast-schema-graph\">{\"@context\":\"https:\/\/schema.org\",\"@graph\":[{\"@type\":\"WebPage\",\"@id\":\"https:\/\/www.intoscana.it\/it\/un-secolo-di-gallo-nero-consorzio-chianti-classico-manifesto-sostenibilita\/\",\"url\":\"https:\/\/www.intoscana.it\/it\/un-secolo-di-gallo-nero-consorzio-chianti-classico-manifesto-sostenibilita\/\",\"name\":\"Il Consorzio Chianti Classico lancia il Manifesto di sostenibilit\u00e0 - intoscana\",\"isPartOf\":{\"@id\":\"https:\/\/www.intoscana.it\/it\/#website\"},\"primaryImageOfPage\":{\"@id\":\"https:\/\/www.intoscana.it\/it\/un-secolo-di-gallo-nero-consorzio-chianti-classico-manifesto-sostenibilita\/#primaryimage\"},\"image\":{\"@id\":\"https:\/\/www.intoscana.it\/it\/un-secolo-di-gallo-nero-consorzio-chianti-classico-manifesto-sostenibilita\/#primaryimage\"},\"thumbnailUrl\":\"https:\/\/www.intoscana.it\/wp-content\/uploads\/I-100-anni-del-consorzio-Chianti-Classico-e1715696542902.jpeg\",\"datePublished\":\"2024-05-14T12:28:54+00:00\",\"dateModified\":\"2024-05-15T10:15:48+00:00\",\"author\":{\"@id\":\"https:\/\/www.intoscana.it\/it\/#\/schema\/person\/ba955c49c389f39a8208f182b0652479\"},\"description\":\"Il Consorzio Chianti Classico lancia il 'Manifesto di sostenibilit\u00e0' in occasione dei 100 anni di Gallo Nero.\",\"breadcrumb\":{\"@id\":\"https:\/\/www.intoscana.it\/it\/un-secolo-di-gallo-nero-consorzio-chianti-classico-manifesto-sostenibilita\/#breadcrumb\"},\"inLanguage\":\"it-IT\",\"potentialAction\":[{\"@type\":\"ReadAction\",\"target\":[\"https:\/\/www.intoscana.it\/it\/un-secolo-di-gallo-nero-consorzio-chianti-classico-manifesto-sostenibilita\/\"]}]},{\"@type\":\"ImageObject\",\"inLanguage\":\"it-IT\",\"@id\":\"https:\/\/www.intoscana.it\/it\/un-secolo-di-gallo-nero-consorzio-chianti-classico-manifesto-sostenibilita\/#primaryimage\",\"url\":\"https:\/\/www.intoscana.it\/wp-content\/uploads\/I-100-anni-del-consorzio-Chianti-Classico-e1715696542902.jpeg\",\"contentUrl\":\"https:\/\/www.intoscana.it\/wp-content\/uploads\/I-100-anni-del-consorzio-Chianti-Classico-e1715696542902.jpeg\",\"width\":1437,\"height\":930},{\"@type\":\"BreadcrumbList\",\"@id\":\"https:\/\/www.intoscana.it\/it\/un-secolo-di-gallo-nero-consorzio-chianti-classico-manifesto-sostenibilita\/#breadcrumb\",\"itemListElement\":[{\"@type\":\"ListItem\",\"position\":1,\"name\":\"Home\",\"item\":\"https:\/\/www.intoscana.it\/it\/\"},{\"@type\":\"ListItem\",\"position\":2,\"name\":\"Un secolo di Gallo Nero: il Consorzio Chianti Classico lancia il Manifesto di sostenibilit\u00e0\"}]},{\"@type\":\"WebSite\",\"@id\":\"https:\/\/www.intoscana.it\/it\/#website\",\"url\":\"https:\/\/www.intoscana.it\/it\/\",\"name\":\"intoscana\",\"description\":\"\",\"potentialAction\":[{\"@type\":\"SearchAction\",\"target\":{\"@type\":\"EntryPoint\",\"urlTemplate\":\"https:\/\/www.intoscana.it\/it\/?s={search_term_string}\"},\"query-input\":{\"@type\":\"PropertyValueSpecification\",\"valueRequired\":true,\"valueName\":\"search_term_string\"}}],\"inLanguage\":\"it-IT\"},{\"@type\":\"Person\",\"@id\":\"https:\/\/www.intoscana.it\/it\/#\/schema\/person\/ba955c49c389f39a8208f182b0652479\",\"name\":\"Marta Mancini\",\"url\":\"https:\/\/www.intoscana.it\/it\/author\/marta-mancini\/\"}]}<\/script>\n<!-- \/ Yoast SEO Premium plugin. -->","yoast_head_json":{"title":"Il Consorzio Chianti Classico lancia il Manifesto di sostenibilit\u00e0 - intoscana","description":"Il Consorzio Chianti Classico lancia il 'Manifesto di sostenibilit\u00e0' in occasione dei 100 anni di Gallo Nero.","robots":{"index":"index","follow":"follow","max-snippet":"max-snippet:-1","max-image-preview":"max-image-preview:large","max-video-preview":"max-video-preview:-1"},"canonical":"https:\/\/www.intoscana.it\/it\/un-secolo-di-gallo-nero-consorzio-chianti-classico-manifesto-sostenibilita\/","og_locale":"it_IT","og_type":"article","og_title":"Un secolo di Gallo Nero: il Consorzio Chianti Classico lancia il Manifesto di sostenibilit\u00e0","og_description":"Il Consorzio Chianti Classico lancia il 'Manifesto di sostenibilit\u00e0' in occasione dei 100 anni di Gallo Nero.","og_url":"https:\/\/www.intoscana.it\/it\/un-secolo-di-gallo-nero-consorzio-chianti-classico-manifesto-sostenibilita\/","og_site_name":"intoscana","article_publisher":"https:\/\/www.facebook.com\/intoscana.it","article_published_time":"2024-05-14T12:28:54+00:00","article_modified_time":"2024-05-15T10:15:48+00:00","og_image":[{"width":1437,"height":930,"url":"https:\/\/www.intoscana.it\/wp-content\/uploads\/I-100-anni-del-consorzio-Chianti-Classico-e1715696542902.jpeg","type":"image\/jpeg"}],"author":"Marta Mancini","twitter_card":"summary_large_image","twitter_creator":"@intoscana","twitter_site":"@intoscana","twitter_misc":{"Written by":"Marta Mancini","Est. reading time":"4 minuti"},"schema":{"@context":"https:\/\/schema.org","@graph":[{"@type":"WebPage","@id":"https:\/\/www.intoscana.it\/it\/un-secolo-di-gallo-nero-consorzio-chianti-classico-manifesto-sostenibilita\/","url":"https:\/\/www.intoscana.it\/it\/un-secolo-di-gallo-nero-consorzio-chianti-classico-manifesto-sostenibilita\/","name":"Il Consorzio Chianti Classico lancia il Manifesto di sostenibilit\u00e0 - intoscana","isPartOf":{"@id":"https:\/\/www.intoscana.it\/it\/#website"},"primaryImageOfPage":{"@id":"https:\/\/www.intoscana.it\/it\/un-secolo-di-gallo-nero-consorzio-chianti-classico-manifesto-sostenibilita\/#primaryimage"},"image":{"@id":"https:\/\/www.intoscana.it\/it\/un-secolo-di-gallo-nero-consorzio-chianti-classico-manifesto-sostenibilita\/#primaryimage"},"thumbnailUrl":"https:\/\/www.intoscana.it\/wp-content\/uploads\/I-100-anni-del-consorzio-Chianti-Classico-e1715696542902.jpeg","datePublished":"2024-05-14T12:28:54+00:00","dateModified":"2024-05-15T10:15:48+00:00","author":{"@id":"https:\/\/www.intoscana.it\/it\/#\/schema\/person\/ba955c49c389f39a8208f182b0652479"},"description":"Il Consorzio Chianti Classico lancia il 'Manifesto di sostenibilit\u00e0' in occasione dei 100 anni di Gallo Nero.","breadcrumb":{"@id":"https:\/\/www.intoscana.it\/it\/un-secolo-di-gallo-nero-consorzio-chianti-classico-manifesto-sostenibilita\/#breadcrumb"},"inLanguage":"it-IT","potentialAction":[{"@type":"ReadAction","target":["https:\/\/www.intoscana.it\/it\/un-secolo-di-gallo-nero-consorzio-chianti-classico-manifesto-sostenibilita\/"]}]},{"@type":"ImageObject","inLanguage":"it-IT","@id":"https:\/\/www.intoscana.it\/it\/un-secolo-di-gallo-nero-consorzio-chianti-classico-manifesto-sostenibilita\/#primaryimage","url":"https:\/\/www.intoscana.it\/wp-content\/uploads\/I-100-anni-del-consorzio-Chianti-Classico-e1715696542902.jpeg","contentUrl":"https:\/\/www.intoscana.it\/wp-content\/uploads\/I-100-anni-del-consorzio-Chianti-Classico-e1715696542902.jpeg","width":1437,"height":930},{"@type":"BreadcrumbList","@id":"https:\/\/www.intoscana.it\/it\/un-secolo-di-gallo-nero-consorzio-chianti-classico-manifesto-sostenibilita\/#breadcrumb","itemListElement":[{"@type":"ListItem","position":1,"name":"Home","item":"https:\/\/www.intoscana.it\/it\/"},{"@type":"ListItem","position":2,"name":"Un secolo di Gallo Nero: il Consorzio Chianti Classico lancia il Manifesto di sostenibilit\u00e0"}]},{"@type":"WebSite","@id":"https:\/\/www.intoscana.it\/it\/#website","url":"https:\/\/www.intoscana.it\/it\/","name":"intoscana","description":"","potentialAction":[{"@type":"SearchAction","target":{"@type":"EntryPoint","urlTemplate":"https:\/\/www.intoscana.it\/it\/?s={search_term_string}"},"query-input":{"@type":"PropertyValueSpecification","valueRequired":true,"valueName":"search_term_string"}}],"inLanguage":"it-IT"},{"@type":"Person","@id":"https:\/\/www.intoscana.it\/it\/#\/schema\/person\/ba955c49c389f39a8208f182b0652479","name":"Marta Mancini","url":"https:\/\/www.intoscana.it\/it\/author\/marta-mancini\/"}]}},"_links":{"self":[{"href":"https:\/\/www.intoscana.it\/it\/wp-json\/wp\/v2\/posts\/340362","targetHints":{"allow":["GET"]}}],"collection":[{"href":"https:\/\/www.intoscana.it\/it\/wp-json\/wp\/v2\/posts"}],"about":[{"href":"https:\/\/www.intoscana.it\/it\/wp-json\/wp\/v2\/types\/post"}],"author":[{"embeddable":true,"href":"https:\/\/www.intoscana.it\/it\/wp-json\/wp\/v2\/users\/483"}],"replies":[{"embeddable":true,"href":"https:\/\/www.intoscana.it\/it\/wp-json\/wp\/v2\/comments?post=340362"}],"version-history":[{"count":16,"href":"https:\/\/www.intoscana.it\/it\/wp-json\/wp\/v2\/posts\/340362\/revisions"}],"predecessor-version":[{"id":340450,"href":"https:\/\/www.intoscana.it\/it\/wp-json\/wp\/v2\/posts\/340362\/revisions\/340450"}],"wp:featuredmedia":[{"embeddable":true,"href":"https:\/\/www.intoscana.it\/it\/wp-json\/wp\/v2\/media\/340443"}],"wp:attachment":[{"href":"https:\/\/www.intoscana.it\/it\/wp-json\/wp\/v2\/media?parent=340362"}],"wp:term":[{"taxonomy":"category","embeddable":true,"href":"https:\/\/www.intoscana.it\/it\/wp-json\/wp\/v2\/categories?post=340362"},{"taxonomy":"post_tag","embeddable":true,"href":"https:\/\/www.intoscana.it\/it\/wp-json\/wp\/v2\/tags?post=340362"}],"curies":[{"name":"wp","href":"https:\/\/api.w.org\/{rel}","templated":true}]}}