{"id":340434,"date":"2024-05-14T16:22:38","date_gmt":"2024-05-14T14:22:38","guid":{"rendered":"https:\/\/www.intoscana.it\/it\/?p=340434"},"modified":"2024-05-14T16:22:38","modified_gmt":"2024-05-14T14:22:38","slug":"fondazione-sistema-toscana-via-libera-al-piano-attivita-2024","status":"publish","type":"post","link":"https:\/\/www.intoscana.it\/it\/fondazione-sistema-toscana-via-libera-al-piano-attivita-2024\/","title":{"rendered":"Fondazione Sistema Toscana, via libera al piano attivit\u00e0 2024"},"content":{"rendered":"<p>La commissione Cultura del Consiglio regionale della Toscana ha licenziato il programma di attivit\u00e0 2024 (con proiezione pluriennale) della <strong>Fondazione Sistema Toscana<\/strong>, la struttura di riferimento delle politiche regionali per lo sviluppo dell\u2019identit\u00e0 culturale e dell\u2019economia creativa della Toscana, con le sue competenze di cultura digitale e comunicazione multimediale, insieme alla rete di infrastrutture e servizi per il cinema e l\u2019audiovisivo.<\/p>\n<p>L&#8217;entit\u00e0 del sostegno a Fondazione Sistema Toscana della Giunta regionale \u00e8 pari, <mark>per l\u2019anno 2024, a 8.026.388,66 euro; per l\u2019anno 2025, a 7,292 milioni e per l\u2019anno 2026 a 7,52 milioni. Il contributo dal Consiglio regionale \u00e8 pari a 185mila euro per il 2024 e 135mila euro per ciascuna annualit\u00e0 2025 e 2026.<\/mark><\/p>\n<p>Il programma di attivit\u00e0 che FST \u00e8 chiamata a realizzare, nell\u2019ambito delle linee di indirizzo 2024-26, \u00e8 sempre pi\u00f9 sinergico con gli obiettivi e gli interventi regionali, potenziando il suo ruolo di <strong>motore narrativo<\/strong> dell\u2019identit\u00e0 della Toscana. <mark>Le novit\u00e0 delle attivit\u00e0 di Fst si ritrovano nel 2024 in particolare nell\u2019ambito di alcune azioni strategiche di comunicazione e diffusione:<\/mark> politiche regionali organiche, settoriali e territoriali per la Toscana diffusa; iniziative per la transizione digitale (Toscana Digitale); piano di transizione ecologica; valorizzazione delle Manifatture Digitali Cinema per la sperimentazione di partnership pubblico-privato, in linea con quanto previsto dagli originari finanziamenti CIPE.<\/p>\n<h3><em>Le attivit\u00e0 di Fst: comunicazione e informazioni, cultura, turismo e politiche giovanili<\/em><\/h3>\n<p>Per lo sviluppo della comunicazione digitale, l&#8217;attivit\u00e0 prevede il supporto alla diffusione dei <strong>servizi digitali<\/strong>, agli eventi e ai progetti finalizzati alla crescita della cultura digitale, il supporto alla semplificazione amministrativa, alla partecipazione e alla collaborazione attiva dei cittadini; all&#8217;integrazione delle attivit\u00e0 del portale <strong>\u201cintoscana.it\u201d<\/strong> con quelle del sito istituzionale della Regione e supporto alla comunicazione on line di azioni e progetti di interesse regionale.<\/p>\n<p>Sul fronte della promozione e dell\u2019integrazione fra offerta culturale e offerta turistica, si sottolinea la gestione e lo sviluppo del sistema digitale turistico regionale in collaborazione con le azioni di <strong>Toscana Promozione Turistica<\/strong>. Per la promozione e diffusione del cinema e dell&#8217;audiovisivo e delle iniziative educative e formative: <mark>le attivit\u00e0 della Mediateca regionale e di educazione all&#8217;immagine e alla cultura cinematografica in ambito scolastico e sociale, il supporto ai festival internazionali di cinema e alle sale tradizionali, la gestione del cinema \u201cLa Compagnia\u201d.<\/mark> Per le attivit\u00e0 di Film Commission: il sostegno alla localizzazione in Toscana di produzioni televisive, cinematografiche e multimediali.<\/p>\n<p>Attenzione anche alla promozione e valorizzazione dell&#8217;<strong>identit\u00e0 toscana<\/strong>: il supporto alle attivit\u00e0 di promozione del sistema economico e produttivo, anche ai fini dell\u2019attrazione di nuovi investimenti, e del patrimonio culturale, scientifico e paesaggistico.<\/p>\n<p>Molte le attivit\u00e0 anche per lo sviluppo delle <strong>politiche giovanili<\/strong> con il supporto all&#8217;integrazione e alla sistematizzazione delle opportunit\u00e0 e dei servizi a favore dei giovani. Per lo sviluppo delle politiche dei diritti: il supporto allo sviluppo di attivit\u00e0 che favoriscano, anche attraverso l&#8217;utilizzo delle nuove tecnologie, la pi\u00f9 ampia partecipazione dei giovani alla diffusione della cultura dei diritti.<\/p>\n<p>Il piano di attivit\u00e0 2024\/2026 prevede <mark>44 progetti importanti. Particolarmente rilevante il Piano degli investimenti con il fondo del turismo, con risorse che arrivano dal Ministero per circa 1milione e 500mila euro.<\/mark><\/p>\n","protected":false},"excerpt":{"rendered":"<p>La commissione Cultura del Consiglio regionale ha licenziato il programma pluriennale della struttura di riferimento per le politiche destinate allo sviluppo dell\u2019identit\u00e0 culturale e dell\u2019economia creativa della regione<\/p>\n","protected":false},"author":525,"featured_media":159824,"comment_status":"open","ping_status":"open","sticky":false,"template":"","format":"standard","meta":{"_acf_changed":false,"footnotes":""},"categories":[494],"tags":[4753,168,151],"class_list":["post-340434","post","type-post","status-publish","format-standard","has-post-thumbnail","hentry","category-attualita","tag-consiglio-regionale-della-toscana","tag-fondazione-sistema-toscana","tag-regione-toscana"],"acf":[],"yoast_head":"<!-- This site is optimized with the Yoast SEO Premium plugin v24.2 (Yoast SEO v25.6) - https:\/\/yoast.com\/wordpress\/plugins\/seo\/ -->\n<title>Fondazione Sistema Toscana, via libera al piano attivit\u00e0 2024 - intoscana<\/title>\n<meta name=\"description\" content=\"La commissione Cultura del Consiglio regionale ha licenziato il programma pluriennale della struttura di riferimento per le politiche destinate allo sviluppo dell\u2019identit\u00e0 culturale e dell\u2019economia creativa della regione\" \/>\n<meta name=\"robots\" content=\"index, follow, max-snippet:-1, max-image-preview:large, max-video-preview:-1\" \/>\n<link rel=\"canonical\" href=\"https:\/\/www.intoscana.it\/it\/fondazione-sistema-toscana-via-libera-al-piano-attivita-2024\/\" \/>\n<meta property=\"og:locale\" content=\"it_IT\" \/>\n<meta property=\"og:type\" content=\"article\" \/>\n<meta property=\"og:title\" content=\"Fondazione Sistema Toscana, via libera al piano attivit\u00e0 2024\" \/>\n<meta property=\"og:description\" content=\"La commissione Cultura del Consiglio regionale ha licenziato il programma pluriennale della struttura di riferimento per le politiche destinate allo sviluppo dell\u2019identit\u00e0 culturale e dell\u2019economia creativa della regione\" \/>\n<meta property=\"og:url\" content=\"https:\/\/www.intoscana.it\/it\/fondazione-sistema-toscana-via-libera-al-piano-attivita-2024\/\" \/>\n<meta property=\"og:site_name\" content=\"intoscana\" \/>\n<meta property=\"article:publisher\" content=\"https:\/\/www.facebook.com\/intoscana.it\" \/>\n<meta property=\"article:published_time\" content=\"2024-05-14T14:22:38+00:00\" \/>\n<meta property=\"og:image\" content=\"https:\/\/www.intoscana.it\/wp-content\/uploads\/pegaso-bandiera-toscana-scaled.jpg\" \/>\n\t<meta property=\"og:image:width\" content=\"2048\" \/>\n\t<meta property=\"og:image:height\" content=\"1170\" \/>\n\t<meta property=\"og:image:type\" content=\"image\/jpeg\" \/>\n<meta name=\"author\" content=\"Redazione\" \/>\n<meta name=\"twitter:card\" content=\"summary_large_image\" \/>\n<meta name=\"twitter:creator\" content=\"@intoscana\" \/>\n<meta name=\"twitter:site\" content=\"@intoscana\" \/>\n<meta name=\"twitter:label1\" content=\"Written by\" \/>\n\t<meta name=\"twitter:data1\" content=\"Redazione\" \/>\n\t<meta name=\"twitter:label2\" content=\"Est. reading time\" \/>\n\t<meta name=\"twitter:data2\" content=\"3 minuti\" \/>\n<script type=\"application\/ld+json\" class=\"yoast-schema-graph\">{\"@context\":\"https:\/\/schema.org\",\"@graph\":[{\"@type\":\"WebPage\",\"@id\":\"https:\/\/www.intoscana.it\/it\/fondazione-sistema-toscana-via-libera-al-piano-attivita-2024\/\",\"url\":\"https:\/\/www.intoscana.it\/it\/fondazione-sistema-toscana-via-libera-al-piano-attivita-2024\/\",\"name\":\"Fondazione Sistema Toscana, via libera al piano attivit\u00e0 2024 - intoscana\",\"isPartOf\":{\"@id\":\"https:\/\/www.intoscana.it\/it\/#website\"},\"primaryImageOfPage\":{\"@id\":\"https:\/\/www.intoscana.it\/it\/fondazione-sistema-toscana-via-libera-al-piano-attivita-2024\/#primaryimage\"},\"image\":{\"@id\":\"https:\/\/www.intoscana.it\/it\/fondazione-sistema-toscana-via-libera-al-piano-attivita-2024\/#primaryimage\"},\"thumbnailUrl\":\"https:\/\/www.intoscana.it\/wp-content\/uploads\/pegaso-bandiera-toscana-scaled.jpg\",\"datePublished\":\"2024-05-14T14:22:38+00:00\",\"author\":{\"@id\":\"https:\/\/www.intoscana.it\/it\/#\/schema\/person\/9223810753230f20bd670fdd322661f8\"},\"description\":\"La commissione Cultura del Consiglio regionale ha licenziato il programma pluriennale della struttura di riferimento per le politiche destinate allo sviluppo dell\u2019identit\u00e0 culturale e dell\u2019economia creativa della regione\",\"breadcrumb\":{\"@id\":\"https:\/\/www.intoscana.it\/it\/fondazione-sistema-toscana-via-libera-al-piano-attivita-2024\/#breadcrumb\"},\"inLanguage\":\"it-IT\",\"potentialAction\":[{\"@type\":\"ReadAction\",\"target\":[\"https:\/\/www.intoscana.it\/it\/fondazione-sistema-toscana-via-libera-al-piano-attivita-2024\/\"]}]},{\"@type\":\"ImageObject\",\"inLanguage\":\"it-IT\",\"@id\":\"https:\/\/www.intoscana.it\/it\/fondazione-sistema-toscana-via-libera-al-piano-attivita-2024\/#primaryimage\",\"url\":\"https:\/\/www.intoscana.it\/wp-content\/uploads\/pegaso-bandiera-toscana-scaled.jpg\",\"contentUrl\":\"https:\/\/www.intoscana.it\/wp-content\/uploads\/pegaso-bandiera-toscana-scaled.jpg\",\"width\":2048,\"height\":1170,\"caption\":\"La bandiera della Regione Toscana, con il Pegaso, il suo simbolo\"},{\"@type\":\"BreadcrumbList\",\"@id\":\"https:\/\/www.intoscana.it\/it\/fondazione-sistema-toscana-via-libera-al-piano-attivita-2024\/#breadcrumb\",\"itemListElement\":[{\"@type\":\"ListItem\",\"position\":1,\"name\":\"Home\",\"item\":\"https:\/\/www.intoscana.it\/it\/\"},{\"@type\":\"ListItem\",\"position\":2,\"name\":\"Fondazione Sistema Toscana, via libera al piano attivit\u00e0 2024\"}]},{\"@type\":\"WebSite\",\"@id\":\"https:\/\/www.intoscana.it\/it\/#website\",\"url\":\"https:\/\/www.intoscana.it\/it\/\",\"name\":\"intoscana\",\"description\":\"\",\"potentialAction\":[{\"@type\":\"SearchAction\",\"target\":{\"@type\":\"EntryPoint\",\"urlTemplate\":\"https:\/\/www.intoscana.it\/it\/?s={search_term_string}\"},\"query-input\":{\"@type\":\"PropertyValueSpecification\",\"valueRequired\":true,\"valueName\":\"search_term_string\"}}],\"inLanguage\":\"it-IT\"},{\"@type\":\"Person\",\"@id\":\"https:\/\/www.intoscana.it\/it\/#\/schema\/person\/9223810753230f20bd670fdd322661f8\",\"name\":\"Redazione\",\"url\":\"https:\/\/www.intoscana.it\/it\/author\/redazione\/\"}]}<\/script>\n<!-- \/ Yoast SEO Premium plugin. -->","yoast_head_json":{"title":"Fondazione Sistema Toscana, via libera al piano attivit\u00e0 2024 - intoscana","description":"La commissione Cultura del Consiglio regionale ha licenziato il programma pluriennale della struttura di riferimento per le politiche destinate allo sviluppo dell\u2019identit\u00e0 culturale e dell\u2019economia creativa della regione","robots":{"index":"index","follow":"follow","max-snippet":"max-snippet:-1","max-image-preview":"max-image-preview:large","max-video-preview":"max-video-preview:-1"},"canonical":"https:\/\/www.intoscana.it\/it\/fondazione-sistema-toscana-via-libera-al-piano-attivita-2024\/","og_locale":"it_IT","og_type":"article","og_title":"Fondazione Sistema Toscana, via libera al piano attivit\u00e0 2024","og_description":"La commissione Cultura del Consiglio regionale ha licenziato il programma pluriennale della struttura di riferimento per le politiche destinate allo sviluppo dell\u2019identit\u00e0 culturale e dell\u2019economia creativa della regione","og_url":"https:\/\/www.intoscana.it\/it\/fondazione-sistema-toscana-via-libera-al-piano-attivita-2024\/","og_site_name":"intoscana","article_publisher":"https:\/\/www.facebook.com\/intoscana.it","article_published_time":"2024-05-14T14:22:38+00:00","og_image":[{"width":2048,"height":1170,"url":"https:\/\/www.intoscana.it\/wp-content\/uploads\/pegaso-bandiera-toscana-scaled.jpg","type":"image\/jpeg"}],"author":"Redazione","twitter_card":"summary_large_image","twitter_creator":"@intoscana","twitter_site":"@intoscana","twitter_misc":{"Written by":"Redazione","Est. reading time":"3 minuti"},"schema":{"@context":"https:\/\/schema.org","@graph":[{"@type":"WebPage","@id":"https:\/\/www.intoscana.it\/it\/fondazione-sistema-toscana-via-libera-al-piano-attivita-2024\/","url":"https:\/\/www.intoscana.it\/it\/fondazione-sistema-toscana-via-libera-al-piano-attivita-2024\/","name":"Fondazione Sistema Toscana, via libera al piano attivit\u00e0 2024 - intoscana","isPartOf":{"@id":"https:\/\/www.intoscana.it\/it\/#website"},"primaryImageOfPage":{"@id":"https:\/\/www.intoscana.it\/it\/fondazione-sistema-toscana-via-libera-al-piano-attivita-2024\/#primaryimage"},"image":{"@id":"https:\/\/www.intoscana.it\/it\/fondazione-sistema-toscana-via-libera-al-piano-attivita-2024\/#primaryimage"},"thumbnailUrl":"https:\/\/www.intoscana.it\/wp-content\/uploads\/pegaso-bandiera-toscana-scaled.jpg","datePublished":"2024-05-14T14:22:38+00:00","author":{"@id":"https:\/\/www.intoscana.it\/it\/#\/schema\/person\/9223810753230f20bd670fdd322661f8"},"description":"La commissione Cultura del Consiglio regionale ha licenziato il programma pluriennale della struttura di riferimento per le politiche destinate allo sviluppo dell\u2019identit\u00e0 culturale e dell\u2019economia creativa della regione","breadcrumb":{"@id":"https:\/\/www.intoscana.it\/it\/fondazione-sistema-toscana-via-libera-al-piano-attivita-2024\/#breadcrumb"},"inLanguage":"it-IT","potentialAction":[{"@type":"ReadAction","target":["https:\/\/www.intoscana.it\/it\/fondazione-sistema-toscana-via-libera-al-piano-attivita-2024\/"]}]},{"@type":"ImageObject","inLanguage":"it-IT","@id":"https:\/\/www.intoscana.it\/it\/fondazione-sistema-toscana-via-libera-al-piano-attivita-2024\/#primaryimage","url":"https:\/\/www.intoscana.it\/wp-content\/uploads\/pegaso-bandiera-toscana-scaled.jpg","contentUrl":"https:\/\/www.intoscana.it\/wp-content\/uploads\/pegaso-bandiera-toscana-scaled.jpg","width":2048,"height":1170,"caption":"La bandiera della Regione Toscana, con il Pegaso, il suo simbolo"},{"@type":"BreadcrumbList","@id":"https:\/\/www.intoscana.it\/it\/fondazione-sistema-toscana-via-libera-al-piano-attivita-2024\/#breadcrumb","itemListElement":[{"@type":"ListItem","position":1,"name":"Home","item":"https:\/\/www.intoscana.it\/it\/"},{"@type":"ListItem","position":2,"name":"Fondazione Sistema Toscana, via libera al piano attivit\u00e0 2024"}]},{"@type":"WebSite","@id":"https:\/\/www.intoscana.it\/it\/#website","url":"https:\/\/www.intoscana.it\/it\/","name":"intoscana","description":"","potentialAction":[{"@type":"SearchAction","target":{"@type":"EntryPoint","urlTemplate":"https:\/\/www.intoscana.it\/it\/?s={search_term_string}"},"query-input":{"@type":"PropertyValueSpecification","valueRequired":true,"valueName":"search_term_string"}}],"inLanguage":"it-IT"},{"@type":"Person","@id":"https:\/\/www.intoscana.it\/it\/#\/schema\/person\/9223810753230f20bd670fdd322661f8","name":"Redazione","url":"https:\/\/www.intoscana.it\/it\/author\/redazione\/"}]}},"_links":{"self":[{"href":"https:\/\/www.intoscana.it\/it\/wp-json\/wp\/v2\/posts\/340434","targetHints":{"allow":["GET"]}}],"collection":[{"href":"https:\/\/www.intoscana.it\/it\/wp-json\/wp\/v2\/posts"}],"about":[{"href":"https:\/\/www.intoscana.it\/it\/wp-json\/wp\/v2\/types\/post"}],"author":[{"embeddable":true,"href":"https:\/\/www.intoscana.it\/it\/wp-json\/wp\/v2\/users\/525"}],"replies":[{"embeddable":true,"href":"https:\/\/www.intoscana.it\/it\/wp-json\/wp\/v2\/comments?post=340434"}],"version-history":[{"count":7,"href":"https:\/\/www.intoscana.it\/it\/wp-json\/wp\/v2\/posts\/340434\/revisions"}],"predecessor-version":[{"id":340446,"href":"https:\/\/www.intoscana.it\/it\/wp-json\/wp\/v2\/posts\/340434\/revisions\/340446"}],"wp:featuredmedia":[{"embeddable":true,"href":"https:\/\/www.intoscana.it\/it\/wp-json\/wp\/v2\/media\/159824"}],"wp:attachment":[{"href":"https:\/\/www.intoscana.it\/it\/wp-json\/wp\/v2\/media?parent=340434"}],"wp:term":[{"taxonomy":"category","embeddable":true,"href":"https:\/\/www.intoscana.it\/it\/wp-json\/wp\/v2\/categories?post=340434"},{"taxonomy":"post_tag","embeddable":true,"href":"https:\/\/www.intoscana.it\/it\/wp-json\/wp\/v2\/tags?post=340434"}],"curies":[{"name":"wp","href":"https:\/\/api.w.org\/{rel}","templated":true}]}}