{"id":340503,"date":"2024-05-15T11:57:43","date_gmt":"2024-05-15T09:57:43","guid":{"rendered":"https:\/\/www.intoscana.it\/it\/?p=340503"},"modified":"2024-05-15T11:57:43","modified_gmt":"2024-05-15T09:57:43","slug":"festival-della-robotica-larte-vive-nel-metaverso-una-mostra-a-palazzo-strozzi-sacrati","status":"publish","type":"post","link":"https:\/\/www.intoscana.it\/it\/festival-della-robotica-larte-vive-nel-metaverso-una-mostra-a-palazzo-strozzi-sacrati\/","title":{"rendered":"Festival della Robotica, l&#8217;arte vive nel Metaverso: una mostra a Palazzo Strozzi Sacrati"},"content":{"rendered":"<p>Il <strong>Festival della Robotica<\/strong> di Pisa fa tappa a <strong>Firenze<\/strong> per parlare di arte e del suo rapporto con il virtuale e intelligenza artificiale, ma soprattutto per mostrare le opere che vivono nel <strong>Metaverso<\/strong>. Di questo parler\u00e0 il convegno curato dall\u2019Istituto di Intelligenza Meccanica della <strong>Scuola Superiore Sant&#8217;Anna di Pisa<\/strong>, in programma venerd\u00ec 17 maggio a Palazzo Strozzi Sacrati, sede della giunta regionale. Per l&#8217;occasione <mark>verr\u00e0 inaugurata anche la mostra, aperta al pubblico, di video installazioni sulle pi\u00f9 recenti opere digitali realizzate nel Metaverso.<\/mark><\/p>\n<h3><em>Il programma del convegno<\/em><\/h3>\n<p>Il convegno di venerd\u00ec 17 maggio \u00e8 aperto dai saluti del presidente della Regione Toscana, del direttore scientifico del Festival della Robotica Mauro Ferrari, del promotore del convegno Massimo Bergamasco, docente della Scuola Superiore Sant&#8217;Anna. Durante il convegno, <mark>artisti e tecnologi presentano i risultati di recenti approcci artistici nel Metaverso. Al centro dei lavori una riflessione sulle produzioni e sulle performance in ambito artistico che riguardano i componenti costitutivi del Metaverso.<\/mark><\/p>\n<p>Interverranno Simone Arcagni, studioso e divulgatore di nuovi media e nuove tecnologie e docente dell\u2019Universit\u00e0 di Palermo; Federica Patti, storica dell\u2019arte ed esperta di digital performance e pratiche performative; Kamilia Kard, artista, docente ed esperta di iperconnettivit\u00e0 e nuove forme di comunicazione online; Lucia Franchi, drammaturga e fondatrice della compagnia CapoTrave; Martin Romeo, artista visivo ed esperto di relazioni tra natura, tecnologia e corpo attraverso diversi media; Anna Maria Monteverdi, esperta di Digital Performance e docente dell\u2019Universit\u00e0 di Milano e Margherita Landi, coreografa, performer e media artist.<\/p>\n<p>\u201cil Festival della Robotica \u2013 sottolinea il direttore scientifico <strong>Mauro Ferrari<\/strong> &#8211; ha voluto organizzare questo convegno, non a caso a Firenze, citt\u00e0 dell\u2019arte e delle arti. Il concetto di Metaverso in senso compiuto non \u00e8 ancora realizzabile con le attuali tecnologie, eppure nell\u2019ultimo anno sono state sviluppate in ambito artistico alcune produzioni e performances su alcuni suoi componenti costitutivi fondamentali e, dunque, la tappa fiorentina del Festival della Robotica presenta i risultati di alcuni \u2018approcci\u2019 da parte di artisti e tecnologi italiani&#8221;.<\/p>\n<h3><em>Il Festival della Robotica<\/em><\/h3>\n<p>Il convegno e la mostra a Firenze si inseriscono nella serie di appuntamenti organizzati come anteprime del <a href=\"https:\/\/roboticafestival.it\/\" target=\"_blank\" rel=\"noopener\">Festival della Robotica<\/a>, in vista dell&#8217;evento principale a Pisa da venerd\u00ec 24 a domenica 26 maggio. L&#8217;ultimo appuntamento si svolger\u00e0 alla fine di giugno, a Viareggio.<\/p>\n<p>Il Festival della Robotica, organizzato dalla Fondazione Tech Care (promossa da Azienda Ospedaliero Universitaria Pisana, Universit\u00e0 di Pisa, Fondazione Arpa) ha il patrocinio e il contributo di Regione Toscana, Comune di Pisa, Consiglio Regionale della Toscana, Toscana 2050, Fondazione Pisa; il patrocinio di Universit\u00e0 di Pisa, Scuola Superiore Sant&#8217;Anna, Scuola Normale Superiore, Consiglio Nazionale delle Ricerche, Azienda Ospedaliero Universitaria Pisana, Fondazione Pisa, Fondazione Arpa,a cui si aggiungono aziende, enti, associazioni di categoria delle citt\u00e0 coinvolte.<\/p>\n","protected":false},"excerpt":{"rendered":"<p>Venerd\u00ec 17 maggio in programma il convegno curato dalla Scuola Superiore Sant&#8217;Anna che approfondisce il rapporto tra cultura, mondo virtuale e intelligenza artificiale<\/p>\n","protected":false},"author":525,"featured_media":340504,"comment_status":"open","ping_status":"open","sticky":false,"template":"","format":"standard","meta":{"_acf_changed":false,"footnotes":""},"categories":[475],"tags":[228,383,4373],"class_list":["post-340503","post","type-post","status-publish","format-standard","has-post-thumbnail","hentry","category-innovazione","tag-festival","tag-robotica","tag-scuola-santanna-di-pisa"],"acf":[],"yoast_head":"<!-- This site is optimized with the Yoast SEO Premium plugin v24.2 (Yoast SEO v25.6) - https:\/\/yoast.com\/wordpress\/plugins\/seo\/ -->\n<title>Festival della Robotica, l&#039;arte vive nel Metaverso: una mostra a Palazzo Strozzi Sacrati - intoscana<\/title>\n<meta name=\"description\" content=\"Venerd\u00ec 17 maggio in programma il convegno curato dalla Scuola Superiore Sant&#039;Anna che approfondisce il rapporto tra cultura, mondo virtuale e intelligenza artificiale\" \/>\n<meta name=\"robots\" content=\"index, follow, max-snippet:-1, max-image-preview:large, max-video-preview:-1\" \/>\n<link rel=\"canonical\" href=\"https:\/\/www.intoscana.it\/it\/festival-della-robotica-larte-vive-nel-metaverso-una-mostra-a-palazzo-strozzi-sacrati\/\" \/>\n<meta property=\"og:locale\" content=\"it_IT\" \/>\n<meta property=\"og:type\" content=\"article\" \/>\n<meta property=\"og:title\" content=\"Festival della Robotica, l&#039;arte vive nel Metaverso: una mostra a Palazzo Strozzi Sacrati\" \/>\n<meta property=\"og:description\" content=\"Venerd\u00ec 17 maggio in programma il convegno curato dalla Scuola Superiore Sant&#039;Anna che approfondisce il rapporto tra cultura, mondo virtuale e intelligenza artificiale\" \/>\n<meta property=\"og:url\" content=\"https:\/\/www.intoscana.it\/it\/festival-della-robotica-larte-vive-nel-metaverso-una-mostra-a-palazzo-strozzi-sacrati\/\" \/>\n<meta property=\"og:site_name\" content=\"intoscana\" \/>\n<meta property=\"article:publisher\" content=\"https:\/\/www.facebook.com\/intoscana.it\" \/>\n<meta property=\"article:published_time\" content=\"2024-05-15T09:57:43+00:00\" \/>\n<meta property=\"og:image\" content=\"https:\/\/www.intoscana.it\/wp-content\/uploads\/arte-nel-metaverso.jpg\" \/>\n\t<meta property=\"og:image:width\" content=\"1186\" \/>\n\t<meta property=\"og:image:height\" content=\"679\" \/>\n\t<meta property=\"og:image:type\" content=\"image\/jpeg\" \/>\n<meta name=\"author\" content=\"Redazione\" \/>\n<meta name=\"twitter:card\" content=\"summary_large_image\" \/>\n<meta name=\"twitter:creator\" content=\"@intoscana\" \/>\n<meta name=\"twitter:site\" content=\"@intoscana\" \/>\n<meta name=\"twitter:label1\" content=\"Written by\" \/>\n\t<meta name=\"twitter:data1\" content=\"Redazione\" \/>\n\t<meta name=\"twitter:label2\" content=\"Est. reading time\" \/>\n\t<meta name=\"twitter:data2\" content=\"3 minuti\" \/>\n<script type=\"application\/ld+json\" class=\"yoast-schema-graph\">{\"@context\":\"https:\/\/schema.org\",\"@graph\":[{\"@type\":\"WebPage\",\"@id\":\"https:\/\/www.intoscana.it\/it\/festival-della-robotica-larte-vive-nel-metaverso-una-mostra-a-palazzo-strozzi-sacrati\/\",\"url\":\"https:\/\/www.intoscana.it\/it\/festival-della-robotica-larte-vive-nel-metaverso-una-mostra-a-palazzo-strozzi-sacrati\/\",\"name\":\"Festival della Robotica, l'arte vive nel Metaverso: una mostra a Palazzo Strozzi Sacrati - intoscana\",\"isPartOf\":{\"@id\":\"https:\/\/www.intoscana.it\/it\/#website\"},\"primaryImageOfPage\":{\"@id\":\"https:\/\/www.intoscana.it\/it\/festival-della-robotica-larte-vive-nel-metaverso-una-mostra-a-palazzo-strozzi-sacrati\/#primaryimage\"},\"image\":{\"@id\":\"https:\/\/www.intoscana.it\/it\/festival-della-robotica-larte-vive-nel-metaverso-una-mostra-a-palazzo-strozzi-sacrati\/#primaryimage\"},\"thumbnailUrl\":\"https:\/\/www.intoscana.it\/wp-content\/uploads\/arte-nel-metaverso.jpg\",\"datePublished\":\"2024-05-15T09:57:43+00:00\",\"author\":{\"@id\":\"https:\/\/www.intoscana.it\/it\/#\/schema\/person\/9223810753230f20bd670fdd322661f8\"},\"description\":\"Venerd\u00ec 17 maggio in programma il convegno curato dalla Scuola Superiore Sant'Anna che approfondisce il rapporto tra cultura, mondo virtuale e intelligenza artificiale\",\"breadcrumb\":{\"@id\":\"https:\/\/www.intoscana.it\/it\/festival-della-robotica-larte-vive-nel-metaverso-una-mostra-a-palazzo-strozzi-sacrati\/#breadcrumb\"},\"inLanguage\":\"it-IT\",\"potentialAction\":[{\"@type\":\"ReadAction\",\"target\":[\"https:\/\/www.intoscana.it\/it\/festival-della-robotica-larte-vive-nel-metaverso-una-mostra-a-palazzo-strozzi-sacrati\/\"]}]},{\"@type\":\"ImageObject\",\"inLanguage\":\"it-IT\",\"@id\":\"https:\/\/www.intoscana.it\/it\/festival-della-robotica-larte-vive-nel-metaverso-una-mostra-a-palazzo-strozzi-sacrati\/#primaryimage\",\"url\":\"https:\/\/www.intoscana.it\/wp-content\/uploads\/arte-nel-metaverso.jpg\",\"contentUrl\":\"https:\/\/www.intoscana.it\/wp-content\/uploads\/arte-nel-metaverso.jpg\",\"width\":1186,\"height\":679},{\"@type\":\"BreadcrumbList\",\"@id\":\"https:\/\/www.intoscana.it\/it\/festival-della-robotica-larte-vive-nel-metaverso-una-mostra-a-palazzo-strozzi-sacrati\/#breadcrumb\",\"itemListElement\":[{\"@type\":\"ListItem\",\"position\":1,\"name\":\"Home\",\"item\":\"https:\/\/www.intoscana.it\/it\/\"},{\"@type\":\"ListItem\",\"position\":2,\"name\":\"Festival della Robotica, l&#8217;arte vive nel Metaverso: una mostra a Palazzo Strozzi Sacrati\"}]},{\"@type\":\"WebSite\",\"@id\":\"https:\/\/www.intoscana.it\/it\/#website\",\"url\":\"https:\/\/www.intoscana.it\/it\/\",\"name\":\"intoscana\",\"description\":\"\",\"potentialAction\":[{\"@type\":\"SearchAction\",\"target\":{\"@type\":\"EntryPoint\",\"urlTemplate\":\"https:\/\/www.intoscana.it\/it\/?s={search_term_string}\"},\"query-input\":{\"@type\":\"PropertyValueSpecification\",\"valueRequired\":true,\"valueName\":\"search_term_string\"}}],\"inLanguage\":\"it-IT\"},{\"@type\":\"Person\",\"@id\":\"https:\/\/www.intoscana.it\/it\/#\/schema\/person\/9223810753230f20bd670fdd322661f8\",\"name\":\"Redazione\",\"url\":\"https:\/\/www.intoscana.it\/it\/author\/redazione\/\"}]}<\/script>\n<!-- \/ Yoast SEO Premium plugin. -->","yoast_head_json":{"title":"Festival della Robotica, l'arte vive nel Metaverso: una mostra a Palazzo Strozzi Sacrati - intoscana","description":"Venerd\u00ec 17 maggio in programma il convegno curato dalla Scuola Superiore Sant'Anna che approfondisce il rapporto tra cultura, mondo virtuale e intelligenza artificiale","robots":{"index":"index","follow":"follow","max-snippet":"max-snippet:-1","max-image-preview":"max-image-preview:large","max-video-preview":"max-video-preview:-1"},"canonical":"https:\/\/www.intoscana.it\/it\/festival-della-robotica-larte-vive-nel-metaverso-una-mostra-a-palazzo-strozzi-sacrati\/","og_locale":"it_IT","og_type":"article","og_title":"Festival della Robotica, l'arte vive nel Metaverso: una mostra a Palazzo Strozzi Sacrati","og_description":"Venerd\u00ec 17 maggio in programma il convegno curato dalla Scuola Superiore Sant'Anna che approfondisce il rapporto tra cultura, mondo virtuale e intelligenza artificiale","og_url":"https:\/\/www.intoscana.it\/it\/festival-della-robotica-larte-vive-nel-metaverso-una-mostra-a-palazzo-strozzi-sacrati\/","og_site_name":"intoscana","article_publisher":"https:\/\/www.facebook.com\/intoscana.it","article_published_time":"2024-05-15T09:57:43+00:00","og_image":[{"width":1186,"height":679,"url":"https:\/\/www.intoscana.it\/wp-content\/uploads\/arte-nel-metaverso.jpg","type":"image\/jpeg"}],"author":"Redazione","twitter_card":"summary_large_image","twitter_creator":"@intoscana","twitter_site":"@intoscana","twitter_misc":{"Written by":"Redazione","Est. reading time":"3 minuti"},"schema":{"@context":"https:\/\/schema.org","@graph":[{"@type":"WebPage","@id":"https:\/\/www.intoscana.it\/it\/festival-della-robotica-larte-vive-nel-metaverso-una-mostra-a-palazzo-strozzi-sacrati\/","url":"https:\/\/www.intoscana.it\/it\/festival-della-robotica-larte-vive-nel-metaverso-una-mostra-a-palazzo-strozzi-sacrati\/","name":"Festival della Robotica, l'arte vive nel Metaverso: una mostra a Palazzo Strozzi Sacrati - intoscana","isPartOf":{"@id":"https:\/\/www.intoscana.it\/it\/#website"},"primaryImageOfPage":{"@id":"https:\/\/www.intoscana.it\/it\/festival-della-robotica-larte-vive-nel-metaverso-una-mostra-a-palazzo-strozzi-sacrati\/#primaryimage"},"image":{"@id":"https:\/\/www.intoscana.it\/it\/festival-della-robotica-larte-vive-nel-metaverso-una-mostra-a-palazzo-strozzi-sacrati\/#primaryimage"},"thumbnailUrl":"https:\/\/www.intoscana.it\/wp-content\/uploads\/arte-nel-metaverso.jpg","datePublished":"2024-05-15T09:57:43+00:00","author":{"@id":"https:\/\/www.intoscana.it\/it\/#\/schema\/person\/9223810753230f20bd670fdd322661f8"},"description":"Venerd\u00ec 17 maggio in programma il convegno curato dalla Scuola Superiore Sant'Anna che approfondisce il rapporto tra cultura, mondo virtuale e intelligenza artificiale","breadcrumb":{"@id":"https:\/\/www.intoscana.it\/it\/festival-della-robotica-larte-vive-nel-metaverso-una-mostra-a-palazzo-strozzi-sacrati\/#breadcrumb"},"inLanguage":"it-IT","potentialAction":[{"@type":"ReadAction","target":["https:\/\/www.intoscana.it\/it\/festival-della-robotica-larte-vive-nel-metaverso-una-mostra-a-palazzo-strozzi-sacrati\/"]}]},{"@type":"ImageObject","inLanguage":"it-IT","@id":"https:\/\/www.intoscana.it\/it\/festival-della-robotica-larte-vive-nel-metaverso-una-mostra-a-palazzo-strozzi-sacrati\/#primaryimage","url":"https:\/\/www.intoscana.it\/wp-content\/uploads\/arte-nel-metaverso.jpg","contentUrl":"https:\/\/www.intoscana.it\/wp-content\/uploads\/arte-nel-metaverso.jpg","width":1186,"height":679},{"@type":"BreadcrumbList","@id":"https:\/\/www.intoscana.it\/it\/festival-della-robotica-larte-vive-nel-metaverso-una-mostra-a-palazzo-strozzi-sacrati\/#breadcrumb","itemListElement":[{"@type":"ListItem","position":1,"name":"Home","item":"https:\/\/www.intoscana.it\/it\/"},{"@type":"ListItem","position":2,"name":"Festival della Robotica, l&#8217;arte vive nel Metaverso: una mostra a Palazzo Strozzi Sacrati"}]},{"@type":"WebSite","@id":"https:\/\/www.intoscana.it\/it\/#website","url":"https:\/\/www.intoscana.it\/it\/","name":"intoscana","description":"","potentialAction":[{"@type":"SearchAction","target":{"@type":"EntryPoint","urlTemplate":"https:\/\/www.intoscana.it\/it\/?s={search_term_string}"},"query-input":{"@type":"PropertyValueSpecification","valueRequired":true,"valueName":"search_term_string"}}],"inLanguage":"it-IT"},{"@type":"Person","@id":"https:\/\/www.intoscana.it\/it\/#\/schema\/person\/9223810753230f20bd670fdd322661f8","name":"Redazione","url":"https:\/\/www.intoscana.it\/it\/author\/redazione\/"}]}},"_links":{"self":[{"href":"https:\/\/www.intoscana.it\/it\/wp-json\/wp\/v2\/posts\/340503","targetHints":{"allow":["GET"]}}],"collection":[{"href":"https:\/\/www.intoscana.it\/it\/wp-json\/wp\/v2\/posts"}],"about":[{"href":"https:\/\/www.intoscana.it\/it\/wp-json\/wp\/v2\/types\/post"}],"author":[{"embeddable":true,"href":"https:\/\/www.intoscana.it\/it\/wp-json\/wp\/v2\/users\/525"}],"replies":[{"embeddable":true,"href":"https:\/\/www.intoscana.it\/it\/wp-json\/wp\/v2\/comments?post=340503"}],"version-history":[{"count":11,"href":"https:\/\/www.intoscana.it\/it\/wp-json\/wp\/v2\/posts\/340503\/revisions"}],"predecessor-version":[{"id":340524,"href":"https:\/\/www.intoscana.it\/it\/wp-json\/wp\/v2\/posts\/340503\/revisions\/340524"}],"wp:featuredmedia":[{"embeddable":true,"href":"https:\/\/www.intoscana.it\/it\/wp-json\/wp\/v2\/media\/340504"}],"wp:attachment":[{"href":"https:\/\/www.intoscana.it\/it\/wp-json\/wp\/v2\/media?parent=340503"}],"wp:term":[{"taxonomy":"category","embeddable":true,"href":"https:\/\/www.intoscana.it\/it\/wp-json\/wp\/v2\/categories?post=340503"},{"taxonomy":"post_tag","embeddable":true,"href":"https:\/\/www.intoscana.it\/it\/wp-json\/wp\/v2\/tags?post=340503"}],"curies":[{"name":"wp","href":"https:\/\/api.w.org\/{rel}","templated":true}]}}