{"id":340832,"date":"2024-05-20T17:36:32","date_gmt":"2024-05-20T15:36:32","guid":{"rendered":"https:\/\/www.intoscana.it\/it\/?p=340832"},"modified":"2024-05-21T09:22:56","modified_gmt":"2024-05-21T07:22:56","slug":"enologia-nasce-una-nuova-linea-di-vini-della-gherardesca","status":"publish","type":"post","link":"https:\/\/www.intoscana.it\/it\/enologia-nasce-una-nuova-linea-di-vini-della-gherardesca\/","title":{"rendered":"Enologia, nasce una nuova linea di vini Della Gherardesca"},"content":{"rendered":"<p>Da una parte una <strong>realt\u00e0 vinicola<\/strong> &#8220;di peso&#8221;, dall&#8217;altra <strong>una delle pi\u00f9 nobili e antiche casate<\/strong> della Toscana. Dal &#8220;<em>matrimonio<\/em>&#8221; tra <strong>Prosit Group e Gaddo della Gherardesca<\/strong> arriva una <strong>collezione di vini<\/strong> che rendono omaggio alla <strong>celebre famiglia<\/strong>.<\/p>\n<p>Un nome che rimanda alla Divina Commedia e al <strong>Conte Ugolino<\/strong>, al <strong>viale dei Cipressi<\/strong> di Bolgheri. Ai Della Gherardesca viene riconosciuto il merito di aver promosso <strong>un\u2019agricoltura moderna<\/strong> in queste terre. La presentazione delle nuove etichette non poteva che essere al Castello di Castagneto Carducci, di propriet\u00e0 del conte <strong>Gaddo della Gherardesca<\/strong>.<\/p>\n<h3>Un sogno oggi divenuto realt\u00e0<\/h3>\n<p>Il nobile toscano, scherzando, aveva sempre detto di accarezzare l&#8217;idea di creare un vino tutto suo. In verit\u00e0 in passato aveva presentato <strong>un Bolgheri Doc<\/strong> chiamato Castello di Donoratico ma si era trattata di una produzione di nicchia. Da uomo concreto e con i piedi per terra, <strong>Gaddo della Gherardesca<\/strong> aveva sempre sottolineato che pur essendo &#8220;<em>un super amante del vino<\/em>&#8221; preferiva lasciare fare il vino agli esperti. Come nel caso dei suoi parenti &#8220;<em>gli Antinori e gli Incisa della Rocchetta che producono i pi\u00f9 grandi vini del mondo&#8221;.\u00a0<\/em><\/p>\n<p>Forse il conte della Gherardesca avrebbe continuato ad apprezzare <strong>il buon vino<\/strong> a tavola come un consumatore esigente, senza cimentarsi nell&#8217;impresa, se non avesse trovato un partner all&#8217;altezza come <strong>Prosit Group<\/strong>. La &#8220;visione congiunta&#8221; in termini di progetto lo ha convinto a realizzare<strong>\u00a0la collezione della Gherardesca<\/strong>. &#8220;<em>Per 74 anni ho bevuto i vini di altri, oggi ho deciso di restituire qualcosa<\/em>\u201d assicura il conte.<\/p>\n<figure id=\"post-341227 media-341227\" class=\"align-none\"><img decoding=\"async\" src=\"https:\/\/www.intoscana.it\/wp-content\/uploads\/WhatsApp-Image-2024-05-16-at-16.27.13-1.jpeg\" alt=\"\" \/><\/figure>\n<div class=\"titleimg\">La collezione dei vini della Gherardesca<\/div>\n<p>\u201c<em>Ho scelto Prosit Group per competenza e visione strategica e per partecipare attivamente alla produzione di vini unici, prestigiosi e capaci di rappresentare al meglio un territorio, quello di Bolgheri e della Toscana, che negli anni ha visto la mia famiglia protagonista. Con Prosit e con la visione di Dagnino, la possibilit\u00e0 di rinnovarsi si fa concreta dandomi la possibilit\u00e0, finalmente, di mettere il nostro nome su una collezione importante, visto il legame che da sempre la mia famiglia ha con il vino\u201d<\/em> sottolinea ancora <strong>Gaddo della Gherardesca<\/strong>.<\/p>\n<figure id=\"post-340949 media-340949\" class=\"align-none\"><img decoding=\"async\" src=\"https:\/\/www.intoscana.it\/wp-content\/uploads\/I-vini-Della-Gherardesca.jpeg\" alt=\"\" \/><\/figure>\n<div class=\"titleimg\">I vini della collezione Della Gherardesca<\/div>\n<h3>Il territorio e la storia di una casata nel bicchiere<\/h3>\n<p>In catalogo vini capaci di raccontare la <strong>Toscana\u00a0<\/strong>da prospettive e territori diversi. I nomi, come accennato, sono un omaggio ai membri della casata: <strong>Gaddo della Gherardesca <\/strong>(Bolgheri Rosso Doc 2022) e <strong>Sibilla della Gherardesca<\/strong> (Toscana Ros\u00e9 Igt 2023), oltre a\u00a0<strong>Le Vedute &#8211; della Gherardesca<\/strong> (Vermentino Toscana Igt 2023) e a <strong>Della Gherardesca <\/strong>(Brunello di Montalcino Docg 2019). Gi\u00e0 perch\u00e9 c&#8217;\u00e8 spazio anche per una puntata fuori provincia. La partnership con la famiglia della Gherardesca si fonda su un <strong>contratto di licenza produttiva e distributiva<\/strong> mondiale in esclusiva.<\/p>\n<h3>Prosit Group in Toscana e in Italia<\/h3>\n<p>A sviluppare questi vini hanno pensato enologi e wine makers di <strong>Prosit Group<\/strong>, che opera in Toscana attraverso la sua controllata <strong>Cantina di Montalcino<\/strong>, acquisita un paio di anni fa. Il gruppo, fondato nel 2018, punta a sviluppare &#8220;<em>brand riconoscibili e territoriali<\/em>&#8220;, con posizionamento premium, valorizzando l\u2019unicit\u00e0 delle singole cantine.<\/p>\n<p>In portafoglio conta oltre alla <strong>Cantina di Montalcino<\/strong>\u00a0(Toscana),\u00a0<strong>Torrevento\u00a0<\/strong>(Puglia),\u00a0<strong>Nestore Bosco<\/strong>\u00a0(Abruzzo),\u00a0<strong>Tenuta di Collalbrigo<\/strong>\u00a0(Veneto), oltre allo storico marchio\u00a0<strong>La Cacciatora di Casa Vinicola Caldirola<\/strong>\u00a0(Lombardia).<\/p>\n<figure id=\"post-340948 media-340948\" class=\"align-none\"><\/figure>\n<p>\u201c<em>Si tratta di una partnership che mette al centro una nuova produzione vinicola in un territorio prestigioso, capace di offrire prodotti di grande valore. Il nostro modello di business si sposa perfettamente con la tradizione e la visione di una storica famiglia, anche grazie all\u2019attitudine del Conte Gaddo di guardare sempre avanti\u201d<\/em> spiega\u00a0<strong>Sergio Dagnino<\/strong>, ceo &amp; founder di Prosit Group.<\/p>\n<figure id=\"post-340947 media-340947\" class=\"align-none\"><img decoding=\"async\" src=\"https:\/\/www.intoscana.it\/wp-content\/uploads\/Gaddo-della-Gherardesca-e1716218702551.jpeg\" alt=\"\" \/><\/figure>\n<div class=\"titleimg\">Gaddo della Gherardesca<\/div>\n<h3>Tutela del territorio e della memoria storica<\/h3>\n<p>Con questo progetto il conte prosegue in un certo senso <strong>la missione di una vita<\/strong>: difendere quest&#8217;angolo di Toscana, mantenere la memoria storica e le propriet\u00e0 della famiglia. &#8220;<em>Un patrimonio che appartiene a tutti quelli che hanno incrociato la loro storia con la nostra. Nel corso dei secoli, con i nostri errori e con i nostri meriti siamo stati il collante attorno al quale si \u00e8 sviluppata la storia di questo pezzo di costa. Non a caso si chiamava Gherardesca, era la terra dei discendenti di Gherardo, uno dei nostri antenati. Attorno alla nostra famiglia, si sono sviluppati economia, guerra e innovazioni<\/em>&#8221; sottolinea.<\/p>\n<p>Per <strong>Gaddo della Gherardesca<\/strong>, che per anni \u00e8 stato presidente dell&#8217;associazione Dimore storiche d&#8217;Italia, coloro che possiedono palazzi e residenze storiche &#8220;<em>sono gestori dell\u2019unico bene non delocalizzabile del paese: le memorie storiche e artistiche. Siamo amministratori momentanei di questi beni e a noi demandato il compito di gestirli e preservarli al meglio<\/em>&#8220;. Una <strong>tutela del territorio<\/strong>, della sua storia e delle sue testimonianze artistiche che oggi, pi\u00f9 che mai, trova pure nel <strong>mondo del vino<\/strong> uno dei suoi ambasciatori.<\/p>\n","protected":false},"excerpt":{"rendered":"<p>Dalla partnership tra il conte Gaddo e la realt\u00e0 vinicola Prosit Group le etichette che rendono omaggio alla nobile casata e al territorio<\/p>\n","protected":false},"author":554,"featured_media":340948,"comment_status":"open","ping_status":"open","sticky":false,"template":"","format":"standard","meta":{"_acf_changed":false,"footnotes":""},"categories":[8],"tags":[5324,5604,224],"class_list":["post-340832","post","type-post","status-publish","format-standard","has-post-thumbnail","hentry","category-enogastronomia","tag-enologia","tag-vini-toscani","tag-vino"],"acf":[],"yoast_head":"<!-- This site is optimized with the Yoast SEO Premium plugin v24.2 (Yoast SEO v25.6) - https:\/\/yoast.com\/wordpress\/plugins\/seo\/ -->\n<title>Enologia, nasce una nuova linea di vini Della Gherardesca - intoscana<\/title>\n<meta name=\"description\" content=\"Dalla partnership tra il conte Gaddo e la realt\u00e0 vinicola Prosit Group le etichette che rendono omaggio alla nobile casata e al territorio\" \/>\n<meta name=\"robots\" content=\"index, follow, max-snippet:-1, max-image-preview:large, max-video-preview:-1\" \/>\n<link rel=\"canonical\" href=\"https:\/\/www.intoscana.it\/it\/enologia-nasce-una-nuova-linea-di-vini-della-gherardesca\/\" \/>\n<meta property=\"og:locale\" content=\"it_IT\" \/>\n<meta property=\"og:type\" content=\"article\" \/>\n<meta property=\"og:title\" content=\"Enologia, nasce una nuova linea di vini Della Gherardesca\" \/>\n<meta property=\"og:description\" content=\"Dalla partnership tra il conte Gaddo e la realt\u00e0 vinicola Prosit Group le etichette che rendono omaggio alla nobile casata e al territorio\" \/>\n<meta property=\"og:url\" content=\"https:\/\/www.intoscana.it\/it\/enologia-nasce-una-nuova-linea-di-vini-della-gherardesca\/\" \/>\n<meta property=\"og:site_name\" content=\"intoscana\" \/>\n<meta property=\"article:publisher\" content=\"https:\/\/www.facebook.com\/intoscana.it\" \/>\n<meta property=\"article:published_time\" content=\"2024-05-20T15:36:32+00:00\" \/>\n<meta property=\"article:modified_time\" content=\"2024-05-21T07:22:56+00:00\" \/>\n<meta property=\"og:image\" content=\"https:\/\/www.intoscana.it\/wp-content\/uploads\/Il-vino-Gaddo-della-Gherardesca.jpeg\" \/>\n\t<meta property=\"og:image:width\" content=\"800\" \/>\n\t<meta property=\"og:image:height\" content=\"450\" \/>\n\t<meta property=\"og:image:type\" content=\"image\/jpeg\" \/>\n<meta name=\"author\" content=\"Raffaella Galamini\" \/>\n<meta name=\"twitter:card\" content=\"summary_large_image\" \/>\n<meta name=\"twitter:creator\" content=\"@orio\" \/>\n<meta name=\"twitter:site\" content=\"@intoscana\" \/>\n<meta name=\"twitter:label1\" content=\"Written by\" \/>\n\t<meta name=\"twitter:data1\" content=\"Raffaella Galamini\" \/>\n\t<meta name=\"twitter:label2\" content=\"Est. reading time\" \/>\n\t<meta name=\"twitter:data2\" content=\"5 minuti\" \/>\n<script type=\"application\/ld+json\" class=\"yoast-schema-graph\">{\"@context\":\"https:\/\/schema.org\",\"@graph\":[{\"@type\":\"WebPage\",\"@id\":\"https:\/\/www.intoscana.it\/it\/enologia-nasce-una-nuova-linea-di-vini-della-gherardesca\/\",\"url\":\"https:\/\/www.intoscana.it\/it\/enologia-nasce-una-nuova-linea-di-vini-della-gherardesca\/\",\"name\":\"Enologia, nasce una nuova linea di vini Della Gherardesca - intoscana\",\"isPartOf\":{\"@id\":\"https:\/\/www.intoscana.it\/it\/#website\"},\"primaryImageOfPage\":{\"@id\":\"https:\/\/www.intoscana.it\/it\/enologia-nasce-una-nuova-linea-di-vini-della-gherardesca\/#primaryimage\"},\"image\":{\"@id\":\"https:\/\/www.intoscana.it\/it\/enologia-nasce-una-nuova-linea-di-vini-della-gherardesca\/#primaryimage\"},\"thumbnailUrl\":\"https:\/\/www.intoscana.it\/wp-content\/uploads\/Il-vino-Gaddo-della-Gherardesca.jpeg\",\"datePublished\":\"2024-05-20T15:36:32+00:00\",\"dateModified\":\"2024-05-21T07:22:56+00:00\",\"author\":{\"@id\":\"https:\/\/www.intoscana.it\/it\/#\/schema\/person\/9eb9daa846a49fe51af39a73d9d1986b\"},\"description\":\"Dalla partnership tra il conte Gaddo e la realt\u00e0 vinicola Prosit Group le etichette che rendono omaggio alla nobile casata e al territorio\",\"breadcrumb\":{\"@id\":\"https:\/\/www.intoscana.it\/it\/enologia-nasce-una-nuova-linea-di-vini-della-gherardesca\/#breadcrumb\"},\"inLanguage\":\"it-IT\",\"potentialAction\":[{\"@type\":\"ReadAction\",\"target\":[\"https:\/\/www.intoscana.it\/it\/enologia-nasce-una-nuova-linea-di-vini-della-gherardesca\/\"]}]},{\"@type\":\"ImageObject\",\"inLanguage\":\"it-IT\",\"@id\":\"https:\/\/www.intoscana.it\/it\/enologia-nasce-una-nuova-linea-di-vini-della-gherardesca\/#primaryimage\",\"url\":\"https:\/\/www.intoscana.it\/wp-content\/uploads\/Il-vino-Gaddo-della-Gherardesca.jpeg\",\"contentUrl\":\"https:\/\/www.intoscana.it\/wp-content\/uploads\/Il-vino-Gaddo-della-Gherardesca.jpeg\",\"width\":800,\"height\":450},{\"@type\":\"BreadcrumbList\",\"@id\":\"https:\/\/www.intoscana.it\/it\/enologia-nasce-una-nuova-linea-di-vini-della-gherardesca\/#breadcrumb\",\"itemListElement\":[{\"@type\":\"ListItem\",\"position\":1,\"name\":\"Home\",\"item\":\"https:\/\/www.intoscana.it\/it\/\"},{\"@type\":\"ListItem\",\"position\":2,\"name\":\"Enologia, nasce una nuova linea di vini Della Gherardesca\"}]},{\"@type\":\"WebSite\",\"@id\":\"https:\/\/www.intoscana.it\/it\/#website\",\"url\":\"https:\/\/www.intoscana.it\/it\/\",\"name\":\"intoscana\",\"description\":\"\",\"potentialAction\":[{\"@type\":\"SearchAction\",\"target\":{\"@type\":\"EntryPoint\",\"urlTemplate\":\"https:\/\/www.intoscana.it\/it\/?s={search_term_string}\"},\"query-input\":{\"@type\":\"PropertyValueSpecification\",\"valueRequired\":true,\"valueName\":\"search_term_string\"}}],\"inLanguage\":\"it-IT\"},{\"@type\":\"Person\",\"@id\":\"https:\/\/www.intoscana.it\/it\/#\/schema\/person\/9eb9daa846a49fe51af39a73d9d1986b\",\"name\":\"Raffaella Galamini\",\"sameAs\":[\"https:\/\/x.com\/orio\"],\"url\":\"https:\/\/www.intoscana.it\/it\/author\/r-galamini\/\"}]}<\/script>\n<!-- \/ Yoast SEO Premium plugin. -->","yoast_head_json":{"title":"Enologia, nasce una nuova linea di vini Della Gherardesca - intoscana","description":"Dalla partnership tra il conte Gaddo e la realt\u00e0 vinicola Prosit Group le etichette che rendono omaggio alla nobile casata e al territorio","robots":{"index":"index","follow":"follow","max-snippet":"max-snippet:-1","max-image-preview":"max-image-preview:large","max-video-preview":"max-video-preview:-1"},"canonical":"https:\/\/www.intoscana.it\/it\/enologia-nasce-una-nuova-linea-di-vini-della-gherardesca\/","og_locale":"it_IT","og_type":"article","og_title":"Enologia, nasce una nuova linea di vini Della Gherardesca","og_description":"Dalla partnership tra il conte Gaddo e la realt\u00e0 vinicola Prosit Group le etichette che rendono omaggio alla nobile casata e al territorio","og_url":"https:\/\/www.intoscana.it\/it\/enologia-nasce-una-nuova-linea-di-vini-della-gherardesca\/","og_site_name":"intoscana","article_publisher":"https:\/\/www.facebook.com\/intoscana.it","article_published_time":"2024-05-20T15:36:32+00:00","article_modified_time":"2024-05-21T07:22:56+00:00","og_image":[{"width":800,"height":450,"url":"https:\/\/www.intoscana.it\/wp-content\/uploads\/Il-vino-Gaddo-della-Gherardesca.jpeg","type":"image\/jpeg"}],"author":"Raffaella Galamini","twitter_card":"summary_large_image","twitter_creator":"@orio","twitter_site":"@intoscana","twitter_misc":{"Written by":"Raffaella Galamini","Est. reading time":"5 minuti"},"schema":{"@context":"https:\/\/schema.org","@graph":[{"@type":"WebPage","@id":"https:\/\/www.intoscana.it\/it\/enologia-nasce-una-nuova-linea-di-vini-della-gherardesca\/","url":"https:\/\/www.intoscana.it\/it\/enologia-nasce-una-nuova-linea-di-vini-della-gherardesca\/","name":"Enologia, nasce una nuova linea di vini Della Gherardesca - intoscana","isPartOf":{"@id":"https:\/\/www.intoscana.it\/it\/#website"},"primaryImageOfPage":{"@id":"https:\/\/www.intoscana.it\/it\/enologia-nasce-una-nuova-linea-di-vini-della-gherardesca\/#primaryimage"},"image":{"@id":"https:\/\/www.intoscana.it\/it\/enologia-nasce-una-nuova-linea-di-vini-della-gherardesca\/#primaryimage"},"thumbnailUrl":"https:\/\/www.intoscana.it\/wp-content\/uploads\/Il-vino-Gaddo-della-Gherardesca.jpeg","datePublished":"2024-05-20T15:36:32+00:00","dateModified":"2024-05-21T07:22:56+00:00","author":{"@id":"https:\/\/www.intoscana.it\/it\/#\/schema\/person\/9eb9daa846a49fe51af39a73d9d1986b"},"description":"Dalla partnership tra il conte Gaddo e la realt\u00e0 vinicola Prosit Group le etichette che rendono omaggio alla nobile casata e al territorio","breadcrumb":{"@id":"https:\/\/www.intoscana.it\/it\/enologia-nasce-una-nuova-linea-di-vini-della-gherardesca\/#breadcrumb"},"inLanguage":"it-IT","potentialAction":[{"@type":"ReadAction","target":["https:\/\/www.intoscana.it\/it\/enologia-nasce-una-nuova-linea-di-vini-della-gherardesca\/"]}]},{"@type":"ImageObject","inLanguage":"it-IT","@id":"https:\/\/www.intoscana.it\/it\/enologia-nasce-una-nuova-linea-di-vini-della-gherardesca\/#primaryimage","url":"https:\/\/www.intoscana.it\/wp-content\/uploads\/Il-vino-Gaddo-della-Gherardesca.jpeg","contentUrl":"https:\/\/www.intoscana.it\/wp-content\/uploads\/Il-vino-Gaddo-della-Gherardesca.jpeg","width":800,"height":450},{"@type":"BreadcrumbList","@id":"https:\/\/www.intoscana.it\/it\/enologia-nasce-una-nuova-linea-di-vini-della-gherardesca\/#breadcrumb","itemListElement":[{"@type":"ListItem","position":1,"name":"Home","item":"https:\/\/www.intoscana.it\/it\/"},{"@type":"ListItem","position":2,"name":"Enologia, nasce una nuova linea di vini Della Gherardesca"}]},{"@type":"WebSite","@id":"https:\/\/www.intoscana.it\/it\/#website","url":"https:\/\/www.intoscana.it\/it\/","name":"intoscana","description":"","potentialAction":[{"@type":"SearchAction","target":{"@type":"EntryPoint","urlTemplate":"https:\/\/www.intoscana.it\/it\/?s={search_term_string}"},"query-input":{"@type":"PropertyValueSpecification","valueRequired":true,"valueName":"search_term_string"}}],"inLanguage":"it-IT"},{"@type":"Person","@id":"https:\/\/www.intoscana.it\/it\/#\/schema\/person\/9eb9daa846a49fe51af39a73d9d1986b","name":"Raffaella Galamini","sameAs":["https:\/\/x.com\/orio"],"url":"https:\/\/www.intoscana.it\/it\/author\/r-galamini\/"}]}},"_links":{"self":[{"href":"https:\/\/www.intoscana.it\/it\/wp-json\/wp\/v2\/posts\/340832","targetHints":{"allow":["GET"]}}],"collection":[{"href":"https:\/\/www.intoscana.it\/it\/wp-json\/wp\/v2\/posts"}],"about":[{"href":"https:\/\/www.intoscana.it\/it\/wp-json\/wp\/v2\/types\/post"}],"author":[{"embeddable":true,"href":"https:\/\/www.intoscana.it\/it\/wp-json\/wp\/v2\/users\/554"}],"replies":[{"embeddable":true,"href":"https:\/\/www.intoscana.it\/it\/wp-json\/wp\/v2\/comments?post=340832"}],"version-history":[{"count":10,"href":"https:\/\/www.intoscana.it\/it\/wp-json\/wp\/v2\/posts\/340832\/revisions"}],"predecessor-version":[{"id":341229,"href":"https:\/\/www.intoscana.it\/it\/wp-json\/wp\/v2\/posts\/340832\/revisions\/341229"}],"wp:featuredmedia":[{"embeddable":true,"href":"https:\/\/www.intoscana.it\/it\/wp-json\/wp\/v2\/media\/340948"}],"wp:attachment":[{"href":"https:\/\/www.intoscana.it\/it\/wp-json\/wp\/v2\/media?parent=340832"}],"wp:term":[{"taxonomy":"category","embeddable":true,"href":"https:\/\/www.intoscana.it\/it\/wp-json\/wp\/v2\/categories?post=340832"},{"taxonomy":"post_tag","embeddable":true,"href":"https:\/\/www.intoscana.it\/it\/wp-json\/wp\/v2\/tags?post=340832"}],"curies":[{"name":"wp","href":"https:\/\/api.w.org\/{rel}","templated":true}]}}