{"id":341053,"date":"2024-05-20T10:49:20","date_gmt":"2024-05-20T08:49:20","guid":{"rendered":"https:\/\/www.intoscana.it\/it\/?p=341053"},"modified":"2024-05-20T10:50:30","modified_gmt":"2024-05-20T08:50:30","slug":"coreglia-antelminelli-banda-ultralarga","status":"publish","type":"post","link":"https:\/\/www.intoscana.it\/it\/coreglia-antelminelli-banda-ultralarga\/","title":{"rendered":"Toscana digitale: a Coreglia Antelminelli arriva la banda ultralarga"},"content":{"rendered":"<p>La <strong>banda ultralarga<\/strong> \u00e8 arrivata anche a <strong>Coreglia Antelminelli.<\/strong> Il comune \u00e8 tra i primi della Garfagnana a poter quindi navigare con un internet super veloce, grazie alle nuove infrastrutture realizzate <strong>da Open Fiber<\/strong> nelle cosiddette \u201caree bianche\u201d, oggetto dei tre bandi Infratel, con il contributo della Regione Toscana, per ridurre il divario digitale.<\/p>\n<h3>La nuova rete di 31 km in oltre 2600 case<\/h3>\n<p>A Coreglia Antelminelli l\u2019azienda ha realizzato <mark>una nuova rete di oltre 31 chilometri che vede al momento raggiunte 2.678 unit\u00e0 immobiliari nelle zone di Coreglia, Pian di Coreglia e Ghivizzano<\/mark><\/p>\n<p>Il servizio \u00e8 gi\u00e0 disponibile per i cittadini e l\u2019infrastruttura rimarr\u00e0 di propriet\u00e0 pubblica, gestita in concessione da Open Fiber per 20 anni. Nell\u2019ambito del progetto sono state raggiunti vari punti di interesse per la comunit\u00e0 come <strong>il comando dei Carabinieri, il teatro e alcune scuole dell\u2019infanzia.<\/strong><\/p>\n<p>Per il sindaco, Coreglia Antelminelli \u00e8 uno dei primi Comuni di questo territorio a portare la fibra ultra veloce: una vera e propria <strong>autostrada informatica<\/strong> che riguarda tanto il capoluogo quanto le frazioni del Fondovalle, con l\u2019obiettivo di garantire alla comunit\u00e0 maggiori servizi, maggiori opportunit\u00e0 di studio e di lavoro, maggiore solidit\u00e0 alle imprese.<\/p>\n<h3>141 Comuni toscani raggiunti dalla banda ultralarga<\/h3>\n<p>L\u2019operazione, come spiega l\u2019assessore regionale alle infrastrutture digitali, \u00e8 il frutto di un grande e capillare lavoro di connessione digitale che riguarda molti comuni toscani, in grande maggioranza situati nelle cosiddette aree bianche, quelle che non sono appetibili dalle compagnie telefoniche perch\u00e9 scarsamente abitate. Cos\u00ec ad oggi sono <strong>141 i Comuni in cui sono stati terminati i lavori di posa della fibra,<\/strong> grazie all\u2019intervento economico della Regione, a cui se ne aggiungeranno <strong>altri 65 entro la fine del 2025.<\/strong> Questa misura potr\u00e0 ridurre le disuguaglianze territoriali e sociali, conferendo nuove opportunit\u00e0 di sviluppo sia ai cittadini che alle attivit\u00e0 produttive.<\/p>\n<p>Open Fiber \u00e8 un operatore wholesale only: non vende servizi in fibra ottica direttamente al cliente finale, ma \u00e8 attivo esclusivamente nel mercato all\u2019ingrosso. <mark>I clienti interessati non dovranno far altro che contattare un operatore scegliere il piano tariffario e navigare<\/mark> a una velocit\u00e0 impossibile da raggiungere con le attuali reti in rame o miste fibra rame.<\/p>\n<p>Quando l\u2019utente ne far\u00e0 richiesta, l\u2019operatore selezionato contatter\u00e0 Open Fiber, che a quel punto fisser\u00e0 un appuntamento con il cliente, con l\u2019obiettivo di portare la fibra ottica dal pozzetto stradale fin dentro l\u2019abitazione. Al termine dell\u2019operazione, l\u2019utente sar\u00e0 pronto a navigare alla ad una <strong>velocit\u00e0 fino a 10 Gigabit al secondo<\/strong>, e beneficiare di servizi come lo streaming online in HD e 4k, il telelavoro, la telemedicina.<\/p>\n","protected":false},"excerpt":{"rendered":"<p>Internet superveloce \u00e8 disponibile anche per gli abitanti del comune in Garfagnana: i lavori hanno portato la nuova rete in oltre 2600 abitazioni<\/p>\n","protected":false},"author":525,"featured_media":325003,"comment_status":"open","ping_status":"open","sticky":false,"template":"","format":"standard","meta":{"_acf_changed":false,"footnotes":""},"categories":[475],"tags":[6184,4437,1639],"class_list":["post-341053","post","type-post","status-publish","format-standard","has-post-thumbnail","hentry","category-innovazione","tag-banda-ultralarga","tag-garfagnana","tag-toscana-digitale"],"acf":[],"yoast_head":"<!-- This site is optimized with the Yoast SEO Premium plugin v24.2 (Yoast SEO v25.6) - https:\/\/yoast.com\/wordpress\/plugins\/seo\/ -->\n<title>Toscana digitale: a Coreglia Antelminelli arriva la banda ultralarga - intoscana<\/title>\n<meta name=\"description\" content=\"A Coreglia Antelminelli, in Garfagnana, \u00e8 arrivata la banda ultralarga: grazie ai lavori di Open Fiber si pu\u00f2 navigare super velocemente su Internet.\" \/>\n<meta name=\"robots\" content=\"index, follow, max-snippet:-1, max-image-preview:large, max-video-preview:-1\" \/>\n<link rel=\"canonical\" href=\"https:\/\/www.intoscana.it\/it\/coreglia-antelminelli-banda-ultralarga\/\" \/>\n<meta property=\"og:locale\" content=\"it_IT\" \/>\n<meta property=\"og:type\" content=\"article\" \/>\n<meta property=\"og:title\" content=\"Toscana digitale: a Coreglia Antelminelli arriva la banda ultralarga\" \/>\n<meta property=\"og:description\" content=\"A Coreglia Antelminelli, in Garfagnana, \u00e8 arrivata la banda ultralarga: grazie ai lavori di Open Fiber si pu\u00f2 navigare super velocemente su Internet.\" \/>\n<meta property=\"og:url\" content=\"https:\/\/www.intoscana.it\/it\/coreglia-antelminelli-banda-ultralarga\/\" \/>\n<meta property=\"og:site_name\" content=\"intoscana\" \/>\n<meta property=\"article:publisher\" content=\"https:\/\/www.facebook.com\/intoscana.it\" \/>\n<meta property=\"article:published_time\" content=\"2024-05-20T08:49:20+00:00\" \/>\n<meta property=\"article:modified_time\" content=\"2024-05-20T08:50:30+00:00\" \/>\n<meta property=\"og:image\" content=\"https:\/\/www.intoscana.it\/wp-content\/uploads\/La-banda-ultralarga.jpeg\" \/>\n\t<meta property=\"og:image:width\" content=\"1536\" \/>\n\t<meta property=\"og:image:height\" content=\"1025\" \/>\n\t<meta property=\"og:image:type\" content=\"image\/jpeg\" \/>\n<meta name=\"author\" content=\"Redazione\" \/>\n<meta name=\"twitter:card\" content=\"summary_large_image\" \/>\n<meta name=\"twitter:creator\" content=\"@intoscana\" \/>\n<meta name=\"twitter:site\" content=\"@intoscana\" \/>\n<meta name=\"twitter:label1\" content=\"Written by\" \/>\n\t<meta name=\"twitter:data1\" content=\"Redazione\" \/>\n\t<meta name=\"twitter:label2\" content=\"Est. reading time\" \/>\n\t<meta name=\"twitter:data2\" content=\"3 minuti\" \/>\n<script type=\"application\/ld+json\" class=\"yoast-schema-graph\">{\"@context\":\"https:\/\/schema.org\",\"@graph\":[{\"@type\":\"WebPage\",\"@id\":\"https:\/\/www.intoscana.it\/it\/coreglia-antelminelli-banda-ultralarga\/\",\"url\":\"https:\/\/www.intoscana.it\/it\/coreglia-antelminelli-banda-ultralarga\/\",\"name\":\"Toscana digitale: a Coreglia Antelminelli arriva la banda ultralarga - intoscana\",\"isPartOf\":{\"@id\":\"https:\/\/www.intoscana.it\/it\/#website\"},\"primaryImageOfPage\":{\"@id\":\"https:\/\/www.intoscana.it\/it\/coreglia-antelminelli-banda-ultralarga\/#primaryimage\"},\"image\":{\"@id\":\"https:\/\/www.intoscana.it\/it\/coreglia-antelminelli-banda-ultralarga\/#primaryimage\"},\"thumbnailUrl\":\"https:\/\/www.intoscana.it\/wp-content\/uploads\/La-banda-ultralarga.jpeg\",\"datePublished\":\"2024-05-20T08:49:20+00:00\",\"dateModified\":\"2024-05-20T08:50:30+00:00\",\"author\":{\"@id\":\"https:\/\/www.intoscana.it\/it\/#\/schema\/person\/9223810753230f20bd670fdd322661f8\"},\"description\":\"A Coreglia Antelminelli, in Garfagnana, \u00e8 arrivata la banda ultralarga: grazie ai lavori di Open Fiber si pu\u00f2 navigare super velocemente su Internet.\",\"breadcrumb\":{\"@id\":\"https:\/\/www.intoscana.it\/it\/coreglia-antelminelli-banda-ultralarga\/#breadcrumb\"},\"inLanguage\":\"it-IT\",\"potentialAction\":[{\"@type\":\"ReadAction\",\"target\":[\"https:\/\/www.intoscana.it\/it\/coreglia-antelminelli-banda-ultralarga\/\"]}]},{\"@type\":\"ImageObject\",\"inLanguage\":\"it-IT\",\"@id\":\"https:\/\/www.intoscana.it\/it\/coreglia-antelminelli-banda-ultralarga\/#primaryimage\",\"url\":\"https:\/\/www.intoscana.it\/wp-content\/uploads\/La-banda-ultralarga.jpeg\",\"contentUrl\":\"https:\/\/www.intoscana.it\/wp-content\/uploads\/La-banda-ultralarga.jpeg\",\"width\":1536,\"height\":1025},{\"@type\":\"BreadcrumbList\",\"@id\":\"https:\/\/www.intoscana.it\/it\/coreglia-antelminelli-banda-ultralarga\/#breadcrumb\",\"itemListElement\":[{\"@type\":\"ListItem\",\"position\":1,\"name\":\"Home\",\"item\":\"https:\/\/www.intoscana.it\/it\/\"},{\"@type\":\"ListItem\",\"position\":2,\"name\":\"Toscana digitale: a Coreglia Antelminelli arriva la banda ultralarga\"}]},{\"@type\":\"WebSite\",\"@id\":\"https:\/\/www.intoscana.it\/it\/#website\",\"url\":\"https:\/\/www.intoscana.it\/it\/\",\"name\":\"intoscana\",\"description\":\"\",\"potentialAction\":[{\"@type\":\"SearchAction\",\"target\":{\"@type\":\"EntryPoint\",\"urlTemplate\":\"https:\/\/www.intoscana.it\/it\/?s={search_term_string}\"},\"query-input\":{\"@type\":\"PropertyValueSpecification\",\"valueRequired\":true,\"valueName\":\"search_term_string\"}}],\"inLanguage\":\"it-IT\"},{\"@type\":\"Person\",\"@id\":\"https:\/\/www.intoscana.it\/it\/#\/schema\/person\/9223810753230f20bd670fdd322661f8\",\"name\":\"Redazione\",\"url\":\"https:\/\/www.intoscana.it\/it\/author\/redazione\/\"}]}<\/script>\n<!-- \/ Yoast SEO Premium plugin. -->","yoast_head_json":{"title":"Toscana digitale: a Coreglia Antelminelli arriva la banda ultralarga - intoscana","description":"A Coreglia Antelminelli, in Garfagnana, \u00e8 arrivata la banda ultralarga: grazie ai lavori di Open Fiber si pu\u00f2 navigare super velocemente su Internet.","robots":{"index":"index","follow":"follow","max-snippet":"max-snippet:-1","max-image-preview":"max-image-preview:large","max-video-preview":"max-video-preview:-1"},"canonical":"https:\/\/www.intoscana.it\/it\/coreglia-antelminelli-banda-ultralarga\/","og_locale":"it_IT","og_type":"article","og_title":"Toscana digitale: a Coreglia Antelminelli arriva la banda ultralarga","og_description":"A Coreglia Antelminelli, in Garfagnana, \u00e8 arrivata la banda ultralarga: grazie ai lavori di Open Fiber si pu\u00f2 navigare super velocemente su Internet.","og_url":"https:\/\/www.intoscana.it\/it\/coreglia-antelminelli-banda-ultralarga\/","og_site_name":"intoscana","article_publisher":"https:\/\/www.facebook.com\/intoscana.it","article_published_time":"2024-05-20T08:49:20+00:00","article_modified_time":"2024-05-20T08:50:30+00:00","og_image":[{"width":1536,"height":1025,"url":"https:\/\/www.intoscana.it\/wp-content\/uploads\/La-banda-ultralarga.jpeg","type":"image\/jpeg"}],"author":"Redazione","twitter_card":"summary_large_image","twitter_creator":"@intoscana","twitter_site":"@intoscana","twitter_misc":{"Written by":"Redazione","Est. reading time":"3 minuti"},"schema":{"@context":"https:\/\/schema.org","@graph":[{"@type":"WebPage","@id":"https:\/\/www.intoscana.it\/it\/coreglia-antelminelli-banda-ultralarga\/","url":"https:\/\/www.intoscana.it\/it\/coreglia-antelminelli-banda-ultralarga\/","name":"Toscana digitale: a Coreglia Antelminelli arriva la banda ultralarga - intoscana","isPartOf":{"@id":"https:\/\/www.intoscana.it\/it\/#website"},"primaryImageOfPage":{"@id":"https:\/\/www.intoscana.it\/it\/coreglia-antelminelli-banda-ultralarga\/#primaryimage"},"image":{"@id":"https:\/\/www.intoscana.it\/it\/coreglia-antelminelli-banda-ultralarga\/#primaryimage"},"thumbnailUrl":"https:\/\/www.intoscana.it\/wp-content\/uploads\/La-banda-ultralarga.jpeg","datePublished":"2024-05-20T08:49:20+00:00","dateModified":"2024-05-20T08:50:30+00:00","author":{"@id":"https:\/\/www.intoscana.it\/it\/#\/schema\/person\/9223810753230f20bd670fdd322661f8"},"description":"A Coreglia Antelminelli, in Garfagnana, \u00e8 arrivata la banda ultralarga: grazie ai lavori di Open Fiber si pu\u00f2 navigare super velocemente su Internet.","breadcrumb":{"@id":"https:\/\/www.intoscana.it\/it\/coreglia-antelminelli-banda-ultralarga\/#breadcrumb"},"inLanguage":"it-IT","potentialAction":[{"@type":"ReadAction","target":["https:\/\/www.intoscana.it\/it\/coreglia-antelminelli-banda-ultralarga\/"]}]},{"@type":"ImageObject","inLanguage":"it-IT","@id":"https:\/\/www.intoscana.it\/it\/coreglia-antelminelli-banda-ultralarga\/#primaryimage","url":"https:\/\/www.intoscana.it\/wp-content\/uploads\/La-banda-ultralarga.jpeg","contentUrl":"https:\/\/www.intoscana.it\/wp-content\/uploads\/La-banda-ultralarga.jpeg","width":1536,"height":1025},{"@type":"BreadcrumbList","@id":"https:\/\/www.intoscana.it\/it\/coreglia-antelminelli-banda-ultralarga\/#breadcrumb","itemListElement":[{"@type":"ListItem","position":1,"name":"Home","item":"https:\/\/www.intoscana.it\/it\/"},{"@type":"ListItem","position":2,"name":"Toscana digitale: a Coreglia Antelminelli arriva la banda ultralarga"}]},{"@type":"WebSite","@id":"https:\/\/www.intoscana.it\/it\/#website","url":"https:\/\/www.intoscana.it\/it\/","name":"intoscana","description":"","potentialAction":[{"@type":"SearchAction","target":{"@type":"EntryPoint","urlTemplate":"https:\/\/www.intoscana.it\/it\/?s={search_term_string}"},"query-input":{"@type":"PropertyValueSpecification","valueRequired":true,"valueName":"search_term_string"}}],"inLanguage":"it-IT"},{"@type":"Person","@id":"https:\/\/www.intoscana.it\/it\/#\/schema\/person\/9223810753230f20bd670fdd322661f8","name":"Redazione","url":"https:\/\/www.intoscana.it\/it\/author\/redazione\/"}]}},"_links":{"self":[{"href":"https:\/\/www.intoscana.it\/it\/wp-json\/wp\/v2\/posts\/341053","targetHints":{"allow":["GET"]}}],"collection":[{"href":"https:\/\/www.intoscana.it\/it\/wp-json\/wp\/v2\/posts"}],"about":[{"href":"https:\/\/www.intoscana.it\/it\/wp-json\/wp\/v2\/types\/post"}],"author":[{"embeddable":true,"href":"https:\/\/www.intoscana.it\/it\/wp-json\/wp\/v2\/users\/525"}],"replies":[{"embeddable":true,"href":"https:\/\/www.intoscana.it\/it\/wp-json\/wp\/v2\/comments?post=341053"}],"version-history":[{"count":5,"href":"https:\/\/www.intoscana.it\/it\/wp-json\/wp\/v2\/posts\/341053\/revisions"}],"predecessor-version":[{"id":341073,"href":"https:\/\/www.intoscana.it\/it\/wp-json\/wp\/v2\/posts\/341053\/revisions\/341073"}],"wp:featuredmedia":[{"embeddable":true,"href":"https:\/\/www.intoscana.it\/it\/wp-json\/wp\/v2\/media\/325003"}],"wp:attachment":[{"href":"https:\/\/www.intoscana.it\/it\/wp-json\/wp\/v2\/media?parent=341053"}],"wp:term":[{"taxonomy":"category","embeddable":true,"href":"https:\/\/www.intoscana.it\/it\/wp-json\/wp\/v2\/categories?post=341053"},{"taxonomy":"post_tag","embeddable":true,"href":"https:\/\/www.intoscana.it\/it\/wp-json\/wp\/v2\/tags?post=341053"}],"curies":[{"name":"wp","href":"https:\/\/api.w.org\/{rel}","templated":true}]}}