{"id":341139,"date":"2024-05-20T14:20:16","date_gmt":"2024-05-20T12:20:16","guid":{"rendered":"https:\/\/www.intoscana.it\/it\/?p=341139"},"modified":"2024-05-21T14:21:51","modified_gmt":"2024-05-21T12:21:51","slug":"nuovo-polo-scientifico-scuola-sant-anna","status":"publish","type":"post","link":"https:\/\/www.intoscana.it\/it\/nuovo-polo-scientifico-scuola-sant-anna\/","title":{"rendered":"A San Giuliano Terme il nuovo Polo scientifico della Scuola Sant&#8217;Anna"},"content":{"rendered":"<p style=\"font-weight: 400;\">Sono partiti oggi con la posa della prima pietra alla presenza delle autorit\u00e0 locali i lavori di costruzione del <strong>nuovo Polo Scientifico<\/strong>\u00a0della\u00a0<strong>Scuola Superiore\u00a0Sant&#8217;Anna<\/strong>\u00a0a\u00a0<strong>San Giuliano Terme<\/strong>, a breve distanza dalla sede centrale e storica di\u00a0<strong>Pisa<\/strong>.<\/p>\n<h3>Un investimento da 52,5 milioni di euro<\/h3>\n<p>L\u2019inizio dei lavori arriva poche settimane dopo la\u00a0firma del\u00a0<strong>contratto<\/strong>\u00a0con il partner dell\u2019operazione di\u00a0<strong>partenariato<\/strong>\u00a0<strong>pubblico privato<\/strong>, il raggruppamento di imprese coordinato da\u00a0<strong>Icop.<\/strong>\u00a0I lavori prevedono la realizzazione dei quattro edifici, sul totale dei sette previsti dal \u201cprogetto guida\u201d in 27 mesi complessivi.<\/p>\n<p>Il progetto complessivo <strong>del nuovo campus<\/strong>, che prevede contributi rilevanti da parte del\u00a0<strong>Ministero dell\u2019universit\u00e0 e della ricerca<\/strong>\u00a0e della\u00a0<strong>Regione Toscana<\/strong>, prevede investimenti <strong>per 52,5 milioni di euro<\/strong> e un valore complessivo della concessione al partner privato, comprendente anche il costo dei servizi di gestione e manutenzione per 20 anni, pari a circa 118,5 milioni di euro.<\/p>\n<p><mark><em>\u201c\u00c8 un momento storico per la nostra comunit\u00e0<\/em> &#8211; <\/mark>ha commentato la rettrice della Scuola Sant&#8217;Anna <strong>Sabina Nuti<\/strong> &#8211; <em>questa opera rappresenta il futuro. Mi piace sottolineare che questo nuovo polo sorger\u00e0 accanto all\u2019area del CNR di Pisa e non distante dall\u2019Azienda Ospedaliero Universitaria Pisana: \u00e8 il segno di una sinergia che porter\u00e0 ricchezza e innovazione a tutto il territorio.\u201d\u00a0<\/em><\/p>\n<figure id=\"post-341141 media-341141\" class=\"align-none\">\n<p><figure style=\"width: 1920px\" class=\"wp-caption alignnone\"><img loading=\"lazy\" decoding=\"async\" src=\"https:\/\/www.intoscana.it\/wp-content\/uploads\/3581-Pisa-Icop-SantAnna_Cam-005_FAL.jpg\" alt=\"\" width=\"1920\" height=\"1080\" \/><figcaption class=\"wp-caption-text\">Il progetto del nuovo Polo scientifico della Scuola Sant&#8217;Anna di Pisa<\/figcaption><\/figure><\/figure>\n<h3 style=\"font-weight: 400;\"><strong>La nuova casa delle Scienze Sperimentali<\/strong><\/h3>\n<p style=\"font-weight: 400;\">Il complesso dei quattro edifici si svilupper\u00e0 su circa\u00a0<strong>6mila metri quadri di superficie coperta<\/strong>, per circa\u00a0<strong>20mila metri quadri<\/strong>\u00a0di superfici interne agli edifici, su pi\u00f9 piani, con ampi spazi verdi e dotazioni a sostegno della mobilit\u00e0 sostenibile come piste ciclabili e punti di ricarica per veicoli elettrici.<\/p>\n<p style=\"font-weight: 400;\">Il progetto nasce con caratteristiche evolute in tema di\u00a0<strong>sostenibilit\u00e0 ambientale<\/strong>\u00a0e di\u00a0<strong>efficienza energetica<\/strong>, per rispondere in maniera efficace alle evoluzioni continue delle attivit\u00e0 di ricerca che qui saranno condotte. <mark>Tre dei quattro edifici ospiteranno attivit\u00e0 di ricerca, di didattica e di trasferimento tecnologico delle <strong>Scienze Sperimentali<\/strong> (Ingegneria, Medicina, Scienze Agrarie e Biotecnologie)<\/mark> mentre il quarto edificio assolver\u00e0 alle funzioni di centro servizi per l\u2019area ospitando un grande auditorium e gli spazi di supporto come caffetteria, mensa, uffici.<\/p>\n<p style=\"font-weight: 400;\"><em>\u201cIl progetto iniziale, che risale a pi\u00f9 di dieci anni fa, prevedeva la costruzione di un solo edificio. \u00c8 stato un percorso lungo, pieno di ostacoli burocratici, che per\u00f2 regala una grande opportunit\u00e0 per la Scuola Superiore\u00a0Sant\u2019Anna\u00a0e per tutto il sistema universitario pisano\u201d<\/em> ha sottolineato <strong>Pierdomenico Perata<\/strong>, ex rettore della Sant\u2019Anna dal 2013 al 2019, che durante il suo mandato ha avviato il progetto del nuovo Polo.<\/p>\n","protected":false},"excerpt":{"rendered":"<p>Oggi la posa della prima pietra del nuovo polo delle Scienze sperimentali che si estender\u00e0 per 6mila mq con un&#8217;attenzione particolare alla sostenibilit\u00e0 ambientale ed energetica<\/p>\n","protected":false},"author":525,"featured_media":341140,"comment_status":"open","ping_status":"open","sticky":false,"template":"","format":"standard","meta":{"_acf_changed":false,"footnotes":""},"categories":[494],"tags":[4373,234],"class_list":["post-341139","post","type-post","status-publish","format-standard","has-post-thumbnail","hentry","category-attualita","tag-scuola-santanna-di-pisa","tag-universita"],"acf":[],"yoast_head":"<!-- This site is optimized with the Yoast SEO Premium plugin v24.2 (Yoast SEO v25.6) - https:\/\/yoast.com\/wordpress\/plugins\/seo\/ -->\n<title>A San Giuliano Terme il nuovo Polo scientifico della Scuola Sant&#039;Anna - intoscana<\/title>\n<meta name=\"robots\" content=\"index, follow, max-snippet:-1, max-image-preview:large, max-video-preview:-1\" \/>\n<link rel=\"canonical\" href=\"https:\/\/www.intoscana.it\/it\/nuovo-polo-scientifico-scuola-sant-anna\/\" \/>\n<meta property=\"og:locale\" content=\"it_IT\" \/>\n<meta property=\"og:type\" content=\"article\" \/>\n<meta property=\"og:title\" content=\"A San Giuliano Terme il nuovo Polo scientifico della Scuola Sant&#039;Anna\" \/>\n<meta property=\"og:description\" content=\"Oggi la posa della prima pietra del nuovo polo delle Scienze sperimentali che si estender\u00e0 per 6mila mq con un&#039;attenzione particolare alla sostenibilit\u00e0 ambientale ed energetica\" \/>\n<meta property=\"og:url\" content=\"https:\/\/www.intoscana.it\/it\/nuovo-polo-scientifico-scuola-sant-anna\/\" \/>\n<meta property=\"og:site_name\" content=\"intoscana\" \/>\n<meta property=\"article:publisher\" content=\"https:\/\/www.facebook.com\/intoscana.it\" \/>\n<meta property=\"article:published_time\" content=\"2024-05-20T12:20:16+00:00\" \/>\n<meta property=\"article:modified_time\" content=\"2024-05-21T12:21:51+00:00\" \/>\n<meta property=\"og:image\" content=\"https:\/\/www.intoscana.it\/wp-content\/uploads\/3581-Bird-view_CAM-01_02_ANB.jpg\" \/>\n\t<meta property=\"og:image:width\" content=\"1920\" \/>\n\t<meta property=\"og:image:height\" content=\"1080\" \/>\n\t<meta property=\"og:image:type\" content=\"image\/jpeg\" \/>\n<meta name=\"author\" content=\"Redazione\" \/>\n<meta name=\"twitter:card\" content=\"summary_large_image\" \/>\n<meta name=\"twitter:creator\" content=\"@intoscana\" \/>\n<meta name=\"twitter:site\" content=\"@intoscana\" \/>\n<meta name=\"twitter:label1\" content=\"Written by\" \/>\n\t<meta name=\"twitter:data1\" content=\"Redazione\" \/>\n\t<meta name=\"twitter:label2\" content=\"Est. reading time\" \/>\n\t<meta name=\"twitter:data2\" content=\"3 minuti\" \/>\n<script type=\"application\/ld+json\" class=\"yoast-schema-graph\">{\"@context\":\"https:\/\/schema.org\",\"@graph\":[{\"@type\":\"WebPage\",\"@id\":\"https:\/\/www.intoscana.it\/it\/nuovo-polo-scientifico-scuola-sant-anna\/\",\"url\":\"https:\/\/www.intoscana.it\/it\/nuovo-polo-scientifico-scuola-sant-anna\/\",\"name\":\"A San Giuliano Terme il nuovo Polo scientifico della Scuola Sant'Anna - intoscana\",\"isPartOf\":{\"@id\":\"https:\/\/www.intoscana.it\/it\/#website\"},\"primaryImageOfPage\":{\"@id\":\"https:\/\/www.intoscana.it\/it\/nuovo-polo-scientifico-scuola-sant-anna\/#primaryimage\"},\"image\":{\"@id\":\"https:\/\/www.intoscana.it\/it\/nuovo-polo-scientifico-scuola-sant-anna\/#primaryimage\"},\"thumbnailUrl\":\"https:\/\/www.intoscana.it\/wp-content\/uploads\/3581-Bird-view_CAM-01_02_ANB.jpg\",\"datePublished\":\"2024-05-20T12:20:16+00:00\",\"dateModified\":\"2024-05-21T12:21:51+00:00\",\"author\":{\"@id\":\"https:\/\/www.intoscana.it\/it\/#\/schema\/person\/9223810753230f20bd670fdd322661f8\"},\"breadcrumb\":{\"@id\":\"https:\/\/www.intoscana.it\/it\/nuovo-polo-scientifico-scuola-sant-anna\/#breadcrumb\"},\"inLanguage\":\"it-IT\",\"potentialAction\":[{\"@type\":\"ReadAction\",\"target\":[\"https:\/\/www.intoscana.it\/it\/nuovo-polo-scientifico-scuola-sant-anna\/\"]}]},{\"@type\":\"ImageObject\",\"inLanguage\":\"it-IT\",\"@id\":\"https:\/\/www.intoscana.it\/it\/nuovo-polo-scientifico-scuola-sant-anna\/#primaryimage\",\"url\":\"https:\/\/www.intoscana.it\/wp-content\/uploads\/3581-Bird-view_CAM-01_02_ANB.jpg\",\"contentUrl\":\"https:\/\/www.intoscana.it\/wp-content\/uploads\/3581-Bird-view_CAM-01_02_ANB.jpg\",\"width\":1920,\"height\":1080,\"caption\":\"Il progetto del nuovo Polo scientifico della Scuola Sant'Anna di Pisa\"},{\"@type\":\"BreadcrumbList\",\"@id\":\"https:\/\/www.intoscana.it\/it\/nuovo-polo-scientifico-scuola-sant-anna\/#breadcrumb\",\"itemListElement\":[{\"@type\":\"ListItem\",\"position\":1,\"name\":\"Home\",\"item\":\"https:\/\/www.intoscana.it\/it\/\"},{\"@type\":\"ListItem\",\"position\":2,\"name\":\"A San Giuliano Terme il nuovo Polo scientifico della Scuola Sant&#8217;Anna\"}]},{\"@type\":\"WebSite\",\"@id\":\"https:\/\/www.intoscana.it\/it\/#website\",\"url\":\"https:\/\/www.intoscana.it\/it\/\",\"name\":\"intoscana\",\"description\":\"\",\"potentialAction\":[{\"@type\":\"SearchAction\",\"target\":{\"@type\":\"EntryPoint\",\"urlTemplate\":\"https:\/\/www.intoscana.it\/it\/?s={search_term_string}\"},\"query-input\":{\"@type\":\"PropertyValueSpecification\",\"valueRequired\":true,\"valueName\":\"search_term_string\"}}],\"inLanguage\":\"it-IT\"},{\"@type\":\"Person\",\"@id\":\"https:\/\/www.intoscana.it\/it\/#\/schema\/person\/9223810753230f20bd670fdd322661f8\",\"name\":\"Redazione\",\"url\":\"https:\/\/www.intoscana.it\/it\/author\/redazione\/\"}]}<\/script>\n<!-- \/ Yoast SEO Premium plugin. -->","yoast_head_json":{"title":"A San Giuliano Terme il nuovo Polo scientifico della Scuola Sant'Anna - intoscana","robots":{"index":"index","follow":"follow","max-snippet":"max-snippet:-1","max-image-preview":"max-image-preview:large","max-video-preview":"max-video-preview:-1"},"canonical":"https:\/\/www.intoscana.it\/it\/nuovo-polo-scientifico-scuola-sant-anna\/","og_locale":"it_IT","og_type":"article","og_title":"A San Giuliano Terme il nuovo Polo scientifico della Scuola Sant'Anna","og_description":"Oggi la posa della prima pietra del nuovo polo delle Scienze sperimentali che si estender\u00e0 per 6mila mq con un'attenzione particolare alla sostenibilit\u00e0 ambientale ed energetica","og_url":"https:\/\/www.intoscana.it\/it\/nuovo-polo-scientifico-scuola-sant-anna\/","og_site_name":"intoscana","article_publisher":"https:\/\/www.facebook.com\/intoscana.it","article_published_time":"2024-05-20T12:20:16+00:00","article_modified_time":"2024-05-21T12:21:51+00:00","og_image":[{"width":1920,"height":1080,"url":"https:\/\/www.intoscana.it\/wp-content\/uploads\/3581-Bird-view_CAM-01_02_ANB.jpg","type":"image\/jpeg"}],"author":"Redazione","twitter_card":"summary_large_image","twitter_creator":"@intoscana","twitter_site":"@intoscana","twitter_misc":{"Written by":"Redazione","Est. reading time":"3 minuti"},"schema":{"@context":"https:\/\/schema.org","@graph":[{"@type":"WebPage","@id":"https:\/\/www.intoscana.it\/it\/nuovo-polo-scientifico-scuola-sant-anna\/","url":"https:\/\/www.intoscana.it\/it\/nuovo-polo-scientifico-scuola-sant-anna\/","name":"A San Giuliano Terme il nuovo Polo scientifico della Scuola Sant'Anna - intoscana","isPartOf":{"@id":"https:\/\/www.intoscana.it\/it\/#website"},"primaryImageOfPage":{"@id":"https:\/\/www.intoscana.it\/it\/nuovo-polo-scientifico-scuola-sant-anna\/#primaryimage"},"image":{"@id":"https:\/\/www.intoscana.it\/it\/nuovo-polo-scientifico-scuola-sant-anna\/#primaryimage"},"thumbnailUrl":"https:\/\/www.intoscana.it\/wp-content\/uploads\/3581-Bird-view_CAM-01_02_ANB.jpg","datePublished":"2024-05-20T12:20:16+00:00","dateModified":"2024-05-21T12:21:51+00:00","author":{"@id":"https:\/\/www.intoscana.it\/it\/#\/schema\/person\/9223810753230f20bd670fdd322661f8"},"breadcrumb":{"@id":"https:\/\/www.intoscana.it\/it\/nuovo-polo-scientifico-scuola-sant-anna\/#breadcrumb"},"inLanguage":"it-IT","potentialAction":[{"@type":"ReadAction","target":["https:\/\/www.intoscana.it\/it\/nuovo-polo-scientifico-scuola-sant-anna\/"]}]},{"@type":"ImageObject","inLanguage":"it-IT","@id":"https:\/\/www.intoscana.it\/it\/nuovo-polo-scientifico-scuola-sant-anna\/#primaryimage","url":"https:\/\/www.intoscana.it\/wp-content\/uploads\/3581-Bird-view_CAM-01_02_ANB.jpg","contentUrl":"https:\/\/www.intoscana.it\/wp-content\/uploads\/3581-Bird-view_CAM-01_02_ANB.jpg","width":1920,"height":1080,"caption":"Il progetto del nuovo Polo scientifico della Scuola Sant'Anna di Pisa"},{"@type":"BreadcrumbList","@id":"https:\/\/www.intoscana.it\/it\/nuovo-polo-scientifico-scuola-sant-anna\/#breadcrumb","itemListElement":[{"@type":"ListItem","position":1,"name":"Home","item":"https:\/\/www.intoscana.it\/it\/"},{"@type":"ListItem","position":2,"name":"A San Giuliano Terme il nuovo Polo scientifico della Scuola Sant&#8217;Anna"}]},{"@type":"WebSite","@id":"https:\/\/www.intoscana.it\/it\/#website","url":"https:\/\/www.intoscana.it\/it\/","name":"intoscana","description":"","potentialAction":[{"@type":"SearchAction","target":{"@type":"EntryPoint","urlTemplate":"https:\/\/www.intoscana.it\/it\/?s={search_term_string}"},"query-input":{"@type":"PropertyValueSpecification","valueRequired":true,"valueName":"search_term_string"}}],"inLanguage":"it-IT"},{"@type":"Person","@id":"https:\/\/www.intoscana.it\/it\/#\/schema\/person\/9223810753230f20bd670fdd322661f8","name":"Redazione","url":"https:\/\/www.intoscana.it\/it\/author\/redazione\/"}]}},"_links":{"self":[{"href":"https:\/\/www.intoscana.it\/it\/wp-json\/wp\/v2\/posts\/341139","targetHints":{"allow":["GET"]}}],"collection":[{"href":"https:\/\/www.intoscana.it\/it\/wp-json\/wp\/v2\/posts"}],"about":[{"href":"https:\/\/www.intoscana.it\/it\/wp-json\/wp\/v2\/types\/post"}],"author":[{"embeddable":true,"href":"https:\/\/www.intoscana.it\/it\/wp-json\/wp\/v2\/users\/525"}],"replies":[{"embeddable":true,"href":"https:\/\/www.intoscana.it\/it\/wp-json\/wp\/v2\/comments?post=341139"}],"version-history":[{"count":9,"href":"https:\/\/www.intoscana.it\/it\/wp-json\/wp\/v2\/posts\/341139\/revisions"}],"predecessor-version":[{"id":341344,"href":"https:\/\/www.intoscana.it\/it\/wp-json\/wp\/v2\/posts\/341139\/revisions\/341344"}],"wp:featuredmedia":[{"embeddable":true,"href":"https:\/\/www.intoscana.it\/it\/wp-json\/wp\/v2\/media\/341140"}],"wp:attachment":[{"href":"https:\/\/www.intoscana.it\/it\/wp-json\/wp\/v2\/media?parent=341139"}],"wp:term":[{"taxonomy":"category","embeddable":true,"href":"https:\/\/www.intoscana.it\/it\/wp-json\/wp\/v2\/categories?post=341139"},{"taxonomy":"post_tag","embeddable":true,"href":"https:\/\/www.intoscana.it\/it\/wp-json\/wp\/v2\/tags?post=341139"}],"curies":[{"name":"wp","href":"https:\/\/api.w.org\/{rel}","templated":true}]}}