{"id":341458,"date":"2024-05-22T11:01:42","date_gmt":"2024-05-22T09:01:42","guid":{"rendered":"https:\/\/www.intoscana.it\/it\/?p=341458"},"modified":"2024-05-22T11:01:42","modified_gmt":"2024-05-22T09:01:42","slug":"arriva-latlante-di-pinocchio-dedicato-al-burattino-piu-famoso-al-mondo","status":"publish","type":"post","link":"https:\/\/www.intoscana.it\/it\/arriva-latlante-di-pinocchio-dedicato-al-burattino-piu-famoso-al-mondo\/","title":{"rendered":"Arriva l&#8217;Atlante di Pinocchio dedicato al burattino pi\u00f9 famoso al mondo"},"content":{"rendered":"<p><mark>Un Atlante dedicato al burattino pi\u00f9 famoso al mondo<\/mark>. Un lavoro scientifico <strong>di altissimo livello<\/strong>, frutto di <strong>tre anni di studi<\/strong> e ricerche per ricostruire l&#8217;impatto di questo personaggio nelle culture globali. <strong>Pistoia<\/strong> si prepara a celebrare <strong>Pinocchio<\/strong> e il suo universo con una giornata speciale, in occasione della pubblicazione del volume destinato a lasciare una traccia profonda negli studi su <strong>Carlo Collodi<\/strong>.<\/p>\n<p>L&#8217;Atlante di Pinocchio \u00e8 <strong>edito da Treccani<\/strong> e promosso da Fondazione Caript, Fondazione Uniser, Universit\u00e0 per stranieri di Perugia e Fondazione Nazionale Carlo Collodi. Al volume hanno collaborato <strong>oltre 140 studiosi<\/strong> di tutto il mondo. L&#8217;opera verr\u00e0 presentata a Pistoia mercoled\u00ec 29 maggio alle ore 17 nel Saloncino della Musica di Palazzo de\u2019 Rossi, sede di Fondazione Caript.<\/p>\n<h3>Il burattino pi\u00f9 famoso al mondo<\/h3>\n<p>&#8220;<em>Non sar\u00e0 solo la presentazione al pubblico del volume<\/em> \u2013 sottolinea <strong>Giovanni Capecchi<\/strong>, presidente di Uniser e curatore dell&#8217;Atlante Pinocchio \u2013 <em>ma sar\u00e0 l\u2019occasione per dialogare sul tema insieme a studiosi provenienti da tutto il mondo. Persone che hanno dedicato una parte rilevante della loro vita accademica allo studio di Pinocchio e all&#8217;impronta lasciata su culture diverse. Proprio questa \u00e8 l&#8217;anima dell&#8217;Atlante: una dimostrazione ulteriore di quanto sia rilevante per la cultura globale il burattino narrato da Carlo Lorenzini&#8221;<\/em>.<\/p>\n<h3>Una tavola rotonda su Pinocchio<\/h3>\n<p>Nel pomeriggio \u00e8 prevista anche <strong>una tavola rotonda<\/strong> dal titolo \u201c<em>Il nostro Pinocchio\u201d<\/em> con prestigiosi ospiti. Sar\u00e0 presente la traduttrice e scrittrice di origini armene <strong>Antonia Arslan<\/strong>, il regista dello spettacolo teatrale Pinocchio Nero <strong>Marco Baliani<\/strong> e lo scrittore <strong>Ermanno Cavazzoni<\/strong>. L&#8217;incontro sar\u00e0 moderato da <strong>Alberto Casadei<\/strong>, docente dell&#8217;Universit\u00e0 di Pisa e membro del comitato scientifico dell&#8217;Atlante di Pinocchio.<\/p>\n<p>A parlare dell&#8217;Atlante saranno anche <strong>Carlos Rubio Torres<\/strong> dell\u2019Universit\u00e0 di Costa Rica, <strong>Dainius B\u016bre<\/strong> dell\u2019Universit\u00e0 di Vilnius e <strong>Mario Casari<\/strong>, docente di lingua e letteratura persiana dell&#8217;Universit\u00e0 La Sapienza. Parteciperanno, inoltre, il presidente della Regione Toscana, il sindaco di Pistoia, il presidente di Fondazione Caript <strong>Lorenzo Zogheri<\/strong> e il presidente di Fondazione Nazionale Carlo Collodi, <strong>Pier Francesco Bernacchi<\/strong>.<\/p>\n<h3>Lo spettacolo &#8220;Occhiacci di legno&#8221;<\/h3>\n<p>La giornata dedicata a Pinocchio proseguir\u00e0 al teatro Bolognini con lo spettacolo \u201c<em>Occhiacci di Legno, in arte Pinocchio\u201d<\/em> (inizio alle 21,15). L&#8217;opera teatrale, con musica originale di <strong>Riccardo Tesi<\/strong>, \u00e8 scritta e diretta da <strong>Giovanni Fochi<\/strong>, attore, drammaturgo e regista diplomato alla Bottega Teatrale di Vittorio Gassman. Con lui sul palco anche <strong>Barbara Enrichi e Sergio Forconi<\/strong>, che interpretano la volpe e mastro Ciliegia. Completano il cast, il giovanissimo <strong>Riccardo Mangoni<\/strong> (8 anni) che vestir\u00e0 i panni di Pinocchio e <strong>Adele Zanobetti<\/strong> (11 anni) nel ruolo della bambina dai capelli turchini.<\/p>\n","protected":false},"excerpt":{"rendered":"<p>Il volume, edito da Treccani, \u00e8 il frutto di tre anni di studi e ricerche sull&#8217;impatto del personaggio nelle culture globali. Sar\u00e0 presentato il 29 maggio a Pistoia<\/p>\n","protected":false},"author":525,"featured_media":183809,"comment_status":"open","ping_status":"open","sticky":false,"template":"","format":"standard","meta":{"_acf_changed":false,"footnotes":""},"categories":[493],"tags":[4963],"class_list":["post-341458","post","type-post","status-publish","format-standard","has-post-thumbnail","hentry","category-cultura","tag-pinocchio"],"acf":[],"yoast_head":"<!-- This site is optimized with the Yoast SEO Premium plugin v24.2 (Yoast SEO v25.6) - https:\/\/yoast.com\/wordpress\/plugins\/seo\/ -->\n<title>Arriva l&#039;Atlante di Pinocchio dedicato al burattino pi\u00f9 famoso al mondo - intoscana<\/title>\n<meta name=\"description\" content=\"Il volume, edito da Treccani, \u00e8 il frutto di tre anni di studi e ricerche: sar\u00e0 presentato il 29 maggio a Pistoia\" \/>\n<meta name=\"robots\" content=\"index, follow, max-snippet:-1, max-image-preview:large, max-video-preview:-1\" \/>\n<link rel=\"canonical\" href=\"https:\/\/www.intoscana.it\/it\/arriva-latlante-di-pinocchio-dedicato-al-burattino-piu-famoso-al-mondo\/\" \/>\n<meta property=\"og:locale\" content=\"it_IT\" \/>\n<meta property=\"og:type\" content=\"article\" \/>\n<meta property=\"og:title\" content=\"Arriva l&#039;Atlante di Pinocchio dedicato al burattino pi\u00f9 famoso al mondo\" \/>\n<meta property=\"og:description\" content=\"Il volume, edito da Treccani, \u00e8 il frutto di tre anni di studi e ricerche: sar\u00e0 presentato il 29 maggio a Pistoia\" \/>\n<meta property=\"og:url\" content=\"https:\/\/www.intoscana.it\/it\/arriva-latlante-di-pinocchio-dedicato-al-burattino-piu-famoso-al-mondo\/\" \/>\n<meta property=\"og:site_name\" content=\"intoscana\" \/>\n<meta property=\"article:publisher\" content=\"https:\/\/www.facebook.com\/intoscana.it\" \/>\n<meta property=\"article:published_time\" content=\"2024-05-22T09:01:42+00:00\" \/>\n<meta property=\"og:image\" content=\"https:\/\/www.intoscana.it\/wp-content\/uploads\/Parco-Collodi-e1658158568104.jpg\" \/>\n\t<meta property=\"og:image:width\" content=\"566\" \/>\n\t<meta property=\"og:image:height\" content=\"445\" \/>\n\t<meta property=\"og:image:type\" content=\"image\/jpeg\" \/>\n<meta name=\"author\" content=\"Redazione\" \/>\n<meta name=\"twitter:card\" content=\"summary_large_image\" \/>\n<meta name=\"twitter:creator\" content=\"@intoscana\" \/>\n<meta name=\"twitter:site\" content=\"@intoscana\" \/>\n<meta name=\"twitter:label1\" content=\"Written by\" \/>\n\t<meta name=\"twitter:data1\" content=\"Redazione\" \/>\n\t<meta name=\"twitter:label2\" content=\"Est. reading time\" \/>\n\t<meta name=\"twitter:data2\" content=\"3 minuti\" \/>\n<script type=\"application\/ld+json\" class=\"yoast-schema-graph\">{\"@context\":\"https:\/\/schema.org\",\"@graph\":[{\"@type\":\"WebPage\",\"@id\":\"https:\/\/www.intoscana.it\/it\/arriva-latlante-di-pinocchio-dedicato-al-burattino-piu-famoso-al-mondo\/\",\"url\":\"https:\/\/www.intoscana.it\/it\/arriva-latlante-di-pinocchio-dedicato-al-burattino-piu-famoso-al-mondo\/\",\"name\":\"Arriva l'Atlante di Pinocchio dedicato al burattino pi\u00f9 famoso al mondo - intoscana\",\"isPartOf\":{\"@id\":\"https:\/\/www.intoscana.it\/it\/#website\"},\"primaryImageOfPage\":{\"@id\":\"https:\/\/www.intoscana.it\/it\/arriva-latlante-di-pinocchio-dedicato-al-burattino-piu-famoso-al-mondo\/#primaryimage\"},\"image\":{\"@id\":\"https:\/\/www.intoscana.it\/it\/arriva-latlante-di-pinocchio-dedicato-al-burattino-piu-famoso-al-mondo\/#primaryimage\"},\"thumbnailUrl\":\"https:\/\/www.intoscana.it\/wp-content\/uploads\/Parco-Collodi-e1658158568104.jpg\",\"datePublished\":\"2024-05-22T09:01:42+00:00\",\"author\":{\"@id\":\"https:\/\/www.intoscana.it\/it\/#\/schema\/person\/9223810753230f20bd670fdd322661f8\"},\"description\":\"Il volume, edito da Treccani, \u00e8 il frutto di tre anni di studi e ricerche: sar\u00e0 presentato il 29 maggio a Pistoia\",\"breadcrumb\":{\"@id\":\"https:\/\/www.intoscana.it\/it\/arriva-latlante-di-pinocchio-dedicato-al-burattino-piu-famoso-al-mondo\/#breadcrumb\"},\"inLanguage\":\"it-IT\",\"potentialAction\":[{\"@type\":\"ReadAction\",\"target\":[\"https:\/\/www.intoscana.it\/it\/arriva-latlante-di-pinocchio-dedicato-al-burattino-piu-famoso-al-mondo\/\"]}]},{\"@type\":\"ImageObject\",\"inLanguage\":\"it-IT\",\"@id\":\"https:\/\/www.intoscana.it\/it\/arriva-latlante-di-pinocchio-dedicato-al-burattino-piu-famoso-al-mondo\/#primaryimage\",\"url\":\"https:\/\/www.intoscana.it\/wp-content\/uploads\/Parco-Collodi-e1658158568104.jpg\",\"contentUrl\":\"https:\/\/www.intoscana.it\/wp-content\/uploads\/Parco-Collodi-e1658158568104.jpg\",\"width\":566,\"height\":445,\"caption\":\"Parco di Pinocchio a Collodi\"},{\"@type\":\"BreadcrumbList\",\"@id\":\"https:\/\/www.intoscana.it\/it\/arriva-latlante-di-pinocchio-dedicato-al-burattino-piu-famoso-al-mondo\/#breadcrumb\",\"itemListElement\":[{\"@type\":\"ListItem\",\"position\":1,\"name\":\"Home\",\"item\":\"https:\/\/www.intoscana.it\/it\/\"},{\"@type\":\"ListItem\",\"position\":2,\"name\":\"Arriva l&#8217;Atlante di Pinocchio dedicato al burattino pi\u00f9 famoso al mondo\"}]},{\"@type\":\"WebSite\",\"@id\":\"https:\/\/www.intoscana.it\/it\/#website\",\"url\":\"https:\/\/www.intoscana.it\/it\/\",\"name\":\"intoscana\",\"description\":\"\",\"potentialAction\":[{\"@type\":\"SearchAction\",\"target\":{\"@type\":\"EntryPoint\",\"urlTemplate\":\"https:\/\/www.intoscana.it\/it\/?s={search_term_string}\"},\"query-input\":{\"@type\":\"PropertyValueSpecification\",\"valueRequired\":true,\"valueName\":\"search_term_string\"}}],\"inLanguage\":\"it-IT\"},{\"@type\":\"Person\",\"@id\":\"https:\/\/www.intoscana.it\/it\/#\/schema\/person\/9223810753230f20bd670fdd322661f8\",\"name\":\"Redazione\",\"url\":\"https:\/\/www.intoscana.it\/it\/author\/redazione\/\"}]}<\/script>\n<!-- \/ Yoast SEO Premium plugin. -->","yoast_head_json":{"title":"Arriva l'Atlante di Pinocchio dedicato al burattino pi\u00f9 famoso al mondo - intoscana","description":"Il volume, edito da Treccani, \u00e8 il frutto di tre anni di studi e ricerche: sar\u00e0 presentato il 29 maggio a Pistoia","robots":{"index":"index","follow":"follow","max-snippet":"max-snippet:-1","max-image-preview":"max-image-preview:large","max-video-preview":"max-video-preview:-1"},"canonical":"https:\/\/www.intoscana.it\/it\/arriva-latlante-di-pinocchio-dedicato-al-burattino-piu-famoso-al-mondo\/","og_locale":"it_IT","og_type":"article","og_title":"Arriva l'Atlante di Pinocchio dedicato al burattino pi\u00f9 famoso al mondo","og_description":"Il volume, edito da Treccani, \u00e8 il frutto di tre anni di studi e ricerche: sar\u00e0 presentato il 29 maggio a Pistoia","og_url":"https:\/\/www.intoscana.it\/it\/arriva-latlante-di-pinocchio-dedicato-al-burattino-piu-famoso-al-mondo\/","og_site_name":"intoscana","article_publisher":"https:\/\/www.facebook.com\/intoscana.it","article_published_time":"2024-05-22T09:01:42+00:00","og_image":[{"width":566,"height":445,"url":"https:\/\/www.intoscana.it\/wp-content\/uploads\/Parco-Collodi-e1658158568104.jpg","type":"image\/jpeg"}],"author":"Redazione","twitter_card":"summary_large_image","twitter_creator":"@intoscana","twitter_site":"@intoscana","twitter_misc":{"Written by":"Redazione","Est. reading time":"3 minuti"},"schema":{"@context":"https:\/\/schema.org","@graph":[{"@type":"WebPage","@id":"https:\/\/www.intoscana.it\/it\/arriva-latlante-di-pinocchio-dedicato-al-burattino-piu-famoso-al-mondo\/","url":"https:\/\/www.intoscana.it\/it\/arriva-latlante-di-pinocchio-dedicato-al-burattino-piu-famoso-al-mondo\/","name":"Arriva l'Atlante di Pinocchio dedicato al burattino pi\u00f9 famoso al mondo - intoscana","isPartOf":{"@id":"https:\/\/www.intoscana.it\/it\/#website"},"primaryImageOfPage":{"@id":"https:\/\/www.intoscana.it\/it\/arriva-latlante-di-pinocchio-dedicato-al-burattino-piu-famoso-al-mondo\/#primaryimage"},"image":{"@id":"https:\/\/www.intoscana.it\/it\/arriva-latlante-di-pinocchio-dedicato-al-burattino-piu-famoso-al-mondo\/#primaryimage"},"thumbnailUrl":"https:\/\/www.intoscana.it\/wp-content\/uploads\/Parco-Collodi-e1658158568104.jpg","datePublished":"2024-05-22T09:01:42+00:00","author":{"@id":"https:\/\/www.intoscana.it\/it\/#\/schema\/person\/9223810753230f20bd670fdd322661f8"},"description":"Il volume, edito da Treccani, \u00e8 il frutto di tre anni di studi e ricerche: sar\u00e0 presentato il 29 maggio a Pistoia","breadcrumb":{"@id":"https:\/\/www.intoscana.it\/it\/arriva-latlante-di-pinocchio-dedicato-al-burattino-piu-famoso-al-mondo\/#breadcrumb"},"inLanguage":"it-IT","potentialAction":[{"@type":"ReadAction","target":["https:\/\/www.intoscana.it\/it\/arriva-latlante-di-pinocchio-dedicato-al-burattino-piu-famoso-al-mondo\/"]}]},{"@type":"ImageObject","inLanguage":"it-IT","@id":"https:\/\/www.intoscana.it\/it\/arriva-latlante-di-pinocchio-dedicato-al-burattino-piu-famoso-al-mondo\/#primaryimage","url":"https:\/\/www.intoscana.it\/wp-content\/uploads\/Parco-Collodi-e1658158568104.jpg","contentUrl":"https:\/\/www.intoscana.it\/wp-content\/uploads\/Parco-Collodi-e1658158568104.jpg","width":566,"height":445,"caption":"Parco di Pinocchio a Collodi"},{"@type":"BreadcrumbList","@id":"https:\/\/www.intoscana.it\/it\/arriva-latlante-di-pinocchio-dedicato-al-burattino-piu-famoso-al-mondo\/#breadcrumb","itemListElement":[{"@type":"ListItem","position":1,"name":"Home","item":"https:\/\/www.intoscana.it\/it\/"},{"@type":"ListItem","position":2,"name":"Arriva l&#8217;Atlante di Pinocchio dedicato al burattino pi\u00f9 famoso al mondo"}]},{"@type":"WebSite","@id":"https:\/\/www.intoscana.it\/it\/#website","url":"https:\/\/www.intoscana.it\/it\/","name":"intoscana","description":"","potentialAction":[{"@type":"SearchAction","target":{"@type":"EntryPoint","urlTemplate":"https:\/\/www.intoscana.it\/it\/?s={search_term_string}"},"query-input":{"@type":"PropertyValueSpecification","valueRequired":true,"valueName":"search_term_string"}}],"inLanguage":"it-IT"},{"@type":"Person","@id":"https:\/\/www.intoscana.it\/it\/#\/schema\/person\/9223810753230f20bd670fdd322661f8","name":"Redazione","url":"https:\/\/www.intoscana.it\/it\/author\/redazione\/"}]}},"_links":{"self":[{"href":"https:\/\/www.intoscana.it\/it\/wp-json\/wp\/v2\/posts\/341458","targetHints":{"allow":["GET"]}}],"collection":[{"href":"https:\/\/www.intoscana.it\/it\/wp-json\/wp\/v2\/posts"}],"about":[{"href":"https:\/\/www.intoscana.it\/it\/wp-json\/wp\/v2\/types\/post"}],"author":[{"embeddable":true,"href":"https:\/\/www.intoscana.it\/it\/wp-json\/wp\/v2\/users\/525"}],"replies":[{"embeddable":true,"href":"https:\/\/www.intoscana.it\/it\/wp-json\/wp\/v2\/comments?post=341458"}],"version-history":[{"count":5,"href":"https:\/\/www.intoscana.it\/it\/wp-json\/wp\/v2\/posts\/341458\/revisions"}],"predecessor-version":[{"id":341486,"href":"https:\/\/www.intoscana.it\/it\/wp-json\/wp\/v2\/posts\/341458\/revisions\/341486"}],"wp:featuredmedia":[{"embeddable":true,"href":"https:\/\/www.intoscana.it\/it\/wp-json\/wp\/v2\/media\/183809"}],"wp:attachment":[{"href":"https:\/\/www.intoscana.it\/it\/wp-json\/wp\/v2\/media?parent=341458"}],"wp:term":[{"taxonomy":"category","embeddable":true,"href":"https:\/\/www.intoscana.it\/it\/wp-json\/wp\/v2\/categories?post=341458"},{"taxonomy":"post_tag","embeddable":true,"href":"https:\/\/www.intoscana.it\/it\/wp-json\/wp\/v2\/tags?post=341458"}],"curies":[{"name":"wp","href":"https:\/\/api.w.org\/{rel}","templated":true}]}}