{"id":341528,"date":"2024-05-22T12:33:42","date_gmt":"2024-05-22T10:33:42","guid":{"rendered":"https:\/\/www.intoscana.it\/it\/?p=341528"},"modified":"2024-05-22T14:31:06","modified_gmt":"2024-05-22T12:31:06","slug":"al-teatro-politeama-di-poggibonsi-arriva-il-connetto-festival-in-concerto-nico-gori-sabina-sciubba-ferruccio-spinetti","status":"publish","type":"post","link":"https:\/\/www.intoscana.it\/it\/al-teatro-politeama-di-poggibonsi-arriva-il-connetto-festival-in-concerto-nico-gori-sabina-sciubba-ferruccio-spinetti\/","title":{"rendered":"Al Teatro Politeama di Poggibonsi arriva il &#8220;Connetto Festival&#8221;, in concerto: Nico Gori, Sabina Sciubba, Ferruccio Spinetti"},"content":{"rendered":"<p><strong>Dal 22 al 25 maggio <\/strong>al <strong>Teatro Politeama di Poggibonsi<\/strong> torna il <strong><em>&#8220;Connetto Festival&#8221;<\/em> <\/strong>che presenta un ricco programma di <strong>concerti, prove aperte, presentazioni, mostre, produzioni originali<\/strong> e tanto spazio ai <strong>giovani talenti,<\/strong> in una sorta di <strong>grande residenza artistica<\/strong> dedicata alla multisciplinariet\u00e0.<\/p>\n<p><strong>Ferruccio Spinetti<\/strong> con il suo progetto dedicato a Morricone con il pianista <strong>Giovanni Ceccarelli,<\/strong> la intrigante performance della cantante <strong>Sabrina Sciubba<\/strong> (ex Brazilian Girls), il concerto-workshop con <strong>Francesco Diodati<\/strong> sono alcuni degli eventi che caratterizzano la seconda edizione.<\/p>\n<p>Il festival aperto ad ogni forma di <strong>contaminazione, di arricchimento artistico e connessioni<\/strong> tra diversi universi, si pone l\u2019obiettivo di<strong> creare interazione tra soggetti e strutture<\/strong> che lavorano in Toscana e sul territorio di Poggibonsi con artisti che sono punti di riferimento per la creativit\u00e0 e la musica.<\/p>\n<h3>Il programma dei concerti<\/h3>\n<p><strong>Mercoled\u00ec 22 maggio \u201cMore Morricone\u201d<\/strong><\/p>\n<p>Il progetto <strong><em>&#8220;More Morricone&#8221;<\/em> <\/strong>nasce da una proposta del produttore discografico <strong>Pierre Darmon<\/strong> dell\u2019etichetta francese Bonsa\u00ef Music, con la quale<strong> Giovanni Ceccarelli e Ferruccio Spinetti<\/strong> collaborano da molti anni. Questo lavoro discografico, registrato nell&#8217;autunno del 2019, <strong>rende omaggio all\u2019arte del grande compositore Ennio Morricone<\/strong> recentemente scomparso, focalizzando sulla sua opera musicale dedicata al cinema. Giovanni e Ferruccio hanno per l\u2019occasione selezionato musiche molto conosciute al grande pubblico, come quelle composte per i film<strong><em> &#8220;Nuovo Cinema Paradiso&#8221;, &#8220;C\u2019era Una Volta In America&#8221;<\/em><\/strong> e per la serie televisiva <strong><em>&#8220;La Piovra&#8221;<\/em><\/strong>\u00a0 e brani tratti da opere cinematografiche meno note. L\u2019attento lavoro di arrangiamento operato sulla musica di Morricone mira a presentare le sue composizioni nella loro forma pi\u00f9 essenziale, anche avvalendosi del prezioso contributo della <strong>cantante belga Chrystel Wautier<\/strong> o della vocalist <strong>Cristina Renzetti.\u00a0<\/strong><\/p>\n<p><strong>Gioved\u00ec 23 maggio 2024 \u00a0Sabina Sciubba<\/strong><\/p>\n<p><strong>Sabina Sciubba \u00e8 una cantante, attrice e polistrumentista italiana.<\/strong> Ottiene il suo primo grande successo con il suo gruppo di musica elettronica, le <strong>Brazilian Girls,<\/strong> con cui va in tourn\u00e9e in tutto il mondo, registrando quattro album con Verve Records, ricevendo anche una nomination per un <strong>Grammy Award.<\/strong> Il gruppo si separa nel 2018. Dal 2016 al 2019 Sabina avvia la sua carriera da attrice, recitando nella serie tv americana <strong><em>\u201cBaskets\u201d,<\/em><\/strong> al fianco di Zack Galifianakis. Sabina ha registrato tre album da solista, incluso il pi\u00f9 recente, <strong><em>Sleeping Dragon,<\/em> <\/strong>pubblicato nel 2023, con protagonisti nomi di rilievo come Dhani Harrison, Albin de la Simone e Jason Lindner. Capace di comporre e cantare in 6 lingue, grazie al suo timbro \u00e8 stata soprannominata<strong><em>\u201cLa Dietrich dei nostri giorni\u201d<\/em><\/strong> (Rebecca Ostriker, Boston Globe)<\/p>\n<p>In apertura alle 18:30 si terr\u00e0 l\u2019inaugurazione della <strong>mostra delle opere di Elide Canestri e R N Z.<\/strong> <strong>R N Z<\/strong> \u00e8 un illustratore e <strong>Street Artist Fiorentino<\/strong> specializzato nella Stencil Art. Il suo stile grafico \u00e8 caratterizzato da una ricca e complessa rete di dettagli e spesso, nelle sue opere, inserisce elementi tridimensionali o cerca l&#8217;interazione con lo spettatore. Resident Artist di ARTiglieria espone una personale permanente negli spazi del<strong> 1001 di Colle Val D&#8217;Elsa.<br \/>\n<\/strong><br \/>\n<strong>Elide Canestri<\/strong> nasce a Poggibonsi il 1 novembre 2001, sin da piccola si avvicina al mondo dell&#8217;arte e della pittura grazie a suo padre e negli anni continua gli studi da autodidatta. All&#8217;et\u00e0 di 14 anni espone i suoi primi lavori, ben accolta in una collettiva di pittori adulti e gi\u00e0 consolidati. Accresce la tecnica pittorica seguendo corsi di pittura e con naturale curiosit\u00e0 sperimenta e rivisita le tecniche delle avanguardie storiche ( dripping, gestuale, disegno automatico). Un suo lavoro diventa la copertina dell&#8217;album<strong><em> &#8220;Storia di un femminiello&#8221;.<\/em><\/strong><\/p>\n<figure id=\"post-341453 media-341453\" class=\"align-none\"><img decoding=\"async\" src=\"https:\/\/www.intoscana.it\/wp-content\/uploads\/francesco-diodati-1.jpeg\" alt=\"\" \/><\/figure>\n<div class=\"titleimg\">Francesco Diodati<\/div>\n<p><strong>Venerd\u00ec 24 maggio 2024 Francesco Diodati<br \/>\n<\/strong><br \/>\n<strong>Francesco Diodati,<\/strong> chitarrista e compositore, presenter\u00e0 il lavoro <strong><em>&#8220;Connecting Sounds&#8221;,<\/em><\/strong> un concerto frutto del lavoro di giovani musicisti da lui diretti durante i giorni di Connetto. <strong>Il laboratorio si svolger\u00e0 tra il 23 e il 24 maggio<\/strong> e si occuper\u00e0 di esplorare i principali elementi della musica (ritmo, melodia, armonia, timbro) attraverso l\u2019uso della voce e del corpo o di piccoli strumenti percussivi, oltre che degli strumenti dei singoli partecipanti. L\u2019attenzione primaria sar\u00e0 dedicata al rapporto fra improvvisazione e composizione attraverso l\u2019approfondimento di tecniche di scrittura aperta. <strong>Il corso \u00e8 articolato in 12 ore<\/strong> (6 ore al giorno divise in 2 tranche da 3 ore ciascuna ogni giorno) pi\u00f9 esibizione finale ed \u00e8 aperto ad ogni musicista e ogni strumento. Per info e iscrizioni scrivere a <strong>connettomusic@gmail.com<\/strong> o chiamare il 3331899901, costo iscrizione 25\u20ac<\/p>\n<p><strong>Sabato 25 Maggio, Bottega Roots &#8211; Colle Val d\u2019Elsa<\/strong><br \/>\n<strong>Nico Gori \u00a0e i Young Lions&#8221;\u00a0<\/strong><\/p>\n<p><strong>Il quartetto di Nico Gori<\/strong> esegue brani della tradizione jazzistica americana alternati a composizioni originali del leader: tuttavia non mancano incursioni nel mondo sudamericano con esecuzione di brani della tradizione brasiliana, dallo choro alla bossa nova. Il tutto condito da<strong> un sound molto ricercato<\/strong> e ben arrangiato dal <strong>quartetto dei \u201cgiovani leoni\u201d,<\/strong> le cui caratteristiche principali sono l\u2019energia e il grande interplay tra i musicisti che lo compongono.<\/p>\n<p><strong>Nico Gori, classe 1975<\/strong>, \u00e8 annoverato come<strong> uno dei migliori clarinettisti della sua generazione<\/strong>: nella sua carriera, grazie al suo timbro e alla sua capacit\u00e0 di attraversare pi\u00f9 generi, ha collezionato collaborazioni con artisti del calibro di <strong>Stefano Bollani, Ares Tavolazzi, Fabio Concato, Gino Paoli<\/strong> e tanti altri.<\/p>\n<figure id=\"post-341455 media-341455\" class=\"align-none\"><img decoding=\"async\" src=\"https:\/\/www.intoscana.it\/wp-content\/uploads\/Sabina-Sciubba-1.jpeg\" alt=\"\" \/><\/figure>\n<div class=\"titleimg\">Sabina Sciubba<\/div>\n<p>&nbsp;<\/p>\n","protected":false},"excerpt":{"rendered":"<p>Dal 22 al 25 maggio un ricco programma di concerti, prove aperte, presentazioni, mostre, produzioni originali e tanto spazio ai giovani talenti, in una sorta di grande residenza artistica dedicata alla multisciplinariet\u00e0<\/p>\n","protected":false},"author":525,"featured_media":341454,"comment_status":"open","ping_status":"open","sticky":false,"template":"","format":"standard","meta":{"_acf_changed":false,"footnotes":""},"categories":[14],"tags":[216,228,6035],"class_list":["post-341528","post","type-post","status-publish","format-standard","has-post-thumbnail","hentry","category-musica","tag-concerti","tag-festival","tag-poggibonsi"],"acf":[],"yoast_head":"<!-- This site is optimized with the Yoast SEO Premium plugin v24.2 (Yoast SEO v25.6) - https:\/\/yoast.com\/wordpress\/plugins\/seo\/ -->\n<title>Al Teatro Politeama di Poggibonsi arriva il &quot;Connetto Festival&quot;, in concerto: Nico Gori, Sabina Sciubba, Ferruccio Spinetti - intoscana<\/title>\n<meta name=\"description\" content=\"Dal 22 al 25 maggio un ricco programma di concerti, prove aperte, presentazioni, mostre, produzioni originali e tanto spazio ai giovani\" \/>\n<meta name=\"robots\" content=\"index, follow, max-snippet:-1, max-image-preview:large, max-video-preview:-1\" \/>\n<link rel=\"canonical\" href=\"https:\/\/www.intoscana.it\/it\/al-teatro-politeama-di-poggibonsi-arriva-il-connetto-festival-in-concerto-nico-gori-sabina-sciubba-ferruccio-spinetti\/\" \/>\n<meta property=\"og:locale\" content=\"it_IT\" \/>\n<meta property=\"og:type\" content=\"article\" \/>\n<meta property=\"og:title\" content=\"Al Teatro Politeama di Poggibonsi arriva il &quot;Connetto Festival&quot;, in concerto: Nico Gori, Sabina Sciubba, Ferruccio Spinetti\" \/>\n<meta property=\"og:description\" content=\"Dal 22 al 25 maggio un ricco programma di concerti, prove aperte, presentazioni, mostre, produzioni originali e tanto spazio ai giovani\" \/>\n<meta property=\"og:url\" content=\"https:\/\/www.intoscana.it\/it\/al-teatro-politeama-di-poggibonsi-arriva-il-connetto-festival-in-concerto-nico-gori-sabina-sciubba-ferruccio-spinetti\/\" \/>\n<meta property=\"og:site_name\" content=\"intoscana\" \/>\n<meta property=\"article:publisher\" content=\"https:\/\/www.facebook.com\/intoscana.it\" \/>\n<meta property=\"article:published_time\" content=\"2024-05-22T10:33:42+00:00\" \/>\n<meta property=\"article:modified_time\" content=\"2024-05-22T12:31:06+00:00\" \/>\n<meta property=\"og:image\" content=\"https:\/\/www.intoscana.it\/wp-content\/uploads\/MORE-MORRICONE-1.jpg\" \/>\n\t<meta property=\"og:image:width\" content=\"2044\" \/>\n\t<meta property=\"og:image:height\" content=\"1180\" \/>\n\t<meta property=\"og:image:type\" content=\"image\/jpeg\" \/>\n<meta name=\"author\" content=\"Redazione\" \/>\n<meta name=\"twitter:card\" content=\"summary_large_image\" \/>\n<meta name=\"twitter:creator\" content=\"@intoscana\" \/>\n<meta name=\"twitter:site\" content=\"@intoscana\" \/>\n<meta name=\"twitter:label1\" content=\"Written by\" \/>\n\t<meta name=\"twitter:data1\" content=\"Redazione\" \/>\n\t<meta name=\"twitter:label2\" content=\"Est. reading time\" \/>\n\t<meta name=\"twitter:data2\" content=\"6 minuti\" \/>\n<script type=\"application\/ld+json\" class=\"yoast-schema-graph\">{\"@context\":\"https:\/\/schema.org\",\"@graph\":[{\"@type\":\"WebPage\",\"@id\":\"https:\/\/www.intoscana.it\/it\/al-teatro-politeama-di-poggibonsi-arriva-il-connetto-festival-in-concerto-nico-gori-sabina-sciubba-ferruccio-spinetti\/\",\"url\":\"https:\/\/www.intoscana.it\/it\/al-teatro-politeama-di-poggibonsi-arriva-il-connetto-festival-in-concerto-nico-gori-sabina-sciubba-ferruccio-spinetti\/\",\"name\":\"Al Teatro Politeama di Poggibonsi arriva il \\\"Connetto Festival\\\", in concerto: Nico Gori, Sabina Sciubba, Ferruccio Spinetti - intoscana\",\"isPartOf\":{\"@id\":\"https:\/\/www.intoscana.it\/it\/#website\"},\"primaryImageOfPage\":{\"@id\":\"https:\/\/www.intoscana.it\/it\/al-teatro-politeama-di-poggibonsi-arriva-il-connetto-festival-in-concerto-nico-gori-sabina-sciubba-ferruccio-spinetti\/#primaryimage\"},\"image\":{\"@id\":\"https:\/\/www.intoscana.it\/it\/al-teatro-politeama-di-poggibonsi-arriva-il-connetto-festival-in-concerto-nico-gori-sabina-sciubba-ferruccio-spinetti\/#primaryimage\"},\"thumbnailUrl\":\"https:\/\/www.intoscana.it\/wp-content\/uploads\/MORE-MORRICONE-1.jpg\",\"datePublished\":\"2024-05-22T10:33:42+00:00\",\"dateModified\":\"2024-05-22T12:31:06+00:00\",\"author\":{\"@id\":\"https:\/\/www.intoscana.it\/it\/#\/schema\/person\/9223810753230f20bd670fdd322661f8\"},\"description\":\"Dal 22 al 25 maggio un ricco programma di concerti, prove aperte, presentazioni, mostre, produzioni originali e tanto spazio ai giovani\",\"breadcrumb\":{\"@id\":\"https:\/\/www.intoscana.it\/it\/al-teatro-politeama-di-poggibonsi-arriva-il-connetto-festival-in-concerto-nico-gori-sabina-sciubba-ferruccio-spinetti\/#breadcrumb\"},\"inLanguage\":\"it-IT\",\"potentialAction\":[{\"@type\":\"ReadAction\",\"target\":[\"https:\/\/www.intoscana.it\/it\/al-teatro-politeama-di-poggibonsi-arriva-il-connetto-festival-in-concerto-nico-gori-sabina-sciubba-ferruccio-spinetti\/\"]}]},{\"@type\":\"ImageObject\",\"inLanguage\":\"it-IT\",\"@id\":\"https:\/\/www.intoscana.it\/it\/al-teatro-politeama-di-poggibonsi-arriva-il-connetto-festival-in-concerto-nico-gori-sabina-sciubba-ferruccio-spinetti\/#primaryimage\",\"url\":\"https:\/\/www.intoscana.it\/wp-content\/uploads\/MORE-MORRICONE-1.jpg\",\"contentUrl\":\"https:\/\/www.intoscana.it\/wp-content\/uploads\/MORE-MORRICONE-1.jpg\",\"width\":2044,\"height\":1180},{\"@type\":\"BreadcrumbList\",\"@id\":\"https:\/\/www.intoscana.it\/it\/al-teatro-politeama-di-poggibonsi-arriva-il-connetto-festival-in-concerto-nico-gori-sabina-sciubba-ferruccio-spinetti\/#breadcrumb\",\"itemListElement\":[{\"@type\":\"ListItem\",\"position\":1,\"name\":\"Home\",\"item\":\"https:\/\/www.intoscana.it\/it\/\"},{\"@type\":\"ListItem\",\"position\":2,\"name\":\"Al Teatro Politeama di Poggibonsi arriva il &#8220;Connetto Festival&#8221;, in concerto: Nico Gori, Sabina Sciubba, Ferruccio Spinetti\"}]},{\"@type\":\"WebSite\",\"@id\":\"https:\/\/www.intoscana.it\/it\/#website\",\"url\":\"https:\/\/www.intoscana.it\/it\/\",\"name\":\"intoscana\",\"description\":\"\",\"potentialAction\":[{\"@type\":\"SearchAction\",\"target\":{\"@type\":\"EntryPoint\",\"urlTemplate\":\"https:\/\/www.intoscana.it\/it\/?s={search_term_string}\"},\"query-input\":{\"@type\":\"PropertyValueSpecification\",\"valueRequired\":true,\"valueName\":\"search_term_string\"}}],\"inLanguage\":\"it-IT\"},{\"@type\":\"Person\",\"@id\":\"https:\/\/www.intoscana.it\/it\/#\/schema\/person\/9223810753230f20bd670fdd322661f8\",\"name\":\"Redazione\",\"url\":\"https:\/\/www.intoscana.it\/it\/author\/redazione\/\"}]}<\/script>\n<!-- \/ Yoast SEO Premium plugin. -->","yoast_head_json":{"title":"Al Teatro Politeama di Poggibonsi arriva il \"Connetto Festival\", in concerto: Nico Gori, Sabina Sciubba, Ferruccio Spinetti - intoscana","description":"Dal 22 al 25 maggio un ricco programma di concerti, prove aperte, presentazioni, mostre, produzioni originali e tanto spazio ai giovani","robots":{"index":"index","follow":"follow","max-snippet":"max-snippet:-1","max-image-preview":"max-image-preview:large","max-video-preview":"max-video-preview:-1"},"canonical":"https:\/\/www.intoscana.it\/it\/al-teatro-politeama-di-poggibonsi-arriva-il-connetto-festival-in-concerto-nico-gori-sabina-sciubba-ferruccio-spinetti\/","og_locale":"it_IT","og_type":"article","og_title":"Al Teatro Politeama di Poggibonsi arriva il \"Connetto Festival\", in concerto: Nico Gori, Sabina Sciubba, Ferruccio Spinetti","og_description":"Dal 22 al 25 maggio un ricco programma di concerti, prove aperte, presentazioni, mostre, produzioni originali e tanto spazio ai giovani","og_url":"https:\/\/www.intoscana.it\/it\/al-teatro-politeama-di-poggibonsi-arriva-il-connetto-festival-in-concerto-nico-gori-sabina-sciubba-ferruccio-spinetti\/","og_site_name":"intoscana","article_publisher":"https:\/\/www.facebook.com\/intoscana.it","article_published_time":"2024-05-22T10:33:42+00:00","article_modified_time":"2024-05-22T12:31:06+00:00","og_image":[{"width":2044,"height":1180,"url":"https:\/\/www.intoscana.it\/wp-content\/uploads\/MORE-MORRICONE-1.jpg","type":"image\/jpeg"}],"author":"Redazione","twitter_card":"summary_large_image","twitter_creator":"@intoscana","twitter_site":"@intoscana","twitter_misc":{"Written by":"Redazione","Est. reading time":"6 minuti"},"schema":{"@context":"https:\/\/schema.org","@graph":[{"@type":"WebPage","@id":"https:\/\/www.intoscana.it\/it\/al-teatro-politeama-di-poggibonsi-arriva-il-connetto-festival-in-concerto-nico-gori-sabina-sciubba-ferruccio-spinetti\/","url":"https:\/\/www.intoscana.it\/it\/al-teatro-politeama-di-poggibonsi-arriva-il-connetto-festival-in-concerto-nico-gori-sabina-sciubba-ferruccio-spinetti\/","name":"Al Teatro Politeama di Poggibonsi arriva il \"Connetto Festival\", in concerto: Nico Gori, Sabina Sciubba, Ferruccio Spinetti - intoscana","isPartOf":{"@id":"https:\/\/www.intoscana.it\/it\/#website"},"primaryImageOfPage":{"@id":"https:\/\/www.intoscana.it\/it\/al-teatro-politeama-di-poggibonsi-arriva-il-connetto-festival-in-concerto-nico-gori-sabina-sciubba-ferruccio-spinetti\/#primaryimage"},"image":{"@id":"https:\/\/www.intoscana.it\/it\/al-teatro-politeama-di-poggibonsi-arriva-il-connetto-festival-in-concerto-nico-gori-sabina-sciubba-ferruccio-spinetti\/#primaryimage"},"thumbnailUrl":"https:\/\/www.intoscana.it\/wp-content\/uploads\/MORE-MORRICONE-1.jpg","datePublished":"2024-05-22T10:33:42+00:00","dateModified":"2024-05-22T12:31:06+00:00","author":{"@id":"https:\/\/www.intoscana.it\/it\/#\/schema\/person\/9223810753230f20bd670fdd322661f8"},"description":"Dal 22 al 25 maggio un ricco programma di concerti, prove aperte, presentazioni, mostre, produzioni originali e tanto spazio ai giovani","breadcrumb":{"@id":"https:\/\/www.intoscana.it\/it\/al-teatro-politeama-di-poggibonsi-arriva-il-connetto-festival-in-concerto-nico-gori-sabina-sciubba-ferruccio-spinetti\/#breadcrumb"},"inLanguage":"it-IT","potentialAction":[{"@type":"ReadAction","target":["https:\/\/www.intoscana.it\/it\/al-teatro-politeama-di-poggibonsi-arriva-il-connetto-festival-in-concerto-nico-gori-sabina-sciubba-ferruccio-spinetti\/"]}]},{"@type":"ImageObject","inLanguage":"it-IT","@id":"https:\/\/www.intoscana.it\/it\/al-teatro-politeama-di-poggibonsi-arriva-il-connetto-festival-in-concerto-nico-gori-sabina-sciubba-ferruccio-spinetti\/#primaryimage","url":"https:\/\/www.intoscana.it\/wp-content\/uploads\/MORE-MORRICONE-1.jpg","contentUrl":"https:\/\/www.intoscana.it\/wp-content\/uploads\/MORE-MORRICONE-1.jpg","width":2044,"height":1180},{"@type":"BreadcrumbList","@id":"https:\/\/www.intoscana.it\/it\/al-teatro-politeama-di-poggibonsi-arriva-il-connetto-festival-in-concerto-nico-gori-sabina-sciubba-ferruccio-spinetti\/#breadcrumb","itemListElement":[{"@type":"ListItem","position":1,"name":"Home","item":"https:\/\/www.intoscana.it\/it\/"},{"@type":"ListItem","position":2,"name":"Al Teatro Politeama di Poggibonsi arriva il &#8220;Connetto Festival&#8221;, in concerto: Nico Gori, Sabina Sciubba, Ferruccio Spinetti"}]},{"@type":"WebSite","@id":"https:\/\/www.intoscana.it\/it\/#website","url":"https:\/\/www.intoscana.it\/it\/","name":"intoscana","description":"","potentialAction":[{"@type":"SearchAction","target":{"@type":"EntryPoint","urlTemplate":"https:\/\/www.intoscana.it\/it\/?s={search_term_string}"},"query-input":{"@type":"PropertyValueSpecification","valueRequired":true,"valueName":"search_term_string"}}],"inLanguage":"it-IT"},{"@type":"Person","@id":"https:\/\/www.intoscana.it\/it\/#\/schema\/person\/9223810753230f20bd670fdd322661f8","name":"Redazione","url":"https:\/\/www.intoscana.it\/it\/author\/redazione\/"}]}},"_links":{"self":[{"href":"https:\/\/www.intoscana.it\/it\/wp-json\/wp\/v2\/posts\/341528","targetHints":{"allow":["GET"]}}],"collection":[{"href":"https:\/\/www.intoscana.it\/it\/wp-json\/wp\/v2\/posts"}],"about":[{"href":"https:\/\/www.intoscana.it\/it\/wp-json\/wp\/v2\/types\/post"}],"author":[{"embeddable":true,"href":"https:\/\/www.intoscana.it\/it\/wp-json\/wp\/v2\/users\/525"}],"replies":[{"embeddable":true,"href":"https:\/\/www.intoscana.it\/it\/wp-json\/wp\/v2\/comments?post=341528"}],"version-history":[{"count":9,"href":"https:\/\/www.intoscana.it\/it\/wp-json\/wp\/v2\/posts\/341528\/revisions"}],"predecessor-version":[{"id":341592,"href":"https:\/\/www.intoscana.it\/it\/wp-json\/wp\/v2\/posts\/341528\/revisions\/341592"}],"wp:featuredmedia":[{"embeddable":true,"href":"https:\/\/www.intoscana.it\/it\/wp-json\/wp\/v2\/media\/341454"}],"wp:attachment":[{"href":"https:\/\/www.intoscana.it\/it\/wp-json\/wp\/v2\/media?parent=341528"}],"wp:term":[{"taxonomy":"category","embeddable":true,"href":"https:\/\/www.intoscana.it\/it\/wp-json\/wp\/v2\/categories?post=341528"},{"taxonomy":"post_tag","embeddable":true,"href":"https:\/\/www.intoscana.it\/it\/wp-json\/wp\/v2\/tags?post=341528"}],"curies":[{"name":"wp","href":"https:\/\/api.w.org\/{rel}","templated":true}]}}