{"id":341602,"date":"2024-05-22T15:25:00","date_gmt":"2024-05-22T13:25:00","guid":{"rendered":"https:\/\/www.intoscana.it\/it\/?p=341602"},"modified":"2024-05-22T15:26:05","modified_gmt":"2024-05-22T13:26:05","slug":"centro-pecci-dei-lettori-due-giorni-dedicati-alla-letteratura-e-un-omaggio-a-enrico-coveri","status":"publish","type":"post","link":"https:\/\/www.intoscana.it\/it\/centro-pecci-dei-lettori-due-giorni-dedicati-alla-letteratura-e-un-omaggio-a-enrico-coveri\/","title":{"rendered":"Centro Pecci dei lettori: due giorni dedicati alla letteratura e un omaggio a Enrico Coveri"},"content":{"rendered":"<p>Tutto pronto per &#8220;<strong>Centro Pecci dei lettori&#8221;<\/strong>, due giorni dedicati alla letteratura e all&#8217;innovazione, nati dall&#8217;incontro tra il <a href=\"https:\/\/www.intoscana.it\/it\/la-citta-dei-lettori-dodici-tappe\/\" target=\"_blank\" rel=\"noopener\">festival diffuso &#8220;La citt\u00e0 dei lettori&#8221;<\/a> e Centro Pecci Books che sar\u00e0 ospitato <strong>gioved\u00ec 23 e venerd\u00ec 24 maggio<\/strong> nel Centro per l&#8217;arte contemporanea di Prato, un luogo che ha per vocazione la creativit\u00e0 e la costante sperimentazione.<\/p>\n<h3>Ospiti Arianna Papini, Edoardo Camurri e il libro su Coveri<\/h3>\n<p>L\u2019intensa due giorni si inaugura gioved\u00ec 23 maggio alle 10 con<strong> la letteratura per bambini:<\/strong> un incontro\/laboratorio &#8211; coordinato con il Dipartimento Educazione del Centro Pecci &#8211;\u00a0 con 95 bambini dai 3 ai 6 anni delle scuole dell&#8217;infanzia pratesi e la partecipazione dell&#8217;artista, docente e arte terapeuta <strong>Arianna Papini<\/strong>, autrice ed illustratrice di &#8220;<em>Nessuno sa&#8221; <\/em>e di <em>&#8220;Amiche d\u2019ombra&#8221;<\/em> (entrambi Edizioni Uovonero), che mettono al centro l\u2019esperienza, la crescita, il diritto al rischio ma anche la diversit\u00e0, i pregiudizi e gli stereotipi.<\/p>\n<p>Il primo appuntamento pomeridiano di gioved\u00ec 23 maggio (alle <strong>18.30<\/strong>) \u00e8 affidata allo scrittore, giornalista, conduttore radiofonico e televisivo <strong>Edoardo Camurri <\/strong>che, in controtendenza rispetto all\u2019Intelligenza Artificiale, ha appena pubblicato &#8220;<strong><em>Introduzione alla realt\u00e0&#8221;<\/em><\/strong> con la neonata casa editrice indipendente Time0: contrariamente a quanto il titolo lascerebbe pensare, non \u00e8 una lezione, ma un meraviglioso esercizio di straniamento, un\u2019opera filosofica che nasce dalla pi\u00f9 ordinaria quotidianit\u00e0 in cui l\u2019autore non insegna, ma racconta.\u00a0Il tutto in un podcast in diretta con <strong>Federico Di Vita<\/strong>.<\/p>\n<p>Si prosegue, alle <strong>19.30<\/strong>, con la prima presentazione nella sua citt\u00e0 natale di <strong>&#8220;Enrico Coveri \u2013 The King of Colors&#8221; <\/strong>(Gruppo Editoriale),<mark> il primo libro sulla storia del grande stilista italiano e &#8220;re dei colori&#8221; con testi di Silvio Balloni e foto dell\u2019Archivio Enrico Coveri. <\/mark>Un prezioso coffee table book custodito in un elegante cofanetto nel suo colore pi\u00f9 amato, il fucsia, che prender\u00e0 vita grazie a contenuti multimediali esclusivi a cui si potr\u00e0 accedere attraverso i QR Code inseriti nel libro. Ma non solo, \u00e8 anche un libro didattico scritto per essere studiato nelle scuole del settore per conoscere il percorso stilistico che ha lasciato un\u2019impronta indelebile nella storia del Costume. A parlarne al Centro Pecci \u2013 che nell\u2019autunno 1991 organizz\u00f2, a meno di un anno dalla sua morte, l\u2019importante mostra <em>Omaggio ad Enrico Coveri <\/em>\u2013 <strong>Francesco Martini Coveri<\/strong>, direttore creativo della Maison Coveri, con <strong>Stefano Collicelli Cagol<\/strong> (direttore Centro Pecci), <strong>Leandro Gualtieri<\/strong>, imprenditore e fondatore della Filpucci, <strong>Silvio Balloni<\/strong>, il co-curatore ed editore <strong>Matteo Parigi Bini<\/strong> e la giornalista <strong>Silvia Pieraccini<\/strong>.<\/p>\n<p>La prima giornata si conclude, alle <strong>21,<\/strong> con uno spettacolare reading e concerto: protagonista (accompagnata alle tastiere da Fabio Barovero), la cantante, attrice, doppiatrice e conduttrice radiofonica <strong>Saba Anglana<\/strong> che esordisce nella letteratura con il suo primo romanzo <strong>&#8220;La Signora Meraviglia&#8221; <\/strong>(Sellerio). La voce di Saba Anglana, allo stesso tempo ipnotica e ironica, ci accompagna tra le strade di una Mogadiscio abitata da personaggi inquietanti e affascinanti e un\u2019Italia in trasformazione. Tra saga familiare e memoir, un esordio potente e lucidamente critico sull\u2019ossessione per la ricerca delle origini e dell\u2019identit\u00e0.<\/p>\n<h3>Il programma del 24 maggio<\/h3>\n<p>La seconda giornata di &#8220;Centro Pecci dei lettori&#8221; si apre alle <strong>18.30<\/strong>,con una giovane scrittrice esordiente <strong>Emanuela Anechoum <\/strong>che in dialogo con il direttore del Centro Pecci, <strong>Stefano Collicelli Cagol<\/strong>, presenta il suo primo romanzo, &#8220;Tangerinn&#8221; (Edizioni e\/o), il racconto di una generazione che sa di dover partire ignorando la destinazione ed in cui lo sradicamento dei figli si confronta con lo sradicamento dei padri, l\u2019essere \u201cexpat\u201d con l\u2019essere \u201cmigrante\u201d: un percorso narrativo e di vita in cui le radici sono solo un sogno sfuggente, un desiderio di ritrovarsi in una storia comune, qualcosa che ci fa dimenticare la ferocia del mondo.<\/p>\n<p>Alle <strong>19.30,<\/strong> <strong>Silvia Costantino<\/strong> e <strong>Francesco Quatraro<\/strong>, redattori ed \u201canime\u201d della casa editrice <strong>effequ <\/strong>presentano con l\u2019autore <strong>Emiliano Dominici <\/strong>il suo nuovo romanzo &#8220;Maria Malva \u2013 Brucia il giorno per me&#8221; (effequ). Un romanzo che permette di riflettere sui significati nascosti dell\u2019esistenza, una storia narrata da pi\u00f9 voci, da personaggi che diventano spettatori della fine di una giovane vita e che sono tutti accomunati dall\u2019infelicit\u00e0 e dalla ricerca di un equilibrio che gli permetta di adattarsi alla societ\u00e0.<\/p>\n<p>Si conclude, alle <strong>21<\/strong>, con<mark>&#8220;Il commosso viaggiatore \u2013 Alla scoperta dell\u2019Africa&#8221; (Giunti) di <strong>Giobbe Covatta<\/strong> e <strong>Paola Catella<\/strong> intervistati da <strong>Paolo Hendel<\/strong>. <\/mark>Un libro che \u00e8 una lettera di amore e gratitudine nei confronti di un\u2019esperienza di viaggio che ha cambiato per sempre la vita di Paola e Giobbe ed \u00e8 un racconto che accetta la sfida pi\u00f9 ardua: condividere la commozione di fronte alle disuguaglianze e alle ingiustizie di cui noi uomini siamo capaci, condividere una rivoluzionaria risata di fronte a ci\u00f2 che non fa ridere per niente.<\/p>\n","protected":false},"excerpt":{"rendered":"<p>Gioved\u00ec 23 e venerd\u00ec 24 maggio presso il Centro per l&#8217;arte contemporanea di Prato incontri con ospiti come Edoardo Camurri, Giobbe Covatta, Paola Catella e Paolo Hendel, inoltre sar\u00e0 presentato il primo libro sulla storia del grande stilista pratese<\/p>\n","protected":false},"author":525,"featured_media":149256,"comment_status":"open","ping_status":"open","sticky":false,"template":"","format":"standard","meta":{"_acf_changed":false,"footnotes":""},"categories":[493],"tags":[4517,6657,4474,259],"class_list":["post-341602","post","type-post","status-publish","format-standard","has-post-thumbnail","hentry","category-cultura","tag-centro-pecci-prato","tag-citta-dei-lettori","tag-eventi","tag-prato"],"acf":[],"yoast_head":"<!-- This site is optimized with the Yoast SEO Premium plugin v24.2 (Yoast SEO v25.6) - https:\/\/yoast.com\/wordpress\/plugins\/seo\/ -->\n<title>Centro Pecci dei lettori: due giorni dedicati alla letteratura e un omaggio a Enrico Coveri - intoscana<\/title>\n<meta name=\"robots\" content=\"index, follow, max-snippet:-1, max-image-preview:large, max-video-preview:-1\" \/>\n<link rel=\"canonical\" href=\"https:\/\/www.intoscana.it\/it\/centro-pecci-dei-lettori-due-giorni-dedicati-alla-letteratura-e-un-omaggio-a-enrico-coveri\/\" \/>\n<meta property=\"og:locale\" content=\"it_IT\" \/>\n<meta property=\"og:type\" content=\"article\" \/>\n<meta property=\"og:title\" content=\"Centro Pecci dei lettori: due giorni dedicati alla letteratura e un omaggio a Enrico Coveri\" \/>\n<meta property=\"og:description\" content=\"Gioved\u00ec 23 e venerd\u00ec 24 maggio presso il Centro per l&#039;arte contemporanea di Prato incontri con ospiti come Edoardo Camurri, Giobbe Covatta, Paola Catella e Paolo Hendel, inoltre sar\u00e0 presentato il primo libro sulla storia del grande stilista pratese\" \/>\n<meta property=\"og:url\" content=\"https:\/\/www.intoscana.it\/it\/centro-pecci-dei-lettori-due-giorni-dedicati-alla-letteratura-e-un-omaggio-a-enrico-coveri\/\" \/>\n<meta property=\"og:site_name\" content=\"intoscana\" \/>\n<meta property=\"article:publisher\" content=\"https:\/\/www.facebook.com\/intoscana.it\" \/>\n<meta property=\"article:published_time\" content=\"2024-05-22T13:25:00+00:00\" \/>\n<meta property=\"article:modified_time\" content=\"2024-05-22T13:26:05+00:00\" \/>\n<meta property=\"og:image\" content=\"https:\/\/www.intoscana.it\/wp-content\/uploads\/Centro-Pecci-Prato-1.jpg\" \/>\n\t<meta property=\"og:image:width\" content=\"1599\" \/>\n\t<meta property=\"og:image:height\" content=\"1064\" \/>\n\t<meta property=\"og:image:type\" content=\"image\/jpeg\" \/>\n<meta name=\"author\" content=\"Redazione\" \/>\n<meta name=\"twitter:card\" content=\"summary_large_image\" \/>\n<meta name=\"twitter:creator\" content=\"@intoscana\" \/>\n<meta name=\"twitter:site\" content=\"@intoscana\" \/>\n<meta name=\"twitter:label1\" content=\"Written by\" \/>\n\t<meta name=\"twitter:data1\" content=\"Redazione\" \/>\n\t<meta name=\"twitter:label2\" content=\"Est. reading time\" \/>\n\t<meta name=\"twitter:data2\" content=\"5 minuti\" \/>\n<script type=\"application\/ld+json\" class=\"yoast-schema-graph\">{\"@context\":\"https:\/\/schema.org\",\"@graph\":[{\"@type\":\"WebPage\",\"@id\":\"https:\/\/www.intoscana.it\/it\/centro-pecci-dei-lettori-due-giorni-dedicati-alla-letteratura-e-un-omaggio-a-enrico-coveri\/\",\"url\":\"https:\/\/www.intoscana.it\/it\/centro-pecci-dei-lettori-due-giorni-dedicati-alla-letteratura-e-un-omaggio-a-enrico-coveri\/\",\"name\":\"Centro Pecci dei lettori: due giorni dedicati alla letteratura e un omaggio a Enrico Coveri - intoscana\",\"isPartOf\":{\"@id\":\"https:\/\/www.intoscana.it\/it\/#website\"},\"primaryImageOfPage\":{\"@id\":\"https:\/\/www.intoscana.it\/it\/centro-pecci-dei-lettori-due-giorni-dedicati-alla-letteratura-e-un-omaggio-a-enrico-coveri\/#primaryimage\"},\"image\":{\"@id\":\"https:\/\/www.intoscana.it\/it\/centro-pecci-dei-lettori-due-giorni-dedicati-alla-letteratura-e-un-omaggio-a-enrico-coveri\/#primaryimage\"},\"thumbnailUrl\":\"https:\/\/www.intoscana.it\/wp-content\/uploads\/Centro-Pecci-Prato-1.jpg\",\"datePublished\":\"2024-05-22T13:25:00+00:00\",\"dateModified\":\"2024-05-22T13:26:05+00:00\",\"author\":{\"@id\":\"https:\/\/www.intoscana.it\/it\/#\/schema\/person\/9223810753230f20bd670fdd322661f8\"},\"breadcrumb\":{\"@id\":\"https:\/\/www.intoscana.it\/it\/centro-pecci-dei-lettori-due-giorni-dedicati-alla-letteratura-e-un-omaggio-a-enrico-coveri\/#breadcrumb\"},\"inLanguage\":\"it-IT\",\"potentialAction\":[{\"@type\":\"ReadAction\",\"target\":[\"https:\/\/www.intoscana.it\/it\/centro-pecci-dei-lettori-due-giorni-dedicati-alla-letteratura-e-un-omaggio-a-enrico-coveri\/\"]}]},{\"@type\":\"ImageObject\",\"inLanguage\":\"it-IT\",\"@id\":\"https:\/\/www.intoscana.it\/it\/centro-pecci-dei-lettori-due-giorni-dedicati-alla-letteratura-e-un-omaggio-a-enrico-coveri\/#primaryimage\",\"url\":\"https:\/\/www.intoscana.it\/wp-content\/uploads\/Centro-Pecci-Prato-1.jpg\",\"contentUrl\":\"https:\/\/www.intoscana.it\/wp-content\/uploads\/Centro-Pecci-Prato-1.jpg\",\"width\":1599,\"height\":1064,\"caption\":\"Centro Luigi Pecci, Prato\"},{\"@type\":\"BreadcrumbList\",\"@id\":\"https:\/\/www.intoscana.it\/it\/centro-pecci-dei-lettori-due-giorni-dedicati-alla-letteratura-e-un-omaggio-a-enrico-coveri\/#breadcrumb\",\"itemListElement\":[{\"@type\":\"ListItem\",\"position\":1,\"name\":\"Home\",\"item\":\"https:\/\/www.intoscana.it\/it\/\"},{\"@type\":\"ListItem\",\"position\":2,\"name\":\"Centro Pecci dei lettori: due giorni dedicati alla letteratura e un omaggio a Enrico Coveri\"}]},{\"@type\":\"WebSite\",\"@id\":\"https:\/\/www.intoscana.it\/it\/#website\",\"url\":\"https:\/\/www.intoscana.it\/it\/\",\"name\":\"intoscana\",\"description\":\"\",\"potentialAction\":[{\"@type\":\"SearchAction\",\"target\":{\"@type\":\"EntryPoint\",\"urlTemplate\":\"https:\/\/www.intoscana.it\/it\/?s={search_term_string}\"},\"query-input\":{\"@type\":\"PropertyValueSpecification\",\"valueRequired\":true,\"valueName\":\"search_term_string\"}}],\"inLanguage\":\"it-IT\"},{\"@type\":\"Person\",\"@id\":\"https:\/\/www.intoscana.it\/it\/#\/schema\/person\/9223810753230f20bd670fdd322661f8\",\"name\":\"Redazione\",\"url\":\"https:\/\/www.intoscana.it\/it\/author\/redazione\/\"}]}<\/script>\n<!-- \/ Yoast SEO Premium plugin. -->","yoast_head_json":{"title":"Centro Pecci dei lettori: due giorni dedicati alla letteratura e un omaggio a Enrico Coveri - intoscana","robots":{"index":"index","follow":"follow","max-snippet":"max-snippet:-1","max-image-preview":"max-image-preview:large","max-video-preview":"max-video-preview:-1"},"canonical":"https:\/\/www.intoscana.it\/it\/centro-pecci-dei-lettori-due-giorni-dedicati-alla-letteratura-e-un-omaggio-a-enrico-coveri\/","og_locale":"it_IT","og_type":"article","og_title":"Centro Pecci dei lettori: due giorni dedicati alla letteratura e un omaggio a Enrico Coveri","og_description":"Gioved\u00ec 23 e venerd\u00ec 24 maggio presso il Centro per l'arte contemporanea di Prato incontri con ospiti come Edoardo Camurri, Giobbe Covatta, Paola Catella e Paolo Hendel, inoltre sar\u00e0 presentato il primo libro sulla storia del grande stilista pratese","og_url":"https:\/\/www.intoscana.it\/it\/centro-pecci-dei-lettori-due-giorni-dedicati-alla-letteratura-e-un-omaggio-a-enrico-coveri\/","og_site_name":"intoscana","article_publisher":"https:\/\/www.facebook.com\/intoscana.it","article_published_time":"2024-05-22T13:25:00+00:00","article_modified_time":"2024-05-22T13:26:05+00:00","og_image":[{"width":1599,"height":1064,"url":"https:\/\/www.intoscana.it\/wp-content\/uploads\/Centro-Pecci-Prato-1.jpg","type":"image\/jpeg"}],"author":"Redazione","twitter_card":"summary_large_image","twitter_creator":"@intoscana","twitter_site":"@intoscana","twitter_misc":{"Written by":"Redazione","Est. reading time":"5 minuti"},"schema":{"@context":"https:\/\/schema.org","@graph":[{"@type":"WebPage","@id":"https:\/\/www.intoscana.it\/it\/centro-pecci-dei-lettori-due-giorni-dedicati-alla-letteratura-e-un-omaggio-a-enrico-coveri\/","url":"https:\/\/www.intoscana.it\/it\/centro-pecci-dei-lettori-due-giorni-dedicati-alla-letteratura-e-un-omaggio-a-enrico-coveri\/","name":"Centro Pecci dei lettori: due giorni dedicati alla letteratura e un omaggio a Enrico Coveri - intoscana","isPartOf":{"@id":"https:\/\/www.intoscana.it\/it\/#website"},"primaryImageOfPage":{"@id":"https:\/\/www.intoscana.it\/it\/centro-pecci-dei-lettori-due-giorni-dedicati-alla-letteratura-e-un-omaggio-a-enrico-coveri\/#primaryimage"},"image":{"@id":"https:\/\/www.intoscana.it\/it\/centro-pecci-dei-lettori-due-giorni-dedicati-alla-letteratura-e-un-omaggio-a-enrico-coveri\/#primaryimage"},"thumbnailUrl":"https:\/\/www.intoscana.it\/wp-content\/uploads\/Centro-Pecci-Prato-1.jpg","datePublished":"2024-05-22T13:25:00+00:00","dateModified":"2024-05-22T13:26:05+00:00","author":{"@id":"https:\/\/www.intoscana.it\/it\/#\/schema\/person\/9223810753230f20bd670fdd322661f8"},"breadcrumb":{"@id":"https:\/\/www.intoscana.it\/it\/centro-pecci-dei-lettori-due-giorni-dedicati-alla-letteratura-e-un-omaggio-a-enrico-coveri\/#breadcrumb"},"inLanguage":"it-IT","potentialAction":[{"@type":"ReadAction","target":["https:\/\/www.intoscana.it\/it\/centro-pecci-dei-lettori-due-giorni-dedicati-alla-letteratura-e-un-omaggio-a-enrico-coveri\/"]}]},{"@type":"ImageObject","inLanguage":"it-IT","@id":"https:\/\/www.intoscana.it\/it\/centro-pecci-dei-lettori-due-giorni-dedicati-alla-letteratura-e-un-omaggio-a-enrico-coveri\/#primaryimage","url":"https:\/\/www.intoscana.it\/wp-content\/uploads\/Centro-Pecci-Prato-1.jpg","contentUrl":"https:\/\/www.intoscana.it\/wp-content\/uploads\/Centro-Pecci-Prato-1.jpg","width":1599,"height":1064,"caption":"Centro Luigi Pecci, Prato"},{"@type":"BreadcrumbList","@id":"https:\/\/www.intoscana.it\/it\/centro-pecci-dei-lettori-due-giorni-dedicati-alla-letteratura-e-un-omaggio-a-enrico-coveri\/#breadcrumb","itemListElement":[{"@type":"ListItem","position":1,"name":"Home","item":"https:\/\/www.intoscana.it\/it\/"},{"@type":"ListItem","position":2,"name":"Centro Pecci dei lettori: due giorni dedicati alla letteratura e un omaggio a Enrico Coveri"}]},{"@type":"WebSite","@id":"https:\/\/www.intoscana.it\/it\/#website","url":"https:\/\/www.intoscana.it\/it\/","name":"intoscana","description":"","potentialAction":[{"@type":"SearchAction","target":{"@type":"EntryPoint","urlTemplate":"https:\/\/www.intoscana.it\/it\/?s={search_term_string}"},"query-input":{"@type":"PropertyValueSpecification","valueRequired":true,"valueName":"search_term_string"}}],"inLanguage":"it-IT"},{"@type":"Person","@id":"https:\/\/www.intoscana.it\/it\/#\/schema\/person\/9223810753230f20bd670fdd322661f8","name":"Redazione","url":"https:\/\/www.intoscana.it\/it\/author\/redazione\/"}]}},"_links":{"self":[{"href":"https:\/\/www.intoscana.it\/it\/wp-json\/wp\/v2\/posts\/341602","targetHints":{"allow":["GET"]}}],"collection":[{"href":"https:\/\/www.intoscana.it\/it\/wp-json\/wp\/v2\/posts"}],"about":[{"href":"https:\/\/www.intoscana.it\/it\/wp-json\/wp\/v2\/types\/post"}],"author":[{"embeddable":true,"href":"https:\/\/www.intoscana.it\/it\/wp-json\/wp\/v2\/users\/525"}],"replies":[{"embeddable":true,"href":"https:\/\/www.intoscana.it\/it\/wp-json\/wp\/v2\/comments?post=341602"}],"version-history":[{"count":5,"href":"https:\/\/www.intoscana.it\/it\/wp-json\/wp\/v2\/posts\/341602\/revisions"}],"predecessor-version":[{"id":341612,"href":"https:\/\/www.intoscana.it\/it\/wp-json\/wp\/v2\/posts\/341602\/revisions\/341612"}],"wp:featuredmedia":[{"embeddable":true,"href":"https:\/\/www.intoscana.it\/it\/wp-json\/wp\/v2\/media\/149256"}],"wp:attachment":[{"href":"https:\/\/www.intoscana.it\/it\/wp-json\/wp\/v2\/media?parent=341602"}],"wp:term":[{"taxonomy":"category","embeddable":true,"href":"https:\/\/www.intoscana.it\/it\/wp-json\/wp\/v2\/categories?post=341602"},{"taxonomy":"post_tag","embeddable":true,"href":"https:\/\/www.intoscana.it\/it\/wp-json\/wp\/v2\/tags?post=341602"}],"curies":[{"name":"wp","href":"https:\/\/api.w.org\/{rel}","templated":true}]}}