{"id":341620,"date":"2024-05-22T16:36:34","date_gmt":"2024-05-22T14:36:34","guid":{"rendered":"https:\/\/www.intoscana.it\/it\/?p=341620"},"modified":"2024-05-22T17:02:40","modified_gmt":"2024-05-22T15:02:40","slug":"fiorentina-la-citta-si-prepara-per-la-finale-di-conference-league","status":"publish","type":"post","link":"https:\/\/www.intoscana.it\/it\/fiorentina-la-citta-si-prepara-per-la-finale-di-conference-league\/","title":{"rendered":"Fiorentina, la citt\u00e0 si prepara per la finale di Conference League"},"content":{"rendered":"<p>Sale l&#8217;attesa a Firenze per la <strong>finale di Conference League<\/strong> in programma ad Atene il prossimo <strong>29 maggio<\/strong> quando la squadra viola affronter\u00e0 i padroni di casa dell&#8217;<strong>Olympiacos<\/strong> nell&#8217;ultimo atto della competizione europea. La Fiorentina avr\u00e0 davanti a se un avversario ostico ma sar\u00e0 anche una importante chance di riscatto dopo la finale persa, sempre in Conference League, lo scorso anno contro il West Ham.<\/p>\n<p>&#8221;<em>Per noi questa sfida conta tantissimo<\/em> &#8211; ha dichiarato <strong>Dodo<\/strong>, esterno brasiliano intervenuto al Viola Park al Media Day organizzato dalla Uefa &#8211; <em>La stiamo vivendo come una grande<strong> opportunit\u00e0 di riscatto<\/strong> dopo la sconfitta dello scorso anno a Praga. Sappiamo quello che dobbiamo fare, sia a livello di squadra che individuale. Dovremo fare di tutto per portare a casa il trofeo, per noi e per Firenze&#8217;<\/em>&#8216;.<\/p>\n<div class=\"focuson\"><a href=\"https:\/\/www.intoscana.it\/it\/fiorentina-dove-vedere-la-finale-di-conference-league\/\"><img decoding=\"async\" class=\"lazy\" src=\"https:\/\/www.intoscana.it\/wp-content\/uploads\/conferenceleague-coppa.jpeg\" style=\"\">\n                <div class=\"cat\">Conference League<\/div>\n                <h4>Dove vederla a Firenze<\/h4><\/a>\n              <\/div>\n<p>I tifosi viola sono sempre pi\u00f9 in fermento per l&#8217;appuntamento europeo della prossima settimana, sono andati in fumo gli oltre <strong>9mila biglietti riservati<\/strong> ai tifosi della Fiorentina per lo stadio Agia Sophia di <strong>Atene<\/strong>, dove si terr\u00e0 la finale. Tantissimi i sostenitori che seguiranno la squadra in Grecia, ma sono tanti altri quelli che hanno gi\u00e0 acquistato il pass per vedere la partita sui maxischermi che saranno installati allo <strong>stadio Franchi<\/strong>, tra la curva Fiesole, la Maratona e la tribuna. Ad oggi sono oltre <strong>21mila<\/strong>, ma \u00e8 un numero che nei prossimi giorni salir\u00e0 certamente fino al sold out.<br \/>\nAnche il <strong>Viola Park<\/strong> aprir\u00e0 le sue porte ai tifosi la sera del 29 maggio per assistere alla sfida con l&#8217;Olympiakos sul maxischermo nel centro sportivo con vari pacchetti e modalit\u00e0 di accesso su prenotazione.<\/p>\n<p>Per il mister Italiano: &#8220;L<em>a sensazione \u00e8 che stiamo ripetendo il percorso dello scorso anno con un <strong>ottimo finale di stagione,<\/strong> penso che la Fiorentina arrivi bene alla finale, sono molto fiducioso. E&#8217; una grandissima soddisfazione e un grande orgoglio essere ancora in finale e rappresentare l&#8217;Italia<\/em> &#8211; ha aggiunto il tecnico ai microfoni Sky in occasione del Media Day della Uefa al Viola Park &#8211; <em>Arrivare a termine di questa competizione \u00e8 difficile, rappresenta un grande percorso, per\u00f2 \u00e8 anche vero che le finali quando si disputano bisogna poi c<strong>ercare di vincerle<\/strong><\/em>&#8221;.<\/p>\n<p>In attesa della finale europea, resta ancora l&#8217;ultima di campionato in trasferta a <strong>Cagliari<\/strong>, occasione importante per i viola per conquistare punti utili per blindare l&#8217;ottavo posto e quindi l&#8217;accesso alla prossima Conference per il terzo anno consecutivo. Questa sar\u00e0 l&#8217;occasione per salutare e omaggiare <strong>Claudio Ranieri,<\/strong> allenatore del Cagliari, alla sua ultima partita di club prima dell&#8217;<strong>addio al calcio<\/strong>. A quasi 73 anni di et\u00e0 e con l&#8217;ennesimo grande risultato, una insperata salvezza proprio per la squadra rosso blu. Nell&#8217;estate del 1993 <strong>Ranieri<\/strong> divent\u00f2 <strong>l&#8217;allenatore<\/strong> dell&#8217;appena <strong>retrocessa Fiorentina<\/strong>, dopo aver riconquistato la serie A port\u00f2 la squadra gigliata alla vittoria della <strong>Coppa Italia del 1995-1996<\/strong>, sconfiggendo in finale l&#8217;Atalanta. Mister Ranieri guid\u00f2 la Fiorentina alla vittoria della <strong>Supercoppa Italiana<\/strong> contro il Milan grazie ad una doppietta di Batistuta e anche in <strong>Coppa delle Coppe<\/strong> dove sotto la guida del tecnico romano arriv\u00f2 in semifinale, arrendendosi solo al Barcellona.<\/p>\n","protected":false},"excerpt":{"rendered":"<p>Saranno pi\u00f9 di novemila i tifosi viola in trasferta ad Atene per la finale, mentre sono gi\u00e0 oltre 21mila i biglietti per seguire la partita dai maxischermi allestiti al Franchi<\/p>\n","protected":false},"author":507,"featured_media":339585,"comment_status":"open","ping_status":"open","sticky":false,"template":"","format":"standard","meta":{"_acf_changed":false,"footnotes":""},"categories":[494],"tags":[290,199,202,159],"class_list":["post-341620","post","type-post","status-publish","format-standard","has-post-thumbnail","hentry","category-attualita","tag-calcio","tag-fiorentina","tag-firenze","tag-sport"],"acf":[],"yoast_head":"<!-- This site is optimized with the Yoast SEO Premium plugin v24.2 (Yoast SEO v25.6) - https:\/\/yoast.com\/wordpress\/plugins\/seo\/ -->\n<title>Fiorentina, la citt\u00e0 si prepara per la finale di Conference League - intoscana<\/title>\n<meta name=\"robots\" content=\"index, follow, max-snippet:-1, max-image-preview:large, max-video-preview:-1\" \/>\n<link rel=\"canonical\" href=\"https:\/\/www.intoscana.it\/it\/fiorentina-la-citta-si-prepara-per-la-finale-di-conference-league\/\" \/>\n<meta property=\"og:locale\" content=\"it_IT\" \/>\n<meta property=\"og:type\" content=\"article\" \/>\n<meta property=\"og:title\" content=\"Fiorentina, la citt\u00e0 si prepara per la finale di Conference League\" \/>\n<meta property=\"og:description\" content=\"Saranno pi\u00f9 di novemila i tifosi viola in trasferta ad Atene per la finale, mentre sono gi\u00e0 oltre 21mila i biglietti per seguire la partita dai maxischermi allestiti al Franchi\" \/>\n<meta property=\"og:url\" content=\"https:\/\/www.intoscana.it\/it\/fiorentina-la-citta-si-prepara-per-la-finale-di-conference-league\/\" \/>\n<meta property=\"og:site_name\" content=\"intoscana\" \/>\n<meta property=\"article:publisher\" content=\"https:\/\/www.facebook.com\/intoscana.it\" \/>\n<meta property=\"article:published_time\" content=\"2024-05-22T14:36:34+00:00\" \/>\n<meta property=\"article:modified_time\" content=\"2024-05-22T15:02:40+00:00\" \/>\n<meta property=\"og:image\" content=\"https:\/\/www.intoscana.it\/wp-content\/uploads\/fiorentina-brugge-conference.jpeg\" \/>\n\t<meta property=\"og:image:width\" content=\"2048\" \/>\n\t<meta property=\"og:image:height\" content=\"1280\" \/>\n\t<meta property=\"og:image:type\" content=\"image\/jpeg\" \/>\n<meta name=\"author\" content=\"Chiara Bianchini\" \/>\n<meta name=\"twitter:card\" content=\"summary_large_image\" \/>\n<meta name=\"twitter:creator\" content=\"@intoscana\" \/>\n<meta name=\"twitter:site\" content=\"@intoscana\" \/>\n<meta name=\"twitter:label1\" content=\"Written by\" \/>\n\t<meta name=\"twitter:data1\" content=\"Chiara Bianchini\" \/>\n\t<meta name=\"twitter:label2\" content=\"Est. reading time\" \/>\n\t<meta name=\"twitter:data2\" content=\"3 minuti\" \/>\n<script type=\"application\/ld+json\" class=\"yoast-schema-graph\">{\"@context\":\"https:\/\/schema.org\",\"@graph\":[{\"@type\":\"WebPage\",\"@id\":\"https:\/\/www.intoscana.it\/it\/fiorentina-la-citta-si-prepara-per-la-finale-di-conference-league\/\",\"url\":\"https:\/\/www.intoscana.it\/it\/fiorentina-la-citta-si-prepara-per-la-finale-di-conference-league\/\",\"name\":\"Fiorentina, la citt\u00e0 si prepara per la finale di Conference League - intoscana\",\"isPartOf\":{\"@id\":\"https:\/\/www.intoscana.it\/it\/#website\"},\"primaryImageOfPage\":{\"@id\":\"https:\/\/www.intoscana.it\/it\/fiorentina-la-citta-si-prepara-per-la-finale-di-conference-league\/#primaryimage\"},\"image\":{\"@id\":\"https:\/\/www.intoscana.it\/it\/fiorentina-la-citta-si-prepara-per-la-finale-di-conference-league\/#primaryimage\"},\"thumbnailUrl\":\"https:\/\/www.intoscana.it\/wp-content\/uploads\/fiorentina-brugge-conference.jpeg\",\"datePublished\":\"2024-05-22T14:36:34+00:00\",\"dateModified\":\"2024-05-22T15:02:40+00:00\",\"author\":{\"@id\":\"https:\/\/www.intoscana.it\/it\/#\/schema\/person\/010af92117f50561886339ad5b873a41\"},\"breadcrumb\":{\"@id\":\"https:\/\/www.intoscana.it\/it\/fiorentina-la-citta-si-prepara-per-la-finale-di-conference-league\/#breadcrumb\"},\"inLanguage\":\"it-IT\",\"potentialAction\":[{\"@type\":\"ReadAction\",\"target\":[\"https:\/\/www.intoscana.it\/it\/fiorentina-la-citta-si-prepara-per-la-finale-di-conference-league\/\"]}]},{\"@type\":\"ImageObject\",\"inLanguage\":\"it-IT\",\"@id\":\"https:\/\/www.intoscana.it\/it\/fiorentina-la-citta-si-prepara-per-la-finale-di-conference-league\/#primaryimage\",\"url\":\"https:\/\/www.intoscana.it\/wp-content\/uploads\/fiorentina-brugge-conference.jpeg\",\"contentUrl\":\"https:\/\/www.intoscana.it\/wp-content\/uploads\/fiorentina-brugge-conference.jpeg\",\"width\":2048,\"height\":1280},{\"@type\":\"BreadcrumbList\",\"@id\":\"https:\/\/www.intoscana.it\/it\/fiorentina-la-citta-si-prepara-per-la-finale-di-conference-league\/#breadcrumb\",\"itemListElement\":[{\"@type\":\"ListItem\",\"position\":1,\"name\":\"Home\",\"item\":\"https:\/\/www.intoscana.it\/it\/\"},{\"@type\":\"ListItem\",\"position\":2,\"name\":\"Fiorentina, la citt\u00e0 si prepara per la finale di Conference League\"}]},{\"@type\":\"WebSite\",\"@id\":\"https:\/\/www.intoscana.it\/it\/#website\",\"url\":\"https:\/\/www.intoscana.it\/it\/\",\"name\":\"intoscana\",\"description\":\"\",\"potentialAction\":[{\"@type\":\"SearchAction\",\"target\":{\"@type\":\"EntryPoint\",\"urlTemplate\":\"https:\/\/www.intoscana.it\/it\/?s={search_term_string}\"},\"query-input\":{\"@type\":\"PropertyValueSpecification\",\"valueRequired\":true,\"valueName\":\"search_term_string\"}}],\"inLanguage\":\"it-IT\"},{\"@type\":\"Person\",\"@id\":\"https:\/\/www.intoscana.it\/it\/#\/schema\/person\/010af92117f50561886339ad5b873a41\",\"name\":\"Chiara Bianchini\",\"sameAs\":[\"c.bianchini@fst.it\"],\"url\":\"https:\/\/www.intoscana.it\/it\/author\/chiara-bianchini\/\"}]}<\/script>\n<!-- \/ Yoast SEO Premium plugin. -->","yoast_head_json":{"title":"Fiorentina, la citt\u00e0 si prepara per la finale di Conference League - intoscana","robots":{"index":"index","follow":"follow","max-snippet":"max-snippet:-1","max-image-preview":"max-image-preview:large","max-video-preview":"max-video-preview:-1"},"canonical":"https:\/\/www.intoscana.it\/it\/fiorentina-la-citta-si-prepara-per-la-finale-di-conference-league\/","og_locale":"it_IT","og_type":"article","og_title":"Fiorentina, la citt\u00e0 si prepara per la finale di Conference League","og_description":"Saranno pi\u00f9 di novemila i tifosi viola in trasferta ad Atene per la finale, mentre sono gi\u00e0 oltre 21mila i biglietti per seguire la partita dai maxischermi allestiti al Franchi","og_url":"https:\/\/www.intoscana.it\/it\/fiorentina-la-citta-si-prepara-per-la-finale-di-conference-league\/","og_site_name":"intoscana","article_publisher":"https:\/\/www.facebook.com\/intoscana.it","article_published_time":"2024-05-22T14:36:34+00:00","article_modified_time":"2024-05-22T15:02:40+00:00","og_image":[{"width":2048,"height":1280,"url":"https:\/\/www.intoscana.it\/wp-content\/uploads\/fiorentina-brugge-conference.jpeg","type":"image\/jpeg"}],"author":"Chiara Bianchini","twitter_card":"summary_large_image","twitter_creator":"@intoscana","twitter_site":"@intoscana","twitter_misc":{"Written by":"Chiara Bianchini","Est. reading time":"3 minuti"},"schema":{"@context":"https:\/\/schema.org","@graph":[{"@type":"WebPage","@id":"https:\/\/www.intoscana.it\/it\/fiorentina-la-citta-si-prepara-per-la-finale-di-conference-league\/","url":"https:\/\/www.intoscana.it\/it\/fiorentina-la-citta-si-prepara-per-la-finale-di-conference-league\/","name":"Fiorentina, la citt\u00e0 si prepara per la finale di Conference League - intoscana","isPartOf":{"@id":"https:\/\/www.intoscana.it\/it\/#website"},"primaryImageOfPage":{"@id":"https:\/\/www.intoscana.it\/it\/fiorentina-la-citta-si-prepara-per-la-finale-di-conference-league\/#primaryimage"},"image":{"@id":"https:\/\/www.intoscana.it\/it\/fiorentina-la-citta-si-prepara-per-la-finale-di-conference-league\/#primaryimage"},"thumbnailUrl":"https:\/\/www.intoscana.it\/wp-content\/uploads\/fiorentina-brugge-conference.jpeg","datePublished":"2024-05-22T14:36:34+00:00","dateModified":"2024-05-22T15:02:40+00:00","author":{"@id":"https:\/\/www.intoscana.it\/it\/#\/schema\/person\/010af92117f50561886339ad5b873a41"},"breadcrumb":{"@id":"https:\/\/www.intoscana.it\/it\/fiorentina-la-citta-si-prepara-per-la-finale-di-conference-league\/#breadcrumb"},"inLanguage":"it-IT","potentialAction":[{"@type":"ReadAction","target":["https:\/\/www.intoscana.it\/it\/fiorentina-la-citta-si-prepara-per-la-finale-di-conference-league\/"]}]},{"@type":"ImageObject","inLanguage":"it-IT","@id":"https:\/\/www.intoscana.it\/it\/fiorentina-la-citta-si-prepara-per-la-finale-di-conference-league\/#primaryimage","url":"https:\/\/www.intoscana.it\/wp-content\/uploads\/fiorentina-brugge-conference.jpeg","contentUrl":"https:\/\/www.intoscana.it\/wp-content\/uploads\/fiorentina-brugge-conference.jpeg","width":2048,"height":1280},{"@type":"BreadcrumbList","@id":"https:\/\/www.intoscana.it\/it\/fiorentina-la-citta-si-prepara-per-la-finale-di-conference-league\/#breadcrumb","itemListElement":[{"@type":"ListItem","position":1,"name":"Home","item":"https:\/\/www.intoscana.it\/it\/"},{"@type":"ListItem","position":2,"name":"Fiorentina, la citt\u00e0 si prepara per la finale di Conference League"}]},{"@type":"WebSite","@id":"https:\/\/www.intoscana.it\/it\/#website","url":"https:\/\/www.intoscana.it\/it\/","name":"intoscana","description":"","potentialAction":[{"@type":"SearchAction","target":{"@type":"EntryPoint","urlTemplate":"https:\/\/www.intoscana.it\/it\/?s={search_term_string}"},"query-input":{"@type":"PropertyValueSpecification","valueRequired":true,"valueName":"search_term_string"}}],"inLanguage":"it-IT"},{"@type":"Person","@id":"https:\/\/www.intoscana.it\/it\/#\/schema\/person\/010af92117f50561886339ad5b873a41","name":"Chiara Bianchini","sameAs":["c.bianchini@fst.it"],"url":"https:\/\/www.intoscana.it\/it\/author\/chiara-bianchini\/"}]}},"_links":{"self":[{"href":"https:\/\/www.intoscana.it\/it\/wp-json\/wp\/v2\/posts\/341620","targetHints":{"allow":["GET"]}}],"collection":[{"href":"https:\/\/www.intoscana.it\/it\/wp-json\/wp\/v2\/posts"}],"about":[{"href":"https:\/\/www.intoscana.it\/it\/wp-json\/wp\/v2\/types\/post"}],"author":[{"embeddable":true,"href":"https:\/\/www.intoscana.it\/it\/wp-json\/wp\/v2\/users\/507"}],"replies":[{"embeddable":true,"href":"https:\/\/www.intoscana.it\/it\/wp-json\/wp\/v2\/comments?post=341620"}],"version-history":[{"count":2,"href":"https:\/\/www.intoscana.it\/it\/wp-json\/wp\/v2\/posts\/341620\/revisions"}],"predecessor-version":[{"id":341652,"href":"https:\/\/www.intoscana.it\/it\/wp-json\/wp\/v2\/posts\/341620\/revisions\/341652"}],"wp:featuredmedia":[{"embeddable":true,"href":"https:\/\/www.intoscana.it\/it\/wp-json\/wp\/v2\/media\/339585"}],"wp:attachment":[{"href":"https:\/\/www.intoscana.it\/it\/wp-json\/wp\/v2\/media?parent=341620"}],"wp:term":[{"taxonomy":"category","embeddable":true,"href":"https:\/\/www.intoscana.it\/it\/wp-json\/wp\/v2\/categories?post=341620"},{"taxonomy":"post_tag","embeddable":true,"href":"https:\/\/www.intoscana.it\/it\/wp-json\/wp\/v2\/tags?post=341620"}],"curies":[{"name":"wp","href":"https:\/\/api.w.org\/{rel}","templated":true}]}}