{"id":341684,"date":"2024-05-23T09:40:31","date_gmt":"2024-05-23T07:40:31","guid":{"rendered":"https:\/\/www.intoscana.it\/it\/?p=341684"},"modified":"2024-05-23T12:44:25","modified_gmt":"2024-05-23T10:44:25","slug":"the-season-2024-a-villa-la-pietra-concerti-danza-teatro-approfondimenti-e-una-mostra","status":"publish","type":"post","link":"https:\/\/www.intoscana.it\/it\/the-season-2024-a-villa-la-pietra-concerti-danza-teatro-approfondimenti-e-una-mostra\/","title":{"rendered":"The Season 2024 a Villa La Pietra: concerti, danza, teatro, approfondimenti e una mostra"},"content":{"rendered":"<p><strong>Dal 23 maggio al 5 luglio<\/strong> torna per la diciottesima edizione<a href=\"https:\/\/lapietra.nyu.edu\/project\/the-season-2024\/\" target=\"_blank\" rel=\"noopener\"><strong><em> &#8220;The Season&#8221;<\/em><\/strong><\/a> la tradizionale rassegna culturale organizzata in lingua originale dalla <strong><a href=\"https:\/\/www.nyu.edu\/florence\" target=\"_blank\" rel=\"noopener\">New York University<\/a> a Firenze<\/strong>, che porter\u00e0 nel bellissimo giardino di <strong>Villa La Pietra,<\/strong> sulle prime colline sopra la citt\u00e0,<strong> artisti, musicisti, scrittori, attori professionisti, ballerini e giovani talenti.<\/strong><\/p>\n<p>Sar\u00e0 l\u2019orchestra d&#8217;archi <strong>Accademia Degli Assetati,<\/strong> gioved\u00ec 23 maggio (ore 18), ad aprire la rassegna. Il concerto di musica classica sar\u00e0 seguito dall&#8217;inaugurazione di una mostra d&#8217;arte e fotografia nella<strong> Limonaia di Villa La Pietra,<\/strong> a cura degli artisti e docenti <strong>Alessandra Capodacqua, Jacopo Santini, e Andrew Smaldone.<\/strong><\/p>\n<p>Il <strong>4 giugno<\/strong>, alle ore 18:30, il<strong> Maestro Giuseppe Lanzetta<\/strong> diriger\u00e0 l&#8217;<strong>Orchestra da Camera Fiorentina<\/strong> in un bellissimo concerto di Mozart. Lanzetta non \u00e8 nuovo a Villa La Pietra, essendosi esibito in passato per Harold Acton, ultimo proprietario della Villa, e per<strong> The Season.<\/strong><\/p>\n<p>L&#8217;associazione culturale <strong>BHMF al Recovery Plan<\/strong> accompagner\u00e0 i visitatori in un viaggio alla riscoperta della vita e nell&#8217;eredit\u00e0 di <strong>Paul Leroy Robeson<\/strong>. <strong><em>&#8220;Mountains, Rivers and Deserts&#8221;<\/em><\/strong> \u00e8 un evento di due giorni per riflettere sulla dimensione socio-politica di Robeson, sulla sua<strong> visione dell&#8217;arte come strumento di cambiamento sociale. <\/strong>L\u2019evento comprende una conferenza, un concerto, una proiezione. La prima giornata si svolger\u00e0 <strong>il 10 giugno<\/strong> (ore 19) a Villa La Pietra, per proseguire il giorno successivo al <strong>The Recovery Plan<\/strong> \u00a0in via Santa Reparata 19r Firenze.<\/p>\n<figure id=\"post-341692 media-341692\" class=\"align-none\"><img decoding=\"async\" src=\"https:\/\/www.intoscana.it\/wp-content\/uploads\/Dr-Cupid_0129-scaled.jpeg\" alt=\"\" \/><\/figure>\n<div class=\"titleimg\">The Season 2024 a Villa La Pietra<\/div>\n<p>Il <strong>12 giugno,<\/strong> alle ore 18, l&#8217;autrice e professoressa della New York University,<strong> Alison Cornish,<\/strong> in conversazione con la<strong> professoressa Federica Anichini<\/strong>, presenter\u00e0 il suo ultimo libro <strong><em>Believing in Dante: Truth in Fiction,<\/em> <\/strong>un&#8217;avvincente rivisitazione della Divina Commedia che mostra il valore di un impegno critico e costruttivo con testi che non necessariamente coincidono con l\u2019attuale visione del nostro mondo.<\/p>\n<p><strong>Luned\u00ec 17 giugno<\/strong> (ore 18) la rassegna prosegue con <strong><em>Risky Business: Rethinking Women on the Baroque Stage<\/em><\/strong>, una presentazione di due libri e discussione con gli autori moderata dal docente NYU Florence <strong>Eric Nicholson<\/strong>. La dottoressa<strong> Jessica Goethals<\/strong> (PhD, Italian Studies, New York University) ed il Professor <strong>Eugenio Refini<\/strong> (Professore di Italian Studies e Presidente del Dipartimento di Italian Studies alla New York University) presenteranno i loro rispettivi libri: <strong><em>Margherita Costa, Diva of the Baroque Court,<\/em><\/strong> un libro erudito sulla cantante, cortigiana e scrittrice romana che conquist\u00f2 la ribalta e la fama presso le corti d&#8217;Italia e di Francia durante la met\u00e0 del XVII secolo, e<strong><em> Staging the Soul. Allegorical Drama as Spiritual Practice in Baroque Italy.<\/em><\/strong><\/p>\n<p>Un appuntamento fisso nel calendario di <strong>The Season<\/strong> \u00e8 lo spettacolo degli studenti del programma di Commedia dell&#8217;Arte della NYU Tisch in programma il <strong>25 giugno<\/strong> (ore 21). Il professor James R. Calder, del Dipartimento di performing arts di New York University, li diriger\u00e0 in<strong> una commedia di Moli\u00e8re.<\/strong><\/p>\n<p>Il <strong>27 giugno,<\/strong> (ore 20), la Continuum Company, un gruppo di attori professionisti, ex allievi del programma di Graduate Acting di New York University, metter\u00e0 in scena il famoso dibattito William Buckley vs. James Baldwin che, dalla sua trasmissione televisiva nel 1965, \u00e8 stato considerato uno dei pi\u00f9 influenti dibattiti intellettuali sul razzismo. Protagonisti gli attori Teagle F. Bougere e Jed Diamond.<\/p>\n<p>Il giorno successivo il <strong>28 giugno<\/strong> (ore 21), l&#8217;associazione African Diaspora Cinema Festival proietta a Villa la Pietra il film o cortometraggi finalisti del premio di quest&#8217;anno. Fondato dal regista Fide Dayo nel 2013, l&#8217;ADCF si \u00e8 guadagnato il plauso globale per il suo profondo impatto sull&#8217;industria del cinema. Nell&#8217;arco di quasi un decennio, il festival ha rappresentato una piattaforma vitale per gli artisti di origine africana che ogni anno si recano a Firenze da oltre cinquanta paesi per mostrare il loro lavoro e il loro talento.<\/p>\n<p>Il programma di <strong>The Season<\/strong> si concluder\u00e0 il<strong> 5 luglio,<\/strong> alle ore 19, con una coinvolgente performance di danza site-specific che si muover\u00e0 attraverso le varie &#8220;stanze&#8221; del giardino storico: No Explanation Needed, di WADE (Wandering Avian Dance Experience), una compagnia di arti performative poliedrica guidata da donne, che sostiene le voci e le espressioni artistiche di donne e di artisti storicamente sottorappresentati, mettendo al centro i temi universali della violenza di genere e dei diritti LGBTQIA+.<br \/>\nThe Season sfrutta come sempre tutti gli incantevoli scorci e spazi di Villa La Pietra e del suo giardino e accoglie gli amici della comunit\u00e0 fiorentina per godere di questi eventi speciali.<\/p>\n<p><strong>Tutti gli eventi sono gratuiti,<\/strong> ma \u00e8 necessaria la prenotazione perch\u00e9 i posti sono limitati. Per prenotare, inviare un&#8217;e-mail a <strong>lapietra.reply@nyu.edu.<\/strong><\/p>\n<figure id=\"post-341686 media-341686\" class=\"align-none\"><img decoding=\"async\" src=\"https:\/\/www.intoscana.it\/wp-content\/uploads\/Lanzetta-Teatrino-scaled.jpg\" alt=\"\" \/><\/figure>\n<div class=\"titleimg\">The Season 2024 a Villa La Pietra<\/div>\n","protected":false},"excerpt":{"rendered":"<p>Dal 23 maggio al 5 luglio nel bellissimo giardino di Villa La Pietra, sulle colline sopra Firenze, artisti, musicisti, scrittori, attori, ballerini e giovani talenti daranno vita a una rassegna di eventi culturali tutti a ingresso libero<\/p>\n","protected":false},"author":525,"featured_media":341685,"comment_status":"open","ping_status":"open","sticky":false,"template":"","format":"standard","meta":{"_acf_changed":false,"footnotes":""},"categories":[493],"tags":[216,5564,222,236],"class_list":["post-341684","post","type-post","status-publish","format-standard","has-post-thumbnail","hentry","category-cultura","tag-concerti","tag-danza","tag-mostre","tag-teatro"],"acf":[],"yoast_head":"<!-- This site is optimized with the Yoast SEO Premium plugin v24.2 (Yoast SEO v25.6) - https:\/\/yoast.com\/wordpress\/plugins\/seo\/ -->\n<title>The Season 2024 a Villa La Pietra: concerti, danza, teatro, approfondimenti e una mostra - intoscana<\/title>\n<meta name=\"description\" content=\"Dal 23 maggio al 5 luglio nel bellissimo giardino di Villa La Pietra, sulle colline sopra Firenze, una rassegna a ingresso libero\" \/>\n<meta name=\"robots\" content=\"index, follow, max-snippet:-1, max-image-preview:large, max-video-preview:-1\" \/>\n<link rel=\"canonical\" href=\"https:\/\/www.intoscana.it\/it\/the-season-2024-a-villa-la-pietra-concerti-danza-teatro-approfondimenti-e-una-mostra\/\" \/>\n<meta property=\"og:locale\" content=\"it_IT\" \/>\n<meta property=\"og:type\" content=\"article\" \/>\n<meta property=\"og:title\" content=\"The Season 2024 a Villa La Pietra: concerti, danza, teatro, approfondimenti e una mostra\" \/>\n<meta property=\"og:description\" content=\"Dal 23 maggio al 5 luglio nel bellissimo giardino di Villa La Pietra, sulle colline sopra Firenze, una rassegna a ingresso libero\" \/>\n<meta property=\"og:url\" content=\"https:\/\/www.intoscana.it\/it\/the-season-2024-a-villa-la-pietra-concerti-danza-teatro-approfondimenti-e-una-mostra\/\" \/>\n<meta property=\"og:site_name\" content=\"intoscana\" \/>\n<meta property=\"article:publisher\" content=\"https:\/\/www.facebook.com\/intoscana.it\" \/>\n<meta property=\"article:published_time\" content=\"2024-05-23T07:40:31+00:00\" \/>\n<meta property=\"article:modified_time\" content=\"2024-05-23T10:44:25+00:00\" \/>\n<meta property=\"og:image\" content=\"https:\/\/www.intoscana.it\/wp-content\/uploads\/CAV2249.jpg\" \/>\n\t<meta property=\"og:image:width\" content=\"1024\" \/>\n\t<meta property=\"og:image:height\" content=\"683\" \/>\n\t<meta property=\"og:image:type\" content=\"image\/jpeg\" \/>\n<meta name=\"author\" content=\"Redazione\" \/>\n<meta name=\"twitter:card\" content=\"summary_large_image\" \/>\n<meta name=\"twitter:creator\" content=\"@intoscana\" \/>\n<meta name=\"twitter:site\" content=\"@intoscana\" \/>\n<meta name=\"twitter:label1\" content=\"Written by\" \/>\n\t<meta name=\"twitter:data1\" content=\"Redazione\" \/>\n\t<meta name=\"twitter:label2\" content=\"Est. reading time\" \/>\n\t<meta name=\"twitter:data2\" content=\"5 minuti\" \/>\n<script type=\"application\/ld+json\" class=\"yoast-schema-graph\">{\"@context\":\"https:\/\/schema.org\",\"@graph\":[{\"@type\":\"WebPage\",\"@id\":\"https:\/\/www.intoscana.it\/it\/the-season-2024-a-villa-la-pietra-concerti-danza-teatro-approfondimenti-e-una-mostra\/\",\"url\":\"https:\/\/www.intoscana.it\/it\/the-season-2024-a-villa-la-pietra-concerti-danza-teatro-approfondimenti-e-una-mostra\/\",\"name\":\"The Season 2024 a Villa La Pietra: concerti, danza, teatro, approfondimenti e una mostra - intoscana\",\"isPartOf\":{\"@id\":\"https:\/\/www.intoscana.it\/it\/#website\"},\"primaryImageOfPage\":{\"@id\":\"https:\/\/www.intoscana.it\/it\/the-season-2024-a-villa-la-pietra-concerti-danza-teatro-approfondimenti-e-una-mostra\/#primaryimage\"},\"image\":{\"@id\":\"https:\/\/www.intoscana.it\/it\/the-season-2024-a-villa-la-pietra-concerti-danza-teatro-approfondimenti-e-una-mostra\/#primaryimage\"},\"thumbnailUrl\":\"https:\/\/www.intoscana.it\/wp-content\/uploads\/CAV2249.jpg\",\"datePublished\":\"2024-05-23T07:40:31+00:00\",\"dateModified\":\"2024-05-23T10:44:25+00:00\",\"author\":{\"@id\":\"https:\/\/www.intoscana.it\/it\/#\/schema\/person\/9223810753230f20bd670fdd322661f8\"},\"description\":\"Dal 23 maggio al 5 luglio nel bellissimo giardino di Villa La Pietra, sulle colline sopra Firenze, una rassegna a ingresso libero\",\"breadcrumb\":{\"@id\":\"https:\/\/www.intoscana.it\/it\/the-season-2024-a-villa-la-pietra-concerti-danza-teatro-approfondimenti-e-una-mostra\/#breadcrumb\"},\"inLanguage\":\"it-IT\",\"potentialAction\":[{\"@type\":\"ReadAction\",\"target\":[\"https:\/\/www.intoscana.it\/it\/the-season-2024-a-villa-la-pietra-concerti-danza-teatro-approfondimenti-e-una-mostra\/\"]}]},{\"@type\":\"ImageObject\",\"inLanguage\":\"it-IT\",\"@id\":\"https:\/\/www.intoscana.it\/it\/the-season-2024-a-villa-la-pietra-concerti-danza-teatro-approfondimenti-e-una-mostra\/#primaryimage\",\"url\":\"https:\/\/www.intoscana.it\/wp-content\/uploads\/CAV2249.jpg\",\"contentUrl\":\"https:\/\/www.intoscana.it\/wp-content\/uploads\/CAV2249.jpg\",\"width\":1024,\"height\":683,\"caption\":\"The Season 2024 a Villa La Pietra\"},{\"@type\":\"BreadcrumbList\",\"@id\":\"https:\/\/www.intoscana.it\/it\/the-season-2024-a-villa-la-pietra-concerti-danza-teatro-approfondimenti-e-una-mostra\/#breadcrumb\",\"itemListElement\":[{\"@type\":\"ListItem\",\"position\":1,\"name\":\"Home\",\"item\":\"https:\/\/www.intoscana.it\/it\/\"},{\"@type\":\"ListItem\",\"position\":2,\"name\":\"The Season 2024 a Villa La Pietra: concerti, danza, teatro, approfondimenti e una mostra\"}]},{\"@type\":\"WebSite\",\"@id\":\"https:\/\/www.intoscana.it\/it\/#website\",\"url\":\"https:\/\/www.intoscana.it\/it\/\",\"name\":\"intoscana\",\"description\":\"\",\"potentialAction\":[{\"@type\":\"SearchAction\",\"target\":{\"@type\":\"EntryPoint\",\"urlTemplate\":\"https:\/\/www.intoscana.it\/it\/?s={search_term_string}\"},\"query-input\":{\"@type\":\"PropertyValueSpecification\",\"valueRequired\":true,\"valueName\":\"search_term_string\"}}],\"inLanguage\":\"it-IT\"},{\"@type\":\"Person\",\"@id\":\"https:\/\/www.intoscana.it\/it\/#\/schema\/person\/9223810753230f20bd670fdd322661f8\",\"name\":\"Redazione\",\"url\":\"https:\/\/www.intoscana.it\/it\/author\/redazione\/\"}]}<\/script>\n<!-- \/ Yoast SEO Premium plugin. -->","yoast_head_json":{"title":"The Season 2024 a Villa La Pietra: concerti, danza, teatro, approfondimenti e una mostra - intoscana","description":"Dal 23 maggio al 5 luglio nel bellissimo giardino di Villa La Pietra, sulle colline sopra Firenze, una rassegna a ingresso libero","robots":{"index":"index","follow":"follow","max-snippet":"max-snippet:-1","max-image-preview":"max-image-preview:large","max-video-preview":"max-video-preview:-1"},"canonical":"https:\/\/www.intoscana.it\/it\/the-season-2024-a-villa-la-pietra-concerti-danza-teatro-approfondimenti-e-una-mostra\/","og_locale":"it_IT","og_type":"article","og_title":"The Season 2024 a Villa La Pietra: concerti, danza, teatro, approfondimenti e una mostra","og_description":"Dal 23 maggio al 5 luglio nel bellissimo giardino di Villa La Pietra, sulle colline sopra Firenze, una rassegna a ingresso libero","og_url":"https:\/\/www.intoscana.it\/it\/the-season-2024-a-villa-la-pietra-concerti-danza-teatro-approfondimenti-e-una-mostra\/","og_site_name":"intoscana","article_publisher":"https:\/\/www.facebook.com\/intoscana.it","article_published_time":"2024-05-23T07:40:31+00:00","article_modified_time":"2024-05-23T10:44:25+00:00","og_image":[{"width":1024,"height":683,"url":"https:\/\/www.intoscana.it\/wp-content\/uploads\/CAV2249.jpg","type":"image\/jpeg"}],"author":"Redazione","twitter_card":"summary_large_image","twitter_creator":"@intoscana","twitter_site":"@intoscana","twitter_misc":{"Written by":"Redazione","Est. reading time":"5 minuti"},"schema":{"@context":"https:\/\/schema.org","@graph":[{"@type":"WebPage","@id":"https:\/\/www.intoscana.it\/it\/the-season-2024-a-villa-la-pietra-concerti-danza-teatro-approfondimenti-e-una-mostra\/","url":"https:\/\/www.intoscana.it\/it\/the-season-2024-a-villa-la-pietra-concerti-danza-teatro-approfondimenti-e-una-mostra\/","name":"The Season 2024 a Villa La Pietra: concerti, danza, teatro, approfondimenti e una mostra - intoscana","isPartOf":{"@id":"https:\/\/www.intoscana.it\/it\/#website"},"primaryImageOfPage":{"@id":"https:\/\/www.intoscana.it\/it\/the-season-2024-a-villa-la-pietra-concerti-danza-teatro-approfondimenti-e-una-mostra\/#primaryimage"},"image":{"@id":"https:\/\/www.intoscana.it\/it\/the-season-2024-a-villa-la-pietra-concerti-danza-teatro-approfondimenti-e-una-mostra\/#primaryimage"},"thumbnailUrl":"https:\/\/www.intoscana.it\/wp-content\/uploads\/CAV2249.jpg","datePublished":"2024-05-23T07:40:31+00:00","dateModified":"2024-05-23T10:44:25+00:00","author":{"@id":"https:\/\/www.intoscana.it\/it\/#\/schema\/person\/9223810753230f20bd670fdd322661f8"},"description":"Dal 23 maggio al 5 luglio nel bellissimo giardino di Villa La Pietra, sulle colline sopra Firenze, una rassegna a ingresso libero","breadcrumb":{"@id":"https:\/\/www.intoscana.it\/it\/the-season-2024-a-villa-la-pietra-concerti-danza-teatro-approfondimenti-e-una-mostra\/#breadcrumb"},"inLanguage":"it-IT","potentialAction":[{"@type":"ReadAction","target":["https:\/\/www.intoscana.it\/it\/the-season-2024-a-villa-la-pietra-concerti-danza-teatro-approfondimenti-e-una-mostra\/"]}]},{"@type":"ImageObject","inLanguage":"it-IT","@id":"https:\/\/www.intoscana.it\/it\/the-season-2024-a-villa-la-pietra-concerti-danza-teatro-approfondimenti-e-una-mostra\/#primaryimage","url":"https:\/\/www.intoscana.it\/wp-content\/uploads\/CAV2249.jpg","contentUrl":"https:\/\/www.intoscana.it\/wp-content\/uploads\/CAV2249.jpg","width":1024,"height":683,"caption":"The Season 2024 a Villa La Pietra"},{"@type":"BreadcrumbList","@id":"https:\/\/www.intoscana.it\/it\/the-season-2024-a-villa-la-pietra-concerti-danza-teatro-approfondimenti-e-una-mostra\/#breadcrumb","itemListElement":[{"@type":"ListItem","position":1,"name":"Home","item":"https:\/\/www.intoscana.it\/it\/"},{"@type":"ListItem","position":2,"name":"The Season 2024 a Villa La Pietra: concerti, danza, teatro, approfondimenti e una mostra"}]},{"@type":"WebSite","@id":"https:\/\/www.intoscana.it\/it\/#website","url":"https:\/\/www.intoscana.it\/it\/","name":"intoscana","description":"","potentialAction":[{"@type":"SearchAction","target":{"@type":"EntryPoint","urlTemplate":"https:\/\/www.intoscana.it\/it\/?s={search_term_string}"},"query-input":{"@type":"PropertyValueSpecification","valueRequired":true,"valueName":"search_term_string"}}],"inLanguage":"it-IT"},{"@type":"Person","@id":"https:\/\/www.intoscana.it\/it\/#\/schema\/person\/9223810753230f20bd670fdd322661f8","name":"Redazione","url":"https:\/\/www.intoscana.it\/it\/author\/redazione\/"}]}},"_links":{"self":[{"href":"https:\/\/www.intoscana.it\/it\/wp-json\/wp\/v2\/posts\/341684","targetHints":{"allow":["GET"]}}],"collection":[{"href":"https:\/\/www.intoscana.it\/it\/wp-json\/wp\/v2\/posts"}],"about":[{"href":"https:\/\/www.intoscana.it\/it\/wp-json\/wp\/v2\/types\/post"}],"author":[{"embeddable":true,"href":"https:\/\/www.intoscana.it\/it\/wp-json\/wp\/v2\/users\/525"}],"replies":[{"embeddable":true,"href":"https:\/\/www.intoscana.it\/it\/wp-json\/wp\/v2\/comments?post=341684"}],"version-history":[{"count":8,"href":"https:\/\/www.intoscana.it\/it\/wp-json\/wp\/v2\/posts\/341684\/revisions"}],"predecessor-version":[{"id":341752,"href":"https:\/\/www.intoscana.it\/it\/wp-json\/wp\/v2\/posts\/341684\/revisions\/341752"}],"wp:featuredmedia":[{"embeddable":true,"href":"https:\/\/www.intoscana.it\/it\/wp-json\/wp\/v2\/media\/341685"}],"wp:attachment":[{"href":"https:\/\/www.intoscana.it\/it\/wp-json\/wp\/v2\/media?parent=341684"}],"wp:term":[{"taxonomy":"category","embeddable":true,"href":"https:\/\/www.intoscana.it\/it\/wp-json\/wp\/v2\/categories?post=341684"},{"taxonomy":"post_tag","embeddable":true,"href":"https:\/\/www.intoscana.it\/it\/wp-json\/wp\/v2\/tags?post=341684"}],"curies":[{"name":"wp","href":"https:\/\/api.w.org\/{rel}","templated":true}]}}