{"id":341984,"date":"2024-05-31T07:41:05","date_gmt":"2024-05-31T05:41:05","guid":{"rendered":"https:\/\/www.intoscana.it\/it\/?p=341984"},"modified":"2024-05-31T13:31:17","modified_gmt":"2024-05-31T11:31:17","slug":"e-iniziata-lavventura-dei-citta-deserta-sperimentazioni-space-kraut-per-cowboy-oltre-i-limiti","status":"publish","type":"post","link":"https:\/\/www.intoscana.it\/it\/e-iniziata-lavventura-dei-citta-deserta-sperimentazioni-space-kraut-per-cowboy-oltre-i-limiti\/","title":{"rendered":"\u00c8 iniziata l&#8217;avventura dei Citt\u00e0 Deserta: sperimentazioni space-kraut per cowboy oltre i limiti"},"content":{"rendered":"<p>C&#8217;\u00e8 una nuova band in citt\u00e0, nata dalla voglia di sperimentare nuovi linguaggi e nuove strade: <strong>Mattia Gabrielli<\/strong> (gi\u00e0 Plastic Man), <strong>Luca Landi<\/strong> (cuore del Go!Zilla) e <strong>Fabio Ricciolo<\/strong> alle percussioni sono i <strong>Citt\u00e0 Deserta.\u00a0<\/strong><\/p>\n<p>\u00c8 uscito su tutte le piattaforme il primo singolo <strong><em>&#8220;The Lawn&#8221;<\/em><\/strong>, per <strong>Annibale Records<\/strong>, un brano interamente strumentale, dal<strong> mood fanta-horror<\/strong>, un pezzo <em>&#8220;tra apocalisse e resurrezione&#8221;, <\/em>come lo ha\u00a0definito la <strong>band fiorentina.\u00a0<\/strong><\/p>\n<p><strong>Il progetto nato durante la pandemia<\/strong> ha un sound che\u00a0pu\u00f2 definirsi <strong>space-cowboy kraut,<\/strong> ispirato ai grandi compositori di colonne sonore come <strong>John Carpenter, Alessandro Alessandroni, Piero Umiliani e Giuliano Sorgini<\/strong>.<\/p>\n<p>Le composizioni dei <strong>Citt\u00e0 Deserta<\/strong> prendono appunto forma della idee di <strong>Landi,<\/strong> frontman della formazione psych-garage rock<strong> Go!Zilla,<\/strong> e Gabbrielli, attuale bassista del gruppo acid pop <strong>Plastic Man<\/strong>, evocando un<strong> immaginario cinematografico<\/strong> che scaturisce in maniera sia conscia sia inconscia.<\/p>\n<figure id=\"post-342884 media-342884\" class=\"align-none\"><img decoding=\"async\" src=\"https:\/\/www.intoscana.it\/wp-content\/uploads\/443821307_18431976826032487_4222355408989074075_n.jpg\" alt=\"\" \/><\/figure>\n<div class=\"titleimg\"><em>Luca Lando &#8211; \u00a9 Andy Venturini<\/em><\/div>\n<h3>Ecco la nostra intervista<\/h3>\n<p><strong>Ciao ragazzi! Ho letto che questo progetto musicale \u00e8 nato durante la pandemia, \u00e8 cos\u00ec?<br \/>\n<\/strong><br \/>\n<strong>Mattia<\/strong>: Il progetto \u00e8 partito negli ultimi mesi di pandemia, abbiamo iniziato a mandarci materiale a vicenda e poi <strong>abbiamo cominciato a lavorare in sessioni separate,<\/strong> ognuno nel suo studio.<br \/>\n<strong>Luca<\/strong>: \u00c8 il classico progetto nato per passare il tempo, poi le cose sono venute bene, ci siamo divertiti molto a lavorare insieme e quindi <strong>abbiamo deciso di dargli una dignit\u00e0 maggiore.<\/strong><\/p>\n<p><strong>Fin da subito \u00e8 stato un progetto solo strumentale?<br \/>\n<\/strong><br \/>\n<strong>Luca<\/strong>: In realt\u00e0 all&#8217;inizio eravamo un po&#8217; in dubbio. Io per\u00f2 <strong>venivo dal progetto Go!Zilla in cui devo gi\u00e0 cantare tutti i pezzi<\/strong> quindi non avevo troppa voglia. D&#8217;altra parte stavamo cercando un modo per creare delle melodie, e poi piano, piano abbiamo sostituito le voci con le tastiere poi con le chitarre e abbiamo deciso di evitare di usare la voce.<br \/>\n<strong>Mattia<\/strong>: In partenza <strong>volevamo fare qualcosa di diverso<\/strong>, rispetto a quello che avevamo\u00a0gi\u00e0 fatto con i nostri gruppi precedenti.<\/p>\n<p><strong>Mi sembra che sia fortissima la vicinanza alla musica del cinema e a grandi compositori per il grande schermo come Carpenter, quindi volevo chiedere a entrambi un dei vostri film preferiti, un vostro punto di riferimento<\/strong><\/p>\n<p><strong>Luca:<\/strong> Tempo fa insieme a Mattia guardavamo un film di Carpenter <strong><em>&#8220;Essi vivono&#8221;<\/em><\/strong>, e una delle prima cose che ho ascoltato \u00e8 un disco che \u00e8 fatto di b-side che non state mai inserite in un film che si chiama <strong><em>&#8220;Lost Themes&#8221;.<\/em><\/strong> Sono tutte musiche da lui composte per il cinema e poi mai utilizzate. Ne sono uscite varie\u00a0versioni.<br \/>\n<strong>Mattia: <\/strong>Se stiamo su Carpenter sicuramente <strong>&#8220;<em>The Fog&#8221;<\/em> <\/strong>\u00e8 uno dei miei preferiti. Ma vorrei anche citare tra gli album che ci hanno ispirati anche<strong><em> &#8220;Afro Discoteca&#8221;<\/em>di Alessandroni.<\/strong><\/p>\n<p><iframe loading=\"lazy\" title=\"YouTube video player\" src=\"https:\/\/www.youtube.com\/embed\/dTx91CqQ280?si=Ysfj90WJqQs2VX2w\" width=\"800\" height=\"450\" frameborder=\"0\" allowfullscreen=\"allowfullscreen\"><span data-mce-type=\"bookmark\" style=\"display: inline-block; width: 0px; overflow: hidden; line-height: 0;\" class=\"mce_SELRES_start\">\ufeff<\/span><\/iframe><\/p>\n<p><strong>Luca, per questo disco hai deciso di imparare a suonare il sax, all&#8217;insegna della sperimentazione<\/strong><\/p>\n<p><strong>Luca:<\/strong> Ero a lezione proprio stamattina. Sono contento perch\u00e9 <strong>era un mio vecchio pallino imparare a suonare il sassofono tenore.<\/strong> Mi piace e mi diverte perch\u00e9 ho voglia di variare.\u00a0Questo per noi \u00e8 un progetto molto importante ma \u00e8 anche un modo di <strong>mettere in pratica cose che normalmente non faremmo.<\/strong> Poi c&#8217;\u00e8 da dire anche che molto spesso quando ti approcci a uno strumento che non \u00e8 il tuo, da neofita, hai una modalit\u00e0 che \u00e8 pi\u00f9 sulla ricerca del suono, della nota, rispetto alla tecnica.\u00a0Quindi cosa succede, trovi delle soluzioni, delle melodie ispirate perch\u00e9 non sei influenzato dalla tecnica appunto.<\/p>\n<p><strong>Avete presentato il disco in un concerto all&#8217;Ex Fila di Firenze, sul palco con voi anche una bravissima bassista che spero di rivedere,\u00a0mi ha colpito molto<\/strong><\/p>\n<p><strong>Mattia<\/strong>: Si chiama <a href=\"https:\/\/www.facebook.com\/Fruz.rick\" target=\"_blank\" rel=\"noopener\"><strong>Francesca Fruz<\/strong><\/a>, \u00e8 una grande bassista e si \u00e8 immedesimata subito nel progetto quindi siamo molto felici di averla con noi.<\/p>\n<p><strong>Sono previsti altri concerti?<br \/>\n<\/strong><br \/>\n<strong>Luca:<\/strong> Abbiamo una data a <strong>WIP a Terranuova Bracciolini il 28 giugno<\/strong>, poi avremo una data all&#8217;<strong>Hana-Bi di Marina di Ravenna<\/strong> ancora da stabilire, poi parteciperemo al <strong>Festivalto alla Limonaia di Fucecchio.<\/strong> L&#8217;idea \u00e8 quella di fare varie date in attesa dell&#8217;uscita del disco.<\/p>\n<figure id=\"post-341941 media-341941\" class=\"align-none\"><img decoding=\"async\" src=\"https:\/\/www.intoscana.it\/wp-content\/uploads\/Citta-Deserta_-The-Lawn_album-cover-scaled-1-scaled.jpg\" alt=\"\" \/><\/figure>\n<div class=\"titleimg\">Citt\u00e0 Deserta, The-Lawn<\/div>\n","protected":false},"excerpt":{"rendered":"<p>E&#8217; uscito su tutte le piattaforme per l&#8217;etichetta Annibale Records il singolo &#8220;The Lawn&#8221; della nuova band fiorentina formata da Luca Landi, Mattia Gabrielli e Fabio Ricciolo<\/p>\n","protected":false},"author":518,"featured_media":341940,"comment_status":"open","ping_status":"open","sticky":false,"template":"","format":"standard","meta":{"_acf_changed":false,"footnotes":""},"categories":[14],"tags":[216,3138],"class_list":["post-341984","post","type-post","status-publish","format-standard","has-post-thumbnail","hentry","category-musica","tag-concerti","tag-interviste-agli-artisti"],"acf":[],"yoast_head":"<!-- This site is optimized with the Yoast SEO Premium plugin v24.2 (Yoast SEO v25.6) - https:\/\/yoast.com\/wordpress\/plugins\/seo\/ -->\n<title>\u00c8 iniziata l&#039;avventura dei Citt\u00e0 Deserta: sperimentazioni space-kraut per cowboy oltre i limiti - intoscana<\/title>\n<meta name=\"description\" content=\"Esse oggi su tutte le piattaforma per l&#039;etichetta Annibale Records il singolo &quot;The Lawn&quot; della nuova band fiorentina\" \/>\n<meta name=\"robots\" content=\"index, follow, max-snippet:-1, max-image-preview:large, max-video-preview:-1\" \/>\n<link rel=\"canonical\" href=\"https:\/\/www.intoscana.it\/it\/e-iniziata-lavventura-dei-citta-deserta-sperimentazioni-space-kraut-per-cowboy-oltre-i-limiti\/\" \/>\n<meta property=\"og:locale\" content=\"it_IT\" \/>\n<meta property=\"og:type\" content=\"article\" \/>\n<meta property=\"og:title\" content=\"\u00c8 iniziata l&#039;avventura dei Citt\u00e0 Deserta: sperimentazioni space-kraut per cowboy oltre i limiti\" \/>\n<meta property=\"og:description\" content=\"Esse oggi su tutte le piattaforma per l&#039;etichetta Annibale Records il singolo &quot;The Lawn&quot; della nuova band fiorentina\" \/>\n<meta property=\"og:url\" content=\"https:\/\/www.intoscana.it\/it\/e-iniziata-lavventura-dei-citta-deserta-sperimentazioni-space-kraut-per-cowboy-oltre-i-limiti\/\" \/>\n<meta property=\"og:site_name\" content=\"intoscana\" \/>\n<meta property=\"article:publisher\" content=\"https:\/\/www.facebook.com\/intoscana.it\" \/>\n<meta property=\"article:published_time\" content=\"2024-05-31T05:41:05+00:00\" \/>\n<meta property=\"article:modified_time\" content=\"2024-05-31T11:31:17+00:00\" \/>\n<meta property=\"og:image\" content=\"https:\/\/www.intoscana.it\/wp-content\/uploads\/Citta-Deserta1.jpg\" \/>\n\t<meta property=\"og:image:width\" content=\"1280\" \/>\n\t<meta property=\"og:image:height\" content=\"809\" \/>\n\t<meta property=\"og:image:type\" content=\"image\/jpeg\" \/>\n<meta name=\"author\" content=\"Costanza Baldini\" \/>\n<meta name=\"twitter:card\" content=\"summary_large_image\" \/>\n<meta name=\"twitter:creator\" content=\"@intoscana\" \/>\n<meta name=\"twitter:site\" content=\"@intoscana\" \/>\n<meta name=\"twitter:label1\" content=\"Written by\" \/>\n\t<meta name=\"twitter:data1\" content=\"Costanza Baldini\" \/>\n\t<meta name=\"twitter:label2\" content=\"Est. reading time\" \/>\n\t<meta name=\"twitter:data2\" content=\"5 minuti\" \/>\n<script type=\"application\/ld+json\" class=\"yoast-schema-graph\">{\"@context\":\"https:\/\/schema.org\",\"@graph\":[{\"@type\":\"WebPage\",\"@id\":\"https:\/\/www.intoscana.it\/it\/e-iniziata-lavventura-dei-citta-deserta-sperimentazioni-space-kraut-per-cowboy-oltre-i-limiti\/\",\"url\":\"https:\/\/www.intoscana.it\/it\/e-iniziata-lavventura-dei-citta-deserta-sperimentazioni-space-kraut-per-cowboy-oltre-i-limiti\/\",\"name\":\"\u00c8 iniziata l'avventura dei Citt\u00e0 Deserta: sperimentazioni space-kraut per cowboy oltre i limiti - intoscana\",\"isPartOf\":{\"@id\":\"https:\/\/www.intoscana.it\/it\/#website\"},\"primaryImageOfPage\":{\"@id\":\"https:\/\/www.intoscana.it\/it\/e-iniziata-lavventura-dei-citta-deserta-sperimentazioni-space-kraut-per-cowboy-oltre-i-limiti\/#primaryimage\"},\"image\":{\"@id\":\"https:\/\/www.intoscana.it\/it\/e-iniziata-lavventura-dei-citta-deserta-sperimentazioni-space-kraut-per-cowboy-oltre-i-limiti\/#primaryimage\"},\"thumbnailUrl\":\"https:\/\/www.intoscana.it\/wp-content\/uploads\/Citta-Deserta1.jpg\",\"datePublished\":\"2024-05-31T05:41:05+00:00\",\"dateModified\":\"2024-05-31T11:31:17+00:00\",\"author\":{\"@id\":\"https:\/\/www.intoscana.it\/it\/#\/schema\/person\/d469f35f09739bdf00bf5dd3f0647a82\"},\"description\":\"Esse oggi su tutte le piattaforma per l'etichetta Annibale Records il singolo \\\"The Lawn\\\" della nuova band fiorentina\",\"breadcrumb\":{\"@id\":\"https:\/\/www.intoscana.it\/it\/e-iniziata-lavventura-dei-citta-deserta-sperimentazioni-space-kraut-per-cowboy-oltre-i-limiti\/#breadcrumb\"},\"inLanguage\":\"it-IT\",\"potentialAction\":[{\"@type\":\"ReadAction\",\"target\":[\"https:\/\/www.intoscana.it\/it\/e-iniziata-lavventura-dei-citta-deserta-sperimentazioni-space-kraut-per-cowboy-oltre-i-limiti\/\"]}]},{\"@type\":\"ImageObject\",\"inLanguage\":\"it-IT\",\"@id\":\"https:\/\/www.intoscana.it\/it\/e-iniziata-lavventura-dei-citta-deserta-sperimentazioni-space-kraut-per-cowboy-oltre-i-limiti\/#primaryimage\",\"url\":\"https:\/\/www.intoscana.it\/wp-content\/uploads\/Citta-Deserta1.jpg\",\"contentUrl\":\"https:\/\/www.intoscana.it\/wp-content\/uploads\/Citta-Deserta1.jpg\",\"width\":1280,\"height\":809},{\"@type\":\"BreadcrumbList\",\"@id\":\"https:\/\/www.intoscana.it\/it\/e-iniziata-lavventura-dei-citta-deserta-sperimentazioni-space-kraut-per-cowboy-oltre-i-limiti\/#breadcrumb\",\"itemListElement\":[{\"@type\":\"ListItem\",\"position\":1,\"name\":\"Home\",\"item\":\"https:\/\/www.intoscana.it\/it\/\"},{\"@type\":\"ListItem\",\"position\":2,\"name\":\"\u00c8 iniziata l&#8217;avventura dei Citt\u00e0 Deserta: sperimentazioni space-kraut per cowboy oltre i limiti\"}]},{\"@type\":\"WebSite\",\"@id\":\"https:\/\/www.intoscana.it\/it\/#website\",\"url\":\"https:\/\/www.intoscana.it\/it\/\",\"name\":\"intoscana\",\"description\":\"\",\"potentialAction\":[{\"@type\":\"SearchAction\",\"target\":{\"@type\":\"EntryPoint\",\"urlTemplate\":\"https:\/\/www.intoscana.it\/it\/?s={search_term_string}\"},\"query-input\":{\"@type\":\"PropertyValueSpecification\",\"valueRequired\":true,\"valueName\":\"search_term_string\"}}],\"inLanguage\":\"it-IT\"},{\"@type\":\"Person\",\"@id\":\"https:\/\/www.intoscana.it\/it\/#\/schema\/person\/d469f35f09739bdf00bf5dd3f0647a82\",\"name\":\"Costanza Baldini\",\"url\":\"https:\/\/www.intoscana.it\/it\/author\/costanza-baldini\/\"}]}<\/script>\n<!-- \/ Yoast SEO Premium plugin. -->","yoast_head_json":{"title":"\u00c8 iniziata l'avventura dei Citt\u00e0 Deserta: sperimentazioni space-kraut per cowboy oltre i limiti - intoscana","description":"Esse oggi su tutte le piattaforma per l'etichetta Annibale Records il singolo \"The Lawn\" della nuova band fiorentina","robots":{"index":"index","follow":"follow","max-snippet":"max-snippet:-1","max-image-preview":"max-image-preview:large","max-video-preview":"max-video-preview:-1"},"canonical":"https:\/\/www.intoscana.it\/it\/e-iniziata-lavventura-dei-citta-deserta-sperimentazioni-space-kraut-per-cowboy-oltre-i-limiti\/","og_locale":"it_IT","og_type":"article","og_title":"\u00c8 iniziata l'avventura dei Citt\u00e0 Deserta: sperimentazioni space-kraut per cowboy oltre i limiti","og_description":"Esse oggi su tutte le piattaforma per l'etichetta Annibale Records il singolo \"The Lawn\" della nuova band fiorentina","og_url":"https:\/\/www.intoscana.it\/it\/e-iniziata-lavventura-dei-citta-deserta-sperimentazioni-space-kraut-per-cowboy-oltre-i-limiti\/","og_site_name":"intoscana","article_publisher":"https:\/\/www.facebook.com\/intoscana.it","article_published_time":"2024-05-31T05:41:05+00:00","article_modified_time":"2024-05-31T11:31:17+00:00","og_image":[{"width":1280,"height":809,"url":"https:\/\/www.intoscana.it\/wp-content\/uploads\/Citta-Deserta1.jpg","type":"image\/jpeg"}],"author":"Costanza Baldini","twitter_card":"summary_large_image","twitter_creator":"@intoscana","twitter_site":"@intoscana","twitter_misc":{"Written by":"Costanza Baldini","Est. reading time":"5 minuti"},"schema":{"@context":"https:\/\/schema.org","@graph":[{"@type":"WebPage","@id":"https:\/\/www.intoscana.it\/it\/e-iniziata-lavventura-dei-citta-deserta-sperimentazioni-space-kraut-per-cowboy-oltre-i-limiti\/","url":"https:\/\/www.intoscana.it\/it\/e-iniziata-lavventura-dei-citta-deserta-sperimentazioni-space-kraut-per-cowboy-oltre-i-limiti\/","name":"\u00c8 iniziata l'avventura dei Citt\u00e0 Deserta: sperimentazioni space-kraut per cowboy oltre i limiti - intoscana","isPartOf":{"@id":"https:\/\/www.intoscana.it\/it\/#website"},"primaryImageOfPage":{"@id":"https:\/\/www.intoscana.it\/it\/e-iniziata-lavventura-dei-citta-deserta-sperimentazioni-space-kraut-per-cowboy-oltre-i-limiti\/#primaryimage"},"image":{"@id":"https:\/\/www.intoscana.it\/it\/e-iniziata-lavventura-dei-citta-deserta-sperimentazioni-space-kraut-per-cowboy-oltre-i-limiti\/#primaryimage"},"thumbnailUrl":"https:\/\/www.intoscana.it\/wp-content\/uploads\/Citta-Deserta1.jpg","datePublished":"2024-05-31T05:41:05+00:00","dateModified":"2024-05-31T11:31:17+00:00","author":{"@id":"https:\/\/www.intoscana.it\/it\/#\/schema\/person\/d469f35f09739bdf00bf5dd3f0647a82"},"description":"Esse oggi su tutte le piattaforma per l'etichetta Annibale Records il singolo \"The Lawn\" della nuova band fiorentina","breadcrumb":{"@id":"https:\/\/www.intoscana.it\/it\/e-iniziata-lavventura-dei-citta-deserta-sperimentazioni-space-kraut-per-cowboy-oltre-i-limiti\/#breadcrumb"},"inLanguage":"it-IT","potentialAction":[{"@type":"ReadAction","target":["https:\/\/www.intoscana.it\/it\/e-iniziata-lavventura-dei-citta-deserta-sperimentazioni-space-kraut-per-cowboy-oltre-i-limiti\/"]}]},{"@type":"ImageObject","inLanguage":"it-IT","@id":"https:\/\/www.intoscana.it\/it\/e-iniziata-lavventura-dei-citta-deserta-sperimentazioni-space-kraut-per-cowboy-oltre-i-limiti\/#primaryimage","url":"https:\/\/www.intoscana.it\/wp-content\/uploads\/Citta-Deserta1.jpg","contentUrl":"https:\/\/www.intoscana.it\/wp-content\/uploads\/Citta-Deserta1.jpg","width":1280,"height":809},{"@type":"BreadcrumbList","@id":"https:\/\/www.intoscana.it\/it\/e-iniziata-lavventura-dei-citta-deserta-sperimentazioni-space-kraut-per-cowboy-oltre-i-limiti\/#breadcrumb","itemListElement":[{"@type":"ListItem","position":1,"name":"Home","item":"https:\/\/www.intoscana.it\/it\/"},{"@type":"ListItem","position":2,"name":"\u00c8 iniziata l&#8217;avventura dei Citt\u00e0 Deserta: sperimentazioni space-kraut per cowboy oltre i limiti"}]},{"@type":"WebSite","@id":"https:\/\/www.intoscana.it\/it\/#website","url":"https:\/\/www.intoscana.it\/it\/","name":"intoscana","description":"","potentialAction":[{"@type":"SearchAction","target":{"@type":"EntryPoint","urlTemplate":"https:\/\/www.intoscana.it\/it\/?s={search_term_string}"},"query-input":{"@type":"PropertyValueSpecification","valueRequired":true,"valueName":"search_term_string"}}],"inLanguage":"it-IT"},{"@type":"Person","@id":"https:\/\/www.intoscana.it\/it\/#\/schema\/person\/d469f35f09739bdf00bf5dd3f0647a82","name":"Costanza Baldini","url":"https:\/\/www.intoscana.it\/it\/author\/costanza-baldini\/"}]}},"_links":{"self":[{"href":"https:\/\/www.intoscana.it\/it\/wp-json\/wp\/v2\/posts\/341984","targetHints":{"allow":["GET"]}}],"collection":[{"href":"https:\/\/www.intoscana.it\/it\/wp-json\/wp\/v2\/posts"}],"about":[{"href":"https:\/\/www.intoscana.it\/it\/wp-json\/wp\/v2\/types\/post"}],"author":[{"embeddable":true,"href":"https:\/\/www.intoscana.it\/it\/wp-json\/wp\/v2\/users\/518"}],"replies":[{"embeddable":true,"href":"https:\/\/www.intoscana.it\/it\/wp-json\/wp\/v2\/comments?post=341984"}],"version-history":[{"count":14,"href":"https:\/\/www.intoscana.it\/it\/wp-json\/wp\/v2\/posts\/341984\/revisions"}],"predecessor-version":[{"id":342979,"href":"https:\/\/www.intoscana.it\/it\/wp-json\/wp\/v2\/posts\/341984\/revisions\/342979"}],"wp:featuredmedia":[{"embeddable":true,"href":"https:\/\/www.intoscana.it\/it\/wp-json\/wp\/v2\/media\/341940"}],"wp:attachment":[{"href":"https:\/\/www.intoscana.it\/it\/wp-json\/wp\/v2\/media?parent=341984"}],"wp:term":[{"taxonomy":"category","embeddable":true,"href":"https:\/\/www.intoscana.it\/it\/wp-json\/wp\/v2\/categories?post=341984"},{"taxonomy":"post_tag","embeddable":true,"href":"https:\/\/www.intoscana.it\/it\/wp-json\/wp\/v2\/tags?post=341984"}],"curies":[{"name":"wp","href":"https:\/\/api.w.org\/{rel}","templated":true}]}}