{"id":342054,"date":"2024-05-25T13:40:11","date_gmt":"2024-05-25T11:40:11","guid":{"rendered":"https:\/\/www.intoscana.it\/it\/?p=342054"},"modified":"2024-05-25T13:40:36","modified_gmt":"2024-05-25T11:40:36","slug":"la-trilogia-dellestasi-della-compagnia-zappala-danza-al-maggio-musicale-fiorentino","status":"publish","type":"post","link":"https:\/\/www.intoscana.it\/it\/la-trilogia-dellestasi-della-compagnia-zappala-danza-al-maggio-musicale-fiorentino\/","title":{"rendered":"La &#8220;Trilogia dell&#8217;estasi&#8221; della Compagnia Zappal\u00e0 Danza al Maggio Musicale Fiorentino"},"content":{"rendered":"<p><strong>Gioved\u00ec 30 e venerd\u00ec 31 maggio<\/strong> alle ore 20, nella<strong> sala Mehta del Teatro del Maggio Musicale Fiorentino<\/strong>, arriva <strong><em>&#8220;La trilogia dell\u2019estasi&#8221;.<\/em><\/strong><\/p>\n<p>Il progetto, ideato da <strong>Roberto Zappal\u00e0<\/strong> con la collaborazione di <strong>Nello Calabr\u00f2,<\/strong> \u00e8 una grande co-produzione fra la <strong>Fondazione Teatro del Maggio Musicale Fiorentino, la Compagnia Zappal\u00e0 Danza<\/strong>, Scenario Pubblico, il Centre Chor\u00e9graphique National de Rillieux-la-Pape di Lione, i Teatri di Reggio Emilia, MilanOltre Festival di Milano, il Teatro Massimo Bellini di Catania e in collaborazione con Fondazione Teatri di Piacenza, Fondazione Ravenna Manifestazioni e il Teatro del Giglio di Lucca.<\/p>\n<p>Lo spettacolo \u00e8 basato su <strong>tre fra le pi\u00f9 celebri composizioni<\/strong> dell\u2019ultimo secolo e mezzo:<em> Pr\u00e9lude \u00e0 l&#8217;apr\u00e8s-midi d&#8217;un faune<\/em> di<strong> Claude Debussy<\/strong>, il <em>Bol\u00e9ro<\/em> di <strong>Maurice Ravel<\/strong> e <em>Le Sacre du printemps<\/em> di <strong>Igor\u2019 Stravinskij.<\/strong><\/p>\n<p>Chiave della trilogia \u00e8 il <strong>lavoro sullo spazio,<\/strong> nel quale si va creando <strong>un unico dispositivo scenico<\/strong> che, volta per volta, limita, amplifica, e modifica la coreografia.<\/p>\n<p>La sfida e la scommessa di questa trilogia \u00e8 quella di <strong>trovare un nuovo immaginario che senza negare il passato,<\/strong> vuole non modernizzare ma, forte della maturit\u00e0 acquisita, personalizzare <strong>un mondo che ha gi\u00e0 un potere evocativo immenso.<\/strong><\/p>\n<p>Per Zappal\u00e0 l\u2019accento nelle sue creazioni, \u00e8 sulle <strong>relazioni umane, sui rapporti tra uomini e donne<\/strong>: negati, esaltati, violati in una \u201criflessione\u201d coreografica sulle<strong> derive della societ\u00e0 contemporanea.<\/strong><\/p>\n<figure id=\"post-342063 media-342063\" class=\"align-none\"><img decoding=\"async\" src=\"https:\/\/www.intoscana.it\/wp-content\/uploads\/C6vihleQ.jpeg\" alt=\"\" \/><\/figure>\n<div class=\"titleimg\"><em>Trilogia dell\u2019estasi, Compagnia Zappal\u00e0 Danza &#8211; \u00a9 Serena Nicoletti<\/em><\/div>\n<p>Il primo tassello della trilogia, gi\u00e0 rappresentato in forma di studio, nella versione pianistica suonata da Leonardo Zunica, <strong>L\u2019apr\u00e8s midi d\u2019un faune di Debussy, viene danzato in uno spazio ristretto<\/strong>, con quello che questo comporta in limitazione dello spazio scenico e coreografico.<\/p>\n<p>Il primo mobile concettuale della creazione, trae ispirazione da <strong>un tragico fatto di cronaca<\/strong> accaduto durante una festa in una villa nella campagna romana agli inizi del 2021 sul quale si innesta un\u2019evocazione dell\u2019iconica sequenza della<strong> festa\/rito in Eyes wide shut di Stanley Kubrick<\/strong>.<\/p>\n<p>Il<strong> riferimento\/omaggio a Kubrick<\/strong> esplicito nell\u2019impianto visuale del <strong>Bol\u00e9ro,<\/strong> coniuga l\u2019ossessivit\u00e0 della melodia di Ravel a una danza dove l\u2019aspetto rituale presente nel film \u00e8 trasfigurato ed esaltato dall\u2019immaginario visivo e coreografico di Zappal\u00e0.<\/p>\n<p>Per citare il titolo di un film di <strong>Lelouch<\/strong> si tratta sempre di<strong> danzare con e per \u201cgli uni e gli altri\u201d.<\/strong><\/p>\n<figure id=\"post-342058 media-342058\" class=\"align-none\"><img decoding=\"async\" src=\"https:\/\/www.intoscana.it\/wp-content\/uploads\/jqII-_m3-scaled.jpeg\" alt=\"\" \/><\/figure>\n<div class=\"titleimg\"><em>Trilogia dell\u2019estasi, Compagnia Zappal\u00e0 Danza &#8211; \u00a9 Serena Nicoletti<\/em><\/div>\n<p>La <a href=\"https:\/\/www.scenariopubblico.com\/compagnia-zappala-danza\/\" target=\"_blank\" rel=\"noopener\"><strong>Compagnia Zappal\u00e0 Danza<\/strong><\/a> da oltre 30 anni portatrice del pensiero artistico di <strong>Roberto Zappal\u00e0,<\/strong> si distingue per la disponibilit\u00e0 di un repertorio ampio e articolato, frutto del lavoro sinergico del coreografo, del suo drammaturgo di riferimento<strong> Nello Calabr\u00f2<\/strong> e dei danzatori che negli anni hanno permesso la realizzazione di <strong>oltre 80 produzioni, ospitate in tutto il mondo da teatri e festival di rilievo internazionale<\/strong>.<\/p>\n<p>Caratteristica delle creazioni \u00e8 anche un rigoroso lavoro sul linguaggio che nel tempo \u00e8 stato costruito, denominato <strong>MoDem.<\/strong> Tra i premi ricevuti, il Premio Danza&amp;Danza per \u201cA.semu tutti devoti tutti?\u201d e \u201cLA NONA\u201d.<\/p>\n<p>Dal 2002 la <strong>Compagnia Zappal\u00e0 Danza \u00e8 residente a Catania<\/strong> presso Scenario Pubblico, una struttura che ha consentito alla compagnia e al coreografo di ampliare e approfondire il lavoro di ricerca coreografica e di radicarsi sul territorio con attivit\u00e0 di produzione, promozione, ospitalit\u00e0, residenze, formazione e una programmazione ricca e articolata.<\/p>\n<p>Nel 2015 Scenario Pubblico\/Compagnia Zappal\u00e0 Danza viene riconosciuto dal <strong>MIC Centro Nazionale di Produzione della Danza,<\/strong> e nel 2022 ottiene un ulteriore riconoscimento come <strong>Centro di Rilevante Interesse Nazionale<\/strong>.<\/p>\n<figure id=\"post-342056 media-342056\" class=\"align-none\"><img decoding=\"async\" src=\"https:\/\/www.intoscana.it\/wp-content\/uploads\/Hp3lCSPA.jpeg\" alt=\"\" \/><\/figure>\n<div class=\"titleimg\"><\/div>\n","protected":false},"excerpt":{"rendered":"<p>Il 30 e 31 maggio 2024 alle ore 20, in Sala Mehta tre fra le pi\u00f9 celebri composizioni dell\u2019ultimo secolo e mezzo: Pr\u00e9lude \u00e0 l&#8217;apr\u00e8s-midi d&#8217;un faune di Claude Debussy, il Bol\u00e9ro di Maurice Ravel e Le Sacre du printemps di Igor\u2019 Stravinskij<\/p>\n","protected":false},"author":525,"featured_media":342064,"comment_status":"open","ping_status":"open","sticky":false,"template":"","format":"standard","meta":{"_acf_changed":false,"footnotes":""},"categories":[493],"tags":[5564,4474,202,369,236],"class_list":["post-342054","post","type-post","status-publish","format-standard","has-post-thumbnail","hentry","category-cultura","tag-danza","tag-eventi","tag-firenze","tag-maggio-musicale-fiorentino","tag-teatro"],"acf":[],"yoast_head":"<!-- This site is optimized with the Yoast SEO Premium plugin v24.2 (Yoast SEO v25.6) - https:\/\/yoast.com\/wordpress\/plugins\/seo\/ -->\n<title>La &quot;Trilogia dell&#039;estasi&quot; della Compagnia Zappal\u00e0 Danza al Maggio Musicale Fiorentino - intoscana<\/title>\n<meta name=\"description\" content=\"Il 30 e 31 maggio 2024 alle ore 20, in Sala Mehta tre fra le pi\u00f9 celebri composizioni dell\u2019ultimo secolo e mezzo\" \/>\n<meta name=\"robots\" content=\"index, follow, max-snippet:-1, max-image-preview:large, max-video-preview:-1\" \/>\n<link rel=\"canonical\" href=\"https:\/\/www.intoscana.it\/it\/la-trilogia-dellestasi-della-compagnia-zappala-danza-al-maggio-musicale-fiorentino\/\" \/>\n<meta property=\"og:locale\" content=\"it_IT\" \/>\n<meta property=\"og:type\" content=\"article\" \/>\n<meta property=\"og:title\" content=\"La &quot;Trilogia dell&#039;estasi&quot; della Compagnia Zappal\u00e0 Danza al Maggio Musicale Fiorentino\" \/>\n<meta property=\"og:description\" content=\"Il 30 e 31 maggio 2024 alle ore 20, in Sala Mehta tre fra le pi\u00f9 celebri composizioni dell\u2019ultimo secolo e mezzo\" \/>\n<meta property=\"og:url\" content=\"https:\/\/www.intoscana.it\/it\/la-trilogia-dellestasi-della-compagnia-zappala-danza-al-maggio-musicale-fiorentino\/\" \/>\n<meta property=\"og:site_name\" content=\"intoscana\" \/>\n<meta property=\"article:publisher\" content=\"https:\/\/www.facebook.com\/intoscana.it\" \/>\n<meta property=\"article:published_time\" content=\"2024-05-25T11:40:11+00:00\" \/>\n<meta property=\"article:modified_time\" content=\"2024-05-25T11:40:36+00:00\" \/>\n<meta property=\"og:image\" content=\"https:\/\/www.intoscana.it\/wp-content\/uploads\/dc4SgEwQ.jpeg\" \/>\n\t<meta property=\"og:image:width\" content=\"800\" \/>\n\t<meta property=\"og:image:height\" content=\"532\" \/>\n\t<meta property=\"og:image:type\" content=\"image\/jpeg\" \/>\n<meta name=\"author\" content=\"Redazione\" \/>\n<meta name=\"twitter:card\" content=\"summary_large_image\" \/>\n<meta name=\"twitter:creator\" content=\"@intoscana\" \/>\n<meta name=\"twitter:site\" content=\"@intoscana\" \/>\n<meta name=\"twitter:label1\" content=\"Written by\" \/>\n\t<meta name=\"twitter:data1\" content=\"Redazione\" \/>\n\t<meta name=\"twitter:label2\" content=\"Est. reading time\" \/>\n\t<meta name=\"twitter:data2\" content=\"4 minuti\" \/>\n<script type=\"application\/ld+json\" class=\"yoast-schema-graph\">{\"@context\":\"https:\/\/schema.org\",\"@graph\":[{\"@type\":\"WebPage\",\"@id\":\"https:\/\/www.intoscana.it\/it\/la-trilogia-dellestasi-della-compagnia-zappala-danza-al-maggio-musicale-fiorentino\/\",\"url\":\"https:\/\/www.intoscana.it\/it\/la-trilogia-dellestasi-della-compagnia-zappala-danza-al-maggio-musicale-fiorentino\/\",\"name\":\"La \\\"Trilogia dell'estasi\\\" della Compagnia Zappal\u00e0 Danza al Maggio Musicale Fiorentino - intoscana\",\"isPartOf\":{\"@id\":\"https:\/\/www.intoscana.it\/it\/#website\"},\"primaryImageOfPage\":{\"@id\":\"https:\/\/www.intoscana.it\/it\/la-trilogia-dellestasi-della-compagnia-zappala-danza-al-maggio-musicale-fiorentino\/#primaryimage\"},\"image\":{\"@id\":\"https:\/\/www.intoscana.it\/it\/la-trilogia-dellestasi-della-compagnia-zappala-danza-al-maggio-musicale-fiorentino\/#primaryimage\"},\"thumbnailUrl\":\"https:\/\/www.intoscana.it\/wp-content\/uploads\/dc4SgEwQ.jpeg\",\"datePublished\":\"2024-05-25T11:40:11+00:00\",\"dateModified\":\"2024-05-25T11:40:36+00:00\",\"author\":{\"@id\":\"https:\/\/www.intoscana.it\/it\/#\/schema\/person\/9223810753230f20bd670fdd322661f8\"},\"description\":\"Il 30 e 31 maggio 2024 alle ore 20, in Sala Mehta tre fra le pi\u00f9 celebri composizioni dell\u2019ultimo secolo e mezzo\",\"breadcrumb\":{\"@id\":\"https:\/\/www.intoscana.it\/it\/la-trilogia-dellestasi-della-compagnia-zappala-danza-al-maggio-musicale-fiorentino\/#breadcrumb\"},\"inLanguage\":\"it-IT\",\"potentialAction\":[{\"@type\":\"ReadAction\",\"target\":[\"https:\/\/www.intoscana.it\/it\/la-trilogia-dellestasi-della-compagnia-zappala-danza-al-maggio-musicale-fiorentino\/\"]}]},{\"@type\":\"ImageObject\",\"inLanguage\":\"it-IT\",\"@id\":\"https:\/\/www.intoscana.it\/it\/la-trilogia-dellestasi-della-compagnia-zappala-danza-al-maggio-musicale-fiorentino\/#primaryimage\",\"url\":\"https:\/\/www.intoscana.it\/wp-content\/uploads\/dc4SgEwQ.jpeg\",\"contentUrl\":\"https:\/\/www.intoscana.it\/wp-content\/uploads\/dc4SgEwQ.jpeg\",\"width\":800,\"height\":532,\"caption\":\"Trilogia dell'estasi, Compagnia Zappal\u00e0 Danza\"},{\"@type\":\"BreadcrumbList\",\"@id\":\"https:\/\/www.intoscana.it\/it\/la-trilogia-dellestasi-della-compagnia-zappala-danza-al-maggio-musicale-fiorentino\/#breadcrumb\",\"itemListElement\":[{\"@type\":\"ListItem\",\"position\":1,\"name\":\"Home\",\"item\":\"https:\/\/www.intoscana.it\/it\/\"},{\"@type\":\"ListItem\",\"position\":2,\"name\":\"La &#8220;Trilogia dell&#8217;estasi&#8221; della Compagnia Zappal\u00e0 Danza al Maggio Musicale Fiorentino\"}]},{\"@type\":\"WebSite\",\"@id\":\"https:\/\/www.intoscana.it\/it\/#website\",\"url\":\"https:\/\/www.intoscana.it\/it\/\",\"name\":\"intoscana\",\"description\":\"\",\"potentialAction\":[{\"@type\":\"SearchAction\",\"target\":{\"@type\":\"EntryPoint\",\"urlTemplate\":\"https:\/\/www.intoscana.it\/it\/?s={search_term_string}\"},\"query-input\":{\"@type\":\"PropertyValueSpecification\",\"valueRequired\":true,\"valueName\":\"search_term_string\"}}],\"inLanguage\":\"it-IT\"},{\"@type\":\"Person\",\"@id\":\"https:\/\/www.intoscana.it\/it\/#\/schema\/person\/9223810753230f20bd670fdd322661f8\",\"name\":\"Redazione\",\"url\":\"https:\/\/www.intoscana.it\/it\/author\/redazione\/\"}]}<\/script>\n<!-- \/ Yoast SEO Premium plugin. -->","yoast_head_json":{"title":"La \"Trilogia dell'estasi\" della Compagnia Zappal\u00e0 Danza al Maggio Musicale Fiorentino - intoscana","description":"Il 30 e 31 maggio 2024 alle ore 20, in Sala Mehta tre fra le pi\u00f9 celebri composizioni dell\u2019ultimo secolo e mezzo","robots":{"index":"index","follow":"follow","max-snippet":"max-snippet:-1","max-image-preview":"max-image-preview:large","max-video-preview":"max-video-preview:-1"},"canonical":"https:\/\/www.intoscana.it\/it\/la-trilogia-dellestasi-della-compagnia-zappala-danza-al-maggio-musicale-fiorentino\/","og_locale":"it_IT","og_type":"article","og_title":"La \"Trilogia dell'estasi\" della Compagnia Zappal\u00e0 Danza al Maggio Musicale Fiorentino","og_description":"Il 30 e 31 maggio 2024 alle ore 20, in Sala Mehta tre fra le pi\u00f9 celebri composizioni dell\u2019ultimo secolo e mezzo","og_url":"https:\/\/www.intoscana.it\/it\/la-trilogia-dellestasi-della-compagnia-zappala-danza-al-maggio-musicale-fiorentino\/","og_site_name":"intoscana","article_publisher":"https:\/\/www.facebook.com\/intoscana.it","article_published_time":"2024-05-25T11:40:11+00:00","article_modified_time":"2024-05-25T11:40:36+00:00","og_image":[{"width":800,"height":532,"url":"https:\/\/www.intoscana.it\/wp-content\/uploads\/dc4SgEwQ.jpeg","type":"image\/jpeg"}],"author":"Redazione","twitter_card":"summary_large_image","twitter_creator":"@intoscana","twitter_site":"@intoscana","twitter_misc":{"Written by":"Redazione","Est. reading time":"4 minuti"},"schema":{"@context":"https:\/\/schema.org","@graph":[{"@type":"WebPage","@id":"https:\/\/www.intoscana.it\/it\/la-trilogia-dellestasi-della-compagnia-zappala-danza-al-maggio-musicale-fiorentino\/","url":"https:\/\/www.intoscana.it\/it\/la-trilogia-dellestasi-della-compagnia-zappala-danza-al-maggio-musicale-fiorentino\/","name":"La \"Trilogia dell'estasi\" della Compagnia Zappal\u00e0 Danza al Maggio Musicale Fiorentino - intoscana","isPartOf":{"@id":"https:\/\/www.intoscana.it\/it\/#website"},"primaryImageOfPage":{"@id":"https:\/\/www.intoscana.it\/it\/la-trilogia-dellestasi-della-compagnia-zappala-danza-al-maggio-musicale-fiorentino\/#primaryimage"},"image":{"@id":"https:\/\/www.intoscana.it\/it\/la-trilogia-dellestasi-della-compagnia-zappala-danza-al-maggio-musicale-fiorentino\/#primaryimage"},"thumbnailUrl":"https:\/\/www.intoscana.it\/wp-content\/uploads\/dc4SgEwQ.jpeg","datePublished":"2024-05-25T11:40:11+00:00","dateModified":"2024-05-25T11:40:36+00:00","author":{"@id":"https:\/\/www.intoscana.it\/it\/#\/schema\/person\/9223810753230f20bd670fdd322661f8"},"description":"Il 30 e 31 maggio 2024 alle ore 20, in Sala Mehta tre fra le pi\u00f9 celebri composizioni dell\u2019ultimo secolo e mezzo","breadcrumb":{"@id":"https:\/\/www.intoscana.it\/it\/la-trilogia-dellestasi-della-compagnia-zappala-danza-al-maggio-musicale-fiorentino\/#breadcrumb"},"inLanguage":"it-IT","potentialAction":[{"@type":"ReadAction","target":["https:\/\/www.intoscana.it\/it\/la-trilogia-dellestasi-della-compagnia-zappala-danza-al-maggio-musicale-fiorentino\/"]}]},{"@type":"ImageObject","inLanguage":"it-IT","@id":"https:\/\/www.intoscana.it\/it\/la-trilogia-dellestasi-della-compagnia-zappala-danza-al-maggio-musicale-fiorentino\/#primaryimage","url":"https:\/\/www.intoscana.it\/wp-content\/uploads\/dc4SgEwQ.jpeg","contentUrl":"https:\/\/www.intoscana.it\/wp-content\/uploads\/dc4SgEwQ.jpeg","width":800,"height":532,"caption":"Trilogia dell'estasi, Compagnia Zappal\u00e0 Danza"},{"@type":"BreadcrumbList","@id":"https:\/\/www.intoscana.it\/it\/la-trilogia-dellestasi-della-compagnia-zappala-danza-al-maggio-musicale-fiorentino\/#breadcrumb","itemListElement":[{"@type":"ListItem","position":1,"name":"Home","item":"https:\/\/www.intoscana.it\/it\/"},{"@type":"ListItem","position":2,"name":"La &#8220;Trilogia dell&#8217;estasi&#8221; della Compagnia Zappal\u00e0 Danza al Maggio Musicale Fiorentino"}]},{"@type":"WebSite","@id":"https:\/\/www.intoscana.it\/it\/#website","url":"https:\/\/www.intoscana.it\/it\/","name":"intoscana","description":"","potentialAction":[{"@type":"SearchAction","target":{"@type":"EntryPoint","urlTemplate":"https:\/\/www.intoscana.it\/it\/?s={search_term_string}"},"query-input":{"@type":"PropertyValueSpecification","valueRequired":true,"valueName":"search_term_string"}}],"inLanguage":"it-IT"},{"@type":"Person","@id":"https:\/\/www.intoscana.it\/it\/#\/schema\/person\/9223810753230f20bd670fdd322661f8","name":"Redazione","url":"https:\/\/www.intoscana.it\/it\/author\/redazione\/"}]}},"_links":{"self":[{"href":"https:\/\/www.intoscana.it\/it\/wp-json\/wp\/v2\/posts\/342054","targetHints":{"allow":["GET"]}}],"collection":[{"href":"https:\/\/www.intoscana.it\/it\/wp-json\/wp\/v2\/posts"}],"about":[{"href":"https:\/\/www.intoscana.it\/it\/wp-json\/wp\/v2\/types\/post"}],"author":[{"embeddable":true,"href":"https:\/\/www.intoscana.it\/it\/wp-json\/wp\/v2\/users\/525"}],"replies":[{"embeddable":true,"href":"https:\/\/www.intoscana.it\/it\/wp-json\/wp\/v2\/comments?post=342054"}],"version-history":[{"count":9,"href":"https:\/\/www.intoscana.it\/it\/wp-json\/wp\/v2\/posts\/342054\/revisions"}],"predecessor-version":[{"id":342084,"href":"https:\/\/www.intoscana.it\/it\/wp-json\/wp\/v2\/posts\/342054\/revisions\/342084"}],"wp:featuredmedia":[{"embeddable":true,"href":"https:\/\/www.intoscana.it\/it\/wp-json\/wp\/v2\/media\/342064"}],"wp:attachment":[{"href":"https:\/\/www.intoscana.it\/it\/wp-json\/wp\/v2\/media?parent=342054"}],"wp:term":[{"taxonomy":"category","embeddable":true,"href":"https:\/\/www.intoscana.it\/it\/wp-json\/wp\/v2\/categories?post=342054"},{"taxonomy":"post_tag","embeddable":true,"href":"https:\/\/www.intoscana.it\/it\/wp-json\/wp\/v2\/tags?post=342054"}],"curies":[{"name":"wp","href":"https:\/\/api.w.org\/{rel}","templated":true}]}}