{"id":342768,"date":"2024-05-30T14:31:54","date_gmt":"2024-05-30T12:31:54","guid":{"rendered":"https:\/\/www.intoscana.it\/it\/?p=342768"},"modified":"2024-05-30T14:48:29","modified_gmt":"2024-05-30T12:48:29","slug":"festival-fotografia-italiana-bibbiena-2024","status":"publish","type":"post","link":"https:\/\/www.intoscana.it\/it\/festival-fotografia-italiana-bibbiena-2024\/","title":{"rendered":"A Bibbiena la prima edizione del Festival della Fotografia Italiana tra grandi maestri e giovani talenti"},"content":{"rendered":"<p><strong>Dal 14 giugno al 6 ottobre<\/strong> arriva in Toscana la prima edizione del <strong>Festival della Fotografia Italiana.<\/strong> La rassegna a cura della<strong> Federazione Italiana Associazioni Fotografiche <\/strong>\u00e8 dedicata all <strong>cultura iconografica italiana<\/strong> nella sua evoluzione storica e contemporanea, in dialogo con i <strong>grandi maestri, i giovani talenti, il territorio e le sfide dell&#8217;intelligenza artificiale.<\/strong><\/p>\n<p>La sede principale del festival sar\u00e0 a <strong>Bibbiena, Citt\u00e0 della Fotografia<\/strong> grazie alla presenza del <strong>Centro Italiano della Fotografia d\u2019Autore<\/strong> e della<strong> galleria a cielo aperto<\/strong>, vero e proprio <strong>museo permanente della fotografia open-air<\/strong>, unico in Italia.<\/p>\n<p>Ma saranno coinvolti anche i comuni limitrofi con<strong> esposizioni dislocate<\/strong> a<strong>\u00a0Poppi e Pratovecchio-Stia<\/strong>, nel contesto di un festival che vuole anche porre l&#8217;accento sull&#8217;esplorazione della relazione tra territorio e fotografia.<\/p>\n<p>L&#8217;inaugurazione della prima edizione avr\u00e0 luogo <strong>nel weekend del 14-16 giugno<\/strong>, tre giorni in cui <strong>Bibbiena si trasformer\u00e0 in un teatro a cielo aperto per l&#8217;arte fotografica<\/strong>, ospitando <strong><em>&#8220;angoli di conversazione estemporanea&#8221;<\/em> <\/strong>in spazi insoliti e invitanti, come i pittoreschi caff\u00e8 all&#8217;aperto della citt\u00e0.<\/p>\n<p>Grandi autori come <strong>Guido Harari, Maurizio Galimberti, Paola Mattioli, Paolo Ventura e Toni Thorimbert<\/strong> saranno a disposizione per incontrare il pubblico e gli appassionati di fotografia e dialogare sui temi del festival e i progetti autoriali.<\/p>\n<p>In aggiunta, il 15 e 16 giugno,<strong> la piazza principale di Bibbiena<\/strong> sar\u00e0 il palcoscenico delle <strong>letture portfolio<\/strong> per la terza tappa di <strong><em>Portfolio Italia \u2013 Gran Premio Fowa,<\/em><\/strong> il \u201c25\u00b0 Fotoconfronti\u201d. Le iscrizioni a queste sessioni saranno aperte sul sito della FIAF dal 1\u00b0 al 13 giugno. I vincitori di questa fase avranno la <strong>possibilit\u00e0 di competere per il prestigioso premio finale<\/strong> del circuito.<\/p>\n<div class=\"titleimg\">\n<div class=\"titleimg\">\n<figure id=\"post-342778 media-342778\" class=\"align-none\"><img decoding=\"async\" src=\"https:\/\/www.intoscana.it\/wp-content\/uploads\/Cagnoni-Romano.jpg\" alt=\"\" \/><\/figure>\n<div class=\"titleimg\">Romano Cagnoni<\/div>\n<\/div>\n<\/div>\n<h3>La mostra centrale: Fotografia Italiana mappe, percorsi e linguaggi<\/h3>\n<p>La mostra centrale del festival, intitolata <strong><em>&#8220;Fotografia Italiana: mappe, percorsi e linguaggi&#8221;,<\/em><\/strong> a cura di <strong>Denis Curti,<\/strong> riunisce i<strong> cento autori pi\u00f9 significativi dal dopoguerra a oggi<\/strong> della fotografia italiana.<\/p>\n<p>Attraverso un percorso espositivo articolato, la mostra si propone di esplorare<strong> i temi identitari della fotografia italiana moderna e contemporanea<\/strong> offrendo una narrazione ricca di sfumature e prospettive.<\/p>\n<p>Tra gli autori presenti figurano <strong>Gabriele Basilico, Letizia Battaglia, Gianni Berengo Gardin, Mario Giacomelli, Guido Harari, Nino Migliori, Paolo Pellegrin, Ferdinando Scianna, Oliviero Toscani, e Francesco Zizola.<\/strong><\/p>\n<h3>Autori contemporanei e giovani talenti della fotografia<\/h3>\n<p>Il Festival della Fotografia Italiana si propone di creare <strong>un ponte tra i grandi maestri e dieci autori contemporanei<\/strong>, selezionati in base al tema dell&#8217;anno: <strong><em>&#8220;Dalla Terra alla Luna. Esplorazioni sulla Fotografia Italiana.&#8221;<\/em> <\/strong>Questo titolo, ispirato al romanzo di fantascienza di Jules Verne del 1865<strong>\u00a0<\/strong>evoca l&#8217;immaginazione e la previsione del futuro, concetti fondamentali che hanno plasmato anche la storia della fotografia.<\/p>\n<p><strong>Sono dieci gli autori selezionati<\/strong> che racconteranno le loro storie dall&#8217;intimit\u00e0 dei paesaggi del Casentino alla visioni futuristiche: <strong>Lorenzo Cicconi Massi, Simone Donati, Francesco Faraci, Simona Ghizzoni, Sara Munari, Raffaele Petralla, Edoardo Romagnoli, Stefano Schirato, Ilaria Sagaria, e Valentina Vannicola.<\/strong><\/p>\n<p>Il Festival continua inoltre la tradizione della FIAF di promozione della cultura fotografica con <strong>un programma speciale dedicato ai giovani autori: cinque fotografi Under 30,<\/strong> selezionati dalla Call<strong><em> &#8220;Nuovi Sguardi&#8221;,<\/em><\/strong> esporranno i loro progetti accanto ai lavori collettivi realizzati da cinque scuole di fotografia italiane.<\/p>\n<p>Il Festival ospiter\u00e0 inoltre la <strong>Masterclass Residenziale &#8220;Ivano Bolondi&#8221;<\/strong>, guidata da Simone Donati, dove<strong> sei giovani fotografi,<\/strong> in una settimana di residenza artistica, realizzeranno progetti fotografici e audiovisivi esplorando e interpretando il territorio. <strong>I lavori risultanti saranno esposti nell&#8217;edizione 2025 del Festival,<\/strong> dando ai partecipanti una vetrina per presentare i frutti di questa esperienza formativa unica.<\/p>\n<div class=\"titleimg\">\n<figure id=\"post-342774 media-342774\" class=\"align-none\"><img decoding=\"async\" src=\"https:\/\/www.intoscana.it\/wp-content\/uploads\/Backhaus-Maria-Vittoria.jpg\" alt=\"\" \/><\/figure>\n<div class=\"titleimg\">Maria Vittoria Backhaus<\/div>\n<\/div>\n<h3><strong>Il Festival e le nuove frontiere dell&#8217;intelligenza artificiale<\/strong><\/h3>\n<p>Nel contesto delle <strong>sfide poste dall\u2019innovazione tecnologica,<\/strong> il <strong>Festival della Fotografia Italiana<\/strong> vuole esplorare in modo particolare<strong> il rapporto tra fotografia e intelligenza artificiale<\/strong> (AI) ed esaminare come queste tecnologie avanzate stiano trasformando le modalit\u00e0 di narrazione visiva e espandendo le possibilit\u00e0 espressive degli artisti.<\/p>\n<p>Il festival ha dato il via a questa esplorazione con il lancio della Call <strong><em>&#8220;Nuovi Sguardi&#8221;,<\/em> <\/strong>una competizione che ha invitato giovani fotografi under 30 a<strong> integrare l&#8217;intelligenza artificiale nelle loro creazioni fotografiche<\/strong>.<\/p>\n<p>Inoltre il festival presenta in anteprima <strong>la nuova mostra della fotogiornalista Barbara Zanon,<\/strong> intitolata <strong><em>&#8220;Al di l\u00e0 dello Sguardo&#8221;.<\/em><\/strong><\/p>\n<p>Il progetto rappresenta<strong> un esperimento pionieristico nel campo della narrazione visiva<\/strong>, avvalendosi dell&#8217;intelligenza artificiale per esplorare<strong> storie di viaggi estremi, al di l\u00e0 dei confini spazio-temporali<\/strong> usualmente raggiungibili. La mostra si articola in due fasi: prima<strong> segue il percorso dei migranti attraverso il mare,<\/strong> alla ricerca di sicurezza, e successivamente esplora la loro nuova vita sulle coste italiane, presentata attraverso polaroid generate dall&#8217;AI.<\/p>\n<p>Queste immagini,<strong> non essendo fotografie convenzionali, evocano le realt\u00e0 vissute dai migranti,<\/strong> offrendo uno sguardo profondo sulla loro esperienza di sofferenza, speranza e amore.<\/p>\n<p>&#8220;Al di l\u00e0 dello sguardo&#8221; non \u00e8 solo un&#8217;indagine sulle potenzialit\u00e0 dell&#8217;AI, ma anche un invito a riflettere sul futuro incerto plasmato da questa tecnologia e<strong> sul nostro rapporto con la realt\u00e0 visiva e la verit\u00e0 stessa.<\/strong><\/p>\n<div class=\"titleimg\">\n<figure id=\"post-342794 media-342794\" class=\"align-none\"><img decoding=\"async\" src=\"https:\/\/www.intoscana.it\/wp-content\/uploads\/4-Zanon-Barbarabarbarazanon_ai_oltrelosguardo_4.jpg\" alt=\"\" \/><\/figure>\n<div class=\"titleimg\">Barbara Zanon<\/div>\n<\/div>\n","protected":false},"excerpt":{"rendered":"<p>Dal 14 giugno al 6 ottobre l&#8217;incantevole Casentino ospiter\u00e0 un viaggio unico per esplorare la cultura iconografica italiana dalla sua evoluzione post-bellica fino ai giorni nostri, in dialogo con autori contemporanei, giovani talenti e le avanguardie dell&#8217;intelligenza artificiale<\/p>\n","protected":false},"author":518,"featured_media":342819,"comment_status":"open","ping_status":"open","sticky":false,"template":"","format":"standard","meta":{"_acf_changed":false,"footnotes":""},"categories":[493],"tags":[228,242,222],"class_list":["post-342768","post","type-post","status-publish","format-standard","has-post-thumbnail","hentry","category-cultura","tag-festival","tag-fotografia","tag-mostre"],"acf":[],"yoast_head":"<!-- This site is optimized with the Yoast SEO Premium plugin v24.2 (Yoast SEO v25.6) - https:\/\/yoast.com\/wordpress\/plugins\/seo\/ -->\n<title>A Bibbiena la prima edizione del Festival della Fotografia Italiana tra grandi maestri e giovani talenti - intoscana<\/title>\n<meta name=\"description\" content=\"Dal 14 giugno al 6 ottobre l&#039;incantevole Casentino ospiter\u00e0 un viaggio unico per esplorare la cultura iconografica italiana\" \/>\n<meta name=\"robots\" content=\"index, follow, max-snippet:-1, max-image-preview:large, max-video-preview:-1\" \/>\n<link rel=\"canonical\" href=\"https:\/\/www.intoscana.it\/it\/festival-fotografia-italiana-bibbiena-2024\/\" \/>\n<meta property=\"og:locale\" content=\"it_IT\" \/>\n<meta property=\"og:type\" content=\"article\" \/>\n<meta property=\"og:title\" content=\"A Bibbiena la prima edizione del Festival della Fotografia Italiana tra grandi maestri e giovani talenti\" \/>\n<meta property=\"og:description\" content=\"Dal 14 giugno al 6 ottobre l&#039;incantevole Casentino ospiter\u00e0 un viaggio unico per esplorare la cultura iconografica italiana\" \/>\n<meta property=\"og:url\" content=\"https:\/\/www.intoscana.it\/it\/festival-fotografia-italiana-bibbiena-2024\/\" \/>\n<meta property=\"og:site_name\" content=\"intoscana\" \/>\n<meta property=\"article:publisher\" content=\"https:\/\/www.facebook.com\/intoscana.it\" \/>\n<meta property=\"article:published_time\" content=\"2024-05-30T12:31:54+00:00\" \/>\n<meta property=\"article:modified_time\" content=\"2024-05-30T12:48:29+00:00\" \/>\n<meta property=\"og:image\" content=\"https:\/\/www.intoscana.it\/wp-content\/uploads\/Screenshot-2024-05-30-alle-14.17.41.jpeg\" \/>\n\t<meta property=\"og:image:width\" content=\"1505\" \/>\n\t<meta property=\"og:image:height\" content=\"838\" \/>\n\t<meta property=\"og:image:type\" content=\"image\/jpeg\" \/>\n<meta name=\"author\" content=\"Costanza Baldini\" \/>\n<meta name=\"twitter:card\" content=\"summary_large_image\" \/>\n<meta name=\"twitter:creator\" content=\"@intoscana\" \/>\n<meta name=\"twitter:site\" content=\"@intoscana\" \/>\n<meta name=\"twitter:label1\" content=\"Written by\" \/>\n\t<meta name=\"twitter:data1\" content=\"Costanza Baldini\" \/>\n\t<meta name=\"twitter:label2\" content=\"Est. reading time\" \/>\n\t<meta name=\"twitter:data2\" content=\"6 minuti\" \/>\n<script type=\"application\/ld+json\" class=\"yoast-schema-graph\">{\"@context\":\"https:\/\/schema.org\",\"@graph\":[{\"@type\":\"WebPage\",\"@id\":\"https:\/\/www.intoscana.it\/it\/festival-fotografia-italiana-bibbiena-2024\/\",\"url\":\"https:\/\/www.intoscana.it\/it\/festival-fotografia-italiana-bibbiena-2024\/\",\"name\":\"A Bibbiena la prima edizione del Festival della Fotografia Italiana tra grandi maestri e giovani talenti - intoscana\",\"isPartOf\":{\"@id\":\"https:\/\/www.intoscana.it\/it\/#website\"},\"primaryImageOfPage\":{\"@id\":\"https:\/\/www.intoscana.it\/it\/festival-fotografia-italiana-bibbiena-2024\/#primaryimage\"},\"image\":{\"@id\":\"https:\/\/www.intoscana.it\/it\/festival-fotografia-italiana-bibbiena-2024\/#primaryimage\"},\"thumbnailUrl\":\"https:\/\/www.intoscana.it\/wp-content\/uploads\/Screenshot-2024-05-30-alle-14.17.41.jpeg\",\"datePublished\":\"2024-05-30T12:31:54+00:00\",\"dateModified\":\"2024-05-30T12:48:29+00:00\",\"author\":{\"@id\":\"https:\/\/www.intoscana.it\/it\/#\/schema\/person\/d469f35f09739bdf00bf5dd3f0647a82\"},\"description\":\"Dal 14 giugno al 6 ottobre l'incantevole Casentino ospiter\u00e0 un viaggio unico per esplorare la cultura iconografica italiana\",\"breadcrumb\":{\"@id\":\"https:\/\/www.intoscana.it\/it\/festival-fotografia-italiana-bibbiena-2024\/#breadcrumb\"},\"inLanguage\":\"it-IT\",\"potentialAction\":[{\"@type\":\"ReadAction\",\"target\":[\"https:\/\/www.intoscana.it\/it\/festival-fotografia-italiana-bibbiena-2024\/\"]}]},{\"@type\":\"ImageObject\",\"inLanguage\":\"it-IT\",\"@id\":\"https:\/\/www.intoscana.it\/it\/festival-fotografia-italiana-bibbiena-2024\/#primaryimage\",\"url\":\"https:\/\/www.intoscana.it\/wp-content\/uploads\/Screenshot-2024-05-30-alle-14.17.41.jpeg\",\"contentUrl\":\"https:\/\/www.intoscana.it\/wp-content\/uploads\/Screenshot-2024-05-30-alle-14.17.41.jpeg\",\"width\":1505,\"height\":838,\"caption\":\"Festival della Fotografia Italiana 2024\"},{\"@type\":\"BreadcrumbList\",\"@id\":\"https:\/\/www.intoscana.it\/it\/festival-fotografia-italiana-bibbiena-2024\/#breadcrumb\",\"itemListElement\":[{\"@type\":\"ListItem\",\"position\":1,\"name\":\"Home\",\"item\":\"https:\/\/www.intoscana.it\/it\/\"},{\"@type\":\"ListItem\",\"position\":2,\"name\":\"A Bibbiena la prima edizione del Festival della Fotografia Italiana tra grandi maestri e giovani talenti\"}]},{\"@type\":\"WebSite\",\"@id\":\"https:\/\/www.intoscana.it\/it\/#website\",\"url\":\"https:\/\/www.intoscana.it\/it\/\",\"name\":\"intoscana\",\"description\":\"\",\"potentialAction\":[{\"@type\":\"SearchAction\",\"target\":{\"@type\":\"EntryPoint\",\"urlTemplate\":\"https:\/\/www.intoscana.it\/it\/?s={search_term_string}\"},\"query-input\":{\"@type\":\"PropertyValueSpecification\",\"valueRequired\":true,\"valueName\":\"search_term_string\"}}],\"inLanguage\":\"it-IT\"},{\"@type\":\"Person\",\"@id\":\"https:\/\/www.intoscana.it\/it\/#\/schema\/person\/d469f35f09739bdf00bf5dd3f0647a82\",\"name\":\"Costanza Baldini\",\"url\":\"https:\/\/www.intoscana.it\/it\/author\/costanza-baldini\/\"}]}<\/script>\n<!-- \/ Yoast SEO Premium plugin. -->","yoast_head_json":{"title":"A Bibbiena la prima edizione del Festival della Fotografia Italiana tra grandi maestri e giovani talenti - intoscana","description":"Dal 14 giugno al 6 ottobre l'incantevole Casentino ospiter\u00e0 un viaggio unico per esplorare la cultura iconografica italiana","robots":{"index":"index","follow":"follow","max-snippet":"max-snippet:-1","max-image-preview":"max-image-preview:large","max-video-preview":"max-video-preview:-1"},"canonical":"https:\/\/www.intoscana.it\/it\/festival-fotografia-italiana-bibbiena-2024\/","og_locale":"it_IT","og_type":"article","og_title":"A Bibbiena la prima edizione del Festival della Fotografia Italiana tra grandi maestri e giovani talenti","og_description":"Dal 14 giugno al 6 ottobre l'incantevole Casentino ospiter\u00e0 un viaggio unico per esplorare la cultura iconografica italiana","og_url":"https:\/\/www.intoscana.it\/it\/festival-fotografia-italiana-bibbiena-2024\/","og_site_name":"intoscana","article_publisher":"https:\/\/www.facebook.com\/intoscana.it","article_published_time":"2024-05-30T12:31:54+00:00","article_modified_time":"2024-05-30T12:48:29+00:00","og_image":[{"width":1505,"height":838,"url":"https:\/\/www.intoscana.it\/wp-content\/uploads\/Screenshot-2024-05-30-alle-14.17.41.jpeg","type":"image\/jpeg"}],"author":"Costanza Baldini","twitter_card":"summary_large_image","twitter_creator":"@intoscana","twitter_site":"@intoscana","twitter_misc":{"Written by":"Costanza Baldini","Est. reading time":"6 minuti"},"schema":{"@context":"https:\/\/schema.org","@graph":[{"@type":"WebPage","@id":"https:\/\/www.intoscana.it\/it\/festival-fotografia-italiana-bibbiena-2024\/","url":"https:\/\/www.intoscana.it\/it\/festival-fotografia-italiana-bibbiena-2024\/","name":"A Bibbiena la prima edizione del Festival della Fotografia Italiana tra grandi maestri e giovani talenti - intoscana","isPartOf":{"@id":"https:\/\/www.intoscana.it\/it\/#website"},"primaryImageOfPage":{"@id":"https:\/\/www.intoscana.it\/it\/festival-fotografia-italiana-bibbiena-2024\/#primaryimage"},"image":{"@id":"https:\/\/www.intoscana.it\/it\/festival-fotografia-italiana-bibbiena-2024\/#primaryimage"},"thumbnailUrl":"https:\/\/www.intoscana.it\/wp-content\/uploads\/Screenshot-2024-05-30-alle-14.17.41.jpeg","datePublished":"2024-05-30T12:31:54+00:00","dateModified":"2024-05-30T12:48:29+00:00","author":{"@id":"https:\/\/www.intoscana.it\/it\/#\/schema\/person\/d469f35f09739bdf00bf5dd3f0647a82"},"description":"Dal 14 giugno al 6 ottobre l'incantevole Casentino ospiter\u00e0 un viaggio unico per esplorare la cultura iconografica italiana","breadcrumb":{"@id":"https:\/\/www.intoscana.it\/it\/festival-fotografia-italiana-bibbiena-2024\/#breadcrumb"},"inLanguage":"it-IT","potentialAction":[{"@type":"ReadAction","target":["https:\/\/www.intoscana.it\/it\/festival-fotografia-italiana-bibbiena-2024\/"]}]},{"@type":"ImageObject","inLanguage":"it-IT","@id":"https:\/\/www.intoscana.it\/it\/festival-fotografia-italiana-bibbiena-2024\/#primaryimage","url":"https:\/\/www.intoscana.it\/wp-content\/uploads\/Screenshot-2024-05-30-alle-14.17.41.jpeg","contentUrl":"https:\/\/www.intoscana.it\/wp-content\/uploads\/Screenshot-2024-05-30-alle-14.17.41.jpeg","width":1505,"height":838,"caption":"Festival della Fotografia Italiana 2024"},{"@type":"BreadcrumbList","@id":"https:\/\/www.intoscana.it\/it\/festival-fotografia-italiana-bibbiena-2024\/#breadcrumb","itemListElement":[{"@type":"ListItem","position":1,"name":"Home","item":"https:\/\/www.intoscana.it\/it\/"},{"@type":"ListItem","position":2,"name":"A Bibbiena la prima edizione del Festival della Fotografia Italiana tra grandi maestri e giovani talenti"}]},{"@type":"WebSite","@id":"https:\/\/www.intoscana.it\/it\/#website","url":"https:\/\/www.intoscana.it\/it\/","name":"intoscana","description":"","potentialAction":[{"@type":"SearchAction","target":{"@type":"EntryPoint","urlTemplate":"https:\/\/www.intoscana.it\/it\/?s={search_term_string}"},"query-input":{"@type":"PropertyValueSpecification","valueRequired":true,"valueName":"search_term_string"}}],"inLanguage":"it-IT"},{"@type":"Person","@id":"https:\/\/www.intoscana.it\/it\/#\/schema\/person\/d469f35f09739bdf00bf5dd3f0647a82","name":"Costanza Baldini","url":"https:\/\/www.intoscana.it\/it\/author\/costanza-baldini\/"}]}},"_links":{"self":[{"href":"https:\/\/www.intoscana.it\/it\/wp-json\/wp\/v2\/posts\/342768","targetHints":{"allow":["GET"]}}],"collection":[{"href":"https:\/\/www.intoscana.it\/it\/wp-json\/wp\/v2\/posts"}],"about":[{"href":"https:\/\/www.intoscana.it\/it\/wp-json\/wp\/v2\/types\/post"}],"author":[{"embeddable":true,"href":"https:\/\/www.intoscana.it\/it\/wp-json\/wp\/v2\/users\/518"}],"replies":[{"embeddable":true,"href":"https:\/\/www.intoscana.it\/it\/wp-json\/wp\/v2\/comments?post=342768"}],"version-history":[{"count":17,"href":"https:\/\/www.intoscana.it\/it\/wp-json\/wp\/v2\/posts\/342768\/revisions"}],"predecessor-version":[{"id":342831,"href":"https:\/\/www.intoscana.it\/it\/wp-json\/wp\/v2\/posts\/342768\/revisions\/342831"}],"wp:featuredmedia":[{"embeddable":true,"href":"https:\/\/www.intoscana.it\/it\/wp-json\/wp\/v2\/media\/342819"}],"wp:attachment":[{"href":"https:\/\/www.intoscana.it\/it\/wp-json\/wp\/v2\/media?parent=342768"}],"wp:term":[{"taxonomy":"category","embeddable":true,"href":"https:\/\/www.intoscana.it\/it\/wp-json\/wp\/v2\/categories?post=342768"},{"taxonomy":"post_tag","embeddable":true,"href":"https:\/\/www.intoscana.it\/it\/wp-json\/wp\/v2\/tags?post=342768"}],"curies":[{"name":"wp","href":"https:\/\/api.w.org\/{rel}","templated":true}]}}