{"id":343072,"date":"2024-06-01T11:39:38","date_gmt":"2024-06-01T09:39:38","guid":{"rendered":"https:\/\/www.intoscana.it\/it\/?p=343072"},"modified":"2024-06-01T11:40:59","modified_gmt":"2024-06-01T09:40:59","slug":"restauro-volto-santo-lucca-cristo","status":"publish","type":"post","link":"https:\/\/www.intoscana.it\/it\/restauro-volto-santo-lucca-cristo\/","title":{"rendered":"Restauro del Volto Santo a Lucca, \u00e8 il momento pi\u00f9 delicato: il Cristo \u00e8 stato staccato dalla Croce"},"content":{"rendered":"<p>Il<strong> restauro del Volto Santo di Lucca<\/strong>, la statua lignea pi\u00f9 antica d&#8217;Europa conservata nella Cattedrale di San Martino, \u00e8 giunto ad un momento delicatissimo: ieri il Corpo del Cristo \u00e8 stato staccato dalla Croce.<\/p>\n<p>Per garantire adeguata stabilit\u00e0 ad un&#8217;opera imponente e composta da pi\u00f9 parti, gli esperti hanno provveduto allo stacco del corpo dalla croce, mantenendo tuttavia inalterato il sistema dei perni di ancoraggio esistenti. La separazione permetter\u00e0 di approfondire<br \/>\nulteriormente la conoscenza della tecnica costruttiva, anche per elaborare il <strong>progetto di ricollocazione nel tempietto di Matteo Civitali<\/strong> all&#8217;interno del Duomo di Lucca.<\/p>\n<h3>Il restauro coordinato dall&#8217;Opificio delle pietre dure<\/h3>\n<p>L&#8217;impegnativo intervento di restauro del Volto Santo, promosso dall&#8217;Ente Chiesa cattedrale di San Martino, sostenuto dalla Fondazione cassa di risparmio di Lucca e <a href=\"https:\/\/www.intoscana.it\/it\/lucca-volto-santo-restauro-opificio\/\" target=\"_blank\" rel=\"noopener\">coordinato dall&#8217;Opificio delle pietre dure di Firenze<\/a> d&#8217;intesa con la Soprintendenza, \u00e8 iniziato nel settembre del 2022.<\/p>\n<p>A conclusione della campagna diagnostica, il comitato scientifico ha potuto valutare le diverse opzioni di intervento, condivise dal comitato promotore e volte ad una restituzione dell&#8217;opera che garantisse il rispetto della <strong>sua valenza religiosa e devozionale<\/strong> insieme alla doverosa attenzione nei confronti della materia di un manufatto storico unico.<\/p>\n<p>Nei prossimi mesi si proceder\u00e0 perci\u00f2 alla <mark>rimozione degli strati superficiali scuri, costituiti da una miscela di carbone, oli essiccativi e cera d&#8217;api che nel tempo hanno annerito l&#8217;opera<\/mark>, coprendone le originarie cromie e occultandone la plasticit\u00e0 dei volumi e la preziosit\u00e0 della materia.<\/p>\n<figure id=\"post-205145 media-205145\" class=\"align-none\">\n<p><figure style=\"width: 1170px\" class=\"wp-caption alignnone\"><img loading=\"lazy\" decoding=\"async\" src=\"https:\/\/www.intoscana.it\/wp-content\/uploads\/Volto_Santo_de_Lucca.JPG-3.570\u00d72.746-pixel.png\" alt=\"\" width=\"1170\" height=\"875\" \/><figcaption class=\"wp-caption-text\">Il Volto Santo\u00a0 \u00a9 Joanbanjo<\/figcaption><\/figure><\/figure>\n<h3>Il Volto Santo recuperer\u00e0 i suoi antichi colori<\/h3>\n<p>Torneranno cos\u00ec leggibili<strong> la tunica di colore blu scuro,<\/strong> costituita da un composto di <strong>lapislazzuli e olio<\/strong>, e le dorature decorate sul bordo delle maniche, dello scollo e dell&#8217;orlo della tunica.<\/p>\n<p><mark>I capelli e la barba del Cristo riacquisiranno il colore giallo e bruno originario<\/mark> e anche gli incarnati torneranno ad avere le tonalit\u00e0 pi\u00f9 chiare, testimoniate sino alla fine del Seicento dai numerosi dipinti e affreschi raffiguranti il Volto Santo presenti sul territorio.<br \/>\nA causa della perdita di gran parte degli strati di azzurrite pi\u00f9 superficiali della croce, verr\u00e0 recuperata la<strong> preziosa policromia sottostante,<\/strong> pi\u00f9 antica, ben conservata e costituita da pigmento rosso con decorazioni bianche e bordi a lapislazzuli.<\/p>\n","protected":false},"excerpt":{"rendered":"<p>Continua il recupero della statua lignea pi\u00f9 antica d&#8217;Europa, coordinato dall&#8217;Opificio delle pietre dure di Firenze e iniziato nel 2022<\/p>\n","protected":false},"author":525,"featured_media":305171,"comment_status":"open","ping_status":"open","sticky":false,"template":"","format":"standard","meta":{"_acf_changed":false,"footnotes":""},"categories":[493],"tags":[174,170,6623],"class_list":["post-343072","post","type-post","status-publish","format-standard","has-post-thumbnail","hentry","category-cultura","tag-arte","tag-lucca","tag-restauri"],"acf":[],"yoast_head":"<!-- This site is optimized with the Yoast SEO Premium plugin v24.2 (Yoast SEO v25.6) - https:\/\/yoast.com\/wordpress\/plugins\/seo\/ -->\n<title>Restauro del Volto Santo a Lucca, \u00e8 il momento pi\u00f9 delicato: il Cristo \u00e8 stato staccato dalla Croce - intoscana<\/title>\n<meta name=\"description\" content=\"Procede il restauro del Volto Santo di Lucca, la pi\u00f9 antica statua lignea d&#039;Europa, coordinato dall&#039;Opificio delle pietre dure di Firenze.\" \/>\n<meta name=\"robots\" content=\"index, follow, max-snippet:-1, max-image-preview:large, max-video-preview:-1\" \/>\n<link rel=\"canonical\" href=\"https:\/\/www.intoscana.it\/it\/restauro-volto-santo-lucca-cristo\/\" \/>\n<meta property=\"og:locale\" content=\"it_IT\" \/>\n<meta property=\"og:type\" content=\"article\" \/>\n<meta property=\"og:title\" content=\"Restauro del Volto Santo a Lucca, \u00e8 il momento pi\u00f9 delicato: il Cristo \u00e8 stato staccato dalla Croce\" \/>\n<meta property=\"og:description\" content=\"Procede il restauro del Volto Santo di Lucca, la pi\u00f9 antica statua lignea d&#039;Europa, coordinato dall&#039;Opificio delle pietre dure di Firenze.\" \/>\n<meta property=\"og:url\" content=\"https:\/\/www.intoscana.it\/it\/restauro-volto-santo-lucca-cristo\/\" \/>\n<meta property=\"og:site_name\" content=\"intoscana\" \/>\n<meta property=\"article:publisher\" content=\"https:\/\/www.facebook.com\/intoscana.it\" \/>\n<meta property=\"article:published_time\" content=\"2024-06-01T09:39:38+00:00\" \/>\n<meta property=\"article:modified_time\" content=\"2024-06-01T09:40:59+00:00\" \/>\n<meta property=\"og:image\" content=\"https:\/\/www.intoscana.it\/wp-content\/uploads\/volto-santo.jpeg\" \/>\n\t<meta property=\"og:image:width\" content=\"1716\" \/>\n\t<meta property=\"og:image:height\" content=\"1200\" \/>\n\t<meta property=\"og:image:type\" content=\"image\/jpeg\" \/>\n<meta name=\"author\" content=\"Redazione\" \/>\n<meta name=\"twitter:card\" content=\"summary_large_image\" \/>\n<meta name=\"twitter:creator\" content=\"@intoscana\" \/>\n<meta name=\"twitter:site\" content=\"@intoscana\" \/>\n<meta name=\"twitter:label1\" content=\"Written by\" \/>\n\t<meta name=\"twitter:data1\" content=\"Redazione\" \/>\n\t<meta name=\"twitter:label2\" content=\"Est. reading time\" \/>\n\t<meta name=\"twitter:data2\" content=\"3 minuti\" \/>\n<script type=\"application\/ld+json\" class=\"yoast-schema-graph\">{\"@context\":\"https:\/\/schema.org\",\"@graph\":[{\"@type\":\"WebPage\",\"@id\":\"https:\/\/www.intoscana.it\/it\/restauro-volto-santo-lucca-cristo\/\",\"url\":\"https:\/\/www.intoscana.it\/it\/restauro-volto-santo-lucca-cristo\/\",\"name\":\"Restauro del Volto Santo a Lucca, \u00e8 il momento pi\u00f9 delicato: il Cristo \u00e8 stato staccato dalla Croce - intoscana\",\"isPartOf\":{\"@id\":\"https:\/\/www.intoscana.it\/it\/#website\"},\"primaryImageOfPage\":{\"@id\":\"https:\/\/www.intoscana.it\/it\/restauro-volto-santo-lucca-cristo\/#primaryimage\"},\"image\":{\"@id\":\"https:\/\/www.intoscana.it\/it\/restauro-volto-santo-lucca-cristo\/#primaryimage\"},\"thumbnailUrl\":\"https:\/\/www.intoscana.it\/wp-content\/uploads\/volto-santo.jpeg\",\"datePublished\":\"2024-06-01T09:39:38+00:00\",\"dateModified\":\"2024-06-01T09:40:59+00:00\",\"author\":{\"@id\":\"https:\/\/www.intoscana.it\/it\/#\/schema\/person\/9223810753230f20bd670fdd322661f8\"},\"description\":\"Procede il restauro del Volto Santo di Lucca, la pi\u00f9 antica statua lignea d'Europa, coordinato dall'Opificio delle pietre dure di Firenze.\",\"breadcrumb\":{\"@id\":\"https:\/\/www.intoscana.it\/it\/restauro-volto-santo-lucca-cristo\/#breadcrumb\"},\"inLanguage\":\"it-IT\",\"potentialAction\":[{\"@type\":\"ReadAction\",\"target\":[\"https:\/\/www.intoscana.it\/it\/restauro-volto-santo-lucca-cristo\/\"]}]},{\"@type\":\"ImageObject\",\"inLanguage\":\"it-IT\",\"@id\":\"https:\/\/www.intoscana.it\/it\/restauro-volto-santo-lucca-cristo\/#primaryimage\",\"url\":\"https:\/\/www.intoscana.it\/wp-content\/uploads\/volto-santo.jpeg\",\"contentUrl\":\"https:\/\/www.intoscana.it\/wp-content\/uploads\/volto-santo.jpeg\",\"width\":1716,\"height\":1200,\"caption\":\"La campagna diagnostica sul Volto Santo di Lucca\"},{\"@type\":\"BreadcrumbList\",\"@id\":\"https:\/\/www.intoscana.it\/it\/restauro-volto-santo-lucca-cristo\/#breadcrumb\",\"itemListElement\":[{\"@type\":\"ListItem\",\"position\":1,\"name\":\"Home\",\"item\":\"https:\/\/www.intoscana.it\/it\/\"},{\"@type\":\"ListItem\",\"position\":2,\"name\":\"Restauro del Volto Santo a Lucca, \u00e8 il momento pi\u00f9 delicato: il Cristo \u00e8 stato staccato dalla Croce\"}]},{\"@type\":\"WebSite\",\"@id\":\"https:\/\/www.intoscana.it\/it\/#website\",\"url\":\"https:\/\/www.intoscana.it\/it\/\",\"name\":\"intoscana\",\"description\":\"\",\"potentialAction\":[{\"@type\":\"SearchAction\",\"target\":{\"@type\":\"EntryPoint\",\"urlTemplate\":\"https:\/\/www.intoscana.it\/it\/?s={search_term_string}\"},\"query-input\":{\"@type\":\"PropertyValueSpecification\",\"valueRequired\":true,\"valueName\":\"search_term_string\"}}],\"inLanguage\":\"it-IT\"},{\"@type\":\"Person\",\"@id\":\"https:\/\/www.intoscana.it\/it\/#\/schema\/person\/9223810753230f20bd670fdd322661f8\",\"name\":\"Redazione\",\"url\":\"https:\/\/www.intoscana.it\/it\/author\/redazione\/\"}]}<\/script>\n<!-- \/ Yoast SEO Premium plugin. -->","yoast_head_json":{"title":"Restauro del Volto Santo a Lucca, \u00e8 il momento pi\u00f9 delicato: il Cristo \u00e8 stato staccato dalla Croce - intoscana","description":"Procede il restauro del Volto Santo di Lucca, la pi\u00f9 antica statua lignea d'Europa, coordinato dall'Opificio delle pietre dure di Firenze.","robots":{"index":"index","follow":"follow","max-snippet":"max-snippet:-1","max-image-preview":"max-image-preview:large","max-video-preview":"max-video-preview:-1"},"canonical":"https:\/\/www.intoscana.it\/it\/restauro-volto-santo-lucca-cristo\/","og_locale":"it_IT","og_type":"article","og_title":"Restauro del Volto Santo a Lucca, \u00e8 il momento pi\u00f9 delicato: il Cristo \u00e8 stato staccato dalla Croce","og_description":"Procede il restauro del Volto Santo di Lucca, la pi\u00f9 antica statua lignea d'Europa, coordinato dall'Opificio delle pietre dure di Firenze.","og_url":"https:\/\/www.intoscana.it\/it\/restauro-volto-santo-lucca-cristo\/","og_site_name":"intoscana","article_publisher":"https:\/\/www.facebook.com\/intoscana.it","article_published_time":"2024-06-01T09:39:38+00:00","article_modified_time":"2024-06-01T09:40:59+00:00","og_image":[{"width":1716,"height":1200,"url":"https:\/\/www.intoscana.it\/wp-content\/uploads\/volto-santo.jpeg","type":"image\/jpeg"}],"author":"Redazione","twitter_card":"summary_large_image","twitter_creator":"@intoscana","twitter_site":"@intoscana","twitter_misc":{"Written by":"Redazione","Est. reading time":"3 minuti"},"schema":{"@context":"https:\/\/schema.org","@graph":[{"@type":"WebPage","@id":"https:\/\/www.intoscana.it\/it\/restauro-volto-santo-lucca-cristo\/","url":"https:\/\/www.intoscana.it\/it\/restauro-volto-santo-lucca-cristo\/","name":"Restauro del Volto Santo a Lucca, \u00e8 il momento pi\u00f9 delicato: il Cristo \u00e8 stato staccato dalla Croce - intoscana","isPartOf":{"@id":"https:\/\/www.intoscana.it\/it\/#website"},"primaryImageOfPage":{"@id":"https:\/\/www.intoscana.it\/it\/restauro-volto-santo-lucca-cristo\/#primaryimage"},"image":{"@id":"https:\/\/www.intoscana.it\/it\/restauro-volto-santo-lucca-cristo\/#primaryimage"},"thumbnailUrl":"https:\/\/www.intoscana.it\/wp-content\/uploads\/volto-santo.jpeg","datePublished":"2024-06-01T09:39:38+00:00","dateModified":"2024-06-01T09:40:59+00:00","author":{"@id":"https:\/\/www.intoscana.it\/it\/#\/schema\/person\/9223810753230f20bd670fdd322661f8"},"description":"Procede il restauro del Volto Santo di Lucca, la pi\u00f9 antica statua lignea d'Europa, coordinato dall'Opificio delle pietre dure di Firenze.","breadcrumb":{"@id":"https:\/\/www.intoscana.it\/it\/restauro-volto-santo-lucca-cristo\/#breadcrumb"},"inLanguage":"it-IT","potentialAction":[{"@type":"ReadAction","target":["https:\/\/www.intoscana.it\/it\/restauro-volto-santo-lucca-cristo\/"]}]},{"@type":"ImageObject","inLanguage":"it-IT","@id":"https:\/\/www.intoscana.it\/it\/restauro-volto-santo-lucca-cristo\/#primaryimage","url":"https:\/\/www.intoscana.it\/wp-content\/uploads\/volto-santo.jpeg","contentUrl":"https:\/\/www.intoscana.it\/wp-content\/uploads\/volto-santo.jpeg","width":1716,"height":1200,"caption":"La campagna diagnostica sul Volto Santo di Lucca"},{"@type":"BreadcrumbList","@id":"https:\/\/www.intoscana.it\/it\/restauro-volto-santo-lucca-cristo\/#breadcrumb","itemListElement":[{"@type":"ListItem","position":1,"name":"Home","item":"https:\/\/www.intoscana.it\/it\/"},{"@type":"ListItem","position":2,"name":"Restauro del Volto Santo a Lucca, \u00e8 il momento pi\u00f9 delicato: il Cristo \u00e8 stato staccato dalla Croce"}]},{"@type":"WebSite","@id":"https:\/\/www.intoscana.it\/it\/#website","url":"https:\/\/www.intoscana.it\/it\/","name":"intoscana","description":"","potentialAction":[{"@type":"SearchAction","target":{"@type":"EntryPoint","urlTemplate":"https:\/\/www.intoscana.it\/it\/?s={search_term_string}"},"query-input":{"@type":"PropertyValueSpecification","valueRequired":true,"valueName":"search_term_string"}}],"inLanguage":"it-IT"},{"@type":"Person","@id":"https:\/\/www.intoscana.it\/it\/#\/schema\/person\/9223810753230f20bd670fdd322661f8","name":"Redazione","url":"https:\/\/www.intoscana.it\/it\/author\/redazione\/"}]}},"_links":{"self":[{"href":"https:\/\/www.intoscana.it\/it\/wp-json\/wp\/v2\/posts\/343072","targetHints":{"allow":["GET"]}}],"collection":[{"href":"https:\/\/www.intoscana.it\/it\/wp-json\/wp\/v2\/posts"}],"about":[{"href":"https:\/\/www.intoscana.it\/it\/wp-json\/wp\/v2\/types\/post"}],"author":[{"embeddable":true,"href":"https:\/\/www.intoscana.it\/it\/wp-json\/wp\/v2\/users\/525"}],"replies":[{"embeddable":true,"href":"https:\/\/www.intoscana.it\/it\/wp-json\/wp\/v2\/comments?post=343072"}],"version-history":[{"count":6,"href":"https:\/\/www.intoscana.it\/it\/wp-json\/wp\/v2\/posts\/343072\/revisions"}],"predecessor-version":[{"id":343079,"href":"https:\/\/www.intoscana.it\/it\/wp-json\/wp\/v2\/posts\/343072\/revisions\/343079"}],"wp:featuredmedia":[{"embeddable":true,"href":"https:\/\/www.intoscana.it\/it\/wp-json\/wp\/v2\/media\/305171"}],"wp:attachment":[{"href":"https:\/\/www.intoscana.it\/it\/wp-json\/wp\/v2\/media?parent=343072"}],"wp:term":[{"taxonomy":"category","embeddable":true,"href":"https:\/\/www.intoscana.it\/it\/wp-json\/wp\/v2\/categories?post=343072"},{"taxonomy":"post_tag","embeddable":true,"href":"https:\/\/www.intoscana.it\/it\/wp-json\/wp\/v2\/tags?post=343072"}],"curies":[{"name":"wp","href":"https:\/\/api.w.org\/{rel}","templated":true}]}}