{"id":343380,"date":"2024-06-03T17:17:57","date_gmt":"2024-06-03T15:17:57","guid":{"rendered":"https:\/\/www.intoscana.it\/it\/?p=343380"},"modified":"2024-06-04T16:33:58","modified_gmt":"2024-06-04T14:33:58","slug":"coverciano-lin-bocca-al-lupo-dei-numeri-10-per-la-nazionale-italiana-di-calcio","status":"publish","type":"post","link":"https:\/\/www.intoscana.it\/it\/coverciano-lin-bocca-al-lupo-dei-numeri-10-per-la-nazionale-italiana-di-calcio\/","title":{"rendered":"Coverciano, l&#8217;in bocca al lupo dei Numeri 10 per la nazionale italiana di calcio"},"content":{"rendered":"<p><strong>Giancarlo Antognoni, Francesco Totti, Alessandro Del Piero, Gianni Rivera e Roberto Baggio<\/strong>, i &#8220;Fantastici cinque&#8221; numeri 10 sono stati convocati dal Ct <strong>Luciano Spalletti a Coverciano<\/strong> per una giornata di allenamenti con la nazionale italiana di calcio in ritiro in vista degli <strong>Europei<\/strong> e dare cos\u00ec ai giovani calciatori la giusta <strong>motivazione e preparazione<\/strong> per questo appuntamento dove l&#8217;Italia si presenta come campione in carica.<\/p>\n<p>L&#8217;iniziativa, nata proprio per volont\u00e0 dell&#8217;allenatore di Certaldo \u00e8 un po&#8217; come sfogliare l&#8217;album delle figurine Panini, ripercorrendo i palmares e le imprese realizzate in campo con la maglia azzurra, sono cinque giocatori che hanno alzato la<strong> Coppa del Mondo<\/strong> (Antognoni nel 1982, Del Piero e Totti nel 2006) o quella dell\u2019Europeo (Rivera nel 1968), o che hanno ottenuto il Pallone d\u2019oro, il riconoscimento per la loro bravura al di sopra di tutti (Rivera nel 1969 e Baggio nel 1993; entrambi hanno ricevuto il premio di France Football\u00a0un anno prima di arrivare in finale ai Mondiali). \u00a0&#8220;<em>Questa cosa nasce dal fatto che io ho tutti gli album delle figurine e i giocatori cerchiati<\/em> &#8211; ha detto in conferenza stampa il ct della Nazionale Luciano Spalletti -.<em> <mark>Mi sono emozionato a vederli giocare e avere la possibilit\u00e0 di averli tutti in una pagina, era un sogno da realizzare<\/em>&#8220;<\/mark>. L&#8217;invito per &#8220;<em><strong>far assorbire l&#8217;appartenenza<\/strong> e l&#8217;importanza della maglia azzurra ai giocatori<\/em> &#8211; ha continuato -. <em>Averli tutti qui diventava pi\u00f9 facile farglielo capire e bisogna entrare in sintonia con il loro battito forte per l&#8217;azzurro, che hanno avuto nelle vittorie e nelle sconfitte. E&#8217; diventata una cosa emozionante ed importante<\/em>&#8220;.<\/p>\n<p>Una giornata di forti emozioni per gli azzurri e per i numeri 10, non priva di nostalgia nel rivivere alcune situazioni che per molto tempo hanno fatto parte della vita sportiva di Antognoni e compagni. Per il numero 10, <strong>Alessandro Del Piero<\/strong>:\u00a0\u201c<em>Abbiamo accolto col sorriso questo invito. Abbiamo fatto il <strong>nostro personale in bocca al lupo<\/strong> ai ragazzi ed \u00e8 stato davvero bello. <mark>Abbiamo toccato con nostalgia alcune situazioni, anche con un pizzico di invidia. La responsabilit\u00e0 di vestire questa maglia \u00e8 s\u00ec pesante, ma altrettanto affascinante<\/em>\u201d.<\/mark><\/p>\n<p>&nbsp;<\/p>\n","protected":false},"excerpt":{"rendered":"<p>L&#8217;iniziativa del ct Spalletti per trasmettere l&#8217;importanza e la responsabilit\u00e0 dell&#8217;indossare la maglia azzurra della nazionale<\/p>\n","protected":false},"author":507,"featured_media":343389,"comment_status":"open","ping_status":"open","sticky":false,"template":"","format":"standard","meta":{"_acf_changed":false,"footnotes":""},"categories":[494],"tags":[290,4564,159],"class_list":["post-343380","post","type-post","status-publish","format-standard","has-post-thumbnail","hentry","category-attualita","tag-calcio","tag-coverciano","tag-sport"],"acf":[],"yoast_head":"<!-- This site is optimized with the Yoast SEO Premium plugin v24.2 (Yoast SEO v25.6) - https:\/\/yoast.com\/wordpress\/plugins\/seo\/ -->\n<title>Coverciano, l&#039;in bocca al lupo dei Numeri 10 per la nazionale italiana di calcio - intoscana<\/title>\n<meta name=\"robots\" content=\"index, follow, max-snippet:-1, max-image-preview:large, max-video-preview:-1\" \/>\n<link rel=\"canonical\" href=\"https:\/\/www.intoscana.it\/it\/coverciano-lin-bocca-al-lupo-dei-numeri-10-per-la-nazionale-italiana-di-calcio\/\" \/>\n<meta property=\"og:locale\" content=\"it_IT\" \/>\n<meta property=\"og:type\" content=\"article\" \/>\n<meta property=\"og:title\" content=\"Coverciano, l&#039;in bocca al lupo dei Numeri 10 per la nazionale italiana di calcio\" \/>\n<meta property=\"og:description\" content=\"L&#039;iniziativa del ct Spalletti per trasmettere l&#039;importanza e la responsabilit\u00e0 dell&#039;indossare la maglia azzurra della nazionale\" \/>\n<meta property=\"og:url\" content=\"https:\/\/www.intoscana.it\/it\/coverciano-lin-bocca-al-lupo-dei-numeri-10-per-la-nazionale-italiana-di-calcio\/\" \/>\n<meta property=\"og:site_name\" content=\"intoscana\" \/>\n<meta property=\"article:publisher\" content=\"https:\/\/www.facebook.com\/intoscana.it\" \/>\n<meta property=\"article:published_time\" content=\"2024-06-03T15:17:57+00:00\" \/>\n<meta property=\"article:modified_time\" content=\"2024-06-04T14:33:58+00:00\" \/>\n<meta property=\"og:image\" content=\"https:\/\/www.intoscana.it\/wp-content\/uploads\/numeri-dieci-coverciano.jpeg\" \/>\n\t<meta property=\"og:image:width\" content=\"1440\" \/>\n\t<meta property=\"og:image:height\" content=\"960\" \/>\n\t<meta property=\"og:image:type\" content=\"image\/jpeg\" \/>\n<meta name=\"author\" content=\"Chiara Bianchini\" \/>\n<meta name=\"twitter:card\" content=\"summary_large_image\" \/>\n<meta name=\"twitter:creator\" content=\"@intoscana\" \/>\n<meta name=\"twitter:site\" content=\"@intoscana\" \/>\n<meta name=\"twitter:label1\" content=\"Written by\" \/>\n\t<meta name=\"twitter:data1\" content=\"Chiara Bianchini\" \/>\n\t<meta name=\"twitter:label2\" content=\"Est. reading time\" \/>\n\t<meta name=\"twitter:data2\" content=\"3 minuti\" \/>\n<script type=\"application\/ld+json\" class=\"yoast-schema-graph\">{\"@context\":\"https:\/\/schema.org\",\"@graph\":[{\"@type\":\"WebPage\",\"@id\":\"https:\/\/www.intoscana.it\/it\/coverciano-lin-bocca-al-lupo-dei-numeri-10-per-la-nazionale-italiana-di-calcio\/\",\"url\":\"https:\/\/www.intoscana.it\/it\/coverciano-lin-bocca-al-lupo-dei-numeri-10-per-la-nazionale-italiana-di-calcio\/\",\"name\":\"Coverciano, l'in bocca al lupo dei Numeri 10 per la nazionale italiana di calcio - intoscana\",\"isPartOf\":{\"@id\":\"https:\/\/www.intoscana.it\/it\/#website\"},\"primaryImageOfPage\":{\"@id\":\"https:\/\/www.intoscana.it\/it\/coverciano-lin-bocca-al-lupo-dei-numeri-10-per-la-nazionale-italiana-di-calcio\/#primaryimage\"},\"image\":{\"@id\":\"https:\/\/www.intoscana.it\/it\/coverciano-lin-bocca-al-lupo-dei-numeri-10-per-la-nazionale-italiana-di-calcio\/#primaryimage\"},\"thumbnailUrl\":\"https:\/\/www.intoscana.it\/wp-content\/uploads\/numeri-dieci-coverciano.jpeg\",\"datePublished\":\"2024-06-03T15:17:57+00:00\",\"dateModified\":\"2024-06-04T14:33:58+00:00\",\"author\":{\"@id\":\"https:\/\/www.intoscana.it\/it\/#\/schema\/person\/010af92117f50561886339ad5b873a41\"},\"breadcrumb\":{\"@id\":\"https:\/\/www.intoscana.it\/it\/coverciano-lin-bocca-al-lupo-dei-numeri-10-per-la-nazionale-italiana-di-calcio\/#breadcrumb\"},\"inLanguage\":\"it-IT\",\"potentialAction\":[{\"@type\":\"ReadAction\",\"target\":[\"https:\/\/www.intoscana.it\/it\/coverciano-lin-bocca-al-lupo-dei-numeri-10-per-la-nazionale-italiana-di-calcio\/\"]}]},{\"@type\":\"ImageObject\",\"inLanguage\":\"it-IT\",\"@id\":\"https:\/\/www.intoscana.it\/it\/coverciano-lin-bocca-al-lupo-dei-numeri-10-per-la-nazionale-italiana-di-calcio\/#primaryimage\",\"url\":\"https:\/\/www.intoscana.it\/wp-content\/uploads\/numeri-dieci-coverciano.jpeg\",\"contentUrl\":\"https:\/\/www.intoscana.it\/wp-content\/uploads\/numeri-dieci-coverciano.jpeg\",\"width\":1440,\"height\":960},{\"@type\":\"BreadcrumbList\",\"@id\":\"https:\/\/www.intoscana.it\/it\/coverciano-lin-bocca-al-lupo-dei-numeri-10-per-la-nazionale-italiana-di-calcio\/#breadcrumb\",\"itemListElement\":[{\"@type\":\"ListItem\",\"position\":1,\"name\":\"Home\",\"item\":\"https:\/\/www.intoscana.it\/it\/\"},{\"@type\":\"ListItem\",\"position\":2,\"name\":\"Coverciano, l&#8217;in bocca al lupo dei Numeri 10 per la nazionale italiana di calcio\"}]},{\"@type\":\"WebSite\",\"@id\":\"https:\/\/www.intoscana.it\/it\/#website\",\"url\":\"https:\/\/www.intoscana.it\/it\/\",\"name\":\"intoscana\",\"description\":\"\",\"potentialAction\":[{\"@type\":\"SearchAction\",\"target\":{\"@type\":\"EntryPoint\",\"urlTemplate\":\"https:\/\/www.intoscana.it\/it\/?s={search_term_string}\"},\"query-input\":{\"@type\":\"PropertyValueSpecification\",\"valueRequired\":true,\"valueName\":\"search_term_string\"}}],\"inLanguage\":\"it-IT\"},{\"@type\":\"Person\",\"@id\":\"https:\/\/www.intoscana.it\/it\/#\/schema\/person\/010af92117f50561886339ad5b873a41\",\"name\":\"Chiara Bianchini\",\"sameAs\":[\"c.bianchini@fst.it\"],\"url\":\"https:\/\/www.intoscana.it\/it\/author\/chiara-bianchini\/\"}]}<\/script>\n<!-- \/ Yoast SEO Premium plugin. -->","yoast_head_json":{"title":"Coverciano, l'in bocca al lupo dei Numeri 10 per la nazionale italiana di calcio - intoscana","robots":{"index":"index","follow":"follow","max-snippet":"max-snippet:-1","max-image-preview":"max-image-preview:large","max-video-preview":"max-video-preview:-1"},"canonical":"https:\/\/www.intoscana.it\/it\/coverciano-lin-bocca-al-lupo-dei-numeri-10-per-la-nazionale-italiana-di-calcio\/","og_locale":"it_IT","og_type":"article","og_title":"Coverciano, l'in bocca al lupo dei Numeri 10 per la nazionale italiana di calcio","og_description":"L'iniziativa del ct Spalletti per trasmettere l'importanza e la responsabilit\u00e0 dell'indossare la maglia azzurra della nazionale","og_url":"https:\/\/www.intoscana.it\/it\/coverciano-lin-bocca-al-lupo-dei-numeri-10-per-la-nazionale-italiana-di-calcio\/","og_site_name":"intoscana","article_publisher":"https:\/\/www.facebook.com\/intoscana.it","article_published_time":"2024-06-03T15:17:57+00:00","article_modified_time":"2024-06-04T14:33:58+00:00","og_image":[{"width":1440,"height":960,"url":"https:\/\/www.intoscana.it\/wp-content\/uploads\/numeri-dieci-coverciano.jpeg","type":"image\/jpeg"}],"author":"Chiara Bianchini","twitter_card":"summary_large_image","twitter_creator":"@intoscana","twitter_site":"@intoscana","twitter_misc":{"Written by":"Chiara Bianchini","Est. reading time":"3 minuti"},"schema":{"@context":"https:\/\/schema.org","@graph":[{"@type":"WebPage","@id":"https:\/\/www.intoscana.it\/it\/coverciano-lin-bocca-al-lupo-dei-numeri-10-per-la-nazionale-italiana-di-calcio\/","url":"https:\/\/www.intoscana.it\/it\/coverciano-lin-bocca-al-lupo-dei-numeri-10-per-la-nazionale-italiana-di-calcio\/","name":"Coverciano, l'in bocca al lupo dei Numeri 10 per la nazionale italiana di calcio - intoscana","isPartOf":{"@id":"https:\/\/www.intoscana.it\/it\/#website"},"primaryImageOfPage":{"@id":"https:\/\/www.intoscana.it\/it\/coverciano-lin-bocca-al-lupo-dei-numeri-10-per-la-nazionale-italiana-di-calcio\/#primaryimage"},"image":{"@id":"https:\/\/www.intoscana.it\/it\/coverciano-lin-bocca-al-lupo-dei-numeri-10-per-la-nazionale-italiana-di-calcio\/#primaryimage"},"thumbnailUrl":"https:\/\/www.intoscana.it\/wp-content\/uploads\/numeri-dieci-coverciano.jpeg","datePublished":"2024-06-03T15:17:57+00:00","dateModified":"2024-06-04T14:33:58+00:00","author":{"@id":"https:\/\/www.intoscana.it\/it\/#\/schema\/person\/010af92117f50561886339ad5b873a41"},"breadcrumb":{"@id":"https:\/\/www.intoscana.it\/it\/coverciano-lin-bocca-al-lupo-dei-numeri-10-per-la-nazionale-italiana-di-calcio\/#breadcrumb"},"inLanguage":"it-IT","potentialAction":[{"@type":"ReadAction","target":["https:\/\/www.intoscana.it\/it\/coverciano-lin-bocca-al-lupo-dei-numeri-10-per-la-nazionale-italiana-di-calcio\/"]}]},{"@type":"ImageObject","inLanguage":"it-IT","@id":"https:\/\/www.intoscana.it\/it\/coverciano-lin-bocca-al-lupo-dei-numeri-10-per-la-nazionale-italiana-di-calcio\/#primaryimage","url":"https:\/\/www.intoscana.it\/wp-content\/uploads\/numeri-dieci-coverciano.jpeg","contentUrl":"https:\/\/www.intoscana.it\/wp-content\/uploads\/numeri-dieci-coverciano.jpeg","width":1440,"height":960},{"@type":"BreadcrumbList","@id":"https:\/\/www.intoscana.it\/it\/coverciano-lin-bocca-al-lupo-dei-numeri-10-per-la-nazionale-italiana-di-calcio\/#breadcrumb","itemListElement":[{"@type":"ListItem","position":1,"name":"Home","item":"https:\/\/www.intoscana.it\/it\/"},{"@type":"ListItem","position":2,"name":"Coverciano, l&#8217;in bocca al lupo dei Numeri 10 per la nazionale italiana di calcio"}]},{"@type":"WebSite","@id":"https:\/\/www.intoscana.it\/it\/#website","url":"https:\/\/www.intoscana.it\/it\/","name":"intoscana","description":"","potentialAction":[{"@type":"SearchAction","target":{"@type":"EntryPoint","urlTemplate":"https:\/\/www.intoscana.it\/it\/?s={search_term_string}"},"query-input":{"@type":"PropertyValueSpecification","valueRequired":true,"valueName":"search_term_string"}}],"inLanguage":"it-IT"},{"@type":"Person","@id":"https:\/\/www.intoscana.it\/it\/#\/schema\/person\/010af92117f50561886339ad5b873a41","name":"Chiara Bianchini","sameAs":["c.bianchini@fst.it"],"url":"https:\/\/www.intoscana.it\/it\/author\/chiara-bianchini\/"}]}},"_links":{"self":[{"href":"https:\/\/www.intoscana.it\/it\/wp-json\/wp\/v2\/posts\/343380","targetHints":{"allow":["GET"]}}],"collection":[{"href":"https:\/\/www.intoscana.it\/it\/wp-json\/wp\/v2\/posts"}],"about":[{"href":"https:\/\/www.intoscana.it\/it\/wp-json\/wp\/v2\/types\/post"}],"author":[{"embeddable":true,"href":"https:\/\/www.intoscana.it\/it\/wp-json\/wp\/v2\/users\/507"}],"replies":[{"embeddable":true,"href":"https:\/\/www.intoscana.it\/it\/wp-json\/wp\/v2\/comments?post=343380"}],"version-history":[{"count":4,"href":"https:\/\/www.intoscana.it\/it\/wp-json\/wp\/v2\/posts\/343380\/revisions"}],"predecessor-version":[{"id":343645,"href":"https:\/\/www.intoscana.it\/it\/wp-json\/wp\/v2\/posts\/343380\/revisions\/343645"}],"wp:featuredmedia":[{"embeddable":true,"href":"https:\/\/www.intoscana.it\/it\/wp-json\/wp\/v2\/media\/343389"}],"wp:attachment":[{"href":"https:\/\/www.intoscana.it\/it\/wp-json\/wp\/v2\/media?parent=343380"}],"wp:term":[{"taxonomy":"category","embeddable":true,"href":"https:\/\/www.intoscana.it\/it\/wp-json\/wp\/v2\/categories?post=343380"},{"taxonomy":"post_tag","embeddable":true,"href":"https:\/\/www.intoscana.it\/it\/wp-json\/wp\/v2\/tags?post=343380"}],"curies":[{"name":"wp","href":"https:\/\/api.w.org\/{rel}","templated":true}]}}