{"id":343467,"date":"2024-06-04T09:47:01","date_gmt":"2024-06-04T07:47:01","guid":{"rendered":"https:\/\/www.intoscana.it\/it\/?p=343467"},"modified":"2024-06-04T09:48:08","modified_gmt":"2024-06-04T07:48:08","slug":"toni-servillo-tenore-meli-850-anni-torre-di-pisa","status":"publish","type":"post","link":"https:\/\/www.intoscana.it\/it\/toni-servillo-tenore-meli-850-anni-torre-di-pisa\/","title":{"rendered":"Le letture di Toni Servillo e il concerto del tenore Meli per gli 850 anni della Torre di Pisa"},"content":{"rendered":"<p>La <strong>Torre di Pisa compie 850 anni<\/strong> e l&#8217;Opera della Primaziale Pisana conclude <a href=\"https:\/\/www.intoscana.it\/it\/850-della-torre-di-pisa-cinque-curiosita-che-non-conosci\/\" target=\"_blank\" rel=\"noopener\">l&#8217;anno di festeggiamenti<\/a> dalla posa della prima pietra del celebre campanile pendente, che si era aperto lo scorso agosto, con un&#8217;estate di eventi, tra musica, reading e conferenze.<\/p>\n<h3>Reading, musica e monumenti gratis<\/h3>\n<p><mark>Le letture di Toni Servillo con brani letterari riferiti alla Torre e a Piazza dei Miracoli e il concerto conclusivo del tenore Francesco Meli<\/mark> sono i principali appuntamenti che si terranno rispettivamente il <strong>19 luglio e il 9 agosto. <\/strong>Il concerto di chiusura di Meli, accompagnato al pianoforte da maestro Davide Cavallini, si terr\u00e0 sul sagrato della cattedrale.<\/p>\n<p>Per entrambe le occasioni saranno <strong>visitabili gratuitamente,<\/strong> ma su prenotazione, tutti i monumenti di piazza dei Miracoli, come ha illustrato ieri il presidente della Opera Primaziale <strong>Andrea Maestrelli.<\/strong><\/p>\n<figure id=\"post-81008 media-81008\" class=\"align-none\">\n<p><figure style=\"width: 1000px\" class=\"wp-caption alignnone\"><img loading=\"lazy\" decoding=\"async\" src=\"https:\/\/www.intoscana.it\/wp-content\/uploads\/torre-di-pisa-1.jpg\" alt=\"\" width=\"1000\" height=\"750\" \/><figcaption class=\"wp-caption-text\">La Torre di Pisa<\/figcaption><\/figure><\/figure>\n<p><em>&#8220;Dalla grande paura del <strong>6 gennaio 1990<\/strong>, quando la Torre fu chiusa per problemi di stabilit\u00e0, siamo arrivati ai festeggiamenti di oggi &#8211;<\/em> ha ricordato Maestrelli &#8211;<em> la riconoscenza e l&#8217;ammirazione di tutto il mondo scientifico e culturale per questo risultato e soprattutto per le modalit\u00e0 con le quali \u00e8 stato raggiunto, sono da attribuire alle caratteristiche di un intervento che, pur nella drammaticit\u00e0 delle condizioni al contorno (<strong>il campanile poteva crollare<\/strong> in qualsiasi momento e senza preavviso alcuno o per cedimento del terreno sottostante o per rottura della struttura in elevazione), ha risolto il problema senza minimamente modificare le caratteristiche del monumento, nel rispetto assoluto della sua unicit\u00e0 e originalit\u00e0&#8221;.<\/em><\/p>\n<h3>Scienza, fede e &#8220;Musiche sotto la Torre&#8221;<\/h3>\n<p>Tra gli appuntamenti principali ce n&#8217;\u00e8 un altro il 16 luglio in Duomo, \u00e8 un incontro sul tema scienza e fede tra<strong> il cardinale e teologo portoghese Jos\u00e9 Tolentino de Mendon\u00e7a,<\/strong> prefetto del dicastero Vaticano per la cultura e l&#8217;educazione, e il rettore dell&#8217;universit\u00e0 di Pisa, Riccardo Zucchi.<\/p>\n<p>Inoltre il <mark>3, 5, 10 e 12 luglio si terr\u00e0 &#8220;Musiche sotto la Torre&#8221; nel chiostro del Museo dell&#8217;Opera con la violinista Chiara Morandi, Vivacidade Trio, Trio Kanon e la jazzista di fama mondiale Simona Molinari. <\/mark><\/p>\n<p>Infine dal 15 giugno al 30 settembre il Palazzo dell\u2019Opera in Piazza Duomo ospiter\u00e0 la mostra curata dal professor Stefano Renzoni <strong>\u201cLa Torre allo specchio. Le molte vite del Campanile del Duomo di Pisa\u201d, che rappresenter\u00e0 la storia della Torre di Pisa <\/strong>attraverso un racconto di opere, immagini, restauri, stampe e fotografie del monumento nel corso dei secoli.<\/p>\n","protected":false},"excerpt":{"rendered":"<p>Il 19 luglio e il 9 agosto saranno anche aperti gratis tutti i monumenti di Piazza dei Miracoli. In programma anche il dialogo tra scienza e fede del cardinale Tolentino de Mendon\u00e7a<\/p>\n","protected":false},"author":502,"featured_media":343474,"comment_status":"open","ping_status":"open","sticky":false,"template":"","format":"standard","meta":{"_acf_changed":false,"footnotes":""},"categories":[493],"tags":[4474,167,5701],"class_list":["post-343467","post","type-post","status-publish","format-standard","has-post-thumbnail","hentry","category-cultura","tag-eventi","tag-musica","tag-torre-belforti"],"acf":[],"yoast_head":"<!-- This site is optimized with the Yoast SEO Premium plugin v24.2 (Yoast SEO v25.6) - https:\/\/yoast.com\/wordpress\/plugins\/seo\/ -->\n<title>Le letture di Toni Servillo e il concerto del tenore Meli per gli 850 anni della Torre di Pisa - intoscana<\/title>\n<meta name=\"description\" content=\"Toni Servillo e il tenore Francesco Meli tra gli ospiti principali della chiusura dei festeggiamenti degli 850 anni della Torre di Pisa.\" \/>\n<meta name=\"robots\" content=\"index, follow, max-snippet:-1, max-image-preview:large, max-video-preview:-1\" \/>\n<link rel=\"canonical\" href=\"https:\/\/www.intoscana.it\/it\/toni-servillo-tenore-meli-850-anni-torre-di-pisa\/\" \/>\n<meta property=\"og:locale\" content=\"it_IT\" \/>\n<meta property=\"og:type\" content=\"article\" \/>\n<meta property=\"og:title\" content=\"Le letture di Toni Servillo e il concerto del tenore Meli per gli 850 anni della Torre di Pisa\" \/>\n<meta property=\"og:description\" content=\"Toni Servillo e il tenore Francesco Meli tra gli ospiti principali della chiusura dei festeggiamenti degli 850 anni della Torre di Pisa.\" \/>\n<meta property=\"og:url\" content=\"https:\/\/www.intoscana.it\/it\/toni-servillo-tenore-meli-850-anni-torre-di-pisa\/\" \/>\n<meta property=\"og:site_name\" content=\"intoscana\" \/>\n<meta property=\"article:publisher\" content=\"https:\/\/www.facebook.com\/intoscana.it\" \/>\n<meta property=\"article:published_time\" content=\"2024-06-04T07:47:01+00:00\" \/>\n<meta property=\"article:modified_time\" content=\"2024-06-04T07:48:08+00:00\" \/>\n<meta property=\"og:image\" content=\"https:\/\/www.intoscana.it\/wp-content\/uploads\/AdobeStock_194175254.jpeg\" \/>\n\t<meta property=\"og:image:width\" content=\"1920\" \/>\n\t<meta property=\"og:image:height\" content=\"1280\" \/>\n\t<meta property=\"og:image:type\" content=\"image\/jpeg\" \/>\n<meta name=\"author\" content=\"Ilaria Giannini\" \/>\n<meta name=\"twitter:card\" content=\"summary_large_image\" \/>\n<meta name=\"twitter:creator\" content=\"@i.giannini@fst.it\" \/>\n<meta name=\"twitter:site\" content=\"@intoscana\" \/>\n<meta name=\"twitter:label1\" content=\"Written by\" \/>\n\t<meta name=\"twitter:data1\" content=\"Ilaria Giannini\" \/>\n\t<meta name=\"twitter:label2\" content=\"Est. reading time\" \/>\n\t<meta name=\"twitter:data2\" content=\"3 minuti\" \/>\n<script type=\"application\/ld+json\" class=\"yoast-schema-graph\">{\"@context\":\"https:\/\/schema.org\",\"@graph\":[{\"@type\":\"WebPage\",\"@id\":\"https:\/\/www.intoscana.it\/it\/toni-servillo-tenore-meli-850-anni-torre-di-pisa\/\",\"url\":\"https:\/\/www.intoscana.it\/it\/toni-servillo-tenore-meli-850-anni-torre-di-pisa\/\",\"name\":\"Le letture di Toni Servillo e il concerto del tenore Meli per gli 850 anni della Torre di Pisa - intoscana\",\"isPartOf\":{\"@id\":\"https:\/\/www.intoscana.it\/it\/#website\"},\"primaryImageOfPage\":{\"@id\":\"https:\/\/www.intoscana.it\/it\/toni-servillo-tenore-meli-850-anni-torre-di-pisa\/#primaryimage\"},\"image\":{\"@id\":\"https:\/\/www.intoscana.it\/it\/toni-servillo-tenore-meli-850-anni-torre-di-pisa\/#primaryimage\"},\"thumbnailUrl\":\"https:\/\/www.intoscana.it\/wp-content\/uploads\/AdobeStock_194175254.jpeg\",\"datePublished\":\"2024-06-04T07:47:01+00:00\",\"dateModified\":\"2024-06-04T07:48:08+00:00\",\"author\":{\"@id\":\"https:\/\/www.intoscana.it\/it\/#\/schema\/person\/de95e1ed2c1c8c30a6922bbba3a90185\"},\"description\":\"Toni Servillo e il tenore Francesco Meli tra gli ospiti principali della chiusura dei festeggiamenti degli 850 anni della Torre di Pisa.\",\"breadcrumb\":{\"@id\":\"https:\/\/www.intoscana.it\/it\/toni-servillo-tenore-meli-850-anni-torre-di-pisa\/#breadcrumb\"},\"inLanguage\":\"it-IT\",\"potentialAction\":[{\"@type\":\"ReadAction\",\"target\":[\"https:\/\/www.intoscana.it\/it\/toni-servillo-tenore-meli-850-anni-torre-di-pisa\/\"]}]},{\"@type\":\"ImageObject\",\"inLanguage\":\"it-IT\",\"@id\":\"https:\/\/www.intoscana.it\/it\/toni-servillo-tenore-meli-850-anni-torre-di-pisa\/#primaryimage\",\"url\":\"https:\/\/www.intoscana.it\/wp-content\/uploads\/AdobeStock_194175254.jpeg\",\"contentUrl\":\"https:\/\/www.intoscana.it\/wp-content\/uploads\/AdobeStock_194175254.jpeg\",\"width\":1920,\"height\":1280,\"caption\":\"La Torre di Pisa\"},{\"@type\":\"BreadcrumbList\",\"@id\":\"https:\/\/www.intoscana.it\/it\/toni-servillo-tenore-meli-850-anni-torre-di-pisa\/#breadcrumb\",\"itemListElement\":[{\"@type\":\"ListItem\",\"position\":1,\"name\":\"Home\",\"item\":\"https:\/\/www.intoscana.it\/it\/\"},{\"@type\":\"ListItem\",\"position\":2,\"name\":\"Le letture di Toni Servillo e il concerto del tenore Meli per gli 850 anni della Torre di Pisa\"}]},{\"@type\":\"WebSite\",\"@id\":\"https:\/\/www.intoscana.it\/it\/#website\",\"url\":\"https:\/\/www.intoscana.it\/it\/\",\"name\":\"intoscana\",\"description\":\"\",\"potentialAction\":[{\"@type\":\"SearchAction\",\"target\":{\"@type\":\"EntryPoint\",\"urlTemplate\":\"https:\/\/www.intoscana.it\/it\/?s={search_term_string}\"},\"query-input\":{\"@type\":\"PropertyValueSpecification\",\"valueRequired\":true,\"valueName\":\"search_term_string\"}}],\"inLanguage\":\"it-IT\"},{\"@type\":\"Person\",\"@id\":\"https:\/\/www.intoscana.it\/it\/#\/schema\/person\/de95e1ed2c1c8c30a6922bbba3a90185\",\"name\":\"Ilaria Giannini\",\"sameAs\":[\"https:\/\/x.com\/i.giannini@fst.it\"],\"url\":\"https:\/\/www.intoscana.it\/it\/author\/ilaria-giannini\/\"}]}<\/script>\n<!-- \/ Yoast SEO Premium plugin. -->","yoast_head_json":{"title":"Le letture di Toni Servillo e il concerto del tenore Meli per gli 850 anni della Torre di Pisa - intoscana","description":"Toni Servillo e il tenore Francesco Meli tra gli ospiti principali della chiusura dei festeggiamenti degli 850 anni della Torre di Pisa.","robots":{"index":"index","follow":"follow","max-snippet":"max-snippet:-1","max-image-preview":"max-image-preview:large","max-video-preview":"max-video-preview:-1"},"canonical":"https:\/\/www.intoscana.it\/it\/toni-servillo-tenore-meli-850-anni-torre-di-pisa\/","og_locale":"it_IT","og_type":"article","og_title":"Le letture di Toni Servillo e il concerto del tenore Meli per gli 850 anni della Torre di Pisa","og_description":"Toni Servillo e il tenore Francesco Meli tra gli ospiti principali della chiusura dei festeggiamenti degli 850 anni della Torre di Pisa.","og_url":"https:\/\/www.intoscana.it\/it\/toni-servillo-tenore-meli-850-anni-torre-di-pisa\/","og_site_name":"intoscana","article_publisher":"https:\/\/www.facebook.com\/intoscana.it","article_published_time":"2024-06-04T07:47:01+00:00","article_modified_time":"2024-06-04T07:48:08+00:00","og_image":[{"width":1920,"height":1280,"url":"https:\/\/www.intoscana.it\/wp-content\/uploads\/AdobeStock_194175254.jpeg","type":"image\/jpeg"}],"author":"Ilaria Giannini","twitter_card":"summary_large_image","twitter_creator":"@i.giannini@fst.it","twitter_site":"@intoscana","twitter_misc":{"Written by":"Ilaria Giannini","Est. reading time":"3 minuti"},"schema":{"@context":"https:\/\/schema.org","@graph":[{"@type":"WebPage","@id":"https:\/\/www.intoscana.it\/it\/toni-servillo-tenore-meli-850-anni-torre-di-pisa\/","url":"https:\/\/www.intoscana.it\/it\/toni-servillo-tenore-meli-850-anni-torre-di-pisa\/","name":"Le letture di Toni Servillo e il concerto del tenore Meli per gli 850 anni della Torre di Pisa - intoscana","isPartOf":{"@id":"https:\/\/www.intoscana.it\/it\/#website"},"primaryImageOfPage":{"@id":"https:\/\/www.intoscana.it\/it\/toni-servillo-tenore-meli-850-anni-torre-di-pisa\/#primaryimage"},"image":{"@id":"https:\/\/www.intoscana.it\/it\/toni-servillo-tenore-meli-850-anni-torre-di-pisa\/#primaryimage"},"thumbnailUrl":"https:\/\/www.intoscana.it\/wp-content\/uploads\/AdobeStock_194175254.jpeg","datePublished":"2024-06-04T07:47:01+00:00","dateModified":"2024-06-04T07:48:08+00:00","author":{"@id":"https:\/\/www.intoscana.it\/it\/#\/schema\/person\/de95e1ed2c1c8c30a6922bbba3a90185"},"description":"Toni Servillo e il tenore Francesco Meli tra gli ospiti principali della chiusura dei festeggiamenti degli 850 anni della Torre di Pisa.","breadcrumb":{"@id":"https:\/\/www.intoscana.it\/it\/toni-servillo-tenore-meli-850-anni-torre-di-pisa\/#breadcrumb"},"inLanguage":"it-IT","potentialAction":[{"@type":"ReadAction","target":["https:\/\/www.intoscana.it\/it\/toni-servillo-tenore-meli-850-anni-torre-di-pisa\/"]}]},{"@type":"ImageObject","inLanguage":"it-IT","@id":"https:\/\/www.intoscana.it\/it\/toni-servillo-tenore-meli-850-anni-torre-di-pisa\/#primaryimage","url":"https:\/\/www.intoscana.it\/wp-content\/uploads\/AdobeStock_194175254.jpeg","contentUrl":"https:\/\/www.intoscana.it\/wp-content\/uploads\/AdobeStock_194175254.jpeg","width":1920,"height":1280,"caption":"La Torre di Pisa"},{"@type":"BreadcrumbList","@id":"https:\/\/www.intoscana.it\/it\/toni-servillo-tenore-meli-850-anni-torre-di-pisa\/#breadcrumb","itemListElement":[{"@type":"ListItem","position":1,"name":"Home","item":"https:\/\/www.intoscana.it\/it\/"},{"@type":"ListItem","position":2,"name":"Le letture di Toni Servillo e il concerto del tenore Meli per gli 850 anni della Torre di Pisa"}]},{"@type":"WebSite","@id":"https:\/\/www.intoscana.it\/it\/#website","url":"https:\/\/www.intoscana.it\/it\/","name":"intoscana","description":"","potentialAction":[{"@type":"SearchAction","target":{"@type":"EntryPoint","urlTemplate":"https:\/\/www.intoscana.it\/it\/?s={search_term_string}"},"query-input":{"@type":"PropertyValueSpecification","valueRequired":true,"valueName":"search_term_string"}}],"inLanguage":"it-IT"},{"@type":"Person","@id":"https:\/\/www.intoscana.it\/it\/#\/schema\/person\/de95e1ed2c1c8c30a6922bbba3a90185","name":"Ilaria Giannini","sameAs":["https:\/\/x.com\/i.giannini@fst.it"],"url":"https:\/\/www.intoscana.it\/it\/author\/ilaria-giannini\/"}]}},"_links":{"self":[{"href":"https:\/\/www.intoscana.it\/it\/wp-json\/wp\/v2\/posts\/343467","targetHints":{"allow":["GET"]}}],"collection":[{"href":"https:\/\/www.intoscana.it\/it\/wp-json\/wp\/v2\/posts"}],"about":[{"href":"https:\/\/www.intoscana.it\/it\/wp-json\/wp\/v2\/types\/post"}],"author":[{"embeddable":true,"href":"https:\/\/www.intoscana.it\/it\/wp-json\/wp\/v2\/users\/502"}],"replies":[{"embeddable":true,"href":"https:\/\/www.intoscana.it\/it\/wp-json\/wp\/v2\/comments?post=343467"}],"version-history":[{"count":7,"href":"https:\/\/www.intoscana.it\/it\/wp-json\/wp\/v2\/posts\/343467\/revisions"}],"predecessor-version":[{"id":343485,"href":"https:\/\/www.intoscana.it\/it\/wp-json\/wp\/v2\/posts\/343467\/revisions\/343485"}],"wp:featuredmedia":[{"embeddable":true,"href":"https:\/\/www.intoscana.it\/it\/wp-json\/wp\/v2\/media\/343474"}],"wp:attachment":[{"href":"https:\/\/www.intoscana.it\/it\/wp-json\/wp\/v2\/media?parent=343467"}],"wp:term":[{"taxonomy":"category","embeddable":true,"href":"https:\/\/www.intoscana.it\/it\/wp-json\/wp\/v2\/categories?post=343467"},{"taxonomy":"post_tag","embeddable":true,"href":"https:\/\/www.intoscana.it\/it\/wp-json\/wp\/v2\/tags?post=343467"}],"curies":[{"name":"wp","href":"https:\/\/api.w.org\/{rel}","templated":true}]}}